{"id":197819,"date":"2026-04-28T11:45:00","date_gmt":"2026-04-28T14:45:00","guid":{"rendered":"https:\/\/www.em.com.br\/emfoco\/?p=197819"},"modified":"2026-04-27T15:14:32","modified_gmt":"2026-04-27T18:14:32","slug":"10-ervas-medicinais-populares-e-o-que-a-ciencia-realmente-apoia-no-uso-de-cada-uma-delas","status":"publish","type":"post","link":"https:\/\/www.em.com.br\/emfoco\/2026\/04\/28\/10-ervas-medicinais-populares-e-o-que-a-ciencia-realmente-apoia-no-uso-de-cada-uma-delas\/","title":{"rendered":"10 ervas medicinais populares e o que a ci\u00eancia realmente apoia no uso de cada uma delas"},"content":{"rendered":"\n<p>Entre ch\u00e1s, garrafadas e plantas de quintal, as <strong>ervas medicinais<\/strong> seguem presentes na rotina de muitas fam\u00edlias brasileiras em 2026. O uso dessas plantas atravessa gera\u00e7\u00f5es e costuma ser repassado por av\u00f3s, vizinhos e feiras populares. Ao mesmo tempo, a ci\u00eancia vem avaliando, com mais crit\u00e9rio, o que realmente faz sentido do ponto de vista terap\u00eautico e o que precisa de cuidado para n\u00e3o causar problemas.<\/p>\n\n\n\n<h2 class=\"wp-block-heading\">Quais s\u00e3o as ervas medicinais mais comuns no dia a dia?<\/h2>\n\n\n\n<p>Algumas plantas ganham destaque justamente por estarem presentes em quintais, mercados e casas h\u00e1 d\u00e9cadas. Entre elas, alecrim, erva-doce, boldo, camomila, hortel\u00e3, guaco e espinheira-santa formam um grupo frequentemente mencionado quando o assunto \u00e9 cuidado natural com a sa\u00fade.<\/p>\n\n\n\n<p>Cada uma delas \u00e9 ligada, na cultura popular, a um tipo de desconforto: digestivo, respirat\u00f3rio, nervoso ou misto. A ci\u00eancia, por\u00e9m, n\u00e3o avalia essas ervas como solu\u00e7\u00f5es completas, e sim como <strong>recursos auxiliares<\/strong>, \u00fateis em desconfortos leves e por tempo limitado.<\/p>\n\n\n\n<figure class=\"wp-block-image size-large\"><img loading=\"lazy\" decoding=\"async\" width=\"1024\" height=\"576\" src=\"https:\/\/www.em.com.br\/emfoco\/wp-content\/uploads\/2026\/04\/Texto-do-seu-paragrafo-2026-04-23T112719.900-1024x576.jpg\" alt=\"10 ervas medicinais populares e o que a ci\u00eancia realmente apoia no uso de cada uma delas\" class=\"wp-image-197825\" srcset=\"https:\/\/www.em.com.br\/emfoco\/wp-content\/uploads\/2026\/04\/Texto-do-seu-paragrafo-2026-04-23T112719.900-1024x576.jpg 1024w, https:\/\/www.em.com.br\/emfoco\/wp-content\/uploads\/2026\/04\/Texto-do-seu-paragrafo-2026-04-23T112719.900-300x169.jpg 300w, https:\/\/www.em.com.br\/emfoco\/wp-content\/uploads\/2026\/04\/Texto-do-seu-paragrafo-2026-04-23T112719.900-768x432.jpg 768w, https:\/\/www.em.com.br\/emfoco\/wp-content\/uploads\/2026\/04\/Texto-do-seu-paragrafo-2026-04-23T112719.900-750x422.jpg 750w, https:\/\/www.em.com.br\/emfoco\/wp-content\/uploads\/2026\/04\/Texto-do-seu-paragrafo-2026-04-23T112719.900-1140x641.jpg 1140w, https:\/\/www.em.com.br\/emfoco\/wp-content\/uploads\/2026\/04\/Texto-do-seu-paragrafo-2026-04-23T112719.900.jpg 1280w\" sizes=\"auto, (max-width: 1024px) 100vw, 1024px\" \/><figcaption class=\"wp-element-caption\">Alecrim, boldo, camomila, guaco e outras ervas entram em uma leitura mais clara sobre uso e limites<\/figcaption><\/figure>\n\n\n\n<h2 class=\"wp-block-heading\">O que a ci\u00eancia j\u00e1 sabe sobre as ervas medicinais populares?<\/h2>\n\n\n\n<p>Entre as <strong>ervas medicinais populares<\/strong>, o <strong>alecrim<\/strong> costuma ser relacionado \u00e0 mem\u00f3ria e \u00e0 circula\u00e7\u00e3o. Estudos sugerem que seus compostos podem ter efeito antioxidante e leve impacto na aten\u00e7\u00e3o, mas ainda faltam pesquisas amplas em humanos para confirmar esse uso de forma rotineira.<\/p>\n\n\n\n<p>A <strong>erva-doce<\/strong> aparece em ch\u00e1s para gases e c\u00f3licas leves, com suporte cient\u00edfico moderado para uso <strong>digestivo<\/strong>, inclusive em beb\u00eas, desde que com dose adequada e <a href=\"https:\/\/www.em.com.br\/emfoco\/2026\/04\/22\/por-que-essas-20-frutas-do-quintal-da-vovo-desapareceram-do-brasil-e-quase-sairam-da-memoria\/\" target=\"_blank\" rel=\"noreferrer noopener\">orienta\u00e7\u00e3o <\/a>profissional. J\u00e1 o <strong>boldo<\/strong> tem papel mais claro no est\u00edmulo da digest\u00e3o de gorduras, e n\u00e3o na \u201climpeza\u201d do f\u00edgado, como se repete no senso comum.<\/p>\n\n\n\n<h2 class=\"wp-block-heading\">Como camomila e hortel\u00e3 podem ajudar na rotina?<\/h2>\n\n\n\n<p>A <strong>camomila<\/strong> \u00e9 uma das plantas mais estudadas entre as ervas calmantes. Ensaios cl\u00ednicos indicam que o ch\u00e1 pode auxiliar em quadros leves de ansiedade e dificuldade para dormir, al\u00e9m de colaborar com a digest\u00e3o, sem substituir tratamentos formais para transtornos ansiosos ou ins\u00f4nia persistente.<\/p>\n\n\n\n<p>A <strong>hortel\u00e3<\/strong> \u00e9 associada \u00e0 sensa\u00e7\u00e3o de refresc\u00e2ncia, al\u00edvio de n\u00e1useas e c\u00f3licas. O <strong>\u00f3leo essencial<\/strong> de hortel\u00e3-pimenta, em c\u00e1psulas padronizadas, j\u00e1 foi investigado para s\u00edndrome do intestino irrit\u00e1vel, com resultados interessantes, mas bem diferentes do efeito esperado de um simples ch\u00e1 caseiro de hortel\u00e3 comum.<\/p>\n\n\n\n<h2 class=\"wp-block-heading\">Por que guaco e espinheira-santa aparecem em pol\u00edticas de fitoterapia?<\/h2>\n\n\n\n<p>Duas plantas chamam aten\u00e7\u00e3o por estarem presentes em listas e materiais oficiais de fitoter\u00e1picos no Brasil: <strong>guaco<\/strong> e <strong>espinheira-santa<\/strong>. O guaco \u00e9 tradicionalmente usado para tosse e catarro em quadros respirat\u00f3rios leves, e estudos apontam efeito broncodilatador e expectorante de alguns de seus compostos.<\/p>\n\n\n\n<p>J\u00e1 a <strong>espinheira-santa<\/strong> costuma ser relacionada a azia, gastrite leve e m\u00e1 digest\u00e3o. Documentos regulat\u00f3rios brasileiros descrevem uso tradicional para sintomas disp\u00e9pticos, com dose e tempo de uso bem definidos, al\u00e9m de listar <a href=\"https:\/\/www.em.com.br\/emfoco\/2026\/04\/22\/esse-mel-raro-do-himalaia-chama-atencao-pelo-risco-da-coleta-e-pelos-efeitos-no-corpo\/\" target=\"_blank\" rel=\"noreferrer noopener\">contraindica\u00e7\u00f5es<\/a>, como em gestantes e lactantes, devido ao potencial risco em determinadas situa\u00e7\u00f5es cl\u00ednicas.<\/p>\n\n\n\n<p>Conte\u00fado do canal <strong>Ronny Dandelion<\/strong>, com mais de 85 mil de inscritos e cerca de 141 mil de visualiza\u00e7\u00f5es:<\/p>\n\n\n\n<figure class=\"wp-block-embed is-type-video is-provider-youtube wp-block-embed-youtube wp-embed-aspect-16-9 wp-has-aspect-ratio\"><div class=\"wp-block-embed__wrapper\">\n<div class=\"jeg_video_container jeg_video_content\"><iframe loading=\"lazy\" title=\"10 Ervas Medicinais MILAGROSAS F\u00e1ceis de Cultivar\" width=\"500\" height=\"281\" src=\"https:\/\/www.youtube.com\/embed\/cy-ulxYKwbg?feature=oembed\" frameborder=\"0\" allow=\"accelerometer; autoplay; clipboard-write; encrypted-media; gyroscope; picture-in-picture; web-share\" referrerpolicy=\"strict-origin-when-cross-origin\" allowfullscreen><\/iframe><\/div>\n<\/div><\/figure>\n\n\n\n<h2 class=\"wp-block-heading\">Quais cuidados s\u00e3o importantes ao usar ervas medicinais?<\/h2>\n\n\n\n<p>Apesar da ampla popularidade, o uso de <strong>plantas medicinais<\/strong> exige aten\u00e7\u00e3o \u00e0 seguran\u00e7a. A ideia de que \u201cpor ser natural n\u00e3o faz mal\u201d n\u00e3o \u00e9 compat\u00edvel com o conhecimento atual, pois v\u00e1rias ervas podem interagir com medicamentos e agravar condi\u00e7\u00f5es pr\u00e9-existentes em algumas pessoas.<\/p>\n\n\n\n<p>Alguns pontos merecem cuidado especial no uso rotineiro de ervas medicinais, especialmente em grupos mais vulner\u00e1veis e em tratamentos prolongados:<\/p>\n\n\n\n<ul class=\"wp-block-list\">\n<li>Algumas plantas n\u00e3o s\u00e3o recomendadas para <strong>gestantes<\/strong> ou lactantes.<\/li>\n\n\n\n<li>Crian\u00e7as exigem cuidado especial com dose, frequ\u00eancia e forma de preparo.<\/li>\n\n\n\n<li>Pessoas com <strong>doen\u00e7as cr\u00f4nicas<\/strong> podem reagir de forma diferente a certos compostos.<\/li>\n\n\n\n<li>Uso prolongado sem orienta\u00e7\u00e3o pode sobrecarregar f\u00edgado e rins, al\u00e9m de mascarar doen\u00e7as.<\/li>\n<\/ul>\n\n\n\n<h2 class=\"wp-block-heading\">Como usar ervas medicinais de forma mais segura?<\/h2>\n\n\n\n<p>Para tornar o uso de <strong>ervas medicinais<\/strong> mais seguro, especialistas sugerem medidas simples, que ajudam a reduzir riscos de efeitos indesejados. Essas <a href=\"https:\/\/www.gov.br\/saude\/pt-br\/composicao\/sectics\/plantas-medicinais-e-fitoterapicos\" target=\"_blank\" rel=\"noreferrer noopener\">orienta\u00e7\u00f5es <\/a>valem tanto para ch\u00e1s caseiros quanto para c\u00e1psulas e extratos adquiridos em farm\u00e1cias ou feiras.<\/p>\n\n\n\n<ol class=\"wp-block-list\">\n<li>Identificar corretamente a planta, evitando confus\u00e3o entre esp\u00e9cies parecidas.<\/li>\n\n\n\n<li>Preferir fontes confi\u00e1veis de folhas, cascas ou c\u00e1psulas, com origem conhecida.<\/li>\n\n\n\n<li>Respeitar doses indicadas em materiais t\u00e9cnicos ou prescri\u00e7\u00f5es profissionais.<\/li>\n\n\n\n<li>Interromper o uso e buscar avalia\u00e7\u00e3o m\u00e9dica se surgirem sintomas diferentes do esperado.<\/li>\n<\/ol>\n\n\n\n<p>No fim, as <strong>ervas medicinais<\/strong> podem funcionar como aliadas no cuidado cotidiano, principalmente em <strong>desconfortos leves<\/strong> e por per\u00edodos curtos. O ponto central \u00e9 diferenciar tradi\u00e7\u00e3o de evid\u00eancia cient\u00edfica e reconhecer que ch\u00e1, xarope ou c\u00e1psula de planta n\u00e3o substituem acompanhamento adequado quando sinais de alerta aparecem ou quando os sintomas n\u00e3o passam.<\/p>\n","protected":false},"excerpt":{"rendered":"<p>Entre ch\u00e1s, garrafadas e plantas de quintal, as ervas medicinais seguem presentes na rotina de muitas fam\u00edlias brasileiras em 2026. O uso dessas plantas atravessa gera\u00e7\u00f5es e costuma ser repassado por av\u00f3s, vizinhos e feiras populares. Ao mesmo tempo, a ci\u00eancia vem avaliando, com mais crit\u00e9rio, o que realmente faz sentido do ponto de vista [&hellip;]<\/p>\n","protected":false},"author":15,"featured_media":200563,"comment_status":"open","ping_status":"open","sticky":false,"template":"","format":"standard","meta":{"jnews-multi-image_gallery":[],"jnews_single_post":{"format":"standard"},"jnews_primary_category":[],"jnews_social_meta":[],"jnews_override_counter":[],"footnotes":""},"categories":[8819],"tags":[7989,3358,415],"class_list":["post-197819","post","type-post","status-publish","format-standard","has-post-thumbnail","hentry","category-curiosidades","tag-ervas-medicinais","tag-jardinagem","tag-saude"],"yoast_head":"<!-- This site is optimized with the Yoast SEO plugin v23.8 - https:\/\/yoast.com\/wordpress\/plugins\/seo\/ -->\n<title>10 ervas medicinais populares e o que a ci\u00eancia realmente apoia no uso de cada uma delas - Estado de Minas - Em foco<\/title>\n<meta name=\"description\" content=\"As ervas medicinais fazem parte do cuidado popular h\u00e1 gera\u00e7\u00f5es, mas a ci\u00eancia ajuda a separar melhor o que tem apoio mais s\u00f3lido\" \/>\n<meta name=\"robots\" content=\"index, follow, max-snippet:-1, max-image-preview:large, max-video-preview:-1\" \/>\n<link rel=\"canonical\" href=\"https:\/\/www.em.com.br\/emfoco\/2026\/04\/28\/10-ervas-medicinais-populares-e-o-que-a-ciencia-realmente-apoia-no-uso-de-cada-uma-delas\/\" \/>\n<meta property=\"og:locale\" content=\"pt_BR\" \/>\n<meta property=\"og:type\" content=\"article\" \/>\n<meta property=\"og:title\" content=\"10 ervas medicinais populares e o que a ci\u00eancia realmente apoia no uso de cada uma delas - Estado de Minas - Em foco\" \/>\n<meta property=\"og:description\" content=\"As ervas medicinais fazem parte do cuidado popular h\u00e1 gera\u00e7\u00f5es, mas a ci\u00eancia ajuda a separar melhor o que tem apoio mais s\u00f3lido\" \/>\n<meta property=\"og:url\" content=\"https:\/\/www.em.com.br\/emfoco\/2026\/04\/28\/10-ervas-medicinais-populares-e-o-que-a-ciencia-realmente-apoia-no-uso-de-cada-uma-delas\/\" \/>\n<meta property=\"og:site_name\" content=\"Estado de Minas - Em foco\" \/>\n<meta property=\"article:published_time\" content=\"2026-04-28T14:45:00+00:00\" \/>\n<meta property=\"article:modified_time\" content=\"2026-04-27T18:14:32+00:00\" \/>\n<meta property=\"og:image\" content=\"https:\/\/www.em.com.br\/emfoco\/wp-content\/uploads\/2026\/04\/EmFoco_06-10.jpg\" \/>\n\t<meta property=\"og:image:width\" content=\"1280\" \/>\n\t<meta property=\"og:image:height\" content=\"720\" \/>\n\t<meta property=\"og:image:type\" content=\"image\/jpeg\" \/>\n<meta name=\"author\" content=\"Douglas Myth\" \/>\n<meta name=\"twitter:card\" content=\"summary_large_image\" \/>\n<meta name=\"twitter:label1\" content=\"Escrito por\" \/>\n\t<meta name=\"twitter:data1\" content=\"Douglas Myth\" \/>\n\t<meta name=\"twitter:label2\" content=\"Est. tempo de leitura\" \/>\n\t<meta name=\"twitter:data2\" content=\"5 minutos\" \/>\n<!-- \/ Yoast SEO plugin. -->","yoast_head_json":{"title":"10 ervas medicinais populares e o que a ci\u00eancia realmente apoia no uso de cada uma delas - Estado de Minas - Em foco","description":"As ervas medicinais fazem parte do cuidado popular h\u00e1 gera\u00e7\u00f5es, mas a ci\u00eancia ajuda a separar melhor o que tem apoio mais s\u00f3lido","robots":{"index":"index","follow":"follow","max-snippet":"max-snippet:-1","max-image-preview":"max-image-preview:large","max-video-preview":"max-video-preview:-1"},"canonical":"https:\/\/www.em.com.br\/emfoco\/2026\/04\/28\/10-ervas-medicinais-populares-e-o-que-a-ciencia-realmente-apoia-no-uso-de-cada-uma-delas\/","og_locale":"pt_BR","og_type":"article","og_title":"10 ervas medicinais populares e o que a ci\u00eancia realmente apoia no uso de cada uma delas - Estado de Minas - Em foco","og_description":"As ervas medicinais fazem parte do cuidado popular h\u00e1 gera\u00e7\u00f5es, mas a ci\u00eancia ajuda a separar melhor o que tem apoio mais s\u00f3lido","og_url":"https:\/\/www.em.com.br\/emfoco\/2026\/04\/28\/10-ervas-medicinais-populares-e-o-que-a-ciencia-realmente-apoia-no-uso-de-cada-uma-delas\/","og_site_name":"Estado de Minas - Em foco","article_published_time":"2026-04-28T14:45:00+00:00","article_modified_time":"2026-04-27T18:14:32+00:00","og_image":[{"width":1280,"height":720,"url":"https:\/\/www.em.com.br\/emfoco\/wp-content\/uploads\/2026\/04\/EmFoco_06-10.jpg","type":"image\/jpeg"}],"author":"Douglas Myth","twitter_card":"summary_large_image","twitter_misc":{"Escrito por":"Douglas Myth","Est. tempo de leitura":"5 minutos"},"schema":{"@context":"https:\/\/schema.org","@graph":[{"@type":"WebPage","@id":"https:\/\/www.em.com.br\/emfoco\/2026\/04\/28\/10-ervas-medicinais-populares-e-o-que-a-ciencia-realmente-apoia-no-uso-de-cada-uma-delas\/","url":"https:\/\/www.em.com.br\/emfoco\/2026\/04\/28\/10-ervas-medicinais-populares-e-o-que-a-ciencia-realmente-apoia-no-uso-de-cada-uma-delas\/","name":"10 ervas medicinais populares e o que a ci\u00eancia realmente apoia no uso de cada uma delas - Estado de Minas - Em foco","isPartOf":{"@id":"https:\/\/www.em.com.br\/emfoco\/#website"},"primaryImageOfPage":{"@id":"https:\/\/www.em.com.br\/emfoco\/2026\/04\/28\/10-ervas-medicinais-populares-e-o-que-a-ciencia-realmente-apoia-no-uso-de-cada-uma-delas\/#primaryimage"},"image":{"@id":"https:\/\/www.em.com.br\/emfoco\/2026\/04\/28\/10-ervas-medicinais-populares-e-o-que-a-ciencia-realmente-apoia-no-uso-de-cada-uma-delas\/#primaryimage"},"thumbnailUrl":"https:\/\/www.em.com.br\/emfoco\/wp-content\/uploads\/2026\/04\/EmFoco_06-10.jpg","datePublished":"2026-04-28T14:45:00+00:00","dateModified":"2026-04-27T18:14:32+00:00","author":{"@id":"https:\/\/www.em.com.br\/emfoco\/#\/schema\/person\/bba594b7eebe9b9885fec3a5c7837089"},"description":"As ervas medicinais fazem parte do cuidado popular h\u00e1 gera\u00e7\u00f5es, mas a ci\u00eancia ajuda a separar melhor o que tem apoio mais s\u00f3lido","breadcrumb":{"@id":"https:\/\/www.em.com.br\/emfoco\/2026\/04\/28\/10-ervas-medicinais-populares-e-o-que-a-ciencia-realmente-apoia-no-uso-de-cada-uma-delas\/#breadcrumb"},"inLanguage":"pt-BR","potentialAction":[{"@type":"ReadAction","target":["https:\/\/www.em.com.br\/emfoco\/2026\/04\/28\/10-ervas-medicinais-populares-e-o-que-a-ciencia-realmente-apoia-no-uso-de-cada-uma-delas\/"]}]},{"@type":"ImageObject","inLanguage":"pt-BR","@id":"https:\/\/www.em.com.br\/emfoco\/2026\/04\/28\/10-ervas-medicinais-populares-e-o-que-a-ciencia-realmente-apoia-no-uso-de-cada-uma-delas\/#primaryimage","url":"https:\/\/www.em.com.br\/emfoco\/wp-content\/uploads\/2026\/04\/EmFoco_06-10.jpg","contentUrl":"https:\/\/www.em.com.br\/emfoco\/wp-content\/uploads\/2026\/04\/EmFoco_06-10.jpg","width":1280,"height":720,"caption":"Uso de plantas medicinais exige equil\u00edbrio entre tradi\u00e7\u00e3o popular e evid\u00eancia cient\u00edfica"},{"@type":"BreadcrumbList","@id":"https:\/\/www.em.com.br\/emfoco\/2026\/04\/28\/10-ervas-medicinais-populares-e-o-que-a-ciencia-realmente-apoia-no-uso-de-cada-uma-delas\/#breadcrumb","itemListElement":[{"@type":"ListItem","position":1,"name":"In\u00edcio","item":"https:\/\/www.em.com.br\/emfoco\/"},{"@type":"ListItem","position":2,"name":"10 ervas medicinais populares e o que a ci\u00eancia realmente apoia no uso de cada uma delas"}]},{"@type":"WebSite","@id":"https:\/\/www.em.com.br\/emfoco\/#website","url":"https:\/\/www.em.com.br\/emfoco\/","name":"Estado de Minas - Em foco","description":"Acompanhe as \u00faltimas not\u00edcias e fique bem informado sobre tudo o que acontece em Minas Gerais, Brasil e no mundo.","potentialAction":[{"@type":"SearchAction","target":{"@type":"EntryPoint","urlTemplate":"https:\/\/www.em.com.br\/emfoco\/?s={search_term_string}"},"query-input":{"@type":"PropertyValueSpecification","valueRequired":true,"valueName":"search_term_string"}}],"inLanguage":"pt-BR"},{"@type":"Person","@id":"https:\/\/www.em.com.br\/emfoco\/#\/schema\/person\/bba594b7eebe9b9885fec3a5c7837089","name":"Douglas Myth","image":{"@type":"ImageObject","inLanguage":"pt-BR","@id":"https:\/\/www.em.com.br\/emfoco\/#\/schema\/person\/image\/","url":"https:\/\/secure.gravatar.com\/avatar\/1ac3cf50d0e68642c697dc0c960c802f?s=96&d=mm&r=g","contentUrl":"https:\/\/secure.gravatar.com\/avatar\/1ac3cf50d0e68642c697dc0c960c802f?s=96&d=mm&r=g","caption":"Douglas Myth"},"url":"https:\/\/www.em.com.br\/emfoco\/author\/douglasmyth\/"}]}},"_links":{"self":[{"href":"https:\/\/www.em.com.br\/emfoco\/wp-json\/wp\/v2\/posts\/197819","targetHints":{"allow":["GET"]}}],"collection":[{"href":"https:\/\/www.em.com.br\/emfoco\/wp-json\/wp\/v2\/posts"}],"about":[{"href":"https:\/\/www.em.com.br\/emfoco\/wp-json\/wp\/v2\/types\/post"}],"author":[{"embeddable":true,"href":"https:\/\/www.em.com.br\/emfoco\/wp-json\/wp\/v2\/users\/15"}],"replies":[{"embeddable":true,"href":"https:\/\/www.em.com.br\/emfoco\/wp-json\/wp\/v2\/comments?post=197819"}],"version-history":[{"count":2,"href":"https:\/\/www.em.com.br\/emfoco\/wp-json\/wp\/v2\/posts\/197819\/revisions"}],"predecessor-version":[{"id":197826,"href":"https:\/\/www.em.com.br\/emfoco\/wp-json\/wp\/v2\/posts\/197819\/revisions\/197826"}],"wp:featuredmedia":[{"embeddable":true,"href":"https:\/\/www.em.com.br\/emfoco\/wp-json\/wp\/v2\/media\/200563"}],"wp:attachment":[{"href":"https:\/\/www.em.com.br\/emfoco\/wp-json\/wp\/v2\/media?parent=197819"}],"wp:term":[{"taxonomy":"category","embeddable":true,"href":"https:\/\/www.em.com.br\/emfoco\/wp-json\/wp\/v2\/categories?post=197819"},{"taxonomy":"post_tag","embeddable":true,"href":"https:\/\/www.em.com.br\/emfoco\/wp-json\/wp\/v2\/tags?post=197819"}],"curies":[{"name":"wp","href":"https:\/\/api.w.org\/{rel}","templated":true}]}}