{"id":197811,"date":"2026-04-28T20:35:00","date_gmt":"2026-04-28T23:35:00","guid":{"rendered":"https:\/\/www.em.com.br\/emfoco\/?p=197811"},"modified":"2026-04-27T15:13:29","modified_gmt":"2026-04-27T18:13:29","slug":"madeira-resistente-a-cupim-depende-menos-do-nome-e-mais-do-tratamento-certo-na-pratica","status":"publish","type":"post","link":"https:\/\/www.em.com.br\/emfoco\/2026\/04\/28\/madeira-resistente-a-cupim-depende-menos-do-nome-e-mais-do-tratamento-certo-na-pratica\/","title":{"rendered":"Madeira resistente a cupim depende menos do nome e mais do tratamento certo na pr\u00e1tica"},"content":{"rendered":"\n<p>Quem est\u00e1 construindo ou planejando um <strong>m\u00f3vel fixo<\/strong> costuma esbarrar na mesma d\u00favida: existe mesmo algum tipo de madeira resistente a cupim, capaz de enfrentar anos de uso sem dano? A resposta passa menos por uma promessa absoluta e mais por entender como o inseto se alimenta, como a madeira \u00e9 formada e de que forma o tratamento prolonga a <strong>vida \u00fatil<\/strong> de qualquer pe\u00e7a.<\/p>\n\n\n\n<h2 class=\"wp-block-heading\">O que torna uma madeira resistente a cupim?<\/h2>\n\n\n\n<p>Antes de escolher entre ma\u00e7aranduba, ip\u00ea, peroba ou eucalipto, \u00e9 importante saber que nem toda parte da \u00e1rvore oferece a mesma prote\u00e7\u00e3o. A durabilidade de vigas, assoalhos e m\u00f3veis embutidos depende da esp\u00e9cie, da origem, do m\u00e9todo de secagem, do uso de produtos qu\u00edmicos e das condi\u00e7\u00f5es de umidade e ventila\u00e7\u00e3o do <a href=\"https:\/\/www.em.com.br\/emfoco\/2026\/04\/22\/por-que-essas-20-frutas-do-quintal-da-vovo-desapareceram-do-brasil-e-quase-sairam-da-memoria\/\" target=\"_blank\" rel=\"noreferrer noopener\">ambiente<\/a>.<\/p>\n\n\n\n<p>A chamada <strong>madeira resistente a cupim<\/strong> n\u00e3o \u00e9 um material indestrut\u00edvel, e sim uma madeira menos atrativa e mais dif\u00edcil de ser consumida. Cupins se alimentam principalmente de <strong>celulose<\/strong> e preferem pe\u00e7as macias, \u00famidas e pobres em compostos de defesa natural, enquanto madeiras densas e ricas em \u00f3leos e taninos oferecem mais barreiras ao inseto.<\/p>\n\n\n\n<figure class=\"wp-block-image size-large\"><img loading=\"lazy\" decoding=\"async\" width=\"1024\" height=\"576\" src=\"https:\/\/www.em.com.br\/emfoco\/wp-content\/uploads\/2026\/04\/Texto-do-seu-paragrafo-2026-04-23T111511.892-1024x576.jpg\" alt=\"Madeira resistente a cupim depende menos do nome e mais do tratamento certo na pr\u00e1tica\" class=\"wp-image-197815\" srcset=\"https:\/\/www.em.com.br\/emfoco\/wp-content\/uploads\/2026\/04\/Texto-do-seu-paragrafo-2026-04-23T111511.892-1024x576.jpg 1024w, https:\/\/www.em.com.br\/emfoco\/wp-content\/uploads\/2026\/04\/Texto-do-seu-paragrafo-2026-04-23T111511.892-300x169.jpg 300w, https:\/\/www.em.com.br\/emfoco\/wp-content\/uploads\/2026\/04\/Texto-do-seu-paragrafo-2026-04-23T111511.892-768x432.jpg 768w, https:\/\/www.em.com.br\/emfoco\/wp-content\/uploads\/2026\/04\/Texto-do-seu-paragrafo-2026-04-23T111511.892-750x422.jpg 750w, https:\/\/www.em.com.br\/emfoco\/wp-content\/uploads\/2026\/04\/Texto-do-seu-paragrafo-2026-04-23T111511.892-1140x641.jpg 1140w, https:\/\/www.em.com.br\/emfoco\/wp-content\/uploads\/2026\/04\/Texto-do-seu-paragrafo-2026-04-23T111511.892.jpg 1280w\" sizes=\"auto, (max-width: 1024px) 100vw, 1024px\" \/><figcaption class=\"wp-element-caption\">Cerne, tratamento, secagem e umidade ajudam a explicar por que algumas madeiras duram mais<\/figcaption><\/figure>\n\n\n\n<h2 class=\"wp-block-heading\">Qual a diferen\u00e7a entre alburno e cerne na resist\u00eancia a cupins?<\/h2>\n\n\n\n<p>Um ponto decisivo para entender a durabilidade \u00e9 a diferen\u00e7a entre <strong>alburno<\/strong> e <strong>cerne<\/strong>. O alburno \u00e9 a faixa externa, mais jovem, com maior circula\u00e7\u00e3o de seiva, geralmente mais suscet\u00edvel a cupins e fungos, sobretudo em ambientes \u00famidos ou mal ventilados.<\/p>\n\n\n\n<p>O cerne, parte interna e escurecida, \u00e9 mais denso, estabilizado e, em muitas esp\u00e9cies, muito mais resistente. Pe\u00e7as serradas privilegiando o cerne costumam apresentar desempenho superior, mesmo quando v\u00eam da mesma \u00e1rvore, o que torna <a href=\"https:\/\/www.em.com.br\/emfoco\/2026\/04\/22\/esse-mel-raro-do-himalaia-chama-atencao-pelo-risco-da-coleta-e-pelos-efeitos-no-corpo\/\" target=\"_blank\" rel=\"noreferrer noopener\">fundamental <\/a>avaliar o padr\u00e3o de corte e sele\u00e7\u00e3o da madeira.<\/p>\n\n\n\n<h2 class=\"wp-block-heading\">Quais s\u00e3o as principais esp\u00e9cies de madeira naturalmente resistentes a cupins?<\/h2>\n\n\n\n<p>Algumas esp\u00e9cies ganharam fama pela maior resist\u00eancia natural ao ataque de <strong>cupins<\/strong>, gra\u00e7as \u00e0 alta densidade e \u00e0 presen\u00e7a de compostos que dificultam a digest\u00e3o da celulose. Ainda assim, mesmo nessas madeiras, o alburno costuma ser bem mais vulner\u00e1vel e pode comprometer o desempenho da pe\u00e7a.<\/p>\n\n\n\n<ul class=\"wp-block-list\">\n<li><strong>Ma\u00e7aranduba<\/strong>: madeira pesada, de alta densidade, bastante usada em estruturas expostas e decks. Possui taninos e outros compostos que reduzem o apetite dos cupins, mas exige ferramentas adequadas para corte e costuma ter custo mais alto.<\/li>\n\n\n\n<li><strong>Ip\u00ea<\/strong>: conhecido pela dureza e grande peso espec\u00edfico, aparece em aplica\u00e7\u00f5es estruturais e \u00e1reas externas. Os \u00f3leos e extrativos presentes no cerne contribuem para a durabilidade, desde que as pe\u00e7as sejam bem secas e aplicadas longe de umidade constante.<\/li>\n\n\n\n<li><strong>Peroba<\/strong> (especialmente peroba-rosa): tradicional em pisos e estruturas antigas, ganhou reputa\u00e7\u00e3o de madeira dur\u00e1vel ao longo de d\u00e9cadas. A parte de cerne apresenta boa resist\u00eancia, mas a oferta atual \u00e9 menor, o que torna importante verificar proced\u00eancia e legalidade.<\/li>\n<\/ul>\n\n\n\n<p>Conte\u00fado do canal <strong>Richard Floriani &#8211; Controle de Pragas<\/strong>, com mais de 126 mil de inscritos e cerca de 6.5 mil de visualiza\u00e7\u00f5es:<\/p>\n\n\n\n<figure class=\"wp-block-embed is-type-video is-provider-youtube wp-block-embed-youtube wp-embed-aspect-16-9 wp-has-aspect-ratio\"><div class=\"wp-block-embed__wrapper\">\n<div class=\"jeg_video_container jeg_video_content\"><iframe loading=\"lazy\" title=\"Existe Madeira que Cupim N\u00c3O Come? O Bi\u00f3logo Richard Explica: Autoclave \u00e9 a Solu\u00e7\u00e3o\" width=\"500\" height=\"281\" src=\"https:\/\/www.youtube.com\/embed\/8MwoLnM1M1s?feature=oembed\" frameborder=\"0\" allow=\"accelerometer; autoplay; clipboard-write; encrypted-media; gyroscope; picture-in-picture; web-share\" referrerpolicy=\"strict-origin-when-cross-origin\" allowfullscreen><\/iframe><\/div>\n<\/div><\/figure>\n\n\n\n<h2 class=\"wp-block-heading\">Eucalipto tratado \u00e9 uma boa op\u00e7\u00e3o de madeira resistente a cupim?<\/h2>\n\n\n\n<p>Entre profissionais de obra, o <strong>eucalipto tratado<\/strong> se consolidou como uma das op\u00e7\u00f5es com melhor rela\u00e7\u00e3o entre custo e durabilidade. Em estado bruto, o eucalipto de reflorestamento n\u00e3o apresenta grande resist\u00eancia natural, mas o tratamento industrial adequado muda totalmente esse cen\u00e1rio.<\/p>\n\n\n\n<p>No processo em <strong>autoclave<\/strong>, a madeira \u00e9 colocada em um cilindro pressurizado onde solu\u00e7\u00f5es preservantes penetram profundamente nas fibras. Somada \u00e0 secagem correta, essa etapa reduz a umidade interna e torna a pe\u00e7a pouco atrativa para cupins e fungos, resultando em um material est\u00e1vel e competitivo para pilares, ripas e estruturas aparentes.<\/p>\n\n\n\n<ol class=\"wp-block-list\">\n<li>Escolher eucalipto com certifica\u00e7\u00e3o de <strong>reflorestamento<\/strong>.<\/li>\n\n\n\n<li>Verificar se foi tratado em autoclave e solicitar laudo ou etiqueta do processo.<\/li>\n\n\n\n<li>Conferir se a madeira est\u00e1 seca, sem manchas de fungos ou cheiro forte de mofo.<\/li>\n\n\n\n<li>Aplicar seladores ou vernizes adequados ao uso externo ou interno.<\/li>\n<\/ol>\n\n\n\n<h2 class=\"wp-block-heading\">Quais cuidados realmente protegem a madeira contra cupins?<\/h2>\n\n\n\n<p>Independentemente da esp\u00e9cie escolhida, a prote\u00e7\u00e3o pr\u00e1tica contra cupins depende fortemente de h\u00e1bitos de uso e <strong>manuten\u00e7\u00e3o<\/strong>. Ambientes fechados, sem ventila\u00e7\u00e3o, com infiltra\u00e7\u00f5es ou contato direto com terra favorecem tanto cupins quanto fungos, reduzindo a vida \u00fatil at\u00e9 de madeiras consideradas resistentes.<\/p>\n\n\n\n<ul class=\"wp-block-list\">\n<li><strong>Secagem<\/strong> adequada: pe\u00e7as muito \u00famidas trabalham mais, trincam e se tornam alvo de fungos, abrindo caminho para o ataque de cupins.<\/li>\n\n\n\n<li><strong>Impermeabiliza\u00e7\u00e3o<\/strong>: seladores, stains e vernizes reduzem a penetra\u00e7\u00e3o de \u00e1gua e dificultam a instala\u00e7\u00e3o de col\u00f4nias.<\/li>\n\n\n\n<li>Instala\u00e7\u00e3o correta: afastar a madeira do solo, criar pontos de ventila\u00e7\u00e3o e drenar \u00e1reas \u00famidas interfere diretamente na durabilidade.<\/li>\n\n\n\n<li>Inspe\u00e7\u00e3o peri\u00f3dica: observar p\u00f3 de madeira, trilhas de terra e pontos ocos ajuda a detectar a presen\u00e7a de cupins ainda no in\u00edcio.<\/li>\n\n\n\n<li>Tratamentos complementares: em regi\u00f5es com hist\u00f3rico de infesta\u00e7\u00e3o, pode ser necess\u00e1rio aplicar produtos espec\u00edficos no entorno ou contratar controle especializado.<\/li>\n<\/ul>\n\n\n\n<p>Dessa forma, a ideia de uma madeira totalmente imune a cupins perde espa\u00e7o para uma vis\u00e3o mais realista: existe, sim, madeira resistente a cupim, seja pela esp\u00e9cie, seja pelo <a href=\"https:\/\/www.gov.br\/ibama\/pt-br\/assuntos\/quimicos-e-biologicos\/preservativos-de-madeiras\/arquivos\/2024\/2024-04-19_exterminador_de_cupim_16042024.pdf\" target=\"_blank\" rel=\"noreferrer noopener\">tratamento<\/a>, mas a <strong>durabilidade<\/strong> depende da soma entre escolha correta, processo industrial adequado, execu\u00e7\u00e3o bem feita e aten\u00e7\u00e3o cont\u00ednua \u00e0s condi\u00e7\u00f5es de uso.<\/p>\n","protected":false},"excerpt":{"rendered":"<p>Quem est\u00e1 construindo ou planejando um m\u00f3vel fixo costuma esbarrar na mesma d\u00favida: existe mesmo algum tipo de madeira resistente a cupim, capaz de enfrentar anos de uso sem dano? A resposta passa menos por uma promessa absoluta e mais por entender como o inseto se alimenta, como a madeira \u00e9 formada e de que [&hellip;]<\/p>\n","protected":false},"author":15,"featured_media":200562,"comment_status":"open","ping_status":"open","sticky":false,"template":"","format":"standard","meta":{"jnews-multi-image_gallery":[],"jnews_single_post":{"format":"standard"},"jnews_primary_category":[],"jnews_social_meta":[],"jnews_override_counter":[],"footnotes":""},"categories":[8819],"tags":[21123,16784,1012],"class_list":["post-197811","post","type-post","status-publish","format-standard","has-post-thumbnail","hentry","category-curiosidades","tag-cupim","tag-obras","tag-reforma"],"yoast_head":"<!-- This site is optimized with the Yoast SEO plugin v23.8 - https:\/\/yoast.com\/wordpress\/plugins\/seo\/ -->\n<title>Madeira resistente a cupim depende menos do nome e mais do tratamento certo na pr\u00e1tica - Estado de Minas - Em foco<\/title>\n<meta name=\"description\" content=\"Madeira resistente a cupim existe, mas a durabilidade da obra depende mais de tratamento, secagem adequada, prote\u00e7\u00e3o contra umidade\" \/>\n<meta name=\"robots\" content=\"index, follow, max-snippet:-1, max-image-preview:large, max-video-preview:-1\" \/>\n<link rel=\"canonical\" href=\"https:\/\/www.em.com.br\/emfoco\/2026\/04\/28\/madeira-resistente-a-cupim-depende-menos-do-nome-e-mais-do-tratamento-certo-na-pratica\/\" \/>\n<meta property=\"og:locale\" content=\"pt_BR\" \/>\n<meta property=\"og:type\" content=\"article\" \/>\n<meta property=\"og:title\" content=\"Madeira resistente a cupim depende menos do nome e mais do tratamento certo na pr\u00e1tica - Estado de Minas - Em foco\" \/>\n<meta property=\"og:description\" content=\"Madeira resistente a cupim existe, mas a durabilidade da obra depende mais de tratamento, secagem adequada, prote\u00e7\u00e3o contra umidade\" \/>\n<meta property=\"og:url\" content=\"https:\/\/www.em.com.br\/emfoco\/2026\/04\/28\/madeira-resistente-a-cupim-depende-menos-do-nome-e-mais-do-tratamento-certo-na-pratica\/\" \/>\n<meta property=\"og:site_name\" content=\"Estado de Minas - Em foco\" \/>\n<meta property=\"article:published_time\" content=\"2026-04-28T23:35:00+00:00\" \/>\n<meta property=\"article:modified_time\" content=\"2026-04-27T18:13:29+00:00\" \/>\n<meta property=\"og:image\" content=\"https:\/\/www.em.com.br\/emfoco\/wp-content\/uploads\/2026\/04\/EmFoco_07-10.jpg\" \/>\n\t<meta property=\"og:image:width\" content=\"1280\" \/>\n\t<meta property=\"og:image:height\" content=\"720\" \/>\n\t<meta property=\"og:image:type\" content=\"image\/jpeg\" \/>\n<meta name=\"author\" content=\"Douglas Myth\" \/>\n<meta name=\"twitter:card\" content=\"summary_large_image\" \/>\n<meta name=\"twitter:label1\" content=\"Escrito por\" \/>\n\t<meta name=\"twitter:data1\" content=\"Douglas Myth\" \/>\n\t<meta name=\"twitter:label2\" content=\"Est. tempo de leitura\" \/>\n\t<meta name=\"twitter:data2\" content=\"6 minutos\" \/>\n<!-- \/ Yoast SEO plugin. -->","yoast_head_json":{"title":"Madeira resistente a cupim depende menos do nome e mais do tratamento certo na pr\u00e1tica - Estado de Minas - Em foco","description":"Madeira resistente a cupim existe, mas a durabilidade da obra depende mais de tratamento, secagem adequada, prote\u00e7\u00e3o contra umidade","robots":{"index":"index","follow":"follow","max-snippet":"max-snippet:-1","max-image-preview":"max-image-preview:large","max-video-preview":"max-video-preview:-1"},"canonical":"https:\/\/www.em.com.br\/emfoco\/2026\/04\/28\/madeira-resistente-a-cupim-depende-menos-do-nome-e-mais-do-tratamento-certo-na-pratica\/","og_locale":"pt_BR","og_type":"article","og_title":"Madeira resistente a cupim depende menos do nome e mais do tratamento certo na pr\u00e1tica - Estado de Minas - Em foco","og_description":"Madeira resistente a cupim existe, mas a durabilidade da obra depende mais de tratamento, secagem adequada, prote\u00e7\u00e3o contra umidade","og_url":"https:\/\/www.em.com.br\/emfoco\/2026\/04\/28\/madeira-resistente-a-cupim-depende-menos-do-nome-e-mais-do-tratamento-certo-na-pratica\/","og_site_name":"Estado de Minas - Em foco","article_published_time":"2026-04-28T23:35:00+00:00","article_modified_time":"2026-04-27T18:13:29+00:00","og_image":[{"width":1280,"height":720,"url":"https:\/\/www.em.com.br\/emfoco\/wp-content\/uploads\/2026\/04\/EmFoco_07-10.jpg","type":"image\/jpeg"}],"author":"Douglas Myth","twitter_card":"summary_large_image","twitter_misc":{"Escrito por":"Douglas Myth","Est. tempo de leitura":"6 minutos"},"schema":{"@context":"https:\/\/schema.org","@graph":[{"@type":"WebPage","@id":"https:\/\/www.em.com.br\/emfoco\/2026\/04\/28\/madeira-resistente-a-cupim-depende-menos-do-nome-e-mais-do-tratamento-certo-na-pratica\/","url":"https:\/\/www.em.com.br\/emfoco\/2026\/04\/28\/madeira-resistente-a-cupim-depende-menos-do-nome-e-mais-do-tratamento-certo-na-pratica\/","name":"Madeira resistente a cupim depende menos do nome e mais do tratamento certo na pr\u00e1tica - Estado de Minas - Em foco","isPartOf":{"@id":"https:\/\/www.em.com.br\/emfoco\/#website"},"primaryImageOfPage":{"@id":"https:\/\/www.em.com.br\/emfoco\/2026\/04\/28\/madeira-resistente-a-cupim-depende-menos-do-nome-e-mais-do-tratamento-certo-na-pratica\/#primaryimage"},"image":{"@id":"https:\/\/www.em.com.br\/emfoco\/2026\/04\/28\/madeira-resistente-a-cupim-depende-menos-do-nome-e-mais-do-tratamento-certo-na-pratica\/#primaryimage"},"thumbnailUrl":"https:\/\/www.em.com.br\/emfoco\/wp-content\/uploads\/2026\/04\/EmFoco_07-10.jpg","datePublished":"2026-04-28T23:35:00+00:00","dateModified":"2026-04-27T18:13:29+00:00","author":{"@id":"https:\/\/www.em.com.br\/emfoco\/#\/schema\/person\/bba594b7eebe9b9885fec3a5c7837089"},"description":"Madeira resistente a cupim existe, mas a durabilidade da obra depende mais de tratamento, secagem adequada, prote\u00e7\u00e3o contra umidade","breadcrumb":{"@id":"https:\/\/www.em.com.br\/emfoco\/2026\/04\/28\/madeira-resistente-a-cupim-depende-menos-do-nome-e-mais-do-tratamento-certo-na-pratica\/#breadcrumb"},"inLanguage":"pt-BR","potentialAction":[{"@type":"ReadAction","target":["https:\/\/www.em.com.br\/emfoco\/2026\/04\/28\/madeira-resistente-a-cupim-depende-menos-do-nome-e-mais-do-tratamento-certo-na-pratica\/"]}]},{"@type":"ImageObject","inLanguage":"pt-BR","@id":"https:\/\/www.em.com.br\/emfoco\/2026\/04\/28\/madeira-resistente-a-cupim-depende-menos-do-nome-e-mais-do-tratamento-certo-na-pratica\/#primaryimage","url":"https:\/\/www.em.com.br\/emfoco\/wp-content\/uploads\/2026\/04\/EmFoco_07-10.jpg","contentUrl":"https:\/\/www.em.com.br\/emfoco\/wp-content\/uploads\/2026\/04\/EmFoco_07-10.jpg","width":1280,"height":720,"caption":"Escolha de esp\u00e9cies densas e tratamentos industriais garantem maior durabilidade dos m\u00f3veis"},{"@type":"BreadcrumbList","@id":"https:\/\/www.em.com.br\/emfoco\/2026\/04\/28\/madeira-resistente-a-cupim-depende-menos-do-nome-e-mais-do-tratamento-certo-na-pratica\/#breadcrumb","itemListElement":[{"@type":"ListItem","position":1,"name":"In\u00edcio","item":"https:\/\/www.em.com.br\/emfoco\/"},{"@type":"ListItem","position":2,"name":"Madeira resistente a cupim depende menos do nome e mais do tratamento certo na pr\u00e1tica"}]},{"@type":"WebSite","@id":"https:\/\/www.em.com.br\/emfoco\/#website","url":"https:\/\/www.em.com.br\/emfoco\/","name":"Estado de Minas - Em foco","description":"Acompanhe as \u00faltimas not\u00edcias e fique bem informado sobre tudo o que acontece em Minas Gerais, Brasil e no mundo.","potentialAction":[{"@type":"SearchAction","target":{"@type":"EntryPoint","urlTemplate":"https:\/\/www.em.com.br\/emfoco\/?s={search_term_string}"},"query-input":{"@type":"PropertyValueSpecification","valueRequired":true,"valueName":"search_term_string"}}],"inLanguage":"pt-BR"},{"@type":"Person","@id":"https:\/\/www.em.com.br\/emfoco\/#\/schema\/person\/bba594b7eebe9b9885fec3a5c7837089","name":"Douglas Myth","image":{"@type":"ImageObject","inLanguage":"pt-BR","@id":"https:\/\/www.em.com.br\/emfoco\/#\/schema\/person\/image\/","url":"https:\/\/secure.gravatar.com\/avatar\/1ac3cf50d0e68642c697dc0c960c802f?s=96&d=mm&r=g","contentUrl":"https:\/\/secure.gravatar.com\/avatar\/1ac3cf50d0e68642c697dc0c960c802f?s=96&d=mm&r=g","caption":"Douglas Myth"},"url":"https:\/\/www.em.com.br\/emfoco\/author\/douglasmyth\/"}]}},"_links":{"self":[{"href":"https:\/\/www.em.com.br\/emfoco\/wp-json\/wp\/v2\/posts\/197811","targetHints":{"allow":["GET"]}}],"collection":[{"href":"https:\/\/www.em.com.br\/emfoco\/wp-json\/wp\/v2\/posts"}],"about":[{"href":"https:\/\/www.em.com.br\/emfoco\/wp-json\/wp\/v2\/types\/post"}],"author":[{"embeddable":true,"href":"https:\/\/www.em.com.br\/emfoco\/wp-json\/wp\/v2\/users\/15"}],"replies":[{"embeddable":true,"href":"https:\/\/www.em.com.br\/emfoco\/wp-json\/wp\/v2\/comments?post=197811"}],"version-history":[{"count":2,"href":"https:\/\/www.em.com.br\/emfoco\/wp-json\/wp\/v2\/posts\/197811\/revisions"}],"predecessor-version":[{"id":197816,"href":"https:\/\/www.em.com.br\/emfoco\/wp-json\/wp\/v2\/posts\/197811\/revisions\/197816"}],"wp:featuredmedia":[{"embeddable":true,"href":"https:\/\/www.em.com.br\/emfoco\/wp-json\/wp\/v2\/media\/200562"}],"wp:attachment":[{"href":"https:\/\/www.em.com.br\/emfoco\/wp-json\/wp\/v2\/media?parent=197811"}],"wp:term":[{"taxonomy":"category","embeddable":true,"href":"https:\/\/www.em.com.br\/emfoco\/wp-json\/wp\/v2\/categories?post=197811"},{"taxonomy":"post_tag","embeddable":true,"href":"https:\/\/www.em.com.br\/emfoco\/wp-json\/wp\/v2\/tags?post=197811"}],"curies":[{"name":"wp","href":"https:\/\/api.w.org\/{rel}","templated":true}]}}