{"id":197802,"date":"2026-04-28T16:25:00","date_gmt":"2026-04-28T19:25:00","guid":{"rendered":"https:\/\/www.em.com.br\/emfoco\/?p=197802"},"modified":"2026-04-27T15:14:08","modified_gmt":"2026-04-27T18:14:08","slug":"manchas-brancas-no-braco-aparecem-mais-com-o-sol-e-entender-isso-muda-o-jeito-de-cuidar","status":"publish","type":"post","link":"https:\/\/www.em.com.br\/emfoco\/2026\/04\/28\/manchas-brancas-no-braco-aparecem-mais-com-o-sol-e-entender-isso-muda-o-jeito-de-cuidar\/","title":{"rendered":"Manchas brancas no bra\u00e7o aparecem mais com o sol e entender isso muda o jeito de cuidar"},"content":{"rendered":"\n<p>As <strong>manchas<\/strong> brancas no bra\u00e7o costumam chamar a aten\u00e7\u00e3o quando come\u00e7am a aparecer com mais frequ\u00eancia ao longo dos anos. Em muitos casos, surgem de forma discreta, como pequenas pintinhas claras espalhadas pelos bra\u00e7os, pernas e colo, sem dor, coceira ou descama\u00e7\u00e3o. Mesmo sem causar sintomas imediatos, geram d\u00favida sobre a causa, se podem piorar e se t\u00eam rela\u00e7\u00e3o com doen\u00e7as mais conhecidas, como <strong>vitiligo<\/strong> ou infec\u00e7\u00f5es por fungos.<\/p>\n\n\n\n<h2 class=\"wp-block-heading\">O que s\u00e3o manchas brancas no bra\u00e7o e por que aparecem?<\/h2>\n\n\n\n<p>A chamada <strong>leucodermia gutata<\/strong> \u00e9 caracterizada por pequenas \u00e1reas arredondadas, esbranqui\u00e7adas e est\u00e1veis, que se destacam em contraste com a pele ao redor. Essas pintinhas surgem, em geral, em pessoas com hist\u00f3rico de forte exposi\u00e7\u00e3o solar, principalmente a partir da meia-idade, mas tamb\u00e9m podem aparecer antes, dependendo dos h\u00e1bitos de sol e do tipo de pele.<\/p>\n\n\n\n<p>Do ponto de vista da pele, ocorre uma redu\u00e7\u00e3o localizada da <strong>pigmenta\u00e7\u00e3o<\/strong>. Os melan\u00f3citos, respons\u00e1veis pela <a href=\"https:\/\/www.em.com.br\/emfoco\/2026\/04\/22\/por-que-essas-20-frutas-do-quintal-da-vovo-desapareceram-do-brasil-e-quase-sairam-da-memoria\/\" target=\"_blank\" rel=\"noreferrer noopener\">produ\u00e7\u00e3o<\/a> de melanina, sofrem impacto do dano solar acumulado ao longo dos anos. Com o tempo, essa agress\u00e3o cont\u00ednua pode levar \u00e0 perda parcial de fun\u00e7\u00e3o em alguns pontos, resultando em \u00e1reas mais claras ligadas ao <strong>fotoenvelhecimento<\/strong>.<\/p>\n\n\n\n<figure class=\"wp-block-image size-large\"><img loading=\"lazy\" decoding=\"async\" width=\"1024\" height=\"576\" src=\"https:\/\/www.em.com.br\/emfoco\/wp-content\/uploads\/2026\/04\/Texto-do-seu-paragrafo-2026-04-23T110108.142-1024x576.jpg\" alt=\"Manchas brancas no bra\u00e7o aparecem mais com o sol e entender isso muda o jeito de cuidar\" class=\"wp-image-197806\" srcset=\"https:\/\/www.em.com.br\/emfoco\/wp-content\/uploads\/2026\/04\/Texto-do-seu-paragrafo-2026-04-23T110108.142-1024x576.jpg 1024w, https:\/\/www.em.com.br\/emfoco\/wp-content\/uploads\/2026\/04\/Texto-do-seu-paragrafo-2026-04-23T110108.142-300x169.jpg 300w, https:\/\/www.em.com.br\/emfoco\/wp-content\/uploads\/2026\/04\/Texto-do-seu-paragrafo-2026-04-23T110108.142-768x432.jpg 768w, https:\/\/www.em.com.br\/emfoco\/wp-content\/uploads\/2026\/04\/Texto-do-seu-paragrafo-2026-04-23T110108.142-750x422.jpg 750w, https:\/\/www.em.com.br\/emfoco\/wp-content\/uploads\/2026\/04\/Texto-do-seu-paragrafo-2026-04-23T110108.142-1140x641.jpg 1140w, https:\/\/www.em.com.br\/emfoco\/wp-content\/uploads\/2026\/04\/Texto-do-seu-paragrafo-2026-04-23T110108.142.jpg 1280w\" sizes=\"auto, (max-width: 1024px) 100vw, 1024px\" \/><figcaption class=\"wp-element-caption\">Entenda por que essas manchas aparecem, como diferenciar de outros problemas e o que fazer<\/figcaption><\/figure>\n\n\n\n<h2 class=\"wp-block-heading\">Manchas brancas no bra\u00e7o s\u00e3o sempre vitiligo ou fungo?<\/h2>\n\n\n\n<p>Uma d\u00favida recorrente \u00e9 se essas manchas brancas no bra\u00e7o significam vitiligo ou alguma infec\u00e7\u00e3o f\u00fangica. Na maior parte dos casos, n\u00e3o se trata de nenhuma dessas condi\u00e7\u00f5es, mas a avalia\u00e7\u00e3o presencial \u00e9 fundamental para afastar outras <strong>doen\u00e7as<\/strong> de pele que tamb\u00e9m podem causar \u00e1reas claras.<\/p>\n\n\n\n<p>As pintinhas t\u00edpicas da leucodermia gutata costumam ser pequenas, m\u00faltiplas, de contorno arredondado, lisas ao toque, sem descamar e sem co\u00e7ar. J\u00e1 o <strong>vitiligo<\/strong> tende a formar placas maiores, com bordas bem definidas, enquanto infec\u00e7\u00f5es por fungos, como a pitir\u00edase versicolor, costumam co\u00e7ar, descamar levemente e mudar de formato com o tempo.<\/p>\n\n\n\n<h2 class=\"wp-block-heading\">Onde as manchas brancas costumam aparecer com mais frequ\u00eancia?<\/h2>\n\n\n\n<p>As \u00e1reas mais atingidas s\u00e3o justamente as que recebem mais <strong>sol<\/strong> no dia a dia. As manchas brancas no bra\u00e7o aparecem com frequ\u00eancia do cotovelo para baixo. Nas pernas, s\u00e3o comuns abaixo do joelho, principalmente na parte da frente e nas laterais, al\u00e9m do colo e parte superior do peito em quem se exp\u00f4s muito ao sol.<\/p>\n\n\n\n<p>Em contraste, regi\u00f5es que quase n\u00e3o pegam sol, como gl\u00fateos ou \u00e1reas cobertas por roupas, tendem a manter colora\u00e7\u00e3o mais homog\u00eanea. Esse padr\u00e3o refor\u00e7a o papel da <strong>radia\u00e7\u00e3o ultravioleta<\/strong> na forma\u00e7\u00e3o das pintinhas claras e ajuda o dermatologista a suspeitar de leucodermia gutata, sem substituir o exame individualizado.<\/p>\n\n\n\n<h2 class=\"wp-block-heading\">Como prevenir o surgimento de novas manchas brancas no bra\u00e7o?<\/h2>\n\n\n\n<p>A principal forma de preven\u00e7\u00e3o est\u00e1 ligada ao controle da exposi\u00e7\u00e3o solar e ao cuidado di\u00e1rio com a pele. O dano causado pelo sol \u00e9 <strong>cumulativo<\/strong>: o que foi recebido na <a href=\"https:\/\/www.em.com.br\/emfoco\/2026\/04\/22\/esse-mel-raro-do-himalaia-chama-atencao-pelo-risco-da-coleta-e-pelos-efeitos-no-corpo\/\" target=\"_blank\" rel=\"noreferrer noopener\">inf\u00e2ncia<\/a>, adolesc\u00eancia e vida adulta permanece registrado, podendo se manifestar anos depois, mesmo em quem hoje se exp\u00f5e pouco.<\/p>\n\n\n\n<p>Algumas medidas ajudam a reduzir o risco de novas manchas, de outros sinais de fotoenvelhecimento e at\u00e9 de c\u00e2ncer de pele, especialmente em pessoas de pele clara ou com hist\u00f3rico familiar:<\/p>\n\n\n\n<ul class=\"wp-block-list\">\n<li>Uso di\u00e1rio de <strong>protetor solar<\/strong> com FPS adequado, reaplicando ao longo do dia, sobretudo em bra\u00e7os, pernas e colo;<\/li>\n\n\n\n<li>Prefer\u00eancia por roupas com mangas, chap\u00e9us e acess\u00f3rios que cubram \u00e1reas expostas em hor\u00e1rios de maior incid\u00eancia de sol;<\/li>\n\n\n\n<li>Evitar exposi\u00e7\u00e3o prolongada entre 10h e 16h, quando a radia\u00e7\u00e3o ultravioleta \u00e9 mais intensa;<\/li>\n\n\n\n<li>Incluir na rotina hidratantes e produtos que auxiliem na <strong>barreira cut\u00e2nea<\/strong>, sempre com orienta\u00e7\u00e3o profissional.<\/li>\n<\/ul>\n\n\n\n<p>Conte\u00fado do canal <strong>Sem Filtro | Borchardt<\/strong>, com mais de 557 mil de inscritos e cerca de 132 mil de visualiza\u00e7\u00f5es:<\/p>\n\n\n\n<figure class=\"wp-block-embed is-type-video is-provider-youtube wp-block-embed-youtube wp-embed-aspect-16-9 wp-has-aspect-ratio\"><div class=\"wp-block-embed__wrapper\">\n<div class=\"jeg_video_container jeg_video_content\"><iframe loading=\"lazy\" title=\"MANCHAS BRANCAS NO BRA\u00c7O? COMO RESOLVER\" width=\"500\" height=\"281\" src=\"https:\/\/www.youtube.com\/embed\/jaFkql6S3Js?feature=oembed\" frameborder=\"0\" allow=\"accelerometer; autoplay; clipboard-write; encrypted-media; gyroscope; picture-in-picture; web-share\" referrerpolicy=\"strict-origin-when-cross-origin\" allowfullscreen><\/iframe><\/div>\n<\/div><\/figure>\n\n\n\n<h2 class=\"wp-block-heading\">Quais s\u00e3o as op\u00e7\u00f5es de tratamento no bra\u00e7o?<\/h2>\n\n\n\n<p>Quando a pessoa busca amenizar as manchas brancas no bra\u00e7o, \u00e9 importante entender que n\u00e3o existe solu\u00e7\u00e3o \u00fanica e imediata. Em muitos casos, o objetivo \u00e9 suavizar o contraste e melhorar o aspecto geral da <strong>pele<\/strong>, e n\u00e3o necessariamente eliminar completamente todas as pintinhas, alinhando expectativas com o dermatologista.<\/p>\n\n\n\n<p>Entre os recursos utilizados pelos dermatologistas, podem estar procedimentos em <a href=\"https:\/\/www.nia.nih.gov\/health\/skin-care\/skin-care-and-aging\" target=\"_blank\" rel=\"noreferrer noopener\">consult\u00f3rio <\/a>e cuidados domiciliares, escolhidos conforme tipo de pele, extens\u00e3o das \u00e1reas afetadas e presen\u00e7a de outras queixas, como rugas finas ou ressecamento.<\/p>\n\n\n\n<h2 class=\"wp-block-heading\">Que tipos de tratamentos podem ser indicados pelo dermatologista?<\/h2>\n\n\n\n<p>O plano terap\u00eautico para leucodermia gutata \u00e9 individualizado e pode combinar diferentes t\u00e9cnicas. A resposta costuma ser gradual e depende de <strong>fotoprote\u00e7\u00e3o<\/strong> rigorosa, al\u00e9m de acompanhamento regular para ajustes conforme a evolu\u00e7\u00e3o cl\u00ednica.<\/p>\n\n\n\n<ol class=\"wp-block-list\">\n<li><strong>Procedimentos<\/strong> com laser: alguns tipos de laser buscam estimular a pele e favorecer maior uniformidade de cor;<\/li>\n\n\n\n<li><strong>Microagulhamento<\/strong>: t\u00e9cnica que provoca microperfura\u00e7\u00f5es controladas, incentivando renova\u00e7\u00e3o cut\u00e2nea e, em certos casos, est\u00edmulo de pigmenta\u00e7\u00e3o;<\/li>\n\n\n\n<li>Crioterapia: aplica\u00e7\u00e3o de frio intenso em pontos espec\u00edficos, indicada em situa\u00e7\u00f5es bem selecionadas;<\/li>\n\n\n\n<li>Peelings qu\u00edmicos: uso de subst\u00e2ncias que promovem descama\u00e7\u00e3o controlada e renova\u00e7\u00e3o da camada superficial;<\/li>\n\n\n\n<li>Cremes e lo\u00e7\u00f5es: alguns ativos podem auxiliar na qualidade da pele ao redor, contribuindo para um aspecto mais <strong>homog\u00eaneo<\/strong>.<\/li>\n<\/ol>\n\n\n\n<p>Melhorar textura, hidrata\u00e7\u00e3o e vi\u00e7o da pele tende a favorecer o resultado est\u00e9tico, mesmo que algumas manchas persistam. A mensagem central \u00e9 que existe manejo poss\u00edvel, mas ele precisa ser conduzido de forma segura, realista e alinhada \u00e0 hist\u00f3ria de cada pessoa, sempre com orienta\u00e7\u00e3o <strong>profissional<\/strong>.<\/p>\n","protected":false},"excerpt":{"rendered":"<p>As manchas brancas no bra\u00e7o costumam chamar a aten\u00e7\u00e3o quando come\u00e7am a aparecer com mais frequ\u00eancia ao longo dos anos. Em muitos casos, surgem de forma discreta, como pequenas pintinhas claras espalhadas pelos bra\u00e7os, pernas e colo, sem dor, coceira ou descama\u00e7\u00e3o. Mesmo sem causar sintomas imediatos, geram d\u00favida sobre a causa, se podem piorar [&hellip;]<\/p>\n","protected":false},"author":15,"featured_media":200568,"comment_status":"open","ping_status":"open","sticky":false,"template":"","format":"standard","meta":{"jnews-multi-image_gallery":[],"jnews_single_post":{"format":"standard"},"jnews_primary_category":[],"jnews_social_meta":[],"jnews_override_counter":[],"footnotes":""},"categories":[8819],"tags":[711,12306,415],"class_list":["post-197802","post","type-post","status-publish","format-standard","has-post-thumbnail","hentry","category-curiosidades","tag-bem-estar","tag-pele-2","tag-saude"],"yoast_head":"<!-- This site is optimized with the Yoast SEO plugin v23.8 - https:\/\/yoast.com\/wordpress\/plugins\/seo\/ -->\n<title>Manchas brancas no bra\u00e7o aparecem mais com o sol e entender isso muda o jeito de cuidar - Estado de Minas - Em foco<\/title>\n<meta name=\"description\" content=\"Manchas brancas no bra\u00e7o costumam estar ligadas ao sol acumulado ao longo dos anos, e entender isso ajuda a diferenciar\" \/>\n<meta name=\"robots\" content=\"index, follow, max-snippet:-1, max-image-preview:large, max-video-preview:-1\" \/>\n<link rel=\"canonical\" href=\"https:\/\/www.em.com.br\/emfoco\/2026\/04\/28\/manchas-brancas-no-braco-aparecem-mais-com-o-sol-e-entender-isso-muda-o-jeito-de-cuidar\/\" \/>\n<meta property=\"og:locale\" content=\"pt_BR\" \/>\n<meta property=\"og:type\" content=\"article\" \/>\n<meta property=\"og:title\" content=\"Manchas brancas no bra\u00e7o aparecem mais com o sol e entender isso muda o jeito de cuidar - Estado de Minas - Em foco\" \/>\n<meta property=\"og:description\" content=\"Manchas brancas no bra\u00e7o costumam estar ligadas ao sol acumulado ao longo dos anos, e entender isso ajuda a diferenciar\" \/>\n<meta property=\"og:url\" content=\"https:\/\/www.em.com.br\/emfoco\/2026\/04\/28\/manchas-brancas-no-braco-aparecem-mais-com-o-sol-e-entender-isso-muda-o-jeito-de-cuidar\/\" \/>\n<meta property=\"og:site_name\" content=\"Estado de Minas - Em foco\" \/>\n<meta property=\"article:published_time\" content=\"2026-04-28T19:25:00+00:00\" \/>\n<meta property=\"article:modified_time\" content=\"2026-04-27T18:14:08+00:00\" \/>\n<meta property=\"og:image\" content=\"https:\/\/www.em.com.br\/emfoco\/wp-content\/uploads\/2026\/04\/EmFoco_01-11.jpg\" \/>\n\t<meta property=\"og:image:width\" content=\"1280\" \/>\n\t<meta property=\"og:image:height\" content=\"720\" \/>\n\t<meta property=\"og:image:type\" content=\"image\/jpeg\" \/>\n<meta name=\"author\" content=\"Douglas Myth\" \/>\n<meta name=\"twitter:card\" content=\"summary_large_image\" \/>\n<meta name=\"twitter:label1\" content=\"Escrito por\" \/>\n\t<meta name=\"twitter:data1\" content=\"Douglas Myth\" \/>\n\t<meta name=\"twitter:label2\" content=\"Est. tempo de leitura\" \/>\n\t<meta name=\"twitter:data2\" content=\"6 minutos\" \/>\n<!-- \/ Yoast SEO plugin. -->","yoast_head_json":{"title":"Manchas brancas no bra\u00e7o aparecem mais com o sol e entender isso muda o jeito de cuidar - Estado de Minas - Em foco","description":"Manchas brancas no bra\u00e7o costumam estar ligadas ao sol acumulado ao longo dos anos, e entender isso ajuda a diferenciar","robots":{"index":"index","follow":"follow","max-snippet":"max-snippet:-1","max-image-preview":"max-image-preview:large","max-video-preview":"max-video-preview:-1"},"canonical":"https:\/\/www.em.com.br\/emfoco\/2026\/04\/28\/manchas-brancas-no-braco-aparecem-mais-com-o-sol-e-entender-isso-muda-o-jeito-de-cuidar\/","og_locale":"pt_BR","og_type":"article","og_title":"Manchas brancas no bra\u00e7o aparecem mais com o sol e entender isso muda o jeito de cuidar - Estado de Minas - Em foco","og_description":"Manchas brancas no bra\u00e7o costumam estar ligadas ao sol acumulado ao longo dos anos, e entender isso ajuda a diferenciar","og_url":"https:\/\/www.em.com.br\/emfoco\/2026\/04\/28\/manchas-brancas-no-braco-aparecem-mais-com-o-sol-e-entender-isso-muda-o-jeito-de-cuidar\/","og_site_name":"Estado de Minas - Em foco","article_published_time":"2026-04-28T19:25:00+00:00","article_modified_time":"2026-04-27T18:14:08+00:00","og_image":[{"width":1280,"height":720,"url":"https:\/\/www.em.com.br\/emfoco\/wp-content\/uploads\/2026\/04\/EmFoco_01-11.jpg","type":"image\/jpeg"}],"author":"Douglas Myth","twitter_card":"summary_large_image","twitter_misc":{"Escrito por":"Douglas Myth","Est. tempo de leitura":"6 minutos"},"schema":{"@context":"https:\/\/schema.org","@graph":[{"@type":"WebPage","@id":"https:\/\/www.em.com.br\/emfoco\/2026\/04\/28\/manchas-brancas-no-braco-aparecem-mais-com-o-sol-e-entender-isso-muda-o-jeito-de-cuidar\/","url":"https:\/\/www.em.com.br\/emfoco\/2026\/04\/28\/manchas-brancas-no-braco-aparecem-mais-com-o-sol-e-entender-isso-muda-o-jeito-de-cuidar\/","name":"Manchas brancas no bra\u00e7o aparecem mais com o sol e entender isso muda o jeito de cuidar - Estado de Minas - Em foco","isPartOf":{"@id":"https:\/\/www.em.com.br\/emfoco\/#website"},"primaryImageOfPage":{"@id":"https:\/\/www.em.com.br\/emfoco\/2026\/04\/28\/manchas-brancas-no-braco-aparecem-mais-com-o-sol-e-entender-isso-muda-o-jeito-de-cuidar\/#primaryimage"},"image":{"@id":"https:\/\/www.em.com.br\/emfoco\/2026\/04\/28\/manchas-brancas-no-braco-aparecem-mais-com-o-sol-e-entender-isso-muda-o-jeito-de-cuidar\/#primaryimage"},"thumbnailUrl":"https:\/\/www.em.com.br\/emfoco\/wp-content\/uploads\/2026\/04\/EmFoco_01-11.jpg","datePublished":"2026-04-28T19:25:00+00:00","dateModified":"2026-04-27T18:14:08+00:00","author":{"@id":"https:\/\/www.em.com.br\/emfoco\/#\/schema\/person\/bba594b7eebe9b9885fec3a5c7837089"},"description":"Manchas brancas no bra\u00e7o costumam estar ligadas ao sol acumulado ao longo dos anos, e entender isso ajuda a diferenciar","breadcrumb":{"@id":"https:\/\/www.em.com.br\/emfoco\/2026\/04\/28\/manchas-brancas-no-braco-aparecem-mais-com-o-sol-e-entender-isso-muda-o-jeito-de-cuidar\/#breadcrumb"},"inLanguage":"pt-BR","potentialAction":[{"@type":"ReadAction","target":["https:\/\/www.em.com.br\/emfoco\/2026\/04\/28\/manchas-brancas-no-braco-aparecem-mais-com-o-sol-e-entender-isso-muda-o-jeito-de-cuidar\/"]}]},{"@type":"ImageObject","inLanguage":"pt-BR","@id":"https:\/\/www.em.com.br\/emfoco\/2026\/04\/28\/manchas-brancas-no-braco-aparecem-mais-com-o-sol-e-entender-isso-muda-o-jeito-de-cuidar\/#primaryimage","url":"https:\/\/www.em.com.br\/emfoco\/wp-content\/uploads\/2026\/04\/EmFoco_01-11.jpg","contentUrl":"https:\/\/www.em.com.br\/emfoco\/wp-content\/uploads\/2026\/04\/EmFoco_01-11.jpg","width":1280,"height":720,"caption":"Pequenas marcas claras resultam do dano solar acumulado e exigem prote\u00e7\u00e3o constante"},{"@type":"BreadcrumbList","@id":"https:\/\/www.em.com.br\/emfoco\/2026\/04\/28\/manchas-brancas-no-braco-aparecem-mais-com-o-sol-e-entender-isso-muda-o-jeito-de-cuidar\/#breadcrumb","itemListElement":[{"@type":"ListItem","position":1,"name":"In\u00edcio","item":"https:\/\/www.em.com.br\/emfoco\/"},{"@type":"ListItem","position":2,"name":"Manchas brancas no bra\u00e7o aparecem mais com o sol e entender isso muda o jeito de cuidar"}]},{"@type":"WebSite","@id":"https:\/\/www.em.com.br\/emfoco\/#website","url":"https:\/\/www.em.com.br\/emfoco\/","name":"Estado de Minas - Em foco","description":"Acompanhe as \u00faltimas not\u00edcias e fique bem informado sobre tudo o que acontece em Minas Gerais, Brasil e no mundo.","potentialAction":[{"@type":"SearchAction","target":{"@type":"EntryPoint","urlTemplate":"https:\/\/www.em.com.br\/emfoco\/?s={search_term_string}"},"query-input":{"@type":"PropertyValueSpecification","valueRequired":true,"valueName":"search_term_string"}}],"inLanguage":"pt-BR"},{"@type":"Person","@id":"https:\/\/www.em.com.br\/emfoco\/#\/schema\/person\/bba594b7eebe9b9885fec3a5c7837089","name":"Douglas Myth","image":{"@type":"ImageObject","inLanguage":"pt-BR","@id":"https:\/\/www.em.com.br\/emfoco\/#\/schema\/person\/image\/","url":"https:\/\/secure.gravatar.com\/avatar\/1ac3cf50d0e68642c697dc0c960c802f?s=96&d=mm&r=g","contentUrl":"https:\/\/secure.gravatar.com\/avatar\/1ac3cf50d0e68642c697dc0c960c802f?s=96&d=mm&r=g","caption":"Douglas Myth"},"url":"https:\/\/www.em.com.br\/emfoco\/author\/douglasmyth\/"}]}},"_links":{"self":[{"href":"https:\/\/www.em.com.br\/emfoco\/wp-json\/wp\/v2\/posts\/197802","targetHints":{"allow":["GET"]}}],"collection":[{"href":"https:\/\/www.em.com.br\/emfoco\/wp-json\/wp\/v2\/posts"}],"about":[{"href":"https:\/\/www.em.com.br\/emfoco\/wp-json\/wp\/v2\/types\/post"}],"author":[{"embeddable":true,"href":"https:\/\/www.em.com.br\/emfoco\/wp-json\/wp\/v2\/users\/15"}],"replies":[{"embeddable":true,"href":"https:\/\/www.em.com.br\/emfoco\/wp-json\/wp\/v2\/comments?post=197802"}],"version-history":[{"count":3,"href":"https:\/\/www.em.com.br\/emfoco\/wp-json\/wp\/v2\/posts\/197802\/revisions"}],"predecessor-version":[{"id":197810,"href":"https:\/\/www.em.com.br\/emfoco\/wp-json\/wp\/v2\/posts\/197802\/revisions\/197810"}],"wp:featuredmedia":[{"embeddable":true,"href":"https:\/\/www.em.com.br\/emfoco\/wp-json\/wp\/v2\/media\/200568"}],"wp:attachment":[{"href":"https:\/\/www.em.com.br\/emfoco\/wp-json\/wp\/v2\/media?parent=197802"}],"wp:term":[{"taxonomy":"category","embeddable":true,"href":"https:\/\/www.em.com.br\/emfoco\/wp-json\/wp\/v2\/categories?post=197802"},{"taxonomy":"post_tag","embeddable":true,"href":"https:\/\/www.em.com.br\/emfoco\/wp-json\/wp\/v2\/tags?post=197802"}],"curies":[{"name":"wp","href":"https:\/\/api.w.org\/{rel}","templated":true}]}}