{"id":197797,"date":"2026-04-24T14:35:00","date_gmt":"2026-04-24T17:35:00","guid":{"rendered":"https:\/\/www.em.com.br\/emfoco\/?p=197797"},"modified":"2026-04-23T14:27:46","modified_gmt":"2026-04-23T17:27:46","slug":"o-achado-historico-no-ceara-de-cobras-com-patas-ajuda-a-prever-como-especies-se-adaptam-ao-clima","status":"publish","type":"post","link":"https:\/\/www.em.com.br\/emfoco\/2026\/04\/24\/o-achado-historico-no-ceara-de-cobras-com-patas-ajuda-a-prever-como-especies-se-adaptam-ao-clima\/","title":{"rendered":"O achado hist\u00f3rico no Cear\u00e1 de cobras com patas ajuda a prever como esp\u00e9cies se adaptam ao clima"},"content":{"rendered":"\n<p>Voc\u00ea caminha pelo jardim e imagina como seria se aquele pequeno r\u00e9ptil escondido entre as folhas tivesse herdado os membros perdidos de suas ancestrais, as <strong>cobras com patas<\/strong>. Ser\u00e1 que voc\u00ea consegue visualizar o solo do Nordeste brasileiro servindo de palco para uma criatura t\u00e3o inusitada e fascinante h\u00e1 milh\u00f5es de anos?<\/p>\n\n\n\n<h2 class=\"wp-block-heading\">O mist\u00e9rio das cobras com patas revelado no Cear\u00e1<\/h2>\n\n\n\n<p>Os pesquisadores encontraram f\u00f3sseis impressionantes que desafiam nossa percep\u00e7\u00e3o tradicional sobre a evolu\u00e7\u00e3o desses animais rastejantes no semi\u00e1rido. Essas evid\u00eancias cient\u00edficas mostram que o territ\u00f3rio cearense abrigava esp\u00e9cies com quatro membros funcionais em um passado geol\u00f3gico extremamente remoto. O solo rico da regi\u00e3o preservou segredos profundos que ajudam a montar o complexo <strong>quebra-cabe\u00e7a da vida<\/strong> na Terra com precis\u00e3o.<\/p>\n\n\n\n<p>Essa revela\u00e7\u00e3o arqueol\u00f3gica coloca o Brasil no centro das aten\u00e7\u00f5es acad\u00eamicas mundiais quando o assunto \u00e9 paleontologia de ponta. Entender a transi\u00e7\u00e3o f\u00edsica desses animais ajuda a valorizar a <strong>riqueza biol\u00f3gica<\/strong> que nosso pa\u00eds possui sob as camadas de rochas sedimentares. A preserva\u00e7\u00e3o desses f\u00f3sseis raros permite que as gera\u00e7\u00f5es atuais compreendam melhor a <strong>complexidade da natureza<\/strong> que nos cerca.<\/p>\n\n\n<div class=\"wp-block-image\">\n<figure class=\"aligncenter size-large\"><img loading=\"lazy\" decoding=\"async\" width=\"1024\" height=\"576\" src=\"https:\/\/www.em.com.br\/emfoco\/wp-content\/uploads\/2026\/04\/cobras-com-patas-1024x576.jpg\" alt=\"cobras com patas\" class=\"wp-image-197828\" srcset=\"https:\/\/www.em.com.br\/emfoco\/wp-content\/uploads\/2026\/04\/cobras-com-patas-1024x576.jpg 1024w, https:\/\/www.em.com.br\/emfoco\/wp-content\/uploads\/2026\/04\/cobras-com-patas-300x169.jpg 300w, https:\/\/www.em.com.br\/emfoco\/wp-content\/uploads\/2026\/04\/cobras-com-patas-768x432.jpg 768w, https:\/\/www.em.com.br\/emfoco\/wp-content\/uploads\/2026\/04\/cobras-com-patas-750x422.jpg 750w, https:\/\/www.em.com.br\/emfoco\/wp-content\/uploads\/2026\/04\/cobras-com-patas-1140x641.jpg 1140w, https:\/\/www.em.com.br\/emfoco\/wp-content\/uploads\/2026\/04\/cobras-com-patas.jpg 1280w\" sizes=\"auto, (max-width: 1024px) 100vw, 1024px\" \/><figcaption class=\"wp-element-caption\">Essa revela\u00e7\u00e3o arqueol\u00f3gica coloca o Brasil no centro das aten\u00e7\u00f5es acad\u00eamicas mundiais quando o assunto \u00e9 paleontologia de ponta.<\/figcaption><\/figure><\/div>\n\n\n<p>Leia tamb\u00e9m: <a href=\"https:\/\/www.em.com.br\/emfoco\/2026\/04\/04\/a-folha-dessa-fruta-pode-aliviar-ondas-de-calor-e-ajudar-mulheres-na-menopausa-2\/\" target=\"_blank\" rel=\"noreferrer noopener\">Adeus calor! Os benef\u00edcios da folha de amora na menopausa para um auto cuidado simples<\/a><\/p>\n\n\n\n<h2 class=\"wp-block-heading\">Como viviam os ancestrais das cobras com patas<\/h2>\n\n\n\n<p>Diferente do que o senso comum sugere, esses membros pequenos tinham fun\u00e7\u00f5es espec\u00edficas para a sobreviv\u00eancia em ambientes de mata densa. Elas utilizavam as patas n\u00e3o apenas para locomo\u00e7\u00e3o b\u00e1sica, mas provavelmente para agarrar presas ou auxiliar no <strong>momento da escava\u00e7\u00e3o<\/strong> de tocas. Esse comportamento primitivo revela uma <strong>estrat\u00e9gia de adapta\u00e7\u00e3o<\/strong> surpreendente que durou milhares de s\u00e9culos antes da perda total dos membros.<\/p>\n\n\n\n<p>A an\u00e1lise morfol\u00f3gica desses esqueletos antigos aponta para um estilo de vida predominantemente terrestre ou focado em escavar o solo \u00famido. A estrutura \u00f3ssea preservada sugere que o corpo alongado j\u00e1 estava se tornando a <strong>ferramenta principal<\/strong> de ca\u00e7a e defesa contra predadores maiores. Observamos abaixo alguns detalhes t\u00e9cnicos que tornam essas criaturas <strong>exemplares \u00fanicos<\/strong> na hist\u00f3ria da evolu\u00e7\u00e3o biol\u00f3gica nacional:<\/p>\n\n\n\n<ul class=\"wp-block-list\">\n<li>Presen\u00e7a de quatro membros reduzidos mas com <strong>dedos vis\u00edveis<\/strong> perfeitamente preservados.<\/li>\n\n\n\n<li>Coluna vertebral extremamente flex\u00edvel para facilitar o <strong>movimento sinuoso<\/strong> entre as rochas.<\/li>\n\n\n\n<li>Cr\u00e2nio adaptado para consumir presas maiores do que a pr\u00f3pria <strong>largura da cabe\u00e7a<\/strong> do animal.<\/li>\n<\/ul>\n\n\n\n\n\n<h2 class=\"wp-block-heading\">A import\u00e2ncia cient\u00edfica das cobras com patas para a biologia<\/h2>\n\n\n\n<p>O estudo detalhado das <strong>cobras com patas<\/strong> fornece respostas cruciais sobre como os animais perdem membros ao longo de eras geol\u00f3gicas inteiras. Essa mudan\u00e7a dr\u00e1stica na anatomia n\u00e3o aconteceu rapidamente, exigindo um longo processo de <strong>sele\u00e7\u00e3o natural<\/strong> rigorosa e adaptativa. Os cientistas brasileiros utilizam esses dados valiosos para prever como outras esp\u00e9cies podem se <strong>adaptar \u00e0s mudan\u00e7as<\/strong> clim\u00e1ticas severas.<\/p>\n\n\n\n<p>Cada v\u00e9rtebra encontrada em territ\u00f3rio nacional serve como um documento hist\u00f3rico de valor incalcul\u00e1vel para o patrim\u00f4nio da humanidade. O estado do Cear\u00e1 se destaca como um <strong>santu\u00e1rio arqueol\u00f3gico<\/strong> que atrai olhares curiosos de estudiosos importantes de todos os continentes. Valorizar essas pesquisas nacionais \u00e9 fundamental para garantir que o <strong>conhecimento acad\u00eamico<\/strong> continue avan\u00e7ando com autonomia e qualidade t\u00e9cnica.<\/p>\n\n\n\n<p>Para voc\u00ea que gosta de curiosidades, separamos um v\u00eddeo do canal do <a href=\"https:\/\/www.youtube.com\/@biologohenriqueoficial\">Bi\u00f3logo Henrique o Bi\u00f3logo das<\/a><a href=\"https:\/\/www.youtube.com\/@biologohenriqueoficial\" target=\"_blank\" rel=\"noreferrer noopener\"> Cobras<\/a> com mais sobre a biologia das cobras:<\/p>\n\n\n\n<figure class=\"wp-block-embed is-type-video is-provider-youtube wp-block-embed-youtube wp-embed-aspect-16-9 wp-has-aspect-ratio\"><div class=\"wp-block-embed__wrapper\">\n<div class=\"jeg_video_container jeg_video_content\"><iframe loading=\"lazy\" title=\"Cobras Tinham Patas? | Bi\u00f3logo Henrique o Bi\u00f3logo das Cobras\" width=\"500\" height=\"281\" src=\"https:\/\/www.youtube.com\/embed\/fr-eSx3ogFo?feature=oembed\" frameborder=\"0\" allow=\"accelerometer; autoplay; clipboard-write; encrypted-media; gyroscope; picture-in-picture; web-share\" referrerpolicy=\"strict-origin-when-cross-origin\" allowfullscreen><\/iframe><\/div>\n<\/div><\/figure>\n\n\n\n<h2 class=\"wp-block-heading\">Curiosidades sobre a esp\u00e9cie Mattsioa e seus parentes<\/h2>\n\n\n\n<p>Embora a Mattsioa seja uma das linhagens mais citadas, outros parentes pr\u00f3ximos compartilham caracter\u00edsticas que intrigam quem aprecia o mundo natural. Esses seres habitavam \u00e1reas que hoje s\u00e3o secas, mas que no passado fervilhavam com <strong>p\u00e2ntanos exuberantes<\/strong> e vegeta\u00e7\u00e3o tropical. O contraste entre o ontem e o hoje nos faz refletir sobre a <strong>imperman\u00eancia do mundo<\/strong> f\u00edsico e suas transforma\u00e7\u00f5es.<\/p>\n\n\n\n<p>A transi\u00e7\u00e3o definitiva para o corpo sem membros trouxe vantagens competitivas enormes em t\u00faneis estreitos e vegeta\u00e7\u00f5es rasteiras muito fechadas. Esse design corporal eficiente permitiu que as serpentes conquistassem quase todos os <strong>ecossistemas do planeta<\/strong> com enorme sucesso evolutivo. Apreciar essa jornada biol\u00f3gica nos conecta com a <strong>vasta linhagem<\/strong> da vida da qual todos n\u00f3s fazemos parte integrante.<\/p>\n\n\n\n<h2 class=\"wp-block-heading\">Aprecie a hist\u00f3ria natural do nosso pa\u00eds<\/h2>\n\n\n\n<p>Mantenha sempre viva a chama da curiosidade sobre as maravilhas escondidas no solo f\u00e9rtil do nosso Brasil. Compartilhe esse conhecimento com as pessoas pr\u00f3ximas para estimular o <strong>respeito pela ci\u00eancia<\/strong> produzida em nossas universidades. Nossa hist\u00f3ria natural \u00e9 um tesouro que merece ser <strong>protegido e celebrado<\/strong> por todos.<\/p>\n\n\n\n<p>Busque visitar museus de hist\u00f3ria natural para ver de perto o legado deixado por essas criaturas magn\u00edficas do passado. O aprendizado constante rejuvenesce a mente e expande nossos <strong>horizontes culturais<\/strong> de forma gratuita e prazerosa. Valorize o que \u00e9 produzido aqui e sinta orgulho da <strong>ci\u00eancia feita em casa<\/strong>.<\/p>\n","protected":false},"excerpt":{"rendered":"<p>Voc\u00ea caminha pelo jardim e imagina como seria se aquele pequeno r\u00e9ptil escondido entre as folhas tivesse herdado os membros perdidos de suas ancestrais, as cobras com patas. Ser\u00e1 que voc\u00ea consegue visualizar o solo do Nordeste brasileiro servindo de palco para uma criatura t\u00e3o inusitada e fascinante h\u00e1 milh\u00f5es de anos? O mist\u00e9rio das [&hellip;]<\/p>\n","protected":false},"author":9,"featured_media":197941,"comment_status":"open","ping_status":"open","sticky":false,"template":"","format":"standard","meta":{"jnews-multi-image_gallery":[],"jnews_single_post":{"format":"standard"},"jnews_primary_category":[],"jnews_social_meta":[],"jnews_override_counter":[],"footnotes":""},"categories":[8691,29],"tags":[13097,28625,28624],"class_list":["post-197797","post","type-post","status-publish","format-standard","has-post-thumbnail","hentry","category-bem-estar","category-entretenimento","tag-evolucao-animal","tag-fosseis-no-ceara","tag-paleontologia-brasileira"],"yoast_head":"<!-- This site is optimized with the Yoast SEO plugin v23.8 - https:\/\/yoast.com\/wordpress\/plugins\/seo\/ -->\n<title>O achado hist\u00f3rico no Cear\u00e1 de cobras com patas ajuda a prever como esp\u00e9cies se adaptam ao clima - Estado de Minas - Em foco<\/title>\n<meta name=\"description\" content=\"Como f\u00f3sseis brasileiros revelaram a exist\u00eancia de cobras com patas no passado. Conhe\u00e7a a hist\u00f3ria da evolu\u00e7\u00e3o desses r\u00e9pteis no Cear\u00e1\" \/>\n<meta name=\"robots\" content=\"index, follow, max-snippet:-1, max-image-preview:large, max-video-preview:-1\" \/>\n<link rel=\"canonical\" href=\"https:\/\/www.em.com.br\/emfoco\/2026\/04\/24\/o-achado-historico-no-ceara-de-cobras-com-patas-ajuda-a-prever-como-especies-se-adaptam-ao-clima\/\" \/>\n<meta property=\"og:locale\" content=\"pt_BR\" \/>\n<meta property=\"og:type\" content=\"article\" \/>\n<meta property=\"og:title\" content=\"O achado hist\u00f3rico no Cear\u00e1 de cobras com patas ajuda a prever como esp\u00e9cies se adaptam ao clima - Estado de Minas - Em foco\" \/>\n<meta property=\"og:description\" content=\"Como f\u00f3sseis brasileiros revelaram a exist\u00eancia de cobras com patas no passado. Conhe\u00e7a a hist\u00f3ria da evolu\u00e7\u00e3o desses r\u00e9pteis no Cear\u00e1\" \/>\n<meta property=\"og:url\" content=\"https:\/\/www.em.com.br\/emfoco\/2026\/04\/24\/o-achado-historico-no-ceara-de-cobras-com-patas-ajuda-a-prever-como-especies-se-adaptam-ao-clima\/\" \/>\n<meta property=\"og:site_name\" content=\"Estado de Minas - Em foco\" \/>\n<meta property=\"article:published_time\" content=\"2026-04-24T17:35:00+00:00\" \/>\n<meta property=\"article:modified_time\" content=\"2026-04-23T17:27:46+00:00\" \/>\n<meta property=\"og:image\" content=\"https:\/\/www.em.com.br\/emfoco\/wp-content\/uploads\/2026\/04\/EmFoco_29-5.jpg\" \/>\n\t<meta property=\"og:image:width\" content=\"1280\" \/>\n\t<meta property=\"og:image:height\" content=\"720\" \/>\n\t<meta property=\"og:image:type\" content=\"image\/jpeg\" \/>\n<meta name=\"author\" content=\"Daniely Cardoso\" \/>\n<meta name=\"twitter:card\" content=\"summary_large_image\" \/>\n<meta name=\"twitter:label1\" content=\"Escrito por\" \/>\n\t<meta name=\"twitter:data1\" content=\"Daniely Cardoso\" \/>\n\t<meta name=\"twitter:label2\" content=\"Est. tempo de leitura\" \/>\n\t<meta name=\"twitter:data2\" content=\"5 minutos\" \/>\n<!-- \/ Yoast SEO plugin. -->","yoast_head_json":{"title":"O achado hist\u00f3rico no Cear\u00e1 de cobras com patas ajuda a prever como esp\u00e9cies se adaptam ao clima - Estado de Minas - Em foco","description":"Como f\u00f3sseis brasileiros revelaram a exist\u00eancia de cobras com patas no passado. Conhe\u00e7a a hist\u00f3ria da evolu\u00e7\u00e3o desses r\u00e9pteis no Cear\u00e1","robots":{"index":"index","follow":"follow","max-snippet":"max-snippet:-1","max-image-preview":"max-image-preview:large","max-video-preview":"max-video-preview:-1"},"canonical":"https:\/\/www.em.com.br\/emfoco\/2026\/04\/24\/o-achado-historico-no-ceara-de-cobras-com-patas-ajuda-a-prever-como-especies-se-adaptam-ao-clima\/","og_locale":"pt_BR","og_type":"article","og_title":"O achado hist\u00f3rico no Cear\u00e1 de cobras com patas ajuda a prever como esp\u00e9cies se adaptam ao clima - Estado de Minas - Em foco","og_description":"Como f\u00f3sseis brasileiros revelaram a exist\u00eancia de cobras com patas no passado. Conhe\u00e7a a hist\u00f3ria da evolu\u00e7\u00e3o desses r\u00e9pteis no Cear\u00e1","og_url":"https:\/\/www.em.com.br\/emfoco\/2026\/04\/24\/o-achado-historico-no-ceara-de-cobras-com-patas-ajuda-a-prever-como-especies-se-adaptam-ao-clima\/","og_site_name":"Estado de Minas - Em foco","article_published_time":"2026-04-24T17:35:00+00:00","article_modified_time":"2026-04-23T17:27:46+00:00","og_image":[{"width":1280,"height":720,"url":"https:\/\/www.em.com.br\/emfoco\/wp-content\/uploads\/2026\/04\/EmFoco_29-5.jpg","type":"image\/jpeg"}],"author":"Daniely Cardoso","twitter_card":"summary_large_image","twitter_misc":{"Escrito por":"Daniely Cardoso","Est. tempo de leitura":"5 minutos"},"schema":{"@context":"https:\/\/schema.org","@graph":[{"@type":"WebPage","@id":"https:\/\/www.em.com.br\/emfoco\/2026\/04\/24\/o-achado-historico-no-ceara-de-cobras-com-patas-ajuda-a-prever-como-especies-se-adaptam-ao-clima\/","url":"https:\/\/www.em.com.br\/emfoco\/2026\/04\/24\/o-achado-historico-no-ceara-de-cobras-com-patas-ajuda-a-prever-como-especies-se-adaptam-ao-clima\/","name":"O achado hist\u00f3rico no Cear\u00e1 de cobras com patas ajuda a prever como esp\u00e9cies se adaptam ao clima - Estado de Minas - Em foco","isPartOf":{"@id":"https:\/\/www.em.com.br\/emfoco\/#website"},"primaryImageOfPage":{"@id":"https:\/\/www.em.com.br\/emfoco\/2026\/04\/24\/o-achado-historico-no-ceara-de-cobras-com-patas-ajuda-a-prever-como-especies-se-adaptam-ao-clima\/#primaryimage"},"image":{"@id":"https:\/\/www.em.com.br\/emfoco\/2026\/04\/24\/o-achado-historico-no-ceara-de-cobras-com-patas-ajuda-a-prever-como-especies-se-adaptam-ao-clima\/#primaryimage"},"thumbnailUrl":"https:\/\/www.em.com.br\/emfoco\/wp-content\/uploads\/2026\/04\/EmFoco_29-5.jpg","datePublished":"2026-04-24T17:35:00+00:00","dateModified":"2026-04-23T17:27:46+00:00","author":{"@id":"https:\/\/www.em.com.br\/emfoco\/#\/schema\/person\/0a8186d72f2c3a5c6276d90b41f271a0"},"description":"Como f\u00f3sseis brasileiros revelaram a exist\u00eancia de cobras com patas no passado. Conhe\u00e7a a hist\u00f3ria da evolu\u00e7\u00e3o desses r\u00e9pteis no Cear\u00e1","breadcrumb":{"@id":"https:\/\/www.em.com.br\/emfoco\/2026\/04\/24\/o-achado-historico-no-ceara-de-cobras-com-patas-ajuda-a-prever-como-especies-se-adaptam-ao-clima\/#breadcrumb"},"inLanguage":"pt-BR","potentialAction":[{"@type":"ReadAction","target":["https:\/\/www.em.com.br\/emfoco\/2026\/04\/24\/o-achado-historico-no-ceara-de-cobras-com-patas-ajuda-a-prever-como-especies-se-adaptam-ao-clima\/"]}]},{"@type":"ImageObject","inLanguage":"pt-BR","@id":"https:\/\/www.em.com.br\/emfoco\/2026\/04\/24\/o-achado-historico-no-ceara-de-cobras-com-patas-ajuda-a-prever-como-especies-se-adaptam-ao-clima\/#primaryimage","url":"https:\/\/www.em.com.br\/emfoco\/wp-content\/uploads\/2026\/04\/EmFoco_29-5.jpg","contentUrl":"https:\/\/www.em.com.br\/emfoco\/wp-content\/uploads\/2026\/04\/EmFoco_29-5.jpg","width":1280,"height":720,"caption":"F\u00f3sseis brasileiros revelam transi\u00e7\u00e3o evolutiva de serpentes que possu\u00edam membros funcionais no passado"},{"@type":"BreadcrumbList","@id":"https:\/\/www.em.com.br\/emfoco\/2026\/04\/24\/o-achado-historico-no-ceara-de-cobras-com-patas-ajuda-a-prever-como-especies-se-adaptam-ao-clima\/#breadcrumb","itemListElement":[{"@type":"ListItem","position":1,"name":"In\u00edcio","item":"https:\/\/www.em.com.br\/emfoco\/"},{"@type":"ListItem","position":2,"name":"O achado hist\u00f3rico no Cear\u00e1 de cobras com patas ajuda a prever como esp\u00e9cies se adaptam ao clima"}]},{"@type":"WebSite","@id":"https:\/\/www.em.com.br\/emfoco\/#website","url":"https:\/\/www.em.com.br\/emfoco\/","name":"Estado de Minas - Em foco","description":"Acompanhe as \u00faltimas not\u00edcias e fique bem informado sobre tudo o que acontece em Minas Gerais, Brasil e no mundo.","potentialAction":[{"@type":"SearchAction","target":{"@type":"EntryPoint","urlTemplate":"https:\/\/www.em.com.br\/emfoco\/?s={search_term_string}"},"query-input":{"@type":"PropertyValueSpecification","valueRequired":true,"valueName":"search_term_string"}}],"inLanguage":"pt-BR"},{"@type":"Person","@id":"https:\/\/www.em.com.br\/emfoco\/#\/schema\/person\/0a8186d72f2c3a5c6276d90b41f271a0","name":"Daniely Cardoso","image":{"@type":"ImageObject","inLanguage":"pt-BR","@id":"https:\/\/www.em.com.br\/emfoco\/#\/schema\/person\/image\/","url":"https:\/\/secure.gravatar.com\/avatar\/4b80ddbd124d1f071b626d52d62e5dff?s=96&d=mm&r=g","contentUrl":"https:\/\/secure.gravatar.com\/avatar\/4b80ddbd124d1f071b626d52d62e5dff?s=96&d=mm&r=g","caption":"Daniely Cardoso"},"url":"https:\/\/www.em.com.br\/emfoco\/author\/danielymyth\/"}]}},"_links":{"self":[{"href":"https:\/\/www.em.com.br\/emfoco\/wp-json\/wp\/v2\/posts\/197797","targetHints":{"allow":["GET"]}}],"collection":[{"href":"https:\/\/www.em.com.br\/emfoco\/wp-json\/wp\/v2\/posts"}],"about":[{"href":"https:\/\/www.em.com.br\/emfoco\/wp-json\/wp\/v2\/types\/post"}],"author":[{"embeddable":true,"href":"https:\/\/www.em.com.br\/emfoco\/wp-json\/wp\/v2\/users\/9"}],"replies":[{"embeddable":true,"href":"https:\/\/www.em.com.br\/emfoco\/wp-json\/wp\/v2\/comments?post=197797"}],"version-history":[{"count":1,"href":"https:\/\/www.em.com.br\/emfoco\/wp-json\/wp\/v2\/posts\/197797\/revisions"}],"predecessor-version":[{"id":197830,"href":"https:\/\/www.em.com.br\/emfoco\/wp-json\/wp\/v2\/posts\/197797\/revisions\/197830"}],"wp:featuredmedia":[{"embeddable":true,"href":"https:\/\/www.em.com.br\/emfoco\/wp-json\/wp\/v2\/media\/197941"}],"wp:attachment":[{"href":"https:\/\/www.em.com.br\/emfoco\/wp-json\/wp\/v2\/media?parent=197797"}],"wp:term":[{"taxonomy":"category","embeddable":true,"href":"https:\/\/www.em.com.br\/emfoco\/wp-json\/wp\/v2\/categories?post=197797"},{"taxonomy":"post_tag","embeddable":true,"href":"https:\/\/www.em.com.br\/emfoco\/wp-json\/wp\/v2\/tags?post=197797"}],"curies":[{"name":"wp","href":"https:\/\/api.w.org\/{rel}","templated":true}]}}