{"id":197788,"date":"2026-04-24T22:05:00","date_gmt":"2026-04-25T01:05:00","guid":{"rendered":"https:\/\/www.em.com.br\/emfoco\/?p=197788"},"modified":"2026-04-23T14:26:19","modified_gmt":"2026-04-23T17:26:19","slug":"o-fenomeno-dos-cortes-curtos-que-destacam-o-olhar-e-trazem-uma-postura-vitoriosa-para-a-mulher-40","status":"publish","type":"post","link":"https:\/\/www.em.com.br\/emfoco\/2026\/04\/24\/o-fenomeno-dos-cortes-curtos-que-destacam-o-olhar-e-trazem-uma-postura-vitoriosa-para-a-mulher-40\/","title":{"rendered":"O fen\u00f4meno dos cortes curtos que destacam o olhar e trazem uma postura vitoriosa para a mulher 40+"},"content":{"rendered":"\n<p>Voc\u00ea olhou no espelho e sentiu que os <strong>cortes de cabelo curto<\/strong> poderiam renovar completamente sua energia nesta nova fase da vida. Talvez o segredo para uma apar\u00eancia radiante esteja justamente na tesoura de um profissional que entenda suas necessidades atuais?<\/p>\n\n\n\n<h2 class=\"wp-block-heading\">Quais os benef\u00edcios de apostar em cortes de cabelo curto aos quarenta anos<\/h2>\n\n\n\n<p>Mudar o visual ajuda a elevar a autoestima e traz uma sensa\u00e7\u00e3o de leveza imediata para o rosto feminino. Muitos especialistas afirmam que os fios curtos destacam as linhas do maxilar e proporcionam um <strong>ar de modernidade<\/strong> absoluto. Voc\u00ea economiza tempo precioso na rotina matinal ao lidar com uma finaliza\u00e7\u00e3o muito mais <strong>r\u00e1pida e pr\u00e1tica<\/strong>.<\/p>\n\n\n\n<p>Al\u00e9m da praticidade, o cabelo curto remove as pontas ressecadas que costumam envelhecer a apar\u00eancia geral da mulher. A remo\u00e7\u00e3o do excesso de peso favorece o <strong>movimento natural<\/strong> dos fios e real\u00e7a o brilho saud\u00e1vel das mechas. Um corte bem executado funciona como uma forma de <strong>rejuvenescimento visual<\/strong> potente sem a necessidade de interven\u00e7\u00f5es invasivas.<\/p>\n\n\n\n<figure class=\"wp-block-embed is-type-rich is-provider-pinterest wp-block-embed-pinterest\"><div class=\"wp-block-embed__wrapper\">\n<iframe loading=\"lazy\" title=\"French Bob \u00e9 um corte de cabelo curto, chique e moderno, que combina a base cl\u00e1ssica do corte Bob (na altura do queixo\/boca) com uma franja vers\u00e1til, podendo ser reta, lateral, de cortina ou desfiada, adicionando moldura ao rosto e um toque franc\u00eas elegante e despojado. E essa foi a pedida da Tha\u00eds, que me pediu um corte com mais estilo e personalidade. Ela \u00e9 estilista e cria roupas bem diferentes com um acabamento e qualidade \u00fanica. n\u00f3s amamos resultado  o resultado. E voc\u00eas teriam corag...\" src=\"https:\/\/assets.pinterest.com\/ext\/embed.html?id=379569074870264036&#038;src=oembed\" height=\"898\" width=\"450\" frameborder=\"0\" scrolling=\"no\" ><\/iframe>\n<\/div><\/figure>\n\n\n\n<p>Leia tamb\u00e9m: <a href=\"https:\/\/www.em.com.br\/emfoco\/2026\/04\/17\/o-corte-de-cabelo-frances-que-favorece-tanto-mulheres-de-40-quanto-de-60-anos\/\" target=\"_blank\" rel=\"noreferrer noopener\">O corte de cabelo franc\u00eas que favorece tanto mulheres de 40 quanto de 60 anos<\/a><\/p>\n\n\n\n<h2 class=\"wp-block-heading\">Como o pixie moderno se tornou um dos cortes de cabelo curto favoritos<\/h2>\n\n\n\n<p>O estilo pixie atualizado deixa a nuca bem batida e mant\u00e9m o topo da cabe\u00e7a com camadas desconectadas. Esse contraste permite que voc\u00ea crie um <strong>visual vers\u00e1til<\/strong> que transita facilmente entre o casual e o sofisticado. Muitas celebridades adotaram essa tend\u00eancia por sua capacidade \u00fanica de <strong>iluminar o semblante<\/strong> de forma instant\u00e2nea e elegante.<\/p>\n\n\n\n<p>Para manter a eleg\u00e2ncia, o uso de pomadas modeladoras ajuda a definir as pontas e evita o frizz indesejado. Esse cuidado di\u00e1rio garante que o estilo permane\u00e7a impec\u00e1vel durante todo o expediente de trabalho ou <strong>compromissos sociais<\/strong> importantes. Analisamos detalhadamente quais op\u00e7\u00f5es de estilos combinam melhor com cada personalidade para facilitar sua <strong>decis\u00e3o no sal\u00e3o<\/strong>:<\/p>\n\n\n\n<ul class=\"wp-block-list\">\n<li>Pixie Moderno com franja lateral para um <strong>toque de ousadia<\/strong>.<\/li>\n\n\n\n<li>Bob Franc\u00eas com pontas retas para m\u00e1xima <strong>sofistica\u00e7\u00e3o cl\u00e1ssica<\/strong>.<\/li>\n\n\n\n<li>Short Shaggy com camadas para criar <strong>volume e movimento<\/strong>.<\/li>\n<\/ul>\n\n\n\n<figure class=\"wp-block-embed is-type-rich is-provider-pinterest wp-block-embed-pinterest\"><div class=\"wp-block-embed__wrapper\">\n<iframe loading=\"lazy\" title=\" \" src=\"https:\/\/assets.pinterest.com\/ext\/embed.html?id=703756188017188&#038;src=oembed\" height=\"899\" width=\"450\" frameborder=\"0\" scrolling=\"no\" ><\/iframe>\n<\/div><\/figure>\n\n\n\n<h2 class=\"wp-block-heading\">Qual o papel do bob franc\u00eas entre os cortes de cabelo curto mais elegantes<\/h2>\n\n\n\n<p>O bob franc\u00eas cortado na altura do queixo oferece um equil\u00edbrio perfeito entre o cl\u00e1ssico e o contempor\u00e2neo. Ele emoldura as ma\u00e7\u00e3s do rosto e confere uma <strong>estrutura refinada<\/strong> para quem possui fios mais finos. Muitas mulheres optam por esse modelo para garantir uma <strong>presen\u00e7a marcante<\/strong> em reuni\u00f5es ou eventos de gala.<\/p>\n\n\n\n<p>A finaliza\u00e7\u00e3o desse corte pode ser feita com um leve ondulado para trazer mais volume e jovialidade. Voc\u00ea consegue um visual despojado utilizando apenas um spray de sal ou um mousse de <strong>fixa\u00e7\u00e3o m\u00e9dia<\/strong>. Essa versatilidade permite que o cabelo curto se adapte ao seu <strong>humor di\u00e1rio<\/strong> com total facilidade e charme.<\/p>\n\n\n\n<p>Para voc\u00ea que gosta de se cuidar, separamos um v\u00eddeo do canal da <a href=\"https:\/\/www.youtube.com\/@vanessawz\" target=\"_blank\" rel=\"noreferrer noopener\">Vanessa Wonsovicz <\/a>com dicas de cuidados com cabelo curto:<\/p>\n\n\n\n<figure class=\"wp-block-embed is-type-video is-provider-youtube wp-block-embed-youtube wp-embed-aspect-16-9 wp-has-aspect-ratio\"><div class=\"wp-block-embed__wrapper\">\n<div class=\"jeg_video_container jeg_video_content\"><iframe loading=\"lazy\" title=\"10 CURIOSIDADES SOBRE CABELO CURTO (que ningu\u00e9m te conta \ud83e\udee2)\" width=\"500\" height=\"281\" src=\"https:\/\/www.youtube.com\/embed\/IraF8sYrMsA?feature=oembed\" frameborder=\"0\" allow=\"accelerometer; autoplay; clipboard-write; encrypted-media; gyroscope; picture-in-picture; web-share\" referrerpolicy=\"strict-origin-when-cross-origin\" allowfullscreen><\/iframe><\/div>\n<\/div><\/figure>\n\n\n\n<h2 class=\"wp-block-heading\">Melhores op\u00e7\u00f5es para cada formato de rosto<\/h2>\n\n\n\n<p>A escolha do corte certo deve levar em conta se voc\u00ea deseja suavizar \u00e2ngulos ou destacar tra\u00e7os espec\u00edficos. Rostos redondos ganham defini\u00e7\u00e3o extra quando o profissional utiliza <strong>camadas verticais<\/strong> que alongam a silhueta facial. Harmonizar o estilo com sua estrutura \u00f3ssea garante um <strong>resultado aut\u00eantico<\/strong> que reflete sua for\u00e7a interior e bom gosto.<\/p>\n\n\n\n<p>As camadas do estilo shaggy funcionam muito bem para quem busca um visual despojado e cheio de atitude jovem. Esse estilo permite que os fios sequem naturalmente mantendo um <strong>volume controlado<\/strong> e muito atraente. Veja na tabela abaixo qual modelo \u00e9 o mais indicado para valorizar suas <strong>caracter\u00edsticas naturais<\/strong> \u00fanicas:<\/p>\n\n\n<div class=\"wp-block-image\">\n<figure class=\"aligncenter size-large\"><img loading=\"lazy\" decoding=\"async\" width=\"1024\" height=\"576\" src=\"https:\/\/www.em.com.br\/emfoco\/wp-content\/uploads\/2026\/04\/cortes-de-cabelo-curto-1024x576.jpg\" alt=\"cortes de cabelo curto\" class=\"wp-image-197792\" srcset=\"https:\/\/www.em.com.br\/emfoco\/wp-content\/uploads\/2026\/04\/cortes-de-cabelo-curto-1024x576.jpg 1024w, https:\/\/www.em.com.br\/emfoco\/wp-content\/uploads\/2026\/04\/cortes-de-cabelo-curto-300x169.jpg 300w, https:\/\/www.em.com.br\/emfoco\/wp-content\/uploads\/2026\/04\/cortes-de-cabelo-curto-768x432.jpg 768w, https:\/\/www.em.com.br\/emfoco\/wp-content\/uploads\/2026\/04\/cortes-de-cabelo-curto-750x422.jpg 750w, https:\/\/www.em.com.br\/emfoco\/wp-content\/uploads\/2026\/04\/cortes-de-cabelo-curto-1140x641.jpg 1140w, https:\/\/www.em.com.br\/emfoco\/wp-content\/uploads\/2026\/04\/cortes-de-cabelo-curto.jpg 1280w\" sizes=\"auto, (max-width: 1024px) 100vw, 1024px\" \/><figcaption class=\"wp-element-caption\">As camadas do estilo shaggy funcionam muito bem para quem busca um visual despojado e cheio de atitude jovem.<\/figcaption><\/figure><\/div>\n\n\n<h2 class=\"wp-block-heading\">Transforme sua imagem com seguran\u00e7a<\/h2>\n\n\n\n<p>Mudar o visual \u00e9 um ato de coragem que renova sua percep\u00e7\u00e3o de bem-estar e alegria. Sinta o prazer de tocar em fios leves e cheios de <strong>vitalidade renovada<\/strong> hoje. Voc\u00ea merece uma apar\u00eancia que acompanhe seu <strong>estilo de vida<\/strong> din\u00e2mico e vitorioso.<\/p>\n\n\n\n<p>Aproveite as tend\u00eancias atuais para encontrar a vers\u00e3o que mais combina com seu momento de vida. Pequenas mudan\u00e7as na tesoura geram <strong>grandes transforma\u00e7\u00f5es<\/strong> na sua autoestima e humor. Celebre sua maturidade com um <strong>olhar moderno<\/strong> e sofisticado sempre.<\/p>\n","protected":false},"excerpt":{"rendered":"<p>Voc\u00ea olhou no espelho e sentiu que os cortes de cabelo curto poderiam renovar completamente sua energia nesta nova fase da vida. Talvez o segredo para uma apar\u00eancia radiante esteja justamente na tesoura de um profissional que entenda suas necessidades atuais? Quais os benef\u00edcios de apostar em cortes de cabelo curto aos quarenta anos Mudar [&hellip;]<\/p>\n","protected":false},"author":9,"featured_media":197940,"comment_status":"open","ping_status":"open","sticky":false,"template":"","format":"standard","meta":{"jnews-multi-image_gallery":[],"jnews_single_post":{"format":"standard"},"jnews_primary_category":[],"jnews_social_meta":[],"jnews_override_counter":[],"footnotes":""},"categories":[8691,29],"tags":[27296,5679,28613],"class_list":["post-197788","post","type-post","status-publish","format-standard","has-post-thumbnail","hentry","category-bem-estar","category-entretenimento","tag-beleza-feminina-40","tag-tendencias-de-cabelo","tag-visagismo-facial"],"yoast_head":"<!-- This site is optimized with the Yoast SEO plugin v23.8 - https:\/\/yoast.com\/wordpress\/plugins\/seo\/ -->\n<title>O fen\u00f4meno dos cortes curtos que destacam o olhar e trazem uma postura vitoriosa para a mulher 40+ - Estado de Minas - Em foco<\/title>\n<meta name=\"description\" content=\"Os cortes de cabelo curto renovam o visual das mulheres maduras com muita praticidade. Veja as melhores op\u00e7\u00f5es para cada formato de rosto.\" \/>\n<meta name=\"robots\" content=\"index, follow, max-snippet:-1, max-image-preview:large, max-video-preview:-1\" \/>\n<link rel=\"canonical\" href=\"https:\/\/www.em.com.br\/emfoco\/2026\/04\/24\/o-fenomeno-dos-cortes-curtos-que-destacam-o-olhar-e-trazem-uma-postura-vitoriosa-para-a-mulher-40\/\" \/>\n<meta property=\"og:locale\" content=\"pt_BR\" \/>\n<meta property=\"og:type\" content=\"article\" \/>\n<meta property=\"og:title\" content=\"O fen\u00f4meno dos cortes curtos que destacam o olhar e trazem uma postura vitoriosa para a mulher 40+ - Estado de Minas - Em foco\" \/>\n<meta property=\"og:description\" content=\"Os cortes de cabelo curto renovam o visual das mulheres maduras com muita praticidade. Veja as melhores op\u00e7\u00f5es para cada formato de rosto.\" \/>\n<meta property=\"og:url\" content=\"https:\/\/www.em.com.br\/emfoco\/2026\/04\/24\/o-fenomeno-dos-cortes-curtos-que-destacam-o-olhar-e-trazem-uma-postura-vitoriosa-para-a-mulher-40\/\" \/>\n<meta property=\"og:site_name\" content=\"Estado de Minas - Em foco\" \/>\n<meta property=\"article:published_time\" content=\"2026-04-25T01:05:00+00:00\" \/>\n<meta property=\"article:modified_time\" content=\"2026-04-23T17:26:19+00:00\" \/>\n<meta property=\"og:image\" content=\"https:\/\/www.em.com.br\/emfoco\/wp-content\/uploads\/2026\/04\/EmFoco_19-4.jpg\" \/>\n\t<meta property=\"og:image:width\" content=\"1280\" \/>\n\t<meta property=\"og:image:height\" content=\"720\" \/>\n\t<meta property=\"og:image:type\" content=\"image\/jpeg\" \/>\n<meta name=\"author\" content=\"Daniely Cardoso\" \/>\n<meta name=\"twitter:card\" content=\"summary_large_image\" \/>\n<meta name=\"twitter:label1\" content=\"Escrito por\" \/>\n\t<meta name=\"twitter:data1\" content=\"Daniely Cardoso\" \/>\n\t<meta name=\"twitter:label2\" content=\"Est. tempo de leitura\" \/>\n\t<meta name=\"twitter:data2\" content=\"5 minutos\" \/>\n<!-- \/ Yoast SEO plugin. -->","yoast_head_json":{"title":"O fen\u00f4meno dos cortes curtos que destacam o olhar e trazem uma postura vitoriosa para a mulher 40+ - Estado de Minas - Em foco","description":"Os cortes de cabelo curto renovam o visual das mulheres maduras com muita praticidade. Veja as melhores op\u00e7\u00f5es para cada formato de rosto.","robots":{"index":"index","follow":"follow","max-snippet":"max-snippet:-1","max-image-preview":"max-image-preview:large","max-video-preview":"max-video-preview:-1"},"canonical":"https:\/\/www.em.com.br\/emfoco\/2026\/04\/24\/o-fenomeno-dos-cortes-curtos-que-destacam-o-olhar-e-trazem-uma-postura-vitoriosa-para-a-mulher-40\/","og_locale":"pt_BR","og_type":"article","og_title":"O fen\u00f4meno dos cortes curtos que destacam o olhar e trazem uma postura vitoriosa para a mulher 40+ - Estado de Minas - Em foco","og_description":"Os cortes de cabelo curto renovam o visual das mulheres maduras com muita praticidade. Veja as melhores op\u00e7\u00f5es para cada formato de rosto.","og_url":"https:\/\/www.em.com.br\/emfoco\/2026\/04\/24\/o-fenomeno-dos-cortes-curtos-que-destacam-o-olhar-e-trazem-uma-postura-vitoriosa-para-a-mulher-40\/","og_site_name":"Estado de Minas - Em foco","article_published_time":"2026-04-25T01:05:00+00:00","article_modified_time":"2026-04-23T17:26:19+00:00","og_image":[{"width":1280,"height":720,"url":"https:\/\/www.em.com.br\/emfoco\/wp-content\/uploads\/2026\/04\/EmFoco_19-4.jpg","type":"image\/jpeg"}],"author":"Daniely Cardoso","twitter_card":"summary_large_image","twitter_misc":{"Escrito por":"Daniely Cardoso","Est. tempo de leitura":"5 minutos"},"schema":{"@context":"https:\/\/schema.org","@graph":[{"@type":"WebPage","@id":"https:\/\/www.em.com.br\/emfoco\/2026\/04\/24\/o-fenomeno-dos-cortes-curtos-que-destacam-o-olhar-e-trazem-uma-postura-vitoriosa-para-a-mulher-40\/","url":"https:\/\/www.em.com.br\/emfoco\/2026\/04\/24\/o-fenomeno-dos-cortes-curtos-que-destacam-o-olhar-e-trazem-uma-postura-vitoriosa-para-a-mulher-40\/","name":"O fen\u00f4meno dos cortes curtos que destacam o olhar e trazem uma postura vitoriosa para a mulher 40+ - Estado de Minas - Em foco","isPartOf":{"@id":"https:\/\/www.em.com.br\/emfoco\/#website"},"primaryImageOfPage":{"@id":"https:\/\/www.em.com.br\/emfoco\/2026\/04\/24\/o-fenomeno-dos-cortes-curtos-que-destacam-o-olhar-e-trazem-uma-postura-vitoriosa-para-a-mulher-40\/#primaryimage"},"image":{"@id":"https:\/\/www.em.com.br\/emfoco\/2026\/04\/24\/o-fenomeno-dos-cortes-curtos-que-destacam-o-olhar-e-trazem-uma-postura-vitoriosa-para-a-mulher-40\/#primaryimage"},"thumbnailUrl":"https:\/\/www.em.com.br\/emfoco\/wp-content\/uploads\/2026\/04\/EmFoco_19-4.jpg","datePublished":"2026-04-25T01:05:00+00:00","dateModified":"2026-04-23T17:26:19+00:00","author":{"@id":"https:\/\/www.em.com.br\/emfoco\/#\/schema\/person\/0a8186d72f2c3a5c6276d90b41f271a0"},"description":"Os cortes de cabelo curto renovam o visual das mulheres maduras com muita praticidade. Veja as melhores op\u00e7\u00f5es para cada formato de rosto.","breadcrumb":{"@id":"https:\/\/www.em.com.br\/emfoco\/2026\/04\/24\/o-fenomeno-dos-cortes-curtos-que-destacam-o-olhar-e-trazem-uma-postura-vitoriosa-para-a-mulher-40\/#breadcrumb"},"inLanguage":"pt-BR","potentialAction":[{"@type":"ReadAction","target":["https:\/\/www.em.com.br\/emfoco\/2026\/04\/24\/o-fenomeno-dos-cortes-curtos-que-destacam-o-olhar-e-trazem-uma-postura-vitoriosa-para-a-mulher-40\/"]}]},{"@type":"ImageObject","inLanguage":"pt-BR","@id":"https:\/\/www.em.com.br\/emfoco\/2026\/04\/24\/o-fenomeno-dos-cortes-curtos-que-destacam-o-olhar-e-trazem-uma-postura-vitoriosa-para-a-mulher-40\/#primaryimage","url":"https:\/\/www.em.com.br\/emfoco\/wp-content\/uploads\/2026\/04\/EmFoco_19-4.jpg","contentUrl":"https:\/\/www.em.com.br\/emfoco\/wp-content\/uploads\/2026\/04\/EmFoco_19-4.jpg","width":1280,"height":720,"caption":"Mudan\u00e7a para fios curtos renova a autoestima e proporciona praticidade na rotina feminina"},{"@type":"BreadcrumbList","@id":"https:\/\/www.em.com.br\/emfoco\/2026\/04\/24\/o-fenomeno-dos-cortes-curtos-que-destacam-o-olhar-e-trazem-uma-postura-vitoriosa-para-a-mulher-40\/#breadcrumb","itemListElement":[{"@type":"ListItem","position":1,"name":"In\u00edcio","item":"https:\/\/www.em.com.br\/emfoco\/"},{"@type":"ListItem","position":2,"name":"O fen\u00f4meno dos cortes curtos que destacam o olhar e trazem uma postura vitoriosa para a mulher 40+"}]},{"@type":"WebSite","@id":"https:\/\/www.em.com.br\/emfoco\/#website","url":"https:\/\/www.em.com.br\/emfoco\/","name":"Estado de Minas - Em foco","description":"Acompanhe as \u00faltimas not\u00edcias e fique bem informado sobre tudo o que acontece em Minas Gerais, Brasil e no mundo.","potentialAction":[{"@type":"SearchAction","target":{"@type":"EntryPoint","urlTemplate":"https:\/\/www.em.com.br\/emfoco\/?s={search_term_string}"},"query-input":{"@type":"PropertyValueSpecification","valueRequired":true,"valueName":"search_term_string"}}],"inLanguage":"pt-BR"},{"@type":"Person","@id":"https:\/\/www.em.com.br\/emfoco\/#\/schema\/person\/0a8186d72f2c3a5c6276d90b41f271a0","name":"Daniely Cardoso","image":{"@type":"ImageObject","inLanguage":"pt-BR","@id":"https:\/\/www.em.com.br\/emfoco\/#\/schema\/person\/image\/","url":"https:\/\/secure.gravatar.com\/avatar\/4b80ddbd124d1f071b626d52d62e5dff?s=96&d=mm&r=g","contentUrl":"https:\/\/secure.gravatar.com\/avatar\/4b80ddbd124d1f071b626d52d62e5dff?s=96&d=mm&r=g","caption":"Daniely Cardoso"},"url":"https:\/\/www.em.com.br\/emfoco\/author\/danielymyth\/"}]}},"_links":{"self":[{"href":"https:\/\/www.em.com.br\/emfoco\/wp-json\/wp\/v2\/posts\/197788","targetHints":{"allow":["GET"]}}],"collection":[{"href":"https:\/\/www.em.com.br\/emfoco\/wp-json\/wp\/v2\/posts"}],"about":[{"href":"https:\/\/www.em.com.br\/emfoco\/wp-json\/wp\/v2\/types\/post"}],"author":[{"embeddable":true,"href":"https:\/\/www.em.com.br\/emfoco\/wp-json\/wp\/v2\/users\/9"}],"replies":[{"embeddable":true,"href":"https:\/\/www.em.com.br\/emfoco\/wp-json\/wp\/v2\/comments?post=197788"}],"version-history":[{"count":1,"href":"https:\/\/www.em.com.br\/emfoco\/wp-json\/wp\/v2\/posts\/197788\/revisions"}],"predecessor-version":[{"id":197794,"href":"https:\/\/www.em.com.br\/emfoco\/wp-json\/wp\/v2\/posts\/197788\/revisions\/197794"}],"wp:featuredmedia":[{"embeddable":true,"href":"https:\/\/www.em.com.br\/emfoco\/wp-json\/wp\/v2\/media\/197940"}],"wp:attachment":[{"href":"https:\/\/www.em.com.br\/emfoco\/wp-json\/wp\/v2\/media?parent=197788"}],"wp:term":[{"taxonomy":"category","embeddable":true,"href":"https:\/\/www.em.com.br\/emfoco\/wp-json\/wp\/v2\/categories?post=197788"},{"taxonomy":"post_tag","embeddable":true,"href":"https:\/\/www.em.com.br\/emfoco\/wp-json\/wp\/v2\/tags?post=197788"}],"curies":[{"name":"wp","href":"https:\/\/api.w.org\/{rel}","templated":true}]}}