{"id":197781,"date":"2026-04-28T12:25:00","date_gmt":"2026-04-28T15:25:00","guid":{"rendered":"https:\/\/www.em.com.br\/emfoco\/?p=197781"},"modified":"2026-04-27T15:14:23","modified_gmt":"2026-04-27T18:14:23","slug":"cha-para-cabelo-pele-e-unhas-reune-ervas-conhecidas-e-entra-na-rotina-com-apelo-de-cuidado-diario","status":"publish","type":"post","link":"https:\/\/www.em.com.br\/emfoco\/2026\/04\/28\/cha-para-cabelo-pele-e-unhas-reune-ervas-conhecidas-e-entra-na-rotina-com-apelo-de-cuidado-diario\/","title":{"rendered":"Ch\u00e1 para cabelo pele e unhas re\u00fane ervas conhecidas e entra na rotina com apelo de cuidado di\u00e1rio"},"content":{"rendered":"\n<p>Entre as muitas <strong>receitas<\/strong> naturais compartilhadas nas redes sociais, o chamado <strong>ch\u00e1<\/strong> para cabelo, pele e unhas ganhou espa\u00e7o entre pessoas interessadas em cuidados de beleza com ingredientes simples. A bebida une hidrata\u00e7\u00e3o, consumo de compostos antioxidantes e, em alguns casos, uso externo combinado com cremes hidratantes. Apesar da popularidade, trata-se de um cuidado de apoio, que n\u00e3o substitui tratamentos m\u00e9dicos ou dermatol\u00f3gicos, nem resolve sozinho problemas de pele, cabelo ou unhas.<\/p>\n\n\n\n<h2 class=\"wp-block-heading\">O que \u00e9 ch\u00e1 para cabelo, pele e unhas?<\/h2>\n\n\n\n<p>O chamado ch\u00e1 para cabelo, pele e unhas costuma ser preparado com \u00e1gua quente e ervas como alecrim, hortel\u00e3 e algum tipo de ch\u00e1 j\u00e1 conhecido, como <strong>ch\u00e1 verde<\/strong> ou camomila. Esses ingredientes s\u00e3o associados, na cultura popular, a melhorias na <strong>circula\u00e7\u00e3o<\/strong>, a\u00e7\u00e3o antioxidante e sensa\u00e7\u00e3o de frescor na pele.<\/p>\n\n\n\n<p>Na pr\u00e1tica, esse tipo de ch\u00e1 atua principalmente como uma forma de hidrata\u00e7\u00e3o associada a compostos vegetais. A apar\u00eancia da pele, o brilho dos fios e a resist\u00eancia das unhas dependem tamb\u00e9m de <a href=\"https:\/\/www.em.com.br\/emfoco\/2026\/04\/22\/por-que-essas-20-frutas-do-quintal-da-vovo-desapareceram-do-brasil-e-quase-sairam-da-memoria\/\" target=\"_blank\" rel=\"noreferrer noopener\">alimenta\u00e7\u00e3o<\/a>, sono, exposi\u00e7\u00e3o solar e outros <strong>h\u00e1bitos<\/strong> de vida, o que explica por que os resultados variam tanto de pessoa para pessoa.<\/p>\n\n\n\n<figure class=\"wp-block-image size-large\"><img loading=\"lazy\" decoding=\"async\" width=\"1024\" height=\"576\" src=\"https:\/\/www.em.com.br\/emfoco\/wp-content\/uploads\/2026\/04\/Texto-do-seu-paragrafo-2026-04-23T103726.872-1024x576.jpg\" alt=\"Ch\u00e1 para cabelo pele e unhas re\u00fane ervas conhecidas e entra na rotina com apelo de cuidado di\u00e1rio\" class=\"wp-image-197790\" srcset=\"https:\/\/www.em.com.br\/emfoco\/wp-content\/uploads\/2026\/04\/Texto-do-seu-paragrafo-2026-04-23T103726.872-1024x576.jpg 1024w, https:\/\/www.em.com.br\/emfoco\/wp-content\/uploads\/2026\/04\/Texto-do-seu-paragrafo-2026-04-23T103726.872-300x169.jpg 300w, https:\/\/www.em.com.br\/emfoco\/wp-content\/uploads\/2026\/04\/Texto-do-seu-paragrafo-2026-04-23T103726.872-768x432.jpg 768w, https:\/\/www.em.com.br\/emfoco\/wp-content\/uploads\/2026\/04\/Texto-do-seu-paragrafo-2026-04-23T103726.872-750x422.jpg 750w, https:\/\/www.em.com.br\/emfoco\/wp-content\/uploads\/2026\/04\/Texto-do-seu-paragrafo-2026-04-23T103726.872-1140x641.jpg 1140w, https:\/\/www.em.com.br\/emfoco\/wp-content\/uploads\/2026\/04\/Texto-do-seu-paragrafo-2026-04-23T103726.872.jpg 1280w\" sizes=\"auto, (max-width: 1024px) 100vw, 1024px\" \/><figcaption class=\"wp-element-caption\">Ch\u00e1 para cabelo pele e unhas virou uma op\u00e7\u00e3o pr\u00e1tica para quem gosta de cuidado mais natural<\/figcaption><\/figure>\n\n\n\n<h2 class=\"wp-block-heading\">Como preparar e usar o ch\u00e1 no dia a dia?<\/h2>\n\n\n\n<p>Uma vers\u00e3o comum desse ch\u00e1 para cabelo, pele e unhas utiliza poucos ingredientes: \u00e1gua filtrada, ramos de alecrim, folhas de hortel\u00e3 e uma por\u00e7\u00e3o de ch\u00e1 verde ou camomila. O preparo segue o modo tradicional de <strong>infus\u00e3o<\/strong> usado em ch\u00e1s de uso cotidiano e pode ser facilmente adaptado conforme a prefer\u00eancia de sabor.<\/p>\n\n\n\n<p>Veja um passo a passo b\u00e1sico que costuma ser seguido em receitas caseiras e pode servir como refer\u00eancia inicial:<\/p>\n\n\n\n<ol class=\"wp-block-list\">\n<li>Ferver de 500 ml a 1 litro de <strong>\u00e1gua<\/strong>.<\/li>\n\n\n\n<li>Desligar o fogo e adicionar alecrim, hortel\u00e3 e o ch\u00e1 escolhido (verde ou camomila).<\/li>\n\n\n\n<li>Abafar por alguns minutos, geralmente entre 5 e 10, para a infus\u00e3o.<\/li>\n\n\n\n<li>Coar e reservar para consumo ao longo do dia, ap\u00f3s amornar.<\/li>\n<\/ol>\n\n\n\n<p>Em muitos conte\u00fados, o uso \u00e9 dividido em duas formas principais, com a ideia de cuidado \u201cde dentro para fora\u201d e \u201cde fora para dentro\u201d:<\/p>\n\n\n\n<ul class=\"wp-block-list\">\n<li><strong>Ingest\u00e3o:<\/strong> pequenas x\u00edcaras ao longo do dia, como complemento da hidrata\u00e7\u00e3o.<\/li>\n\n\n\n<li><strong>Uso externo:<\/strong> parte do ch\u00e1 misturada com <strong>creme hidratante<\/strong> corporal ou facial, \u00e0s vezes com adi\u00e7\u00e3o de \u00f3leo vegetal, como o de coco, para aplica\u00e7\u00e3o na pele ou nos fios.<\/li>\n<\/ul>\n\n\n\n<h2 class=\"wp-block-heading\">Quais s\u00e3o os principais benef\u00edcios dos ingredientes?<\/h2>\n\n\n\n<p>Os <strong>benef\u00edcios<\/strong> atribu\u00eddos ao ch\u00e1 para cabelo, pele e unhas est\u00e3o ligados \u00e0s caracter\u00edsticas das plantas usadas. Cada ingrediente \u00e9 citado com uma fun\u00e7\u00e3o espec\u00edfica, embora o grau de <a href=\"https:\/\/www.em.com.br\/emfoco\/2026\/04\/22\/esse-mel-raro-do-himalaia-chama-atencao-pelo-risco-da-coleta-e-pelos-efeitos-no-corpo\/\" target=\"_blank\" rel=\"noreferrer noopener\">comprova\u00e7\u00e3o <\/a>cient\u00edfica em humanos varie, e os efeitos costumem ser suaves.<\/p>\n\n\n\n<p>Conhecer melhor a fun\u00e7\u00e3o de cada erva ajuda a ajustar expectativas e a usar o ch\u00e1 como complemento, e n\u00e3o como tratamento \u00fanico:<\/p>\n\n\n\n<ul class=\"wp-block-list\">\n<li><strong>Alecrim:<\/strong> tradicionalmente associado \u00e0 melhora da circula\u00e7\u00e3o local e \u00e0 a\u00e7\u00e3o antioxidante. Em prepara\u00e7\u00f5es capilares, \u00e9 citado como aliado em rotinas voltadas ao <strong>fortalecimento<\/strong> dos fios.<\/li>\n\n\n\n<li><strong>Hortel\u00e3:<\/strong> relacionada \u00e0 sensa\u00e7\u00e3o de frescor e limpeza, sobretudo em peles oleosas. Em algumas receitas, entra como apoio em cuidados com <strong>acne<\/strong> leve e couro cabeludo.<\/li>\n\n\n\n<li><strong>Ch\u00e1 verde:<\/strong> conhecido por concentrar compostos antioxidantes, citados em contextos de envelhecimento cut\u00e2neo e prote\u00e7\u00e3o contra <strong>radicais<\/strong> livres.<\/li>\n\n\n\n<li><strong>Camomila:<\/strong> ligada ao efeito calmante e suavizante, bastante usada em compressas e t\u00f4nicos caseiros para <strong>pele sens\u00edvel<\/strong>.<\/li>\n<\/ul>\n\n\n\n<p>Conte\u00fado do canal <strong>Tamiris Figueira<\/strong>, com mais de 1.81 milh\u00f5es de inscritos e cerca de 27 mil de visualiza\u00e7\u00f5es:<\/p>\n\n\n\n<figure class=\"wp-block-embed is-type-video is-provider-youtube wp-block-embed-youtube wp-embed-aspect-16-9 wp-has-aspect-ratio\"><div class=\"wp-block-embed__wrapper\">\n<div class=\"jeg_video_container jeg_video_content\"><iframe loading=\"lazy\" title=\"CH\u00c1 DA JUVENTUDE DESCOBRI O SEGREDO DO FAMOSO CH\u00c1 PARA O cabelo, pele e unhas !\" width=\"500\" height=\"281\" src=\"https:\/\/www.youtube.com\/embed\/-Uqkg6SXlzk?feature=oembed\" frameborder=\"0\" allow=\"accelerometer; autoplay; clipboard-write; encrypted-media; gyroscope; picture-in-picture; web-share\" referrerpolicy=\"strict-origin-when-cross-origin\" allowfullscreen><\/iframe><\/div>\n<\/div><\/figure>\n\n\n\n<h2 class=\"wp-block-heading\">O ch\u00e1 substitui tratamentos para cabelo, pele e unhas?<\/h2>\n\n\n\n<p>O interesse por esse tipo de ch\u00e1 muitas vezes surge em momentos de <strong>queda<\/strong> capilar, ressecamento intenso ou aparecimento de manchas e linhas finas. No entanto, trata-se de um recurso complementar, que n\u00e3o substitui avalia\u00e7\u00e3o m\u00e9dica, exames ou tratamentos para alopecia, dermatites, acne moderada ou altera\u00e7\u00f5es nas unhas.<\/p>\n\n\n\n<p>Em situa\u00e7\u00f5es de desconforto persistente, coceira, irrita\u00e7\u00e3o ou quedas acentuadas de cabelo, \u00e9 recomend\u00e1vel buscar acompanhamento de <strong>dermatologista<\/strong> ou outro profissional habilitado. O ch\u00e1 pode ser mantido como parte da rotina b\u00e1sica de <a href=\"https:\/\/www.gov.br\/saude\/pt-br\/composicao\/sectics\/plantas-medicinais-e-fitoterapicos\" target=\"_blank\" rel=\"noreferrer noopener\">hidrata\u00e7\u00e3o<\/a>, desde que n\u00e3o haja alergia aos ingredientes, e que o uso n\u00e3o atrase a procura por ajuda profissional.<\/p>\n\n\n\n<h2 class=\"wp-block-heading\">Quais cuidados e contraindica\u00e7\u00f5es devo considerar?<\/h2>\n\n\n\n<p>Para incluir o ch\u00e1 para cabelo, pele e unhas na rotina de forma mais segura, \u00e9 importante observar poss\u00edveis <strong>rea\u00e7\u00f5es<\/strong> individuais e condi\u00e7\u00f5es de sa\u00fade pr\u00e9-existentes. Pessoas com uso de medicamentos cont\u00ednuos, gestantes e lactantes devem redobrar a aten\u00e7\u00e3o, especialmente em ch\u00e1s com cafe\u00edna, como o ch\u00e1 verde.<\/p>\n\n\n\n<p>Alguns cuidados simples ajudam a tornar o uso mais respons\u00e1vel e a evitar exageros, especialmente quando h\u00e1 consumo di\u00e1rio ou aplica\u00e7\u00e3o na pele e no couro cabeludo:<\/p>\n\n\n\n<ul class=\"wp-block-list\">\n<li>Observar irrita\u00e7\u00f5es, coceira ou vermelhid\u00e3o ap\u00f3s o uso externo e suspender se surgirem sinais de <strong>alergia<\/strong>.<\/li>\n\n\n\n<li>Evitar consumo exagerado, sobretudo em pessoas sens\u00edveis \u00e0 <strong>cafe\u00edna<\/strong> ou com restri\u00e7\u00f5es ao ch\u00e1 verde e a determinadas ervas.<\/li>\n\n\n\n<li>Respeitar orienta\u00e7\u00f5es profissionais em casos de uso de medicamentos, gesta\u00e7\u00e3o ou doen\u00e7as cr\u00f4nicas.<\/li>\n\n\n\n<li>Manter foco em <strong>alimenta\u00e7\u00e3o<\/strong> equilibrada, prote\u00e7\u00e3o solar di\u00e1ria, sono adequado e higiene correta dos cabelos e da pele.<\/li>\n<\/ul>\n","protected":false},"excerpt":{"rendered":"<p>Entre as muitas receitas naturais compartilhadas nas redes sociais, o chamado ch\u00e1 para cabelo, pele e unhas ganhou espa\u00e7o entre pessoas interessadas em cuidados de beleza com ingredientes simples. A bebida une hidrata\u00e7\u00e3o, consumo de compostos antioxidantes e, em alguns casos, uso externo combinado com cremes hidratantes. Apesar da popularidade, trata-se de um cuidado de [&hellip;]<\/p>\n","protected":false},"author":15,"featured_media":200566,"comment_status":"open","ping_status":"open","sticky":false,"template":"","format":"standard","meta":{"jnews-multi-image_gallery":[],"jnews_single_post":{"format":"standard"},"jnews_primary_category":[],"jnews_social_meta":[],"jnews_override_counter":[],"footnotes":""},"categories":[8819],"tags":[711,7989,415],"class_list":["post-197781","post","type-post","status-publish","format-standard","has-post-thumbnail","hentry","category-curiosidades","tag-bem-estar","tag-ervas-medicinais","tag-saude"],"yoast_head":"<!-- This site is optimized with the Yoast SEO plugin v23.8 - https:\/\/yoast.com\/wordpress\/plugins\/seo\/ -->\n<title>Ch\u00e1 para cabelo pele e unhas re\u00fane ervas conhecidas e entra na rotina com apelo de cuidado di\u00e1rio - Estado de Minas - Em foco<\/title>\n<meta name=\"description\" content=\"O ch\u00e1 para cabelo pele e unhas combina alecrim, hortel\u00e3 e ch\u00e1 verde em uma receita simples, ligada a bem-estar, autocuidado e uma rotina\" \/>\n<meta name=\"robots\" content=\"index, follow, max-snippet:-1, max-image-preview:large, max-video-preview:-1\" \/>\n<link rel=\"canonical\" href=\"https:\/\/www.em.com.br\/emfoco\/2026\/04\/28\/cha-para-cabelo-pele-e-unhas-reune-ervas-conhecidas-e-entra-na-rotina-com-apelo-de-cuidado-diario\/\" \/>\n<meta property=\"og:locale\" content=\"pt_BR\" \/>\n<meta property=\"og:type\" content=\"article\" \/>\n<meta property=\"og:title\" content=\"Ch\u00e1 para cabelo pele e unhas re\u00fane ervas conhecidas e entra na rotina com apelo de cuidado di\u00e1rio - Estado de Minas - Em foco\" \/>\n<meta property=\"og:description\" content=\"O ch\u00e1 para cabelo pele e unhas combina alecrim, hortel\u00e3 e ch\u00e1 verde em uma receita simples, ligada a bem-estar, autocuidado e uma rotina\" \/>\n<meta property=\"og:url\" content=\"https:\/\/www.em.com.br\/emfoco\/2026\/04\/28\/cha-para-cabelo-pele-e-unhas-reune-ervas-conhecidas-e-entra-na-rotina-com-apelo-de-cuidado-diario\/\" \/>\n<meta property=\"og:site_name\" content=\"Estado de Minas - Em foco\" \/>\n<meta property=\"article:published_time\" content=\"2026-04-28T15:25:00+00:00\" \/>\n<meta property=\"article:modified_time\" content=\"2026-04-27T18:14:23+00:00\" \/>\n<meta property=\"og:image\" content=\"https:\/\/www.em.com.br\/emfoco\/wp-content\/uploads\/2026\/04\/EmFoco_03-10.jpg\" \/>\n\t<meta property=\"og:image:width\" content=\"1280\" \/>\n\t<meta property=\"og:image:height\" content=\"720\" \/>\n\t<meta property=\"og:image:type\" content=\"image\/jpeg\" \/>\n<meta name=\"author\" content=\"Douglas Myth\" \/>\n<meta name=\"twitter:card\" content=\"summary_large_image\" \/>\n<meta name=\"twitter:label1\" content=\"Escrito por\" \/>\n\t<meta name=\"twitter:data1\" content=\"Douglas Myth\" \/>\n\t<meta name=\"twitter:label2\" content=\"Est. tempo de leitura\" \/>\n\t<meta name=\"twitter:data2\" content=\"5 minutos\" \/>\n<!-- \/ Yoast SEO plugin. -->","yoast_head_json":{"title":"Ch\u00e1 para cabelo pele e unhas re\u00fane ervas conhecidas e entra na rotina com apelo de cuidado di\u00e1rio - Estado de Minas - Em foco","description":"O ch\u00e1 para cabelo pele e unhas combina alecrim, hortel\u00e3 e ch\u00e1 verde em uma receita simples, ligada a bem-estar, autocuidado e uma rotina","robots":{"index":"index","follow":"follow","max-snippet":"max-snippet:-1","max-image-preview":"max-image-preview:large","max-video-preview":"max-video-preview:-1"},"canonical":"https:\/\/www.em.com.br\/emfoco\/2026\/04\/28\/cha-para-cabelo-pele-e-unhas-reune-ervas-conhecidas-e-entra-na-rotina-com-apelo-de-cuidado-diario\/","og_locale":"pt_BR","og_type":"article","og_title":"Ch\u00e1 para cabelo pele e unhas re\u00fane ervas conhecidas e entra na rotina com apelo de cuidado di\u00e1rio - Estado de Minas - Em foco","og_description":"O ch\u00e1 para cabelo pele e unhas combina alecrim, hortel\u00e3 e ch\u00e1 verde em uma receita simples, ligada a bem-estar, autocuidado e uma rotina","og_url":"https:\/\/www.em.com.br\/emfoco\/2026\/04\/28\/cha-para-cabelo-pele-e-unhas-reune-ervas-conhecidas-e-entra-na-rotina-com-apelo-de-cuidado-diario\/","og_site_name":"Estado de Minas - Em foco","article_published_time":"2026-04-28T15:25:00+00:00","article_modified_time":"2026-04-27T18:14:23+00:00","og_image":[{"width":1280,"height":720,"url":"https:\/\/www.em.com.br\/emfoco\/wp-content\/uploads\/2026\/04\/EmFoco_03-10.jpg","type":"image\/jpeg"}],"author":"Douglas Myth","twitter_card":"summary_large_image","twitter_misc":{"Escrito por":"Douglas Myth","Est. tempo de leitura":"5 minutos"},"schema":{"@context":"https:\/\/schema.org","@graph":[{"@type":"WebPage","@id":"https:\/\/www.em.com.br\/emfoco\/2026\/04\/28\/cha-para-cabelo-pele-e-unhas-reune-ervas-conhecidas-e-entra-na-rotina-com-apelo-de-cuidado-diario\/","url":"https:\/\/www.em.com.br\/emfoco\/2026\/04\/28\/cha-para-cabelo-pele-e-unhas-reune-ervas-conhecidas-e-entra-na-rotina-com-apelo-de-cuidado-diario\/","name":"Ch\u00e1 para cabelo pele e unhas re\u00fane ervas conhecidas e entra na rotina com apelo de cuidado di\u00e1rio - Estado de Minas - Em foco","isPartOf":{"@id":"https:\/\/www.em.com.br\/emfoco\/#website"},"primaryImageOfPage":{"@id":"https:\/\/www.em.com.br\/emfoco\/2026\/04\/28\/cha-para-cabelo-pele-e-unhas-reune-ervas-conhecidas-e-entra-na-rotina-com-apelo-de-cuidado-diario\/#primaryimage"},"image":{"@id":"https:\/\/www.em.com.br\/emfoco\/2026\/04\/28\/cha-para-cabelo-pele-e-unhas-reune-ervas-conhecidas-e-entra-na-rotina-com-apelo-de-cuidado-diario\/#primaryimage"},"thumbnailUrl":"https:\/\/www.em.com.br\/emfoco\/wp-content\/uploads\/2026\/04\/EmFoco_03-10.jpg","datePublished":"2026-04-28T15:25:00+00:00","dateModified":"2026-04-27T18:14:23+00:00","author":{"@id":"https:\/\/www.em.com.br\/emfoco\/#\/schema\/person\/bba594b7eebe9b9885fec3a5c7837089"},"description":"O ch\u00e1 para cabelo pele e unhas combina alecrim, hortel\u00e3 e ch\u00e1 verde em uma receita simples, ligada a bem-estar, autocuidado e uma rotina","breadcrumb":{"@id":"https:\/\/www.em.com.br\/emfoco\/2026\/04\/28\/cha-para-cabelo-pele-e-unhas-reune-ervas-conhecidas-e-entra-na-rotina-com-apelo-de-cuidado-diario\/#breadcrumb"},"inLanguage":"pt-BR","potentialAction":[{"@type":"ReadAction","target":["https:\/\/www.em.com.br\/emfoco\/2026\/04\/28\/cha-para-cabelo-pele-e-unhas-reune-ervas-conhecidas-e-entra-na-rotina-com-apelo-de-cuidado-diario\/"]}]},{"@type":"ImageObject","inLanguage":"pt-BR","@id":"https:\/\/www.em.com.br\/emfoco\/2026\/04\/28\/cha-para-cabelo-pele-e-unhas-reune-ervas-conhecidas-e-entra-na-rotina-com-apelo-de-cuidado-diario\/#primaryimage","url":"https:\/\/www.em.com.br\/emfoco\/wp-content\/uploads\/2026\/04\/EmFoco_03-10.jpg","contentUrl":"https:\/\/www.em.com.br\/emfoco\/wp-content\/uploads\/2026\/04\/EmFoco_03-10.jpg","width":1280,"height":720,"caption":"Bebida natural com ervas atua como cuidado complementar para sa\u00fade e hidrata\u00e7\u00e3o"},{"@type":"BreadcrumbList","@id":"https:\/\/www.em.com.br\/emfoco\/2026\/04\/28\/cha-para-cabelo-pele-e-unhas-reune-ervas-conhecidas-e-entra-na-rotina-com-apelo-de-cuidado-diario\/#breadcrumb","itemListElement":[{"@type":"ListItem","position":1,"name":"In\u00edcio","item":"https:\/\/www.em.com.br\/emfoco\/"},{"@type":"ListItem","position":2,"name":"Ch\u00e1 para cabelo pele e unhas re\u00fane ervas conhecidas e entra na rotina com apelo de cuidado di\u00e1rio"}]},{"@type":"WebSite","@id":"https:\/\/www.em.com.br\/emfoco\/#website","url":"https:\/\/www.em.com.br\/emfoco\/","name":"Estado de Minas - Em foco","description":"Acompanhe as \u00faltimas not\u00edcias e fique bem informado sobre tudo o que acontece em Minas Gerais, Brasil e no mundo.","potentialAction":[{"@type":"SearchAction","target":{"@type":"EntryPoint","urlTemplate":"https:\/\/www.em.com.br\/emfoco\/?s={search_term_string}"},"query-input":{"@type":"PropertyValueSpecification","valueRequired":true,"valueName":"search_term_string"}}],"inLanguage":"pt-BR"},{"@type":"Person","@id":"https:\/\/www.em.com.br\/emfoco\/#\/schema\/person\/bba594b7eebe9b9885fec3a5c7837089","name":"Douglas Myth","image":{"@type":"ImageObject","inLanguage":"pt-BR","@id":"https:\/\/www.em.com.br\/emfoco\/#\/schema\/person\/image\/","url":"https:\/\/secure.gravatar.com\/avatar\/1ac3cf50d0e68642c697dc0c960c802f?s=96&d=mm&r=g","contentUrl":"https:\/\/secure.gravatar.com\/avatar\/1ac3cf50d0e68642c697dc0c960c802f?s=96&d=mm&r=g","caption":"Douglas Myth"},"url":"https:\/\/www.em.com.br\/emfoco\/author\/douglasmyth\/"}]}},"_links":{"self":[{"href":"https:\/\/www.em.com.br\/emfoco\/wp-json\/wp\/v2\/posts\/197781","targetHints":{"allow":["GET"]}}],"collection":[{"href":"https:\/\/www.em.com.br\/emfoco\/wp-json\/wp\/v2\/posts"}],"about":[{"href":"https:\/\/www.em.com.br\/emfoco\/wp-json\/wp\/v2\/types\/post"}],"author":[{"embeddable":true,"href":"https:\/\/www.em.com.br\/emfoco\/wp-json\/wp\/v2\/users\/15"}],"replies":[{"embeddable":true,"href":"https:\/\/www.em.com.br\/emfoco\/wp-json\/wp\/v2\/comments?post=197781"}],"version-history":[{"count":2,"href":"https:\/\/www.em.com.br\/emfoco\/wp-json\/wp\/v2\/posts\/197781\/revisions"}],"predecessor-version":[{"id":197791,"href":"https:\/\/www.em.com.br\/emfoco\/wp-json\/wp\/v2\/posts\/197781\/revisions\/197791"}],"wp:featuredmedia":[{"embeddable":true,"href":"https:\/\/www.em.com.br\/emfoco\/wp-json\/wp\/v2\/media\/200566"}],"wp:attachment":[{"href":"https:\/\/www.em.com.br\/emfoco\/wp-json\/wp\/v2\/media?parent=197781"}],"wp:term":[{"taxonomy":"category","embeddable":true,"href":"https:\/\/www.em.com.br\/emfoco\/wp-json\/wp\/v2\/categories?post=197781"},{"taxonomy":"post_tag","embeddable":true,"href":"https:\/\/www.em.com.br\/emfoco\/wp-json\/wp\/v2\/tags?post=197781"}],"curies":[{"name":"wp","href":"https:\/\/api.w.org\/{rel}","templated":true}]}}