{"id":197779,"date":"2026-04-24T21:25:00","date_gmt":"2026-04-25T00:25:00","guid":{"rendered":"https:\/\/www.em.com.br\/emfoco\/?p=197779"},"modified":"2026-04-23T14:26:25","modified_gmt":"2026-04-23T17:26:25","slug":"perfeita-para-casas-pequenas-a-arvore-da-frutos-o-ano-todo-e-facil-de-cuidar-e-nao-cria-raizes","status":"publish","type":"post","link":"https:\/\/www.em.com.br\/emfoco\/2026\/04\/24\/perfeita-para-casas-pequenas-a-arvore-da-frutos-o-ano-todo-e-facil-de-cuidar-e-nao-cria-raizes\/","title":{"rendered":"Perfeita para casas pequenas: a \u00e1rvore d\u00e1 frutos o ano todo, \u00e9 f\u00e1cil de cuidar e n\u00e3o cria ra\u00edzes."},"content":{"rendered":"\n<p>Voc\u00ea olha para aquele cantinho vazio do seu terra\u00e7o e imagina como um <strong>limoeiro em vaso<\/strong> traria vida e frescor imediato para as suas tardes de sol. J\u00e1 pensou em colher frutos frescos para o seu ch\u00e1 sem precisar de um quintal enorme ou de reformas cansativas?<\/p>\n\n\n\n<h2 class=\"wp-block-heading\">Quais as vantagens de cultivar um limoeiro em vaso em casa<\/h2>\n\n\n\n<p>Ter um peda\u00e7o da natureza por perto ajuda a reduzir o stress acumulado durante a semana agitada. Essa planta espec\u00edfica adapta-se perfeitamente a varandas pequenas e exige pouca manuten\u00e7\u00e3o t\u00e9cnica constante. Voc\u00ea garante uma <strong>decora\u00e7\u00e3o natural<\/strong> vibrante e ainda desfruta de <strong>frutos org\u00e2nicos<\/strong> colhidos na hora.<\/p>\n\n\n\n<p>A fragr\u00e2ncia das flores brancas perfuma todo o ambiente de forma suave e muito agrad\u00e1vel. Muitas mulheres preferem essa op\u00e7\u00e3o porque ela n\u00e3o causa <strong>danos estruturais<\/strong> ao piso ou \u00e0s cal\u00e7adas pr\u00f3ximas. O crescimento controlado permite que voc\u00ea mantenha o <strong>equil\u00edbrio visual<\/strong> do seu espa\u00e7o externo favorito.<\/p>\n\n\n<div class=\"wp-block-image\">\n<figure class=\"aligncenter size-large\"><img loading=\"lazy\" decoding=\"async\" width=\"1024\" height=\"576\" src=\"https:\/\/www.em.com.br\/emfoco\/wp-content\/uploads\/2026\/04\/limoeiro-em-vaso-1024x576.jpg\" alt=\"limoeiro em vaso\" class=\"wp-image-197783\" srcset=\"https:\/\/www.em.com.br\/emfoco\/wp-content\/uploads\/2026\/04\/limoeiro-em-vaso-1024x576.jpg 1024w, https:\/\/www.em.com.br\/emfoco\/wp-content\/uploads\/2026\/04\/limoeiro-em-vaso-300x169.jpg 300w, https:\/\/www.em.com.br\/emfoco\/wp-content\/uploads\/2026\/04\/limoeiro-em-vaso-768x432.jpg 768w, https:\/\/www.em.com.br\/emfoco\/wp-content\/uploads\/2026\/04\/limoeiro-em-vaso-750x422.jpg 750w, https:\/\/www.em.com.br\/emfoco\/wp-content\/uploads\/2026\/04\/limoeiro-em-vaso-1140x641.jpg 1140w, https:\/\/www.em.com.br\/emfoco\/wp-content\/uploads\/2026\/04\/limoeiro-em-vaso.jpg 1280w\" sizes=\"auto, (max-width: 1024px) 100vw, 1024px\" \/><figcaption class=\"wp-element-caption\">A fragr\u00e2ncia das flores brancas perfuma todo o ambiente de forma suave e muito agrad\u00e1vel. <\/figcaption><\/figure><\/div>\n\n\n<p>Leia tamb\u00e9m: <a href=\"https:\/\/www.em.com.br\/emfoco\/2026\/04\/11\/aprenda-a-como-plantar-cravo-da-india-e-cultivar-flores-aromaticas-em-casa\/\" target=\"_blank\" rel=\"noreferrer noopener\">Aprenda a como plantar cravo-da-\u00edndia e cultivar flores arom\u00e1ticas em casa<\/a><\/p>\n\n\n\n<h2 class=\"wp-block-heading\">Como cuidar da sua \u00e1rvore frut\u00edfera para espa\u00e7os pequenos<\/h2>\n\n\n\n<p>A luz solar direta \u00e9 o combust\u00edvel principal para que os lim\u00f5es cres\u00e7am saud\u00e1veis e cheios de sumo. Garanta que o vaso receba pelo menos seis horas de luminosidade para <strong>fortalecer a planta<\/strong> contra pragas comuns. Escolher um recipiente com <strong>boa drenagem<\/strong> evita o apodrecimento das ra\u00edzes e garante a <strong>longevidade da esp\u00e9cie<\/strong>.<\/p>\n\n\n\n<p>A rega deve ser feita de maneira estrat\u00e9gica para manter a terra sempre h\u00famida, mas nunca encharcada. O uso de adubos org\u00e2nicos espec\u00edficos melhora a <strong>qualidade do solo<\/strong> e acelera o <strong>desenvolvimento dos frutos<\/strong>. Apresentamos alguns cuidados pr\u00e1ticos que ajudam a manter seu cultivo sempre produtivo e bonito:<\/p>\n\n\n\n<ul class=\"wp-block-list\">\n<li>Retirar as folhas secas para permitir que a <strong>planta respire<\/strong> melhor durante o dia.<\/li>\n\n\n\n<li>Aplicar fertilizante rico em pot\u00e1ssio para <strong>estimular a flora\u00e7\u00e3o<\/strong> constante e vigorosa.<\/li>\n\n\n\n<li>Verificar a presen\u00e7a de insetos para <strong>proteger as folhas<\/strong> de manchas indesejadas.<\/li>\n<\/ul>\n\n\n\n<figure class=\"wp-block-embed is-type-rich is-provider-pinterest wp-block-embed-pinterest\"><div class=\"wp-block-embed__wrapper\">\n<iframe loading=\"lazy\" title=\"\u00c1rvores Frut\u00edferas: +9 Esp\u00e9cies Para Cultivar em Casa\" src=\"https:\/\/assets.pinterest.com\/ext\/embed.html?id=592364157236866999&#038;src=oembed\" height=\"779\" width=\"450\" frameborder=\"0\" scrolling=\"no\" ><\/iframe>\n<\/div><\/figure>\n\n\n\n<h2 class=\"wp-block-heading\">O limoeiro em vaso e a colheita durante todo o ano<\/h2>\n\n\n\n<p>Diferente de outras esp\u00e9cies sazonais, o <strong>limoeiro em vaso<\/strong> oferece a satisfa\u00e7\u00e3o de ter lim\u00f5es amarelos em qualquer esta\u00e7\u00e3o. Essa produ\u00e7\u00e3o cont\u00ednua acontece devido \u00e0 <strong>gen\u00e9tica da planta<\/strong> que se ajusta bem a climas moderados. Ter esse recurso dispon\u00edvel facilita o preparo de <strong>receitas saud\u00e1veis<\/strong> e sumos naturais frescos para a fam\u00edlia.<\/p>\n\n\n\n<p>O tamanho reduzido da \u00e1rvore n\u00e3o compromete o sabor intenso e as propriedades vitam\u00ednicas do fruto. Voc\u00ea consegue controlar a altura da copa atrav\u00e9s de <strong>podas leves<\/strong> realizadas no final de cada colheita. Manter o <strong>tamanho adequado<\/strong> garante que a planta concentre energia na produ\u00e7\u00e3o de <strong>lim\u00f5es suculentos<\/strong> e arom\u00e1ticos.<\/p>\n\n\n\n<p>Para voc\u00ea que gosta de plantar, separamos um v\u00eddeo do canal <a href=\"https:\/\/www.youtube.com\/@hortamineira1234\" target=\"_blank\" rel=\"noreferrer noopener\">Horta Mineira<\/a> com dicas para plantar lim\u00e3o em casa:<\/p>\n\n\n\n<figure class=\"wp-block-embed is-type-video is-provider-youtube wp-block-embed-youtube wp-embed-aspect-16-9 wp-has-aspect-ratio\"><div class=\"wp-block-embed__wrapper\">\n<div class=\"jeg_video_container jeg_video_content\"><iframe loading=\"lazy\" title=\"COMO PLANTAR LIM\u00c3O EM VASO CORRETAMENTE\" width=\"500\" height=\"281\" src=\"https:\/\/www.youtube.com\/embed\/GZ7sl_KeNOc?feature=oembed\" frameborder=\"0\" allow=\"accelerometer; autoplay; clipboard-write; encrypted-media; gyroscope; picture-in-picture; web-share\" referrerpolicy=\"strict-origin-when-cross-origin\" allowfullscreen><\/iframe><\/div>\n<\/div><\/figure>\n\n\n\n<h2 class=\"wp-block-heading\">Por que o limoeiro em vaso \u00e9 a melhor escolha para o seu p\u00e1tio<\/h2>\n\n\n\n<p>Muitas pessoas temem ra\u00edzes agressivas que podem quebrar vasos ou levantar o pavimento de cer\u00e2mica. Essa variedade espec\u00edfica possui um sistema radicular compacto que respeita os <strong>limites do recipiente<\/strong> onde foi plantada inicialmente. Isso proporciona uma <strong>seguran\u00e7a total<\/strong> para quem vive em apartamentos ou casas com p\u00e1tios pequenos.<\/p>\n\n\n\n<p>Al\u00e9m da funcionalidade, o verde intenso das folhas cria um contraste elegante com m\u00f3veis de madeira ou metal. O investimento inicial \u00e9 baixo se comparado ao <strong>valor est\u00e9tico<\/strong> e pr\u00e1tico que a \u00e1rvore entrega rapidamente. Transformar seu lar em um <strong>ref\u00fagio particular<\/strong> torna-se uma tarefa simples e extremamente gratificante para a alma.<\/p>\n\n\n\n<h2 class=\"wp-block-heading\">Comece o seu jardim produtivo hoje<\/h2>\n\n\n\n<p>Visite o viveiro local para selecionar a muda mais vibrante e saud\u00e1vel que encontrar. Prepare o local com <strong>carinho e aten\u00e7\u00e3o<\/strong> aos detalhes de ilumina\u00e7\u00e3o natural. Sinta o prazer de cultivar sua <strong>pr\u00f3pria comida<\/strong> com paci\u00eancia.<\/p>\n\n\n\n<p>A jardinagem \u00e9 um convite para desacelerar e observar o <strong>ciclo da vida<\/strong> de perto. Pequenas mudan\u00e7as trazem uma <strong>sensa\u00e7\u00e3o de renova\u00e7\u00e3o<\/strong> para todo o ambiente dom\u00e9stico. Desfrute de cada momento desse <strong>novo projeto<\/strong> especial.<\/p>\n","protected":false},"excerpt":{"rendered":"<p>Voc\u00ea olha para aquele cantinho vazio do seu terra\u00e7o e imagina como um limoeiro em vaso traria vida e frescor imediato para as suas tardes de sol. J\u00e1 pensou em colher frutos frescos para o seu ch\u00e1 sem precisar de um quintal enorme ou de reformas cansativas? Quais as vantagens de cultivar um limoeiro em [&hellip;]<\/p>\n","protected":false},"author":9,"featured_media":197939,"comment_status":"open","ping_status":"open","sticky":false,"template":"","format":"standard","meta":{"jnews-multi-image_gallery":[],"jnews_single_post":{"format":"standard"},"jnews_primary_category":[],"jnews_social_meta":[],"jnews_override_counter":[],"footnotes":""},"categories":[8691,29],"tags":[7700,3815,8257],"class_list":["post-197779","post","type-post","status-publish","format-standard","has-post-thumbnail","hentry","category-bem-estar","category-entretenimento","tag-arvores-frutiferas","tag-horta-em-casa","tag-jardinagem-urbana"],"yoast_head":"<!-- This site is optimized with the Yoast SEO plugin v23.8 - https:\/\/yoast.com\/wordpress\/plugins\/seo\/ -->\n<title>Perfeita para casas pequenas: a \u00e1rvore d\u00e1 frutos o ano todo, \u00e9 f\u00e1cil de cuidar e n\u00e3o cria ra\u00edzes. - Estado de Minas - Em foco<\/title>\n<meta name=\"description\" content=\"Ter um limoeiro em vaso \u00e9 a solu\u00e7\u00e3o ideal para quem tem pouco espa\u00e7o em casa. Cultive frutos frescos e perfumados com estas dicas pr\u00e1ticas.\" \/>\n<meta name=\"robots\" content=\"index, follow, max-snippet:-1, max-image-preview:large, max-video-preview:-1\" \/>\n<link rel=\"canonical\" href=\"https:\/\/www.em.com.br\/emfoco\/2026\/04\/24\/perfeita-para-casas-pequenas-a-arvore-da-frutos-o-ano-todo-e-facil-de-cuidar-e-nao-cria-raizes\/\" \/>\n<meta property=\"og:locale\" content=\"pt_BR\" \/>\n<meta property=\"og:type\" content=\"article\" \/>\n<meta property=\"og:title\" content=\"Perfeita para casas pequenas: a \u00e1rvore d\u00e1 frutos o ano todo, \u00e9 f\u00e1cil de cuidar e n\u00e3o cria ra\u00edzes. - Estado de Minas - Em foco\" \/>\n<meta property=\"og:description\" content=\"Ter um limoeiro em vaso \u00e9 a solu\u00e7\u00e3o ideal para quem tem pouco espa\u00e7o em casa. Cultive frutos frescos e perfumados com estas dicas pr\u00e1ticas.\" \/>\n<meta property=\"og:url\" content=\"https:\/\/www.em.com.br\/emfoco\/2026\/04\/24\/perfeita-para-casas-pequenas-a-arvore-da-frutos-o-ano-todo-e-facil-de-cuidar-e-nao-cria-raizes\/\" \/>\n<meta property=\"og:site_name\" content=\"Estado de Minas - Em foco\" \/>\n<meta property=\"article:published_time\" content=\"2026-04-25T00:25:00+00:00\" \/>\n<meta property=\"article:modified_time\" content=\"2026-04-23T17:26:25+00:00\" \/>\n<meta property=\"og:image\" content=\"https:\/\/www.em.com.br\/emfoco\/wp-content\/uploads\/2026\/04\/EmFoco_20-3.jpg\" \/>\n\t<meta property=\"og:image:width\" content=\"1280\" \/>\n\t<meta property=\"og:image:height\" content=\"720\" \/>\n\t<meta property=\"og:image:type\" content=\"image\/jpeg\" \/>\n<meta name=\"author\" content=\"Daniely Cardoso\" \/>\n<meta name=\"twitter:card\" content=\"summary_large_image\" \/>\n<meta name=\"twitter:label1\" content=\"Escrito por\" \/>\n\t<meta name=\"twitter:data1\" content=\"Daniely Cardoso\" \/>\n\t<meta name=\"twitter:label2\" content=\"Est. tempo de leitura\" \/>\n\t<meta name=\"twitter:data2\" content=\"5 minutos\" \/>\n<!-- \/ Yoast SEO plugin. -->","yoast_head_json":{"title":"Perfeita para casas pequenas: a \u00e1rvore d\u00e1 frutos o ano todo, \u00e9 f\u00e1cil de cuidar e n\u00e3o cria ra\u00edzes. - Estado de Minas - Em foco","description":"Ter um limoeiro em vaso \u00e9 a solu\u00e7\u00e3o ideal para quem tem pouco espa\u00e7o em casa. Cultive frutos frescos e perfumados com estas dicas pr\u00e1ticas.","robots":{"index":"index","follow":"follow","max-snippet":"max-snippet:-1","max-image-preview":"max-image-preview:large","max-video-preview":"max-video-preview:-1"},"canonical":"https:\/\/www.em.com.br\/emfoco\/2026\/04\/24\/perfeita-para-casas-pequenas-a-arvore-da-frutos-o-ano-todo-e-facil-de-cuidar-e-nao-cria-raizes\/","og_locale":"pt_BR","og_type":"article","og_title":"Perfeita para casas pequenas: a \u00e1rvore d\u00e1 frutos o ano todo, \u00e9 f\u00e1cil de cuidar e n\u00e3o cria ra\u00edzes. - Estado de Minas - Em foco","og_description":"Ter um limoeiro em vaso \u00e9 a solu\u00e7\u00e3o ideal para quem tem pouco espa\u00e7o em casa. Cultive frutos frescos e perfumados com estas dicas pr\u00e1ticas.","og_url":"https:\/\/www.em.com.br\/emfoco\/2026\/04\/24\/perfeita-para-casas-pequenas-a-arvore-da-frutos-o-ano-todo-e-facil-de-cuidar-e-nao-cria-raizes\/","og_site_name":"Estado de Minas - Em foco","article_published_time":"2026-04-25T00:25:00+00:00","article_modified_time":"2026-04-23T17:26:25+00:00","og_image":[{"width":1280,"height":720,"url":"https:\/\/www.em.com.br\/emfoco\/wp-content\/uploads\/2026\/04\/EmFoco_20-3.jpg","type":"image\/jpeg"}],"author":"Daniely Cardoso","twitter_card":"summary_large_image","twitter_misc":{"Escrito por":"Daniely Cardoso","Est. tempo de leitura":"5 minutos"},"schema":{"@context":"https:\/\/schema.org","@graph":[{"@type":"WebPage","@id":"https:\/\/www.em.com.br\/emfoco\/2026\/04\/24\/perfeita-para-casas-pequenas-a-arvore-da-frutos-o-ano-todo-e-facil-de-cuidar-e-nao-cria-raizes\/","url":"https:\/\/www.em.com.br\/emfoco\/2026\/04\/24\/perfeita-para-casas-pequenas-a-arvore-da-frutos-o-ano-todo-e-facil-de-cuidar-e-nao-cria-raizes\/","name":"Perfeita para casas pequenas: a \u00e1rvore d\u00e1 frutos o ano todo, \u00e9 f\u00e1cil de cuidar e n\u00e3o cria ra\u00edzes. - Estado de Minas - Em foco","isPartOf":{"@id":"https:\/\/www.em.com.br\/emfoco\/#website"},"primaryImageOfPage":{"@id":"https:\/\/www.em.com.br\/emfoco\/2026\/04\/24\/perfeita-para-casas-pequenas-a-arvore-da-frutos-o-ano-todo-e-facil-de-cuidar-e-nao-cria-raizes\/#primaryimage"},"image":{"@id":"https:\/\/www.em.com.br\/emfoco\/2026\/04\/24\/perfeita-para-casas-pequenas-a-arvore-da-frutos-o-ano-todo-e-facil-de-cuidar-e-nao-cria-raizes\/#primaryimage"},"thumbnailUrl":"https:\/\/www.em.com.br\/emfoco\/wp-content\/uploads\/2026\/04\/EmFoco_20-3.jpg","datePublished":"2026-04-25T00:25:00+00:00","dateModified":"2026-04-23T17:26:25+00:00","author":{"@id":"https:\/\/www.em.com.br\/emfoco\/#\/schema\/person\/0a8186d72f2c3a5c6276d90b41f271a0"},"description":"Ter um limoeiro em vaso \u00e9 a solu\u00e7\u00e3o ideal para quem tem pouco espa\u00e7o em casa. Cultive frutos frescos e perfumados com estas dicas pr\u00e1ticas.","breadcrumb":{"@id":"https:\/\/www.em.com.br\/emfoco\/2026\/04\/24\/perfeita-para-casas-pequenas-a-arvore-da-frutos-o-ano-todo-e-facil-de-cuidar-e-nao-cria-raizes\/#breadcrumb"},"inLanguage":"pt-BR","potentialAction":[{"@type":"ReadAction","target":["https:\/\/www.em.com.br\/emfoco\/2026\/04\/24\/perfeita-para-casas-pequenas-a-arvore-da-frutos-o-ano-todo-e-facil-de-cuidar-e-nao-cria-raizes\/"]}]},{"@type":"ImageObject","inLanguage":"pt-BR","@id":"https:\/\/www.em.com.br\/emfoco\/2026\/04\/24\/perfeita-para-casas-pequenas-a-arvore-da-frutos-o-ano-todo-e-facil-de-cuidar-e-nao-cria-raizes\/#primaryimage","url":"https:\/\/www.em.com.br\/emfoco\/wp-content\/uploads\/2026\/04\/EmFoco_20-3.jpg","contentUrl":"https:\/\/www.em.com.br\/emfoco\/wp-content\/uploads\/2026\/04\/EmFoco_20-3.jpg","width":1280,"height":720,"caption":"Cultivo de frutas c\u00edtricas em recipientes traz frescor e vida para espa\u00e7os pequenos"},{"@type":"BreadcrumbList","@id":"https:\/\/www.em.com.br\/emfoco\/2026\/04\/24\/perfeita-para-casas-pequenas-a-arvore-da-frutos-o-ano-todo-e-facil-de-cuidar-e-nao-cria-raizes\/#breadcrumb","itemListElement":[{"@type":"ListItem","position":1,"name":"In\u00edcio","item":"https:\/\/www.em.com.br\/emfoco\/"},{"@type":"ListItem","position":2,"name":"Perfeita para casas pequenas: a \u00e1rvore d\u00e1 frutos o ano todo, \u00e9 f\u00e1cil de cuidar e n\u00e3o cria ra\u00edzes."}]},{"@type":"WebSite","@id":"https:\/\/www.em.com.br\/emfoco\/#website","url":"https:\/\/www.em.com.br\/emfoco\/","name":"Estado de Minas - Em foco","description":"Acompanhe as \u00faltimas not\u00edcias e fique bem informado sobre tudo o que acontece em Minas Gerais, Brasil e no mundo.","potentialAction":[{"@type":"SearchAction","target":{"@type":"EntryPoint","urlTemplate":"https:\/\/www.em.com.br\/emfoco\/?s={search_term_string}"},"query-input":{"@type":"PropertyValueSpecification","valueRequired":true,"valueName":"search_term_string"}}],"inLanguage":"pt-BR"},{"@type":"Person","@id":"https:\/\/www.em.com.br\/emfoco\/#\/schema\/person\/0a8186d72f2c3a5c6276d90b41f271a0","name":"Daniely Cardoso","image":{"@type":"ImageObject","inLanguage":"pt-BR","@id":"https:\/\/www.em.com.br\/emfoco\/#\/schema\/person\/image\/","url":"https:\/\/secure.gravatar.com\/avatar\/4b80ddbd124d1f071b626d52d62e5dff?s=96&d=mm&r=g","contentUrl":"https:\/\/secure.gravatar.com\/avatar\/4b80ddbd124d1f071b626d52d62e5dff?s=96&d=mm&r=g","caption":"Daniely Cardoso"},"url":"https:\/\/www.em.com.br\/emfoco\/author\/danielymyth\/"}]}},"_links":{"self":[{"href":"https:\/\/www.em.com.br\/emfoco\/wp-json\/wp\/v2\/posts\/197779","targetHints":{"allow":["GET"]}}],"collection":[{"href":"https:\/\/www.em.com.br\/emfoco\/wp-json\/wp\/v2\/posts"}],"about":[{"href":"https:\/\/www.em.com.br\/emfoco\/wp-json\/wp\/v2\/types\/post"}],"author":[{"embeddable":true,"href":"https:\/\/www.em.com.br\/emfoco\/wp-json\/wp\/v2\/users\/9"}],"replies":[{"embeddable":true,"href":"https:\/\/www.em.com.br\/emfoco\/wp-json\/wp\/v2\/comments?post=197779"}],"version-history":[{"count":1,"href":"https:\/\/www.em.com.br\/emfoco\/wp-json\/wp\/v2\/posts\/197779\/revisions"}],"predecessor-version":[{"id":197784,"href":"https:\/\/www.em.com.br\/emfoco\/wp-json\/wp\/v2\/posts\/197779\/revisions\/197784"}],"wp:featuredmedia":[{"embeddable":true,"href":"https:\/\/www.em.com.br\/emfoco\/wp-json\/wp\/v2\/media\/197939"}],"wp:attachment":[{"href":"https:\/\/www.em.com.br\/emfoco\/wp-json\/wp\/v2\/media?parent=197779"}],"wp:term":[{"taxonomy":"category","embeddable":true,"href":"https:\/\/www.em.com.br\/emfoco\/wp-json\/wp\/v2\/categories?post=197779"},{"taxonomy":"post_tag","embeddable":true,"href":"https:\/\/www.em.com.br\/emfoco\/wp-json\/wp\/v2\/tags?post=197779"}],"curies":[{"name":"wp","href":"https:\/\/api.w.org\/{rel}","templated":true}]}}