{"id":197767,"date":"2026-04-24T19:15:00","date_gmt":"2026-04-24T22:15:00","guid":{"rendered":"https:\/\/www.em.com.br\/emfoco\/?p=197767"},"modified":"2026-04-23T14:26:54","modified_gmt":"2026-04-23T17:26:54","slug":"as-bolsas-que-nunca-saem-de-moda-o-investimento-em-pecas-estruturadas-que-duram-decadas","status":"publish","type":"post","link":"https:\/\/www.em.com.br\/emfoco\/2026\/04\/24\/as-bolsas-que-nunca-saem-de-moda-o-investimento-em-pecas-estruturadas-que-duram-decadas\/","title":{"rendered":"As bolsas que nunca saem de moda, o investimento em pe\u00e7as estruturadas que duram d\u00e9cadas"},"content":{"rendered":"\n<p>Voc\u00ea decide organizar o closet e percebe que as <strong>bolsas cl\u00e1ssicas que nunca saem de moda<\/strong> s\u00e3o os \u00fanicos itens que sobrevivem ilesos a todas as mudan\u00e7as de esta\u00e7\u00e3o. J\u00e1 pensou em como um acess\u00f3rio ic\u00f4nico tem o poder de elevar sua autoconfian\u00e7a e transformar um conjunto simples em um visual de puro luxo?<\/p>\n\n\n\n<h2 class=\"wp-block-heading\">Por que investir em bolsas cl\u00e1ssicas que nunca saem de moda<\/h2>\n\n\n\n<p>O mercado de luxo e o design atemporal provam que certas silhuetas transcendem as tend\u00eancias passageiras do TikTok. Escolher modelos estruturados garante que voc\u00ea tenha sempre em m\u00e3os um <strong>acess\u00f3rio vers\u00e1til<\/strong> para qualquer compromisso social. Essas pe\u00e7as s\u00e3o constru\u00eddas com materiais nobres que suportam o uso di\u00e1rio mantendo a <strong>apar\u00eancia impec\u00e1vel<\/strong> por d\u00e9cadas.<\/p>\n\n\n\n<p>Al\u00e9m da durabilidade, o valor de revenda de modelos ic\u00f4nicos costuma se manter est\u00e1vel ou at\u00e9 valorizar com o passar dos anos. Ter um item que combina com alfaiataria ou jeans permite uma <strong>transi\u00e7\u00e3o fluida<\/strong> entre o escrit\u00f3rio e um jantar elegante. O segredo da sofistica\u00e7\u00e3o madura reside em possuir menos itens, mas com uma <strong>qualidade superior<\/strong> evidente.<\/p>\n\n\n<div class=\"wp-block-image\">\n<figure class=\"aligncenter size-large\"><img loading=\"lazy\" decoding=\"async\" width=\"1024\" height=\"576\" src=\"https:\/\/www.em.com.br\/emfoco\/wp-content\/uploads\/2026\/04\/bolsas-classicas-que-nunca-saem-de-moda-1024x576.jpg\" alt=\"bolsas cl\u00e1ssicas que nunca saem de moda\" class=\"wp-image-197769\" srcset=\"https:\/\/www.em.com.br\/emfoco\/wp-content\/uploads\/2026\/04\/bolsas-classicas-que-nunca-saem-de-moda-1024x576.jpg 1024w, https:\/\/www.em.com.br\/emfoco\/wp-content\/uploads\/2026\/04\/bolsas-classicas-que-nunca-saem-de-moda-300x169.jpg 300w, https:\/\/www.em.com.br\/emfoco\/wp-content\/uploads\/2026\/04\/bolsas-classicas-que-nunca-saem-de-moda-768x432.jpg 768w, https:\/\/www.em.com.br\/emfoco\/wp-content\/uploads\/2026\/04\/bolsas-classicas-que-nunca-saem-de-moda-750x422.jpg 750w, https:\/\/www.em.com.br\/emfoco\/wp-content\/uploads\/2026\/04\/bolsas-classicas-que-nunca-saem-de-moda-1140x641.jpg 1140w, https:\/\/www.em.com.br\/emfoco\/wp-content\/uploads\/2026\/04\/bolsas-classicas-que-nunca-saem-de-moda.jpg 1280w\" sizes=\"auto, (max-width: 1024px) 100vw, 1024px\" \/><figcaption class=\"wp-element-caption\">O mercado de luxo e o design atemporal provam que certas silhuetas transcendem as tend\u00eancias passageiras do TikTok. <\/figcaption><\/figure><\/div>\n\n\n<p>Leia tamb\u00e9m: <a href=\"https:\/\/www.em.com.br\/emfoco\/2026\/04\/10\/adeus-a-bolsas-sem-graca-o-modelo-que-carrega-praticidade-e-estilo-para-mulheres-de-personalidade\/\" target=\"_blank\" rel=\"noreferrer noopener\">Adeus a bolsas sem gra\u00e7a, o modelo que carrega praticidade e estilo para mulheres de personalidade<\/a><\/p>\n\n\n\n<h2 class=\"wp-block-heading\">Conhe\u00e7a os modelos ic\u00f4nicos que dominam o estilo feminino<\/h2>\n\n\n\n<p>A bolsa estruturada de al\u00e7a curta, conhecida como Tote, permanece como a favorita para mulheres que precisam carregar o mundo com eleg\u00e2ncia. Ela oferece um <strong>espa\u00e7o interno<\/strong> generoso sem perder a postura r\u00edgida que transmite autoridade e organiza\u00e7\u00e3o pessoal. Sua presen\u00e7a em cores neutras como o bege ou preto garante uma <strong>combina\u00e7\u00e3o eterna<\/strong> com todo o seu guarda-roupa.<\/p>\n\n\n\n<p>Outro modelo indispens\u00e1vel \u00e9 a bolsa de ombro com al\u00e7a de corrente, que traz uma feminilidade cl\u00e1ssica inspirada na alta costura francesa. Esse design espec\u00edfico ajuda a <strong>iluminar o look<\/strong> com detalhes met\u00e1licos discretos e muito charmosos. Preparamos uma lista com os tr\u00eas modelos que definem o conceito de investimento inteligente para sua cole\u00e7\u00e3o pessoal:<\/p>\n\n\n\n<ul class=\"wp-block-list\">\n<li>Bolsa Tote Estruturada para um <strong>dia a dia funcional<\/strong> e muito sofisticado.<\/li>\n\n\n\n<li>Bolsa Flap com Al\u00e7a de Corrente para eventos que pedem <strong>delicadeza e brilho<\/strong>.<\/li>\n\n\n\n<li>Bolsa Satchel de Couro para um visual que remete ao <strong>estilo acad\u00eamico cl\u00e1ssico<\/strong>.<\/li>\n<\/ul>\n\n\n\n<figure class=\"wp-block-embed is-type-rich is-provider-pinterest wp-block-embed-pinterest\"><div class=\"wp-block-embed__wrapper\">\n<iframe loading=\"lazy\" title=\"\u0421\u0443\u043c\u043e\u0447\u043a\u0430 \u0432 \u043d\u0430\u044f\u0432\u043d\u043e\u0441\u0442\u0456 \u0432 3 \u043a\u043e\u043b\u044c\u043e\u0440\u0430\u0445: \u0431\u0456\u043b\u0438\u0439, \u0447\u043e\u0440\u043d\u0438\u0439, \u043a\u043e\u0440\u0438\u0447\u043d\u0435\u0432\u0438\u0439 \u041c\u0430\u0454 3 \u0432\u0456\u0434\u0434\u0456\u043b\u0435\u043d\u043d\u044f, \u0432 \u043a\u043e\u043c\u043f\u043b\u0435\u043a\u0442\u0456 2 \u0440\u0435\u043c\u0456\u043d\u0446\u0456 \u044f\u043a\u0456 \u0440\u0435\u0433\u0443\u043b\u044e\u044e\u0442\u044c\u0441\u044f \u0411\u0456\u043b\u044c\u0448\u0435 \u0444\u043e\u0442\u043e \u0442\u0430 \u043c\u043e\u0434\u0435\u043b\u0435\u0439 \u0441\u0443\u043c\u043e\u0447\u043e\u043a \u0434\u0438\u0432\u0438\u0441\u044c \u0443 \u043d\u0430\u0441 \u0432 \u043f\u0440\u043e\u0444\u0456\u043b\u0456 \ud83c\udf38\ud83d\ude4c\ud83c\udffb#\u0441\u0443\u043c\u043a\u0430 #\u0436\u0456\u043d\u043e\u0447\u0430\u0441\u0443\u043c\u043a\u0430 #\u0431\u0430\u0437\u043e\u0432\u0430\u0441\u0443\u043c\u043a\u0430 #\u0436\u0456\u043d\u043e\u0447\u0438\u0439\u043e\u0434\u044f\u0433\" src=\"https:\/\/assets.pinterest.com\/ext\/embed.html?id=563018698815054&#038;src=oembed\" height=\"898\" width=\"450\" frameborder=\"0\" scrolling=\"no\" ><\/iframe>\n<\/div><\/figure>\n\n\n\n<h2 class=\"wp-block-heading\">Como a funcionalidade encontra o luxo na bolsa satchel<\/h2>\n\n\n\n<p>A bolsa satchel destaca-se por suas fivelas aparentes e formato que lembra as antigas pastas de couro refinadas. Ela \u00e9 perfeita para quem busca um <strong>toque vintage<\/strong> que nunca perde a relev\u00e2ncia nas capitais da moda mundial. Esse modelo espec\u00edfico consegue equilibrar a <strong>seriedade profissional<\/strong> com um charme casual que encanta mulheres de todas as idades.<\/p>\n\n\n\n<p>Diferente de modelos muito moles, a satchel protege seus pertences com compartimentos que mant\u00eam tudo no devido lugar. O couro leg\u00edtimo ganha uma p\u00e1tina \u00fanica com o tempo, tornando a pe\u00e7a uma <strong>heran\u00e7a pessoal<\/strong> cheia de hist\u00f3rias. \u00c9 o tipo de escolha que comunica <strong>bom gosto<\/strong> imediato sem precisar de logotipos exagerados ou cores berrantes.<\/p>\n\n\n\n<p>Para voc\u00ea que gosta de se cuidar, separamos um v\u00eddeo do canal da <a href=\"https:\/\/www.youtube.com\/@LucianeCachinski\" target=\"_blank\" rel=\"noreferrer noopener\">Luciane Cachinski<\/a> com dicas de bolsas para esse outono e inverno de 2026:<\/p>\n\n\n\n<figure class=\"wp-block-embed is-type-video is-provider-youtube wp-block-embed-youtube wp-embed-aspect-16-9 wp-has-aspect-ratio\"><div class=\"wp-block-embed__wrapper\">\n<div class=\"jeg_video_container jeg_video_content\"><iframe loading=\"lazy\" title=\"BOLSAS DO INVERNO 2026 | Tend\u00eancia - Luciane Cachinski\" width=\"500\" height=\"281\" src=\"https:\/\/www.youtube.com\/embed\/O3RmaTS3iPI?feature=oembed\" frameborder=\"0\" allow=\"accelerometer; autoplay; clipboard-write; encrypted-media; gyroscope; picture-in-picture; web-share\" referrerpolicy=\"strict-origin-when-cross-origin\" allowfullscreen><\/iframe><\/div>\n<\/div><\/figure>\n\n\n\n<h2 class=\"wp-block-heading\">Dicas para conservar suas bolsas cl\u00e1ssicas por muito tempo<\/h2>\n\n\n\n<p>Manter o couro hidratado com produtos espec\u00edficos evita o surgimento de rachaduras indesejadas nas al\u00e7as e extremidades. Guardar suas pe\u00e7as em sacos de tecido respir\u00e1vel protege contra a poeira e a <strong>umidade excessiva<\/strong> do arm\u00e1rio fechado. O enchimento interno \u00e9 fundamental para que a pe\u00e7a n\u00e3o perca o <strong>formato original<\/strong> enquanto n\u00e3o estiver sendo usada.<\/p>\n\n\n\n<p>Evite pendurar as bolsas por muito tempo para n\u00e3o deformar a estrutura das al\u00e7as com o peso pr\u00f3prio. Limpezas leves com pano seco ap\u00f3s o uso removem res\u00edduos que podem <strong>danificar o acabamento<\/strong> a longo prazo. Seguir essas orienta\u00e7\u00f5es simples garante que seu investimento em <strong>bolsas cl\u00e1ssicas que nunca saem de moda<\/strong> permane\u00e7a como novo.<\/p>\n\n\n\n<figure class=\"wp-block-embed is-type-rich is-provider-pinterest wp-block-embed-pinterest\"><div class=\"wp-block-embed__wrapper\">\n<iframe loading=\"lazy\" title=\"Bolsa Hobo Preta Couro Grande Tiras Metal\" src=\"https:\/\/assets.pinterest.com\/ext\/embed.html?id=752453050283429188&#038;src=oembed\" height=\"899\" width=\"450\" frameborder=\"0\" scrolling=\"no\" ><\/iframe>\n<\/div><\/figure>\n\n\n\n<h2 class=\"wp-block-heading\">Eleve seu estilo com escolhas assertivas<\/h2>\n\n\n\n<p>Acess\u00f3rios de qualidade s\u00e3o o melhor caminho para construir uma imagem pessoal s\u00f3lida e cheia de <strong>personalidade refinada<\/strong>. Escolha o modelo que melhor se adapta \u00e0 sua rotina e sinta a diferen\u00e7a na <strong>praticidade di\u00e1ria<\/strong>. Voc\u00ea merece desfilar com itens que valorizam sua hist\u00f3ria.<\/p>\n\n\n\n<p>Sua maturidade combina com pe\u00e7as que possuem estrutura e um acabamento feito para durar uma vida inteira. Desfrute da sensa\u00e7\u00e3o de estar sempre <strong>bem vestida<\/strong> com o acess\u00f3rio certo ao seu lado. O cl\u00e1ssico \u00e9, acima de tudo, uma celebra\u00e7\u00e3o da sua <strong>eleg\u00e2ncia eterna<\/strong>.<\/p>\n","protected":false},"excerpt":{"rendered":"<p>Voc\u00ea decide organizar o closet e percebe que as bolsas cl\u00e1ssicas que nunca saem de moda s\u00e3o os \u00fanicos itens que sobrevivem ilesos a todas as mudan\u00e7as de esta\u00e7\u00e3o. J\u00e1 pensou em como um acess\u00f3rio ic\u00f4nico tem o poder de elevar sua autoconfian\u00e7a e transformar um conjunto simples em um visual de puro luxo? Por [&hellip;]<\/p>\n","protected":false},"author":9,"featured_media":197937,"comment_status":"open","ping_status":"open","sticky":false,"template":"","format":"standard","meta":{"jnews-multi-image_gallery":[],"jnews_single_post":{"format":"standard"},"jnews_primary_category":[],"jnews_social_meta":[],"jnews_override_counter":[],"footnotes":""},"categories":[8691,29],"tags":[8416,28620,28619],"class_list":["post-197767","post","type-post","status-publish","format-standard","has-post-thumbnail","hentry","category-bem-estar","category-entretenimento","tag-acessorios-femininos","tag-bolsas-de-couro","tag-moda-atemporal"],"yoast_head":"<!-- This site is optimized with the Yoast SEO plugin v23.8 - https:\/\/yoast.com\/wordpress\/plugins\/seo\/ -->\n<title>As bolsas que nunca saem de moda, o investimento em pe\u00e7as estruturadas que duram d\u00e9cadas - Estado de Minas - Em foco<\/title>\n<meta name=\"description\" content=\"Conhe\u00e7a os modelos de bolsas cl\u00e1ssicas que nunca saem de moda e elevam seu visual. Invista em acess\u00f3rios atemporais.\" \/>\n<meta name=\"robots\" content=\"index, follow, max-snippet:-1, max-image-preview:large, max-video-preview:-1\" \/>\n<link rel=\"canonical\" href=\"https:\/\/www.em.com.br\/emfoco\/2026\/04\/24\/as-bolsas-que-nunca-saem-de-moda-o-investimento-em-pecas-estruturadas-que-duram-decadas\/\" \/>\n<meta property=\"og:locale\" content=\"pt_BR\" \/>\n<meta property=\"og:type\" content=\"article\" \/>\n<meta property=\"og:title\" content=\"As bolsas que nunca saem de moda, o investimento em pe\u00e7as estruturadas que duram d\u00e9cadas - Estado de Minas - Em foco\" \/>\n<meta property=\"og:description\" content=\"Conhe\u00e7a os modelos de bolsas cl\u00e1ssicas que nunca saem de moda e elevam seu visual. Invista em acess\u00f3rios atemporais.\" \/>\n<meta property=\"og:url\" content=\"https:\/\/www.em.com.br\/emfoco\/2026\/04\/24\/as-bolsas-que-nunca-saem-de-moda-o-investimento-em-pecas-estruturadas-que-duram-decadas\/\" \/>\n<meta property=\"og:site_name\" content=\"Estado de Minas - Em foco\" \/>\n<meta property=\"article:published_time\" content=\"2026-04-24T22:15:00+00:00\" \/>\n<meta property=\"article:modified_time\" content=\"2026-04-23T17:26:54+00:00\" \/>\n<meta property=\"og:image\" content=\"https:\/\/www.em.com.br\/emfoco\/wp-content\/uploads\/2026\/04\/EmFoco_22-4.jpg\" \/>\n\t<meta property=\"og:image:width\" content=\"1280\" \/>\n\t<meta property=\"og:image:height\" content=\"720\" \/>\n\t<meta property=\"og:image:type\" content=\"image\/jpeg\" \/>\n<meta name=\"author\" content=\"Daniely Cardoso\" \/>\n<meta name=\"twitter:card\" content=\"summary_large_image\" \/>\n<meta name=\"twitter:label1\" content=\"Escrito por\" \/>\n\t<meta name=\"twitter:data1\" content=\"Daniely Cardoso\" \/>\n\t<meta name=\"twitter:label2\" content=\"Est. tempo de leitura\" \/>\n\t<meta name=\"twitter:data2\" content=\"5 minutos\" \/>\n<!-- \/ Yoast SEO plugin. -->","yoast_head_json":{"title":"As bolsas que nunca saem de moda, o investimento em pe\u00e7as estruturadas que duram d\u00e9cadas - Estado de Minas - Em foco","description":"Conhe\u00e7a os modelos de bolsas cl\u00e1ssicas que nunca saem de moda e elevam seu visual. Invista em acess\u00f3rios atemporais.","robots":{"index":"index","follow":"follow","max-snippet":"max-snippet:-1","max-image-preview":"max-image-preview:large","max-video-preview":"max-video-preview:-1"},"canonical":"https:\/\/www.em.com.br\/emfoco\/2026\/04\/24\/as-bolsas-que-nunca-saem-de-moda-o-investimento-em-pecas-estruturadas-que-duram-decadas\/","og_locale":"pt_BR","og_type":"article","og_title":"As bolsas que nunca saem de moda, o investimento em pe\u00e7as estruturadas que duram d\u00e9cadas - Estado de Minas - Em foco","og_description":"Conhe\u00e7a os modelos de bolsas cl\u00e1ssicas que nunca saem de moda e elevam seu visual. Invista em acess\u00f3rios atemporais.","og_url":"https:\/\/www.em.com.br\/emfoco\/2026\/04\/24\/as-bolsas-que-nunca-saem-de-moda-o-investimento-em-pecas-estruturadas-que-duram-decadas\/","og_site_name":"Estado de Minas - Em foco","article_published_time":"2026-04-24T22:15:00+00:00","article_modified_time":"2026-04-23T17:26:54+00:00","og_image":[{"width":1280,"height":720,"url":"https:\/\/www.em.com.br\/emfoco\/wp-content\/uploads\/2026\/04\/EmFoco_22-4.jpg","type":"image\/jpeg"}],"author":"Daniely Cardoso","twitter_card":"summary_large_image","twitter_misc":{"Escrito por":"Daniely Cardoso","Est. tempo de leitura":"5 minutos"},"schema":{"@context":"https:\/\/schema.org","@graph":[{"@type":"WebPage","@id":"https:\/\/www.em.com.br\/emfoco\/2026\/04\/24\/as-bolsas-que-nunca-saem-de-moda-o-investimento-em-pecas-estruturadas-que-duram-decadas\/","url":"https:\/\/www.em.com.br\/emfoco\/2026\/04\/24\/as-bolsas-que-nunca-saem-de-moda-o-investimento-em-pecas-estruturadas-que-duram-decadas\/","name":"As bolsas que nunca saem de moda, o investimento em pe\u00e7as estruturadas que duram d\u00e9cadas - Estado de Minas - Em foco","isPartOf":{"@id":"https:\/\/www.em.com.br\/emfoco\/#website"},"primaryImageOfPage":{"@id":"https:\/\/www.em.com.br\/emfoco\/2026\/04\/24\/as-bolsas-que-nunca-saem-de-moda-o-investimento-em-pecas-estruturadas-que-duram-decadas\/#primaryimage"},"image":{"@id":"https:\/\/www.em.com.br\/emfoco\/2026\/04\/24\/as-bolsas-que-nunca-saem-de-moda-o-investimento-em-pecas-estruturadas-que-duram-decadas\/#primaryimage"},"thumbnailUrl":"https:\/\/www.em.com.br\/emfoco\/wp-content\/uploads\/2026\/04\/EmFoco_22-4.jpg","datePublished":"2026-04-24T22:15:00+00:00","dateModified":"2026-04-23T17:26:54+00:00","author":{"@id":"https:\/\/www.em.com.br\/emfoco\/#\/schema\/person\/0a8186d72f2c3a5c6276d90b41f271a0"},"description":"Conhe\u00e7a os modelos de bolsas cl\u00e1ssicas que nunca saem de moda e elevam seu visual. Invista em acess\u00f3rios atemporais.","breadcrumb":{"@id":"https:\/\/www.em.com.br\/emfoco\/2026\/04\/24\/as-bolsas-que-nunca-saem-de-moda-o-investimento-em-pecas-estruturadas-que-duram-decadas\/#breadcrumb"},"inLanguage":"pt-BR","potentialAction":[{"@type":"ReadAction","target":["https:\/\/www.em.com.br\/emfoco\/2026\/04\/24\/as-bolsas-que-nunca-saem-de-moda-o-investimento-em-pecas-estruturadas-que-duram-decadas\/"]}]},{"@type":"ImageObject","inLanguage":"pt-BR","@id":"https:\/\/www.em.com.br\/emfoco\/2026\/04\/24\/as-bolsas-que-nunca-saem-de-moda-o-investimento-em-pecas-estruturadas-que-duram-decadas\/#primaryimage","url":"https:\/\/www.em.com.br\/emfoco\/wp-content\/uploads\/2026\/04\/EmFoco_22-4.jpg","contentUrl":"https:\/\/www.em.com.br\/emfoco\/wp-content\/uploads\/2026\/04\/EmFoco_22-4.jpg","width":1280,"height":720,"caption":"Investimento em acess\u00f3rios de design estruturado garante eleg\u00e2ncia permanente em diferentes esta\u00e7\u00f5es"},{"@type":"BreadcrumbList","@id":"https:\/\/www.em.com.br\/emfoco\/2026\/04\/24\/as-bolsas-que-nunca-saem-de-moda-o-investimento-em-pecas-estruturadas-que-duram-decadas\/#breadcrumb","itemListElement":[{"@type":"ListItem","position":1,"name":"In\u00edcio","item":"https:\/\/www.em.com.br\/emfoco\/"},{"@type":"ListItem","position":2,"name":"As bolsas que nunca saem de moda, o investimento em pe\u00e7as estruturadas que duram d\u00e9cadas"}]},{"@type":"WebSite","@id":"https:\/\/www.em.com.br\/emfoco\/#website","url":"https:\/\/www.em.com.br\/emfoco\/","name":"Estado de Minas - Em foco","description":"Acompanhe as \u00faltimas not\u00edcias e fique bem informado sobre tudo o que acontece em Minas Gerais, Brasil e no mundo.","potentialAction":[{"@type":"SearchAction","target":{"@type":"EntryPoint","urlTemplate":"https:\/\/www.em.com.br\/emfoco\/?s={search_term_string}"},"query-input":{"@type":"PropertyValueSpecification","valueRequired":true,"valueName":"search_term_string"}}],"inLanguage":"pt-BR"},{"@type":"Person","@id":"https:\/\/www.em.com.br\/emfoco\/#\/schema\/person\/0a8186d72f2c3a5c6276d90b41f271a0","name":"Daniely Cardoso","image":{"@type":"ImageObject","inLanguage":"pt-BR","@id":"https:\/\/www.em.com.br\/emfoco\/#\/schema\/person\/image\/","url":"https:\/\/secure.gravatar.com\/avatar\/4b80ddbd124d1f071b626d52d62e5dff?s=96&d=mm&r=g","contentUrl":"https:\/\/secure.gravatar.com\/avatar\/4b80ddbd124d1f071b626d52d62e5dff?s=96&d=mm&r=g","caption":"Daniely Cardoso"},"url":"https:\/\/www.em.com.br\/emfoco\/author\/danielymyth\/"}]}},"_links":{"self":[{"href":"https:\/\/www.em.com.br\/emfoco\/wp-json\/wp\/v2\/posts\/197767","targetHints":{"allow":["GET"]}}],"collection":[{"href":"https:\/\/www.em.com.br\/emfoco\/wp-json\/wp\/v2\/posts"}],"about":[{"href":"https:\/\/www.em.com.br\/emfoco\/wp-json\/wp\/v2\/types\/post"}],"author":[{"embeddable":true,"href":"https:\/\/www.em.com.br\/emfoco\/wp-json\/wp\/v2\/users\/9"}],"replies":[{"embeddable":true,"href":"https:\/\/www.em.com.br\/emfoco\/wp-json\/wp\/v2\/comments?post=197767"}],"version-history":[{"count":1,"href":"https:\/\/www.em.com.br\/emfoco\/wp-json\/wp\/v2\/posts\/197767\/revisions"}],"predecessor-version":[{"id":197770,"href":"https:\/\/www.em.com.br\/emfoco\/wp-json\/wp\/v2\/posts\/197767\/revisions\/197770"}],"wp:featuredmedia":[{"embeddable":true,"href":"https:\/\/www.em.com.br\/emfoco\/wp-json\/wp\/v2\/media\/197937"}],"wp:attachment":[{"href":"https:\/\/www.em.com.br\/emfoco\/wp-json\/wp\/v2\/media?parent=197767"}],"wp:term":[{"taxonomy":"category","embeddable":true,"href":"https:\/\/www.em.com.br\/emfoco\/wp-json\/wp\/v2\/categories?post=197767"},{"taxonomy":"post_tag","embeddable":true,"href":"https:\/\/www.em.com.br\/emfoco\/wp-json\/wp\/v2\/tags?post=197767"}],"curies":[{"name":"wp","href":"https:\/\/api.w.org\/{rel}","templated":true}]}}