{"id":197762,"date":"2026-04-28T09:35:00","date_gmt":"2026-04-28T12:35:00","guid":{"rendered":"https:\/\/www.em.com.br\/emfoco\/?p=197762"},"modified":"2026-04-27T15:14:41","modified_gmt":"2026-04-27T18:14:41","slug":"vilas-esquecidas-do-interior-paulista-mostram-como-o-progresso-mudou-de-rota","status":"publish","type":"post","link":"https:\/\/www.em.com.br\/emfoco\/2026\/04\/28\/vilas-esquecidas-do-interior-paulista-mostram-como-o-progresso-mudou-de-rota\/","title":{"rendered":"Vilas esquecidas do interior paulista mostram como o progresso mudou de rota"},"content":{"rendered":"\n<p>Em muitas regi\u00f5es do Brasil, especialmente longe das capitais, existem pequenos n\u00facleos urbanos que parecem viver em pausa. N\u00e3o desapareceram do mapa: t\u00eam CEP, igreja, campo de futebol e linhas de \u00f4nibus espor\u00e1dicas, mas funcionam como mem\u00f3ria material de outro tempo. No interior de S\u00e3o Paulo, as chamadas <strong>vilas esquecidas<\/strong> do interior paulista ajudam a entender como decis\u00f5es econ\u00f4micas, mudan\u00e7as de rota e transforma\u00e7\u00f5es tecnol\u00f3gicas podem esvaziar comunidades que um dia j\u00e1 foram centros de intensa circula\u00e7\u00e3o.<\/p>\n\n\n\n<h2 class=\"wp-block-heading\">O que s\u00e3o as vilas esquecidas do interior paulista?<\/h2>\n\n\n\n<p>Quando se fala em <strong>vilas esquecidas<\/strong> do interior paulista, a express\u00e3o n\u00e3o se refere necessariamente a localidades abandonadas. Em geral, trata-se de distritos ou povoados ainda habitados, mas que perderam grande parte da fun\u00e7\u00e3o econ\u00f4mica que justificou sua cria\u00e7\u00e3o e a antiga relev\u00e2ncia regional.<\/p>\n\n\n\n<p>Muitos desses n\u00facleos nasceram no in\u00edcio do s\u00e9culo XX em torno de esta\u00e7\u00f5es ferrovi\u00e1rias ou ind\u00fastrias e chegaram a concentrar com\u00e9rcio ativo, escolas e vida comunit\u00e1ria intensa. Com o tempo, crises <a href=\"https:\/\/www.em.com.br\/emfoco\/2026\/04\/22\/por-que-essas-20-frutas-do-quintal-da-vovo-desapareceram-do-brasil-e-quase-sairam-da-memoria\/\" target=\"_blank\" rel=\"noreferrer noopener\">agr\u00edcolas<\/a>, mecaniza\u00e7\u00e3o no campo, fechamento de f\u00e1bricas e migra\u00e7\u00e3o em massa para cidades maiores reduziram o n\u00famero de moradores e a din\u00e2mica cotidiana.<\/p>\n\n\n\n<figure class=\"wp-block-image size-large\"><img loading=\"lazy\" decoding=\"async\" width=\"1024\" height=\"576\" src=\"https:\/\/www.em.com.br\/emfoco\/wp-content\/uploads\/2026\/04\/Texto-do-seu-paragrafo-2026-04-23T102546.319-1024x576.jpg\" alt=\"Vilas esquecidas do interior paulista mostram como o progresso mudou de rota\" class=\"wp-image-197775\" srcset=\"https:\/\/www.em.com.br\/emfoco\/wp-content\/uploads\/2026\/04\/Texto-do-seu-paragrafo-2026-04-23T102546.319-1024x576.jpg 1024w, https:\/\/www.em.com.br\/emfoco\/wp-content\/uploads\/2026\/04\/Texto-do-seu-paragrafo-2026-04-23T102546.319-300x169.jpg 300w, https:\/\/www.em.com.br\/emfoco\/wp-content\/uploads\/2026\/04\/Texto-do-seu-paragrafo-2026-04-23T102546.319-768x432.jpg 768w, https:\/\/www.em.com.br\/emfoco\/wp-content\/uploads\/2026\/04\/Texto-do-seu-paragrafo-2026-04-23T102546.319-750x422.jpg 750w, https:\/\/www.em.com.br\/emfoco\/wp-content\/uploads\/2026\/04\/Texto-do-seu-paragrafo-2026-04-23T102546.319-1140x641.jpg 1140w, https:\/\/www.em.com.br\/emfoco\/wp-content\/uploads\/2026\/04\/Texto-do-seu-paragrafo-2026-04-23T102546.319.jpg 1280w\" sizes=\"auto, (max-width: 1024px) 100vw, 1024px\" \/><figcaption class=\"wp-element-caption\">O abandono dessas vilas paulistas revela como cidades podem perder sua fun\u00e7\u00e3o<\/figcaption><\/figure>\n\n\n\n<h2 class=\"wp-block-heading\">Como vilas como Sussu\u00ed e Sapezal surgiram e perderam import\u00e2ncia?<\/h2>\n\n\n\n<p>Entre as <em>vilas quase apagadas<\/em> do interior de S\u00e3o Paulo, Sussu\u00ed ilustra com clareza o impacto da <strong>ferrovia<\/strong> na forma\u00e7\u00e3o de comunidades. O distrito cresceu em torno da esta\u00e7\u00e3o inaugurada em 1914, na antiga Estrada de Ferro Sorocabana, que atraiu trabalhadores, com\u00e9rcio, servi\u00e7os e ciclos produtivos de caf\u00e9, madeira, mandioca, farinha e amido.<\/p>\n\n\n\n<p>Com o avan\u00e7o das rodovias e a perda de protagonismo do trem, o fluxo de cargas e passageiros diminuiu, agravado pela <strong>Geada Negra<\/strong> de 1975, que atingiu lavouras de caf\u00e9 em S\u00e3o Paulo e no Paran\u00e1. Em Sapezal, a esta\u00e7\u00e3o da Sorocabana inaugurada em 1916 impulsionou o povoado, que chegou a ser sede municipal na d\u00e9cada de 1930, mas depois voltou \u00e0 condi\u00e7\u00e3o de distrito, perdendo investimentos e parte de sua centralidade.<\/p>\n\n\n\n<h2 class=\"wp-block-heading\">Quais fatores explicam o esvaziamento de Sussu\u00ed, Sapezal e outras vilas?<\/h2>\n\n\n\n<p>O encolhimento dessas localidades n\u00e3o ocorreu de forma abrupta, mas por etapas sucessivas de perda de fun\u00e7\u00f5es <a href=\"https:\/\/www.em.com.br\/emfoco\/2026\/04\/22\/esse-mel-raro-do-himalaia-chama-atencao-pelo-risco-da-coleta-e-pelos-efeitos-no-corpo\/\" target=\"_blank\" rel=\"noreferrer noopener\">econ\u00f4micas <\/a>e servi\u00e7os p\u00fablicos. Primeiro, enfraquece a atividade principal; depois, fecham-se reparti\u00e7\u00f5es, escolas e com\u00e9rcios, levando jovens e fam\u00edlias inteiras a migrar para cidades com mais trabalho e estudo.<\/p>\n\n\n\n<p>Em muitos casos, a combina\u00e7\u00e3o de crises produtivas e mudan\u00e7as na infraestrutura regional se repete. Abaixo, alguns dos fatores mais recorrentes no processo de esvaziamento das <strong>vilas esquecidas<\/strong> do interior paulista:<\/p>\n\n\n\n<ul class=\"wp-block-list\">\n<li>Mudan\u00e7a do transporte ferrovi\u00e1rio para rodovi\u00e1rio, desviando <strong>cargas<\/strong> e passageiros.<\/li>\n\n\n\n<li>Fechamento ou redu\u00e7\u00e3o de f\u00e1bricas, usinas e agroind\u00fastrias locais.<\/li>\n\n\n\n<li>Crises agr\u00edcolas, geadas e flutua\u00e7\u00f5es de pre\u00e7os que afetam lavouras tradicionais.<\/li>\n\n\n\n<li><strong>Mecaniza\u00e7\u00e3o<\/strong> do campo, reduzindo a necessidade de m\u00e3o de obra rural.<\/li>\n\n\n\n<li>Migra\u00e7\u00e3o para cidades m\u00e9dias e grandes em busca de emprego e servi\u00e7os.<\/li>\n<\/ul>\n\n\n\n<p>Conte\u00fado do canal <strong>Boa Sorte Viajante &#8211; Matheus Boa Sorte<\/strong>, com mais de 887 mil de inscritos e cerca de 236 mil de visualiza\u00e7\u00f5es:<\/p>\n\n\n\n<figure class=\"wp-block-embed is-type-video is-provider-youtube wp-block-embed-youtube wp-embed-aspect-16-9 wp-has-aspect-ratio\"><div class=\"wp-block-embed__wrapper\">\n<div class=\"jeg_video_container jeg_video_content\"><iframe loading=\"lazy\" title=\"Por que 90% das pessoas FORAM EMBORA?\" width=\"500\" height=\"281\" src=\"https:\/\/www.youtube.com\/embed\/MxkRuQYAskw?feature=oembed\" frameborder=\"0\" allow=\"accelerometer; autoplay; clipboard-write; encrypted-media; gyroscope; picture-in-picture; web-share\" referrerpolicy=\"strict-origin-when-cross-origin\" allowfullscreen><\/iframe><\/div>\n<\/div><\/figure>\n\n\n\n<h2 class=\"wp-block-heading\">Por que Vila \u00c9lvio parece parada no tempo?<\/h2>\n\n\n\n<p>Diferente de outros exemplos de <strong>vilas esquecidas<\/strong> do interior paulista, Vila \u00c9lvio n\u00e3o nasceu de forma totalmente espont\u00e2nea. Em Piedade, munic\u00edpio serrano, a localidade se desenvolveu em torno de uma ind\u00fastria de m\u00f3veis e de uma col\u00f4nia associada \u00e0 imigra\u00e7\u00e3o italiana, com tra\u00e7os t\u00edpicos de vila oper\u00e1ria planejada.<\/p>\n\n\n\n<p>Com o decl\u00ednio da atividade industrial, o fluxo de <a href=\"https:\/\/www.piedade.sp.gov.br\/portal\/noticias\/0\/3\/1094\/proximo-prefeitura-vai-ao-bairro-acontece-neste-sabado-28-na-vila-elvio\" target=\"_blank\" rel=\"noreferrer noopener\">trabalhadores <\/a>diminuiu e muitas fam\u00edlias se mudaram para centros urbanos maiores. O n\u00facleo, por\u00e9m, preservou casario hist\u00f3rico, igreja, ruas estreitas e paisagem serrana, integrando o transporte p\u00fablico de Piedade e recebendo visitantes interessados em <strong>turismo rural<\/strong>, hist\u00f3rico e produ\u00e7\u00f5es audiovisuais.<\/p>\n\n\n\n<h2 class=\"wp-block-heading\">Quem decidiu ficar nas vilas esquecidas e como \u00e9 a vida hoje?<\/h2>\n\n\n\n<p>Nas <strong>vilas esquecidas<\/strong> do interior paulista, a popula\u00e7\u00e3o que permanece costuma reunir moradores ligados a atividades rurais, pequenos com\u00e9rcios e v\u00ednculos afetivos profundos com o lugar. Em Sussu\u00ed, Sapezal e Vila \u00c9lvio, bares ainda abrem as portas, festas religiosas seguem no calend\u00e1rio e antigas esta\u00e7\u00f5es ou capelas s\u00e3o preservadas pela comunidade.<\/p>\n\n\n\n<p>A insist\u00eancia de quem escolheu ficar \u2014 cultivando a terra, mantendo linhas de \u00f4nibus, recebendo turistas e cuidando de pr\u00e9dios hist\u00f3ricos \u2014 mostra que esses distritos continuam em <strong>transforma\u00e7\u00e3o<\/strong>, ainda que em ritmo mais lento. Nessas <em>vilas quase esquecidas<\/em>, passado e presente convivem de forma intensa, revelando como o pa\u00eds lidou, e ainda lida, com mudan\u00e7as em sua base produtiva e territorial.<\/p>\n","protected":false},"excerpt":{"rendered":"<p>Em muitas regi\u00f5es do Brasil, especialmente longe das capitais, existem pequenos n\u00facleos urbanos que parecem viver em pausa. N\u00e3o desapareceram do mapa: t\u00eam CEP, igreja, campo de futebol e linhas de \u00f4nibus espor\u00e1dicas, mas funcionam como mem\u00f3ria material de outro tempo. No interior de S\u00e3o Paulo, as chamadas vilas esquecidas do interior paulista ajudam a [&hellip;]<\/p>\n","protected":false},"author":15,"featured_media":200565,"comment_status":"open","ping_status":"open","sticky":false,"template":"","format":"standard","meta":{"jnews-multi-image_gallery":[],"jnews_single_post":{"format":"standard"},"jnews_primary_category":[],"jnews_social_meta":[],"jnews_override_counter":[],"footnotes":""},"categories":[8819],"tags":[158,183,157],"class_list":["post-197762","post","type-post","status-publish","format-standard","has-post-thumbnail","hentry","category-curiosidades","tag-brasil","tag-cidades","tag-turismo"],"yoast_head":"<!-- This site is optimized with the Yoast SEO plugin v23.8 - https:\/\/yoast.com\/wordpress\/plugins\/seo\/ -->\n<title>Vilas esquecidas do interior paulista mostram como o progresso mudou de rota - Estado de Minas - Em foco<\/title>\n<meta name=\"description\" content=\"Vilas do interior paulista perderam popula\u00e7\u00e3o com o fim da ferrovia e mudan\u00e7as econ\u00f4micas, mas ainda guardam hist\u00f3rias e mem\u00f3ria\" \/>\n<meta name=\"robots\" content=\"index, follow, max-snippet:-1, max-image-preview:large, max-video-preview:-1\" \/>\n<link rel=\"canonical\" href=\"https:\/\/www.em.com.br\/emfoco\/2026\/04\/28\/vilas-esquecidas-do-interior-paulista-mostram-como-o-progresso-mudou-de-rota\/\" \/>\n<meta property=\"og:locale\" content=\"pt_BR\" \/>\n<meta property=\"og:type\" content=\"article\" \/>\n<meta property=\"og:title\" content=\"Vilas esquecidas do interior paulista mostram como o progresso mudou de rota - Estado de Minas - Em foco\" \/>\n<meta property=\"og:description\" content=\"Vilas do interior paulista perderam popula\u00e7\u00e3o com o fim da ferrovia e mudan\u00e7as econ\u00f4micas, mas ainda guardam hist\u00f3rias e mem\u00f3ria\" \/>\n<meta property=\"og:url\" content=\"https:\/\/www.em.com.br\/emfoco\/2026\/04\/28\/vilas-esquecidas-do-interior-paulista-mostram-como-o-progresso-mudou-de-rota\/\" \/>\n<meta property=\"og:site_name\" content=\"Estado de Minas - Em foco\" \/>\n<meta property=\"article:published_time\" content=\"2026-04-28T12:35:00+00:00\" \/>\n<meta property=\"article:modified_time\" content=\"2026-04-27T18:14:41+00:00\" \/>\n<meta property=\"og:image\" content=\"https:\/\/www.em.com.br\/emfoco\/wp-content\/uploads\/2026\/04\/EmFoco_04-10.jpg\" \/>\n\t<meta property=\"og:image:width\" content=\"1280\" \/>\n\t<meta property=\"og:image:height\" content=\"720\" \/>\n\t<meta property=\"og:image:type\" content=\"image\/jpeg\" \/>\n<meta name=\"author\" content=\"Douglas Myth\" \/>\n<meta name=\"twitter:card\" content=\"summary_large_image\" \/>\n<meta name=\"twitter:label1\" content=\"Escrito por\" \/>\n\t<meta name=\"twitter:data1\" content=\"Douglas Myth\" \/>\n\t<meta name=\"twitter:label2\" content=\"Est. tempo de leitura\" \/>\n\t<meta name=\"twitter:data2\" content=\"5 minutos\" \/>\n<!-- \/ Yoast SEO plugin. -->","yoast_head_json":{"title":"Vilas esquecidas do interior paulista mostram como o progresso mudou de rota - Estado de Minas - Em foco","description":"Vilas do interior paulista perderam popula\u00e7\u00e3o com o fim da ferrovia e mudan\u00e7as econ\u00f4micas, mas ainda guardam hist\u00f3rias e mem\u00f3ria","robots":{"index":"index","follow":"follow","max-snippet":"max-snippet:-1","max-image-preview":"max-image-preview:large","max-video-preview":"max-video-preview:-1"},"canonical":"https:\/\/www.em.com.br\/emfoco\/2026\/04\/28\/vilas-esquecidas-do-interior-paulista-mostram-como-o-progresso-mudou-de-rota\/","og_locale":"pt_BR","og_type":"article","og_title":"Vilas esquecidas do interior paulista mostram como o progresso mudou de rota - Estado de Minas - Em foco","og_description":"Vilas do interior paulista perderam popula\u00e7\u00e3o com o fim da ferrovia e mudan\u00e7as econ\u00f4micas, mas ainda guardam hist\u00f3rias e mem\u00f3ria","og_url":"https:\/\/www.em.com.br\/emfoco\/2026\/04\/28\/vilas-esquecidas-do-interior-paulista-mostram-como-o-progresso-mudou-de-rota\/","og_site_name":"Estado de Minas - Em foco","article_published_time":"2026-04-28T12:35:00+00:00","article_modified_time":"2026-04-27T18:14:41+00:00","og_image":[{"width":1280,"height":720,"url":"https:\/\/www.em.com.br\/emfoco\/wp-content\/uploads\/2026\/04\/EmFoco_04-10.jpg","type":"image\/jpeg"}],"author":"Douglas Myth","twitter_card":"summary_large_image","twitter_misc":{"Escrito por":"Douglas Myth","Est. tempo de leitura":"5 minutos"},"schema":{"@context":"https:\/\/schema.org","@graph":[{"@type":"WebPage","@id":"https:\/\/www.em.com.br\/emfoco\/2026\/04\/28\/vilas-esquecidas-do-interior-paulista-mostram-como-o-progresso-mudou-de-rota\/","url":"https:\/\/www.em.com.br\/emfoco\/2026\/04\/28\/vilas-esquecidas-do-interior-paulista-mostram-como-o-progresso-mudou-de-rota\/","name":"Vilas esquecidas do interior paulista mostram como o progresso mudou de rota - Estado de Minas - Em foco","isPartOf":{"@id":"https:\/\/www.em.com.br\/emfoco\/#website"},"primaryImageOfPage":{"@id":"https:\/\/www.em.com.br\/emfoco\/2026\/04\/28\/vilas-esquecidas-do-interior-paulista-mostram-como-o-progresso-mudou-de-rota\/#primaryimage"},"image":{"@id":"https:\/\/www.em.com.br\/emfoco\/2026\/04\/28\/vilas-esquecidas-do-interior-paulista-mostram-como-o-progresso-mudou-de-rota\/#primaryimage"},"thumbnailUrl":"https:\/\/www.em.com.br\/emfoco\/wp-content\/uploads\/2026\/04\/EmFoco_04-10.jpg","datePublished":"2026-04-28T12:35:00+00:00","dateModified":"2026-04-27T18:14:41+00:00","author":{"@id":"https:\/\/www.em.com.br\/emfoco\/#\/schema\/person\/bba594b7eebe9b9885fec3a5c7837089"},"description":"Vilas do interior paulista perderam popula\u00e7\u00e3o com o fim da ferrovia e mudan\u00e7as econ\u00f4micas, mas ainda guardam hist\u00f3rias e mem\u00f3ria","breadcrumb":{"@id":"https:\/\/www.em.com.br\/emfoco\/2026\/04\/28\/vilas-esquecidas-do-interior-paulista-mostram-como-o-progresso-mudou-de-rota\/#breadcrumb"},"inLanguage":"pt-BR","potentialAction":[{"@type":"ReadAction","target":["https:\/\/www.em.com.br\/emfoco\/2026\/04\/28\/vilas-esquecidas-do-interior-paulista-mostram-como-o-progresso-mudou-de-rota\/"]}]},{"@type":"ImageObject","inLanguage":"pt-BR","@id":"https:\/\/www.em.com.br\/emfoco\/2026\/04\/28\/vilas-esquecidas-do-interior-paulista-mostram-como-o-progresso-mudou-de-rota\/#primaryimage","url":"https:\/\/www.em.com.br\/emfoco\/wp-content\/uploads\/2026\/04\/EmFoco_04-10.jpg","contentUrl":"https:\/\/www.em.com.br\/emfoco\/wp-content\/uploads\/2026\/04\/EmFoco_04-10.jpg","width":1280,"height":720,"caption":"Transforma\u00e7\u00f5es econ\u00f4micas e ferrovi\u00e1rias moldaram o esvaziamento de antigos povoados no interior"},{"@type":"BreadcrumbList","@id":"https:\/\/www.em.com.br\/emfoco\/2026\/04\/28\/vilas-esquecidas-do-interior-paulista-mostram-como-o-progresso-mudou-de-rota\/#breadcrumb","itemListElement":[{"@type":"ListItem","position":1,"name":"In\u00edcio","item":"https:\/\/www.em.com.br\/emfoco\/"},{"@type":"ListItem","position":2,"name":"Vilas esquecidas do interior paulista mostram como o progresso mudou de rota"}]},{"@type":"WebSite","@id":"https:\/\/www.em.com.br\/emfoco\/#website","url":"https:\/\/www.em.com.br\/emfoco\/","name":"Estado de Minas - Em foco","description":"Acompanhe as \u00faltimas not\u00edcias e fique bem informado sobre tudo o que acontece em Minas Gerais, Brasil e no mundo.","potentialAction":[{"@type":"SearchAction","target":{"@type":"EntryPoint","urlTemplate":"https:\/\/www.em.com.br\/emfoco\/?s={search_term_string}"},"query-input":{"@type":"PropertyValueSpecification","valueRequired":true,"valueName":"search_term_string"}}],"inLanguage":"pt-BR"},{"@type":"Person","@id":"https:\/\/www.em.com.br\/emfoco\/#\/schema\/person\/bba594b7eebe9b9885fec3a5c7837089","name":"Douglas Myth","image":{"@type":"ImageObject","inLanguage":"pt-BR","@id":"https:\/\/www.em.com.br\/emfoco\/#\/schema\/person\/image\/","url":"https:\/\/secure.gravatar.com\/avatar\/1ac3cf50d0e68642c697dc0c960c802f?s=96&d=mm&r=g","contentUrl":"https:\/\/secure.gravatar.com\/avatar\/1ac3cf50d0e68642c697dc0c960c802f?s=96&d=mm&r=g","caption":"Douglas Myth"},"url":"https:\/\/www.em.com.br\/emfoco\/author\/douglasmyth\/"}]}},"_links":{"self":[{"href":"https:\/\/www.em.com.br\/emfoco\/wp-json\/wp\/v2\/posts\/197762","targetHints":{"allow":["GET"]}}],"collection":[{"href":"https:\/\/www.em.com.br\/emfoco\/wp-json\/wp\/v2\/posts"}],"about":[{"href":"https:\/\/www.em.com.br\/emfoco\/wp-json\/wp\/v2\/types\/post"}],"author":[{"embeddable":true,"href":"https:\/\/www.em.com.br\/emfoco\/wp-json\/wp\/v2\/users\/15"}],"replies":[{"embeddable":true,"href":"https:\/\/www.em.com.br\/emfoco\/wp-json\/wp\/v2\/comments?post=197762"}],"version-history":[{"count":2,"href":"https:\/\/www.em.com.br\/emfoco\/wp-json\/wp\/v2\/posts\/197762\/revisions"}],"predecessor-version":[{"id":197780,"href":"https:\/\/www.em.com.br\/emfoco\/wp-json\/wp\/v2\/posts\/197762\/revisions\/197780"}],"wp:featuredmedia":[{"embeddable":true,"href":"https:\/\/www.em.com.br\/emfoco\/wp-json\/wp\/v2\/media\/200565"}],"wp:attachment":[{"href":"https:\/\/www.em.com.br\/emfoco\/wp-json\/wp\/v2\/media?parent=197762"}],"wp:term":[{"taxonomy":"category","embeddable":true,"href":"https:\/\/www.em.com.br\/emfoco\/wp-json\/wp\/v2\/categories?post=197762"},{"taxonomy":"post_tag","embeddable":true,"href":"https:\/\/www.em.com.br\/emfoco\/wp-json\/wp\/v2\/tags?post=197762"}],"curies":[{"name":"wp","href":"https:\/\/api.w.org\/{rel}","templated":true}]}}