{"id":197758,"date":"2026-04-24T18:15:00","date_gmt":"2026-04-24T21:15:00","guid":{"rendered":"https:\/\/www.em.com.br\/emfoco\/?p=197758"},"modified":"2026-04-23T14:28:08","modified_gmt":"2026-04-23T17:28:08","slug":"estes-4-aliados-poderosos-estimulam-o-colageno-e-combatem-o-envelhecimento-da-pele-de-forma-essencial","status":"publish","type":"post","link":"https:\/\/www.em.com.br\/emfoco\/2026\/04\/24\/estes-4-aliados-poderosos-estimulam-o-colageno-e-combatem-o-envelhecimento-da-pele-de-forma-essencial\/","title":{"rendered":"Estes 4 aliados poderosos estimulam o col\u00e1geno e combatem o envelhecimento da pele de forma essencial"},"content":{"rendered":"\n<p>Voc\u00ea aplica o hidratante favorito e percebe que os <strong>\u00f3leos que ajudam na elasticidade da pele<\/strong> fazem falta quando a firmeza do rosto parece diminuir. Ser\u00e1 que existe um segredo natural capaz de devolver o vi\u00e7o que o tempo insiste em transformar de forma sutil?<\/p>\n\n\n\n<h2 class=\"wp-block-heading\">Por que usar \u00f3leos que ajudam na elasticidade da pele agora<\/h2>\n\n\n\n<p>O processo de matura\u00e7\u00e3o da derme exige uma reposi\u00e7\u00e3o lip\u00eddica mais intensa ap\u00f3s os quarenta anos. Nutrientes vegetais penetram profundamente para <strong>estimular a regenera\u00e7\u00e3o<\/strong> das fibras de col\u00e1geno natural. Essa a\u00e7\u00e3o direta promove uma <strong>apar\u00eancia firme<\/strong> e saud\u00e1vel de maneira vis\u00edvel para quem observa.<\/p>\n\n\n\n<p>A barreira protetora da face precisa de \u00e1cidos graxos para evitar o ressecamento excessivo em dias frios. \u00d3leos naturais criam uma <strong>camada de prote\u00e7\u00e3o<\/strong> que ret\u00e9m a umidade interna por muito mais tempo. O resultado aparece como uma <strong>textura sedosa<\/strong> e rejuvenescida em poucas semanas de uso cont\u00ednuo.<\/p>\n\n\n<div class=\"wp-block-image\">\n<figure class=\"aligncenter size-large\"><img loading=\"lazy\" decoding=\"async\" width=\"1024\" height=\"576\" src=\"https:\/\/www.em.com.br\/emfoco\/wp-content\/uploads\/2026\/04\/oleos-que-ajudam-na-elasticidade-da-pele-1024x576.jpg\" alt=\"\u00f3leos que ajudam na elasticidade da pele\" class=\"wp-image-197763\" srcset=\"https:\/\/www.em.com.br\/emfoco\/wp-content\/uploads\/2026\/04\/oleos-que-ajudam-na-elasticidade-da-pele-1024x576.jpg 1024w, https:\/\/www.em.com.br\/emfoco\/wp-content\/uploads\/2026\/04\/oleos-que-ajudam-na-elasticidade-da-pele-300x169.jpg 300w, https:\/\/www.em.com.br\/emfoco\/wp-content\/uploads\/2026\/04\/oleos-que-ajudam-na-elasticidade-da-pele-768x432.jpg 768w, https:\/\/www.em.com.br\/emfoco\/wp-content\/uploads\/2026\/04\/oleos-que-ajudam-na-elasticidade-da-pele-750x422.jpg 750w, https:\/\/www.em.com.br\/emfoco\/wp-content\/uploads\/2026\/04\/oleos-que-ajudam-na-elasticidade-da-pele-1140x641.jpg 1140w, https:\/\/www.em.com.br\/emfoco\/wp-content\/uploads\/2026\/04\/oleos-que-ajudam-na-elasticidade-da-pele.jpg 1280w\" sizes=\"auto, (max-width: 1024px) 100vw, 1024px\" \/><figcaption class=\"wp-element-caption\">A barreira protetora da face precisa de \u00e1cidos graxos para evitar o ressecamento excessivo em dias frios.<\/figcaption><\/figure><\/div>\n\n\n<p>Leia tamb\u00e9m: <a href=\"https:\/\/www.em.com.br\/emfoco\/2026\/04\/04\/a-folha-dessa-fruta-pode-aliviar-ondas-de-calor-e-ajudar-mulheres-na-menopausa-2\/\" target=\"_blank\" rel=\"noreferrer noopener\">Adeus calor! Os benef\u00edcios da folha de amora na menopausa para um auto cuidado simples<\/a><\/p>\n\n\n\n<h2 class=\"wp-block-heading\">Conhe\u00e7a os benef\u00edcios da rosa mosqueta e da semente de uva<\/h2>\n\n\n\n<p>O \u00f3leo de rosa mosqueta \u00e9 amplamente celebrado por sua alta concentra\u00e7\u00e3o de vitamina A e \u00f4megas ben\u00e9ficos. Ele atua na <strong>atenua\u00e7\u00e3o de rugas<\/strong> finas enquanto promove uma renova\u00e7\u00e3o celular constante e potente. Sua aplica\u00e7\u00e3o regular garante uma <strong>uniformidade incr\u00edvel<\/strong> no tom natural da sua pele madura.<\/p>\n\n\n\n<p>J\u00e1 o \u00f3leo de semente de uva oferece uma prote\u00e7\u00e3o antioxidante superior contra os danos causados pelo sol. Ele ajuda a <strong>fortalecer os tecidos<\/strong> sem deixar aquele aspecto pesado ou excessivamente brilhoso no rosto. Abaixo, listamos quatro op\u00e7\u00f5es poderosas para quem deseja iniciar esse <strong>cuidado facial<\/strong> completo e eficiente:<\/p>\n\n\n\n<ul class=\"wp-block-list\">\n<li>\u00d3leo de Rosa Mosqueta para <strong>regenera\u00e7\u00e3o tecidual<\/strong> profunda e eficaz.<\/li>\n\n\n\n<li>\u00d3leo de Semente de Uva para <strong>combater radicais livres<\/strong> diariamente.<\/li>\n\n\n\n<li>\u00d3leo de Argan para <strong>nutri\u00e7\u00e3o intensa<\/strong> e brilho imediato.<\/li>\n\n\n\n<li>\u00d3leo de Rom\u00e3 para <strong>estimular o col\u00e1geno<\/strong> em peles maduras.<\/li>\n<\/ul>\n\n\n\n<figure class=\"wp-block-embed is-type-rich is-provider-pinterest wp-block-embed-pinterest\"><div class=\"wp-block-embed__wrapper\">\n<iframe loading=\"lazy\" title=\"Ol\u00e9o e sua fun\u00e7\u00e3o\" src=\"https:\/\/assets.pinterest.com\/ext\/embed.html?id=851391504597450090&#038;src=oembed\" height=\"663\" width=\"450\" frameborder=\"0\" scrolling=\"no\" ><\/iframe>\n<\/div><\/figure>\n\n\n\n<h2 class=\"wp-block-heading\">Como o argan e a rom\u00e3 trazem \u00f3leos que ajudam na elasticidade da pele<\/h2>\n\n\n\n<p>Frequentemente chamado de ouro l\u00edquido, o \u00f3leo de argan \u00e9 rico em vitamina E para combater o envelhecimento. Ele melhora a <strong>flexibilidade cut\u00e2nea<\/strong> e previne a descama\u00e7\u00e3o em \u00e1reas sens\u00edveis como as bochechas. O uso noturno favorece um <strong>descanso reparador<\/strong> com resultados n\u00edtidos ao acordar pela manh\u00e3.<\/p>\n\n\n\n<p>O \u00f3leo de rom\u00e3 cont\u00e9m \u00e1cido p\u00fanico que atua diretamente na redu\u00e7\u00e3o de inflama\u00e7\u00f5es silenciosas da derme. Esse componente raro ajuda a <strong>espessar a epiderme<\/strong> que tende a ficar mais fina com a idade. Voc\u00ea sentir\u00e1 uma <strong>sustenta\u00e7\u00e3o refor\u00e7ada<\/strong> ao incluir esse ingrediente na sua massagem facial rotineira.<\/p>\n\n\n\n<p>Para voc\u00ea que gosta de se cuidar, separamos um v\u00eddeo do canal da <a href=\"https:\/\/www.youtube.com\/@TalitaRodrigues\" target=\"_blank\" rel=\"noreferrer noopener\">Talita Rodrigues <\/a>com dicas de \u00f3leos para a pele:<\/p>\n\n\n\n<figure class=\"wp-block-embed is-type-video is-provider-youtube wp-block-embed-youtube wp-embed-aspect-16-9 wp-has-aspect-ratio\"><div class=\"wp-block-embed__wrapper\">\n<div class=\"jeg_video_container jeg_video_content\"><iframe loading=\"lazy\" title=\"\u00d3LEOS PARA PELE OLEOSA, PELE ACNEICA, SECA, MADURA E SENS\u00cdVEL | Dica de Esteticista (Parte I)\" width=\"500\" height=\"281\" src=\"https:\/\/www.youtube.com\/embed\/C1_HE6Qa1h8?feature=oembed\" frameborder=\"0\" allow=\"accelerometer; autoplay; clipboard-write; encrypted-media; gyroscope; picture-in-picture; web-share\" referrerpolicy=\"strict-origin-when-cross-origin\" allowfullscreen><\/iframe><\/div>\n<\/div><\/figure>\n\n\n\n<h2 class=\"wp-block-heading\">Saiba aplicar \u00f3leos que ajudam na elasticidade da pele<\/h2>\n\n\n\n<p>O segredo para o sucesso total reside na aplica\u00e7\u00e3o suave sobre a derme levemente umedecida. Realizar movimentos circulares para cima ajuda a <strong>drenar o rosto<\/strong> e reduzir o incha\u00e7o matinal inc\u00f4modo. Essa t\u00e9cnica simples otimiza a <strong>entrega de ativos<\/strong> nas camadas onde eles s\u00e3o mais necess\u00e1rios.<\/p>\n\n\n\n<p>Apenas algumas gotas misturadas ao seu creme hidratante habitual elevam o n\u00edvel do seu tratamento dom\u00e9stico. Evite o contato direto do conta-gotas com as m\u00e3os para <strong>manter a pureza<\/strong> total do frasco original. Esse h\u00e1bito di\u00e1rio constr\u00f3i uma <strong>resili\u00eancia facial<\/strong> invej\u00e1vel contra os efeitos do tempo externo e polui\u00e7\u00e3o.<\/p>\n\n\n\n<h2 class=\"wp-block-heading\">Transforme sua rotina de beleza hoje<\/h2>\n\n\n\n<p>Valorize os momentos de cuidado pessoal como uma forma de honrar sua pr\u00f3pria trajet\u00f3ria. Pequenas mudan\u00e7as nos h\u00e1bitos trazem <strong>resultados duradouros<\/strong> e muita satisfa\u00e7\u00e3o interna. Sinta a diferen\u00e7a de uma <strong>pele nutrida<\/strong> e radiante.<\/p>\n\n\n\n<p>Escolha o produto que melhor se adapta ao seu estilo de vida atual. A consist\u00eancia no uso desses recursos promove um <strong>bem-estar profundo<\/strong> e vis\u00edvel. Celebre sua maturidade com <strong>brilho e vitalidade<\/strong> todos os dias.<\/p>\n","protected":false},"excerpt":{"rendered":"<p>Voc\u00ea aplica o hidratante favorito e percebe que os \u00f3leos que ajudam na elasticidade da pele fazem falta quando a firmeza do rosto parece diminuir. Ser\u00e1 que existe um segredo natural capaz de devolver o vi\u00e7o que o tempo insiste em transformar de forma sutil? Por que usar \u00f3leos que ajudam na elasticidade da pele [&hellip;]<\/p>\n","protected":false},"author":9,"featured_media":197942,"comment_status":"open","ping_status":"open","sticky":false,"template":"","format":"standard","meta":{"jnews-multi-image_gallery":[],"jnews_single_post":{"format":"standard"},"jnews_primary_category":[],"jnews_social_meta":[],"jnews_override_counter":[],"footnotes":""},"categories":[8691,29],"tags":[21796,5144,27716],"class_list":["post-197758","post","type-post","status-publish","format-standard","has-post-thumbnail","hentry","category-bem-estar","category-entretenimento","tag-cuidados-com-o-rosto","tag-oleos-vegetais","tag-rejuvenescimento-natural"],"yoast_head":"<!-- This site is optimized with the Yoast SEO plugin v23.8 - https:\/\/yoast.com\/wordpress\/plugins\/seo\/ -->\n<title>Estes 4 aliados poderosos estimulam o col\u00e1geno e combatem o envelhecimento da pele de forma essencial - Estado de Minas - Em foco<\/title>\n<meta name=\"description\" content=\"Aprenda como usar \u00f3leos que ajudam na elasticidade da pele para manter o rosto firme. Conhe\u00e7a as quatro melhores op\u00e7\u00f5es naturais.\" \/>\n<meta name=\"robots\" content=\"index, follow, max-snippet:-1, max-image-preview:large, max-video-preview:-1\" \/>\n<link rel=\"canonical\" href=\"https:\/\/www.em.com.br\/emfoco\/2026\/04\/24\/estes-4-aliados-poderosos-estimulam-o-colageno-e-combatem-o-envelhecimento-da-pele-de-forma-essencial\/\" \/>\n<meta property=\"og:locale\" content=\"pt_BR\" \/>\n<meta property=\"og:type\" content=\"article\" \/>\n<meta property=\"og:title\" content=\"Estes 4 aliados poderosos estimulam o col\u00e1geno e combatem o envelhecimento da pele de forma essencial - Estado de Minas - Em foco\" \/>\n<meta property=\"og:description\" content=\"Aprenda como usar \u00f3leos que ajudam na elasticidade da pele para manter o rosto firme. Conhe\u00e7a as quatro melhores op\u00e7\u00f5es naturais.\" \/>\n<meta property=\"og:url\" content=\"https:\/\/www.em.com.br\/emfoco\/2026\/04\/24\/estes-4-aliados-poderosos-estimulam-o-colageno-e-combatem-o-envelhecimento-da-pele-de-forma-essencial\/\" \/>\n<meta property=\"og:site_name\" content=\"Estado de Minas - Em foco\" \/>\n<meta property=\"article:published_time\" content=\"2026-04-24T21:15:00+00:00\" \/>\n<meta property=\"article:modified_time\" content=\"2026-04-23T17:28:08+00:00\" \/>\n<meta property=\"og:image\" content=\"https:\/\/www.em.com.br\/emfoco\/wp-content\/uploads\/2026\/04\/EmFoco_28-5.jpg\" \/>\n\t<meta property=\"og:image:width\" content=\"1280\" \/>\n\t<meta property=\"og:image:height\" content=\"720\" \/>\n\t<meta property=\"og:image:type\" content=\"image\/jpeg\" \/>\n<meta name=\"author\" content=\"Daniely Cardoso\" \/>\n<meta name=\"twitter:card\" content=\"summary_large_image\" \/>\n<meta name=\"twitter:label1\" content=\"Escrito por\" \/>\n\t<meta name=\"twitter:data1\" content=\"Daniely Cardoso\" \/>\n\t<meta name=\"twitter:label2\" content=\"Est. tempo de leitura\" \/>\n\t<meta name=\"twitter:data2\" content=\"4 minutos\" \/>\n<!-- \/ Yoast SEO plugin. -->","yoast_head_json":{"title":"Estes 4 aliados poderosos estimulam o col\u00e1geno e combatem o envelhecimento da pele de forma essencial - Estado de Minas - Em foco","description":"Aprenda como usar \u00f3leos que ajudam na elasticidade da pele para manter o rosto firme. Conhe\u00e7a as quatro melhores op\u00e7\u00f5es naturais.","robots":{"index":"index","follow":"follow","max-snippet":"max-snippet:-1","max-image-preview":"max-image-preview:large","max-video-preview":"max-video-preview:-1"},"canonical":"https:\/\/www.em.com.br\/emfoco\/2026\/04\/24\/estes-4-aliados-poderosos-estimulam-o-colageno-e-combatem-o-envelhecimento-da-pele-de-forma-essencial\/","og_locale":"pt_BR","og_type":"article","og_title":"Estes 4 aliados poderosos estimulam o col\u00e1geno e combatem o envelhecimento da pele de forma essencial - Estado de Minas - Em foco","og_description":"Aprenda como usar \u00f3leos que ajudam na elasticidade da pele para manter o rosto firme. Conhe\u00e7a as quatro melhores op\u00e7\u00f5es naturais.","og_url":"https:\/\/www.em.com.br\/emfoco\/2026\/04\/24\/estes-4-aliados-poderosos-estimulam-o-colageno-e-combatem-o-envelhecimento-da-pele-de-forma-essencial\/","og_site_name":"Estado de Minas - Em foco","article_published_time":"2026-04-24T21:15:00+00:00","article_modified_time":"2026-04-23T17:28:08+00:00","og_image":[{"width":1280,"height":720,"url":"https:\/\/www.em.com.br\/emfoco\/wp-content\/uploads\/2026\/04\/EmFoco_28-5.jpg","type":"image\/jpeg"}],"author":"Daniely Cardoso","twitter_card":"summary_large_image","twitter_misc":{"Escrito por":"Daniely Cardoso","Est. tempo de leitura":"4 minutos"},"schema":{"@context":"https:\/\/schema.org","@graph":[{"@type":"WebPage","@id":"https:\/\/www.em.com.br\/emfoco\/2026\/04\/24\/estes-4-aliados-poderosos-estimulam-o-colageno-e-combatem-o-envelhecimento-da-pele-de-forma-essencial\/","url":"https:\/\/www.em.com.br\/emfoco\/2026\/04\/24\/estes-4-aliados-poderosos-estimulam-o-colageno-e-combatem-o-envelhecimento-da-pele-de-forma-essencial\/","name":"Estes 4 aliados poderosos estimulam o col\u00e1geno e combatem o envelhecimento da pele de forma essencial - Estado de Minas - Em foco","isPartOf":{"@id":"https:\/\/www.em.com.br\/emfoco\/#website"},"primaryImageOfPage":{"@id":"https:\/\/www.em.com.br\/emfoco\/2026\/04\/24\/estes-4-aliados-poderosos-estimulam-o-colageno-e-combatem-o-envelhecimento-da-pele-de-forma-essencial\/#primaryimage"},"image":{"@id":"https:\/\/www.em.com.br\/emfoco\/2026\/04\/24\/estes-4-aliados-poderosos-estimulam-o-colageno-e-combatem-o-envelhecimento-da-pele-de-forma-essencial\/#primaryimage"},"thumbnailUrl":"https:\/\/www.em.com.br\/emfoco\/wp-content\/uploads\/2026\/04\/EmFoco_28-5.jpg","datePublished":"2026-04-24T21:15:00+00:00","dateModified":"2026-04-23T17:28:08+00:00","author":{"@id":"https:\/\/www.em.com.br\/emfoco\/#\/schema\/person\/0a8186d72f2c3a5c6276d90b41f271a0"},"description":"Aprenda como usar \u00f3leos que ajudam na elasticidade da pele para manter o rosto firme. Conhe\u00e7a as quatro melhores op\u00e7\u00f5es naturais.","breadcrumb":{"@id":"https:\/\/www.em.com.br\/emfoco\/2026\/04\/24\/estes-4-aliados-poderosos-estimulam-o-colageno-e-combatem-o-envelhecimento-da-pele-de-forma-essencial\/#breadcrumb"},"inLanguage":"pt-BR","potentialAction":[{"@type":"ReadAction","target":["https:\/\/www.em.com.br\/emfoco\/2026\/04\/24\/estes-4-aliados-poderosos-estimulam-o-colageno-e-combatem-o-envelhecimento-da-pele-de-forma-essencial\/"]}]},{"@type":"ImageObject","inLanguage":"pt-BR","@id":"https:\/\/www.em.com.br\/emfoco\/2026\/04\/24\/estes-4-aliados-poderosos-estimulam-o-colageno-e-combatem-o-envelhecimento-da-pele-de-forma-essencial\/#primaryimage","url":"https:\/\/www.em.com.br\/emfoco\/wp-content\/uploads\/2026\/04\/EmFoco_28-5.jpg","contentUrl":"https:\/\/www.em.com.br\/emfoco\/wp-content\/uploads\/2026\/04\/EmFoco_28-5.jpg","width":1280,"height":720,"caption":"Nutrientes vegetais potentes estimulam o col\u00e1geno e devolvem o vi\u00e7o \u00e0 derme madura"},{"@type":"BreadcrumbList","@id":"https:\/\/www.em.com.br\/emfoco\/2026\/04\/24\/estes-4-aliados-poderosos-estimulam-o-colageno-e-combatem-o-envelhecimento-da-pele-de-forma-essencial\/#breadcrumb","itemListElement":[{"@type":"ListItem","position":1,"name":"In\u00edcio","item":"https:\/\/www.em.com.br\/emfoco\/"},{"@type":"ListItem","position":2,"name":"Estes 4 aliados poderosos estimulam o col\u00e1geno e combatem o envelhecimento da pele de forma essencial"}]},{"@type":"WebSite","@id":"https:\/\/www.em.com.br\/emfoco\/#website","url":"https:\/\/www.em.com.br\/emfoco\/","name":"Estado de Minas - Em foco","description":"Acompanhe as \u00faltimas not\u00edcias e fique bem informado sobre tudo o que acontece em Minas Gerais, Brasil e no mundo.","potentialAction":[{"@type":"SearchAction","target":{"@type":"EntryPoint","urlTemplate":"https:\/\/www.em.com.br\/emfoco\/?s={search_term_string}"},"query-input":{"@type":"PropertyValueSpecification","valueRequired":true,"valueName":"search_term_string"}}],"inLanguage":"pt-BR"},{"@type":"Person","@id":"https:\/\/www.em.com.br\/emfoco\/#\/schema\/person\/0a8186d72f2c3a5c6276d90b41f271a0","name":"Daniely Cardoso","image":{"@type":"ImageObject","inLanguage":"pt-BR","@id":"https:\/\/www.em.com.br\/emfoco\/#\/schema\/person\/image\/","url":"https:\/\/secure.gravatar.com\/avatar\/4b80ddbd124d1f071b626d52d62e5dff?s=96&d=mm&r=g","contentUrl":"https:\/\/secure.gravatar.com\/avatar\/4b80ddbd124d1f071b626d52d62e5dff?s=96&d=mm&r=g","caption":"Daniely Cardoso"},"url":"https:\/\/www.em.com.br\/emfoco\/author\/danielymyth\/"}]}},"_links":{"self":[{"href":"https:\/\/www.em.com.br\/emfoco\/wp-json\/wp\/v2\/posts\/197758","targetHints":{"allow":["GET"]}}],"collection":[{"href":"https:\/\/www.em.com.br\/emfoco\/wp-json\/wp\/v2\/posts"}],"about":[{"href":"https:\/\/www.em.com.br\/emfoco\/wp-json\/wp\/v2\/types\/post"}],"author":[{"embeddable":true,"href":"https:\/\/www.em.com.br\/emfoco\/wp-json\/wp\/v2\/users\/9"}],"replies":[{"embeddable":true,"href":"https:\/\/www.em.com.br\/emfoco\/wp-json\/wp\/v2\/comments?post=197758"}],"version-history":[{"count":1,"href":"https:\/\/www.em.com.br\/emfoco\/wp-json\/wp\/v2\/posts\/197758\/revisions"}],"predecessor-version":[{"id":197764,"href":"https:\/\/www.em.com.br\/emfoco\/wp-json\/wp\/v2\/posts\/197758\/revisions\/197764"}],"wp:featuredmedia":[{"embeddable":true,"href":"https:\/\/www.em.com.br\/emfoco\/wp-json\/wp\/v2\/media\/197942"}],"wp:attachment":[{"href":"https:\/\/www.em.com.br\/emfoco\/wp-json\/wp\/v2\/media?parent=197758"}],"wp:term":[{"taxonomy":"category","embeddable":true,"href":"https:\/\/www.em.com.br\/emfoco\/wp-json\/wp\/v2\/categories?post=197758"},{"taxonomy":"post_tag","embeddable":true,"href":"https:\/\/www.em.com.br\/emfoco\/wp-json\/wp\/v2\/tags?post=197758"}],"curies":[{"name":"wp","href":"https:\/\/api.w.org\/{rel}","templated":true}]}}