{"id":197753,"date":"2026-04-28T07:15:00","date_gmt":"2026-04-28T10:15:00","guid":{"rendered":"https:\/\/www.em.com.br\/emfoco\/?p=197753"},"modified":"2026-04-27T15:14:52","modified_gmt":"2026-04-27T18:14:52","slug":"esses-cortes-para-mulheres-50-ajudam-a-renovar-o-visual-com-elegancia-e-praticidade-real","status":"publish","type":"post","link":"https:\/\/www.em.com.br\/emfoco\/2026\/04\/28\/esses-cortes-para-mulheres-50-ajudam-a-renovar-o-visual-com-elegancia-e-praticidade-real\/","title":{"rendered":"Esses cortes para mulheres 50+ ajudam a renovar o visual com eleg\u00e2ncia e praticidade real"},"content":{"rendered":"\n<p>Entre mulheres acima dos 50 anos, a busca por cortes de cabelo que tragam frescor ao visual, sem afastar a praticidade do dia a dia, tornou-se cada vez mais comum. A tend\u00eancia atual valoriza a <strong>personalidade<\/strong>, a textura natural dos fios e o ritmo de vida de cada pessoa. Nesse cen\u00e1rio, alguns <strong>cortes<\/strong> para mulheres 50 aparecem com frequ\u00eancia nas indica\u00e7\u00f5es de especialistas em beleza e visagismo, unindo estilo, conforto e autoestima.<\/p>\n\n\n\n<h2 class=\"wp-block-heading\">O que levar em conta ao escolher cortes para mulheres de 50 anos?<\/h2>\n\n\n\n<p>Antes de decidir pelo novo visual, \u00e9 importante analisar alguns pontos pr\u00e1ticos. O <strong>formato<\/strong> do rosto, a densidade dos fios e a disposi\u00e7\u00e3o para ir ao sal\u00e3o para manuten\u00e7\u00e3o fazem diferen\u00e7a no resultado final. Nessa fase da vida, o cabelo costuma passar por mudan\u00e7as naturais, como afinamento e perda de volume, tornando a escolha do corte ainda mais estrat\u00e9gica.<\/p>\n\n\n\n<p>O estilo de vida tamb\u00e9m influencia muito. Mulheres com rotina intensa tendem a preferir cortes para mulheres 50 que exijam pouca finaliza\u00e7\u00e3o, como escovas demoradas ou uso di\u00e1rio de ferramentas de calor. J\u00e1 quem aprecia penteados e varia\u00e7\u00f5es de <strong>styling<\/strong> pode apostar em cortes um pouco mais compridos, que permitam prender, modelar e alternar o visual com <a href=\"https:\/\/www.em.com.br\/emfoco\/2026\/04\/22\/por-que-essas-20-frutas-do-quintal-da-vovo-desapareceram-do-brasil-e-quase-sairam-da-memoria\/\" target=\"_blank\" rel=\"noreferrer noopener\">facilidade<\/a>.<\/p>\n\n\n\n<figure class=\"wp-block-image size-large\"><img loading=\"lazy\" decoding=\"async\" width=\"1024\" height=\"576\" src=\"https:\/\/www.em.com.br\/emfoco\/wp-content\/uploads\/2026\/04\/Texto-do-seu-paragrafo-2026-04-23T101250.331-1024x576.jpg\" alt=\"Esses cortes para mulheres 50+ ajudam a renovar o visual com eleg\u00e2ncia e praticidade real\" class=\"wp-image-197760\" srcset=\"https:\/\/www.em.com.br\/emfoco\/wp-content\/uploads\/2026\/04\/Texto-do-seu-paragrafo-2026-04-23T101250.331-1024x576.jpg 1024w, https:\/\/www.em.com.br\/emfoco\/wp-content\/uploads\/2026\/04\/Texto-do-seu-paragrafo-2026-04-23T101250.331-300x169.jpg 300w, https:\/\/www.em.com.br\/emfoco\/wp-content\/uploads\/2026\/04\/Texto-do-seu-paragrafo-2026-04-23T101250.331-768x432.jpg 768w, https:\/\/www.em.com.br\/emfoco\/wp-content\/uploads\/2026\/04\/Texto-do-seu-paragrafo-2026-04-23T101250.331-750x422.jpg 750w, https:\/\/www.em.com.br\/emfoco\/wp-content\/uploads\/2026\/04\/Texto-do-seu-paragrafo-2026-04-23T101250.331-1140x641.jpg 1140w, https:\/\/www.em.com.br\/emfoco\/wp-content\/uploads\/2026\/04\/Texto-do-seu-paragrafo-2026-04-23T101250.331.jpg 1280w\" sizes=\"auto, (max-width: 1024px) 100vw, 1024px\" \/><figcaption class=\"wp-element-caption\">Bob cl\u00e1ssico, pixie e camadas mostram como leveza e estrutura mudam o resultado no espelho<\/figcaption><\/figure>\n\n\n\n<h2 class=\"wp-block-heading\">Por que o bob cl\u00e1ssico rejuvenesce tantas mulheres?<\/h2>\n\n\n\n<p>O <strong>bob<\/strong> cl\u00e1ssico se consolidou como um dos cortes preferidos entre mulheres maduras. Em vers\u00f5es na altura do queixo ou um pouco abaixo, ele emoldura o rosto e ajuda a alongar o pesco\u00e7o, o que costuma trazer sensa\u00e7\u00e3o de leveza. O corte pode ser reto, levemente repicado nas pontas ou combinado com franja suave, sempre com linhas limpas e elegantes.<\/p>\n\n\n\n<p>Entre as varia\u00e7\u00f5es de cortes para mulheres 50, o bob se destaca pela <strong>versatilidade<\/strong> e f\u00e1cil adapta\u00e7\u00e3o a diferentes tipos de fio. Esse corte pode ser usado liso, com ondas <a href=\"https:\/\/www.em.com.br\/emfoco\/2026\/04\/22\/esse-mel-raro-do-himalaia-chama-atencao-pelo-risco-da-coleta-e-pelos-efeitos-no-corpo\/\" target=\"_blank\" rel=\"noreferrer noopener\">naturais <\/a>ou com volume discreto pr\u00f3ximo \u00e0 raiz, favorecendo desde cabelos finos at\u00e9 ondulados e cacheados, com pequenas adapta\u00e7\u00f5es de comprimento e textura.<\/p>\n\n\n\n<ul class=\"wp-block-list\">\n<li>Favorece diferentes <strong>formatos<\/strong> de rosto com ajustes de comprimento e base.<\/li>\n\n\n\n<li>Funciona bem em cabelos lisos, ondulados e levemente cacheados.<\/li>\n\n\n\n<li>Combina com <strong>franjas<\/strong> laterais suaves, que suavizam a express\u00e3o.<\/li>\n\n\n\n<li>Exige manuten\u00e7\u00e3o peri\u00f3dica, mas n\u00e3o precisa de styling complexo di\u00e1rio.<\/li>\n<\/ul>\n\n\n\n<h2 class=\"wp-block-heading\">O pixie curto \u00e9 uma boa op\u00e7\u00e3o para mulheres acima dos 50 anos?<\/h2>\n\n\n\n<p>O <em>pixie<\/em> \u00e9 um dos cortes curtos mais citados quando o assunto s\u00e3o cortes para mulheres 50 com efeito rejuvenescedor. Ele deixa a nuca e parte das laterais mais livres, destacando tra\u00e7os como olhos e ma\u00e7\u00e3s do rosto. Dependendo do acabamento, pode transmitir um ar mais cl\u00e1ssico ou mais moderno, com fios desalinhados de prop\u00f3sito e franja mais longa.<\/p>\n\n\n\n<p>Por ser um corte bem curto, o <strong>pixie<\/strong> tende a ser pr\u00e1tico na rotina, exigindo pouco tempo de secagem e finaliza\u00e7\u00e3o. Um pouco de pomada, cera ou mousse leve j\u00e1 ajuda a dar forma aos fios. Esse tipo de corte \u00e9 indicado principalmente para quem aceita ir ao sal\u00e3o com mais frequ\u00eancia, j\u00e1 que o crescimento se torna aparente em pouco tempo.<\/p>\n\n\n\n<p>Conte\u00fado do canal <strong>Mulheres<\/strong>, com mais de 2.96 milh\u00f5es de inscritos e cerca de 2,3 mil de visualiza\u00e7\u00f5es:<\/p>\n\n\n\n<figure class=\"wp-block-embed is-type-video is-provider-youtube wp-block-embed-youtube wp-embed-aspect-16-9 wp-has-aspect-ratio\"><div class=\"wp-block-embed__wrapper\">\n<div class=\"jeg_video_container jeg_video_content\"><iframe loading=\"lazy\" title=\"Voc\u00ea sabe os CORTES DE CABELO que mais REJUVENESCEM? - Mulheres (05\/11\/2025)\" width=\"500\" height=\"281\" src=\"https:\/\/www.youtube.com\/embed\/L3oqq3HdptQ?feature=oembed\" frameborder=\"0\" allow=\"accelerometer; autoplay; clipboard-write; encrypted-media; gyroscope; picture-in-picture; web-share\" referrerpolicy=\"strict-origin-when-cross-origin\" allowfullscreen><\/iframe><\/div>\n<\/div><\/figure>\n\n\n\n<h2 class=\"wp-block-heading\">Como os cortes em camadas ajudam mulheres maduras?<\/h2>\n\n\n\n<p>Para quem prefere manter comprimento m\u00e9dio ou um pouco mais longo, os cortes em <strong>camadas<\/strong> aparecem como alternativa equilibrada. O objetivo \u00e9 tirar peso, criar movimento e distribuir melhor o volume, algo especialmente \u00fatil em cabelos muito lisos ou mais volumosos. As camadas podem ser discretas ou mais marcadas, de acordo com o efeito desejado e com o tipo de fio.<\/p>\n\n\n\n<p>Entre as op\u00e7\u00f5es de cortes para mulheres 50, as vers\u00f5es em camadas permitem v\u00e1rios penteados, como meio preso, rabo de cavalo baixo e ondas largas. Em cabelos cacheados, as camadas ajudam a definir melhor o formato dos cachos, diminuindo o volume concentrado em um \u00fanico ponto e deixando o visual mais <strong>harm\u00f4nico<\/strong> e equilibrado para o rosto.<\/p>\n\n\n\n<ul class=\"wp-block-list\">\n<li>Camadas longas para quem deseja manter comprimento e leveza.<\/li>\n\n\n\n<li>Camadas m\u00e9dias para mais <strong>movimento<\/strong> e balan\u00e7o no dia a dia.<\/li>\n\n\n\n<li>Camadas pr\u00f3ximas ao rosto para suavizar linhas e valorizar <strong>fei\u00e7\u00f5es<\/strong>.<\/li>\n<\/ul>\n\n\n\n<h2 class=\"wp-block-heading\">Como decidir entre bob, pixie ou camadas aos 50 anos?<\/h2>\n\n\n\n<p>A recomenda\u00e7\u00e3o de profissionais \u00e9 que a escolha do corte seja feita em conjunto com um cabeleireiro de confian\u00e7a. \u00c9 importante considerar n\u00e3o apenas fotos de refer\u00eancia, mas tamb\u00e9m rotina, h\u00e1bitos de cuidado e tempo dispon\u00edvel para <a href=\"https:\/\/pmc.ncbi.nlm.nih.gov\/articles\/PMC12094410\/\" target=\"_blank\" rel=\"noreferrer noopener\">finaliza\u00e7\u00e3o<\/a>. Uma mulher que pratica atividades f\u00edsicas com frequ\u00eancia, por exemplo, pode se adaptar melhor a cortes muito curtos ou m\u00e9dios que sequem r\u00e1pido.<\/p>\n\n\n\n<p>J\u00e1 quem gosta de variar penteados talvez se identifique mais com cortes m\u00e9dios em camadas ou com um bob um pouco mais longo, conhecido como <em>long bob<\/em>. Em todos os casos, cortes para mulheres 50 funcionam melhor quando acompanham o <strong>estilo<\/strong> pessoal e a textura natural do cabelo. Ajustes sutis de franja, comprimento e volume costumam ser suficientes para atualizar o visual e trazer um ar mais <strong>leve<\/strong> ao rosto.<\/p>\n","protected":false},"excerpt":{"rendered":"<p>Entre mulheres acima dos 50 anos, a busca por cortes de cabelo que tragam frescor ao visual, sem afastar a praticidade do dia a dia, tornou-se cada vez mais comum. A tend\u00eancia atual valoriza a personalidade, a textura natural dos fios e o ritmo de vida de cada pessoa. Nesse cen\u00e1rio, alguns cortes para mulheres [&hellip;]<\/p>\n","protected":false},"author":15,"featured_media":200564,"comment_status":"open","ping_status":"open","sticky":false,"template":"","format":"standard","meta":{"jnews-multi-image_gallery":[],"jnews_single_post":{"format":"standard"},"jnews_primary_category":[],"jnews_social_meta":[],"jnews_override_counter":[],"footnotes":""},"categories":[8819],"tags":[4905,4977],"class_list":["post-197753","post","type-post","status-publish","format-standard","has-post-thumbnail","hentry","category-curiosidades","tag-cabelo","tag-moda"],"yoast_head":"<!-- This site is optimized with the Yoast SEO plugin v23.8 - https:\/\/yoast.com\/wordpress\/plugins\/seo\/ -->\n<title>Esses cortes para mulheres 50+ ajudam a renovar o visual com eleg\u00e2ncia e praticidade real - Estado de Minas - Em foco<\/title>\n<meta name=\"description\" content=\"Cortes para mulheres 50+ ganham destaque quando unem praticidade, leveza e desenho bem pensado, valorizando o rosto sem pesar no visual\" \/>\n<meta name=\"robots\" content=\"index, follow, max-snippet:-1, max-image-preview:large, max-video-preview:-1\" \/>\n<link rel=\"canonical\" href=\"https:\/\/www.em.com.br\/emfoco\/2026\/04\/28\/esses-cortes-para-mulheres-50-ajudam-a-renovar-o-visual-com-elegancia-e-praticidade-real\/\" \/>\n<meta property=\"og:locale\" content=\"pt_BR\" \/>\n<meta property=\"og:type\" content=\"article\" \/>\n<meta property=\"og:title\" content=\"Esses cortes para mulheres 50+ ajudam a renovar o visual com eleg\u00e2ncia e praticidade real - Estado de Minas - Em foco\" \/>\n<meta property=\"og:description\" content=\"Cortes para mulheres 50+ ganham destaque quando unem praticidade, leveza e desenho bem pensado, valorizando o rosto sem pesar no visual\" \/>\n<meta property=\"og:url\" content=\"https:\/\/www.em.com.br\/emfoco\/2026\/04\/28\/esses-cortes-para-mulheres-50-ajudam-a-renovar-o-visual-com-elegancia-e-praticidade-real\/\" \/>\n<meta property=\"og:site_name\" content=\"Estado de Minas - Em foco\" \/>\n<meta property=\"article:published_time\" content=\"2026-04-28T10:15:00+00:00\" \/>\n<meta property=\"article:modified_time\" content=\"2026-04-27T18:14:52+00:00\" \/>\n<meta property=\"og:image\" content=\"https:\/\/www.em.com.br\/emfoco\/wp-content\/uploads\/2026\/04\/EmFoco_05-10.jpg\" \/>\n\t<meta property=\"og:image:width\" content=\"1280\" \/>\n\t<meta property=\"og:image:height\" content=\"720\" \/>\n\t<meta property=\"og:image:type\" content=\"image\/jpeg\" \/>\n<meta name=\"author\" content=\"Douglas Myth\" \/>\n<meta name=\"twitter:card\" content=\"summary_large_image\" \/>\n<meta name=\"twitter:label1\" content=\"Escrito por\" \/>\n\t<meta name=\"twitter:data1\" content=\"Douglas Myth\" \/>\n\t<meta name=\"twitter:label2\" content=\"Est. tempo de leitura\" \/>\n\t<meta name=\"twitter:data2\" content=\"5 minutos\" \/>\n<!-- \/ Yoast SEO plugin. -->","yoast_head_json":{"title":"Esses cortes para mulheres 50+ ajudam a renovar o visual com eleg\u00e2ncia e praticidade real - Estado de Minas - Em foco","description":"Cortes para mulheres 50+ ganham destaque quando unem praticidade, leveza e desenho bem pensado, valorizando o rosto sem pesar no visual","robots":{"index":"index","follow":"follow","max-snippet":"max-snippet:-1","max-image-preview":"max-image-preview:large","max-video-preview":"max-video-preview:-1"},"canonical":"https:\/\/www.em.com.br\/emfoco\/2026\/04\/28\/esses-cortes-para-mulheres-50-ajudam-a-renovar-o-visual-com-elegancia-e-praticidade-real\/","og_locale":"pt_BR","og_type":"article","og_title":"Esses cortes para mulheres 50+ ajudam a renovar o visual com eleg\u00e2ncia e praticidade real - Estado de Minas - Em foco","og_description":"Cortes para mulheres 50+ ganham destaque quando unem praticidade, leveza e desenho bem pensado, valorizando o rosto sem pesar no visual","og_url":"https:\/\/www.em.com.br\/emfoco\/2026\/04\/28\/esses-cortes-para-mulheres-50-ajudam-a-renovar-o-visual-com-elegancia-e-praticidade-real\/","og_site_name":"Estado de Minas - Em foco","article_published_time":"2026-04-28T10:15:00+00:00","article_modified_time":"2026-04-27T18:14:52+00:00","og_image":[{"width":1280,"height":720,"url":"https:\/\/www.em.com.br\/emfoco\/wp-content\/uploads\/2026\/04\/EmFoco_05-10.jpg","type":"image\/jpeg"}],"author":"Douglas Myth","twitter_card":"summary_large_image","twitter_misc":{"Escrito por":"Douglas Myth","Est. tempo de leitura":"5 minutos"},"schema":{"@context":"https:\/\/schema.org","@graph":[{"@type":"WebPage","@id":"https:\/\/www.em.com.br\/emfoco\/2026\/04\/28\/esses-cortes-para-mulheres-50-ajudam-a-renovar-o-visual-com-elegancia-e-praticidade-real\/","url":"https:\/\/www.em.com.br\/emfoco\/2026\/04\/28\/esses-cortes-para-mulheres-50-ajudam-a-renovar-o-visual-com-elegancia-e-praticidade-real\/","name":"Esses cortes para mulheres 50+ ajudam a renovar o visual com eleg\u00e2ncia e praticidade real - Estado de Minas - Em foco","isPartOf":{"@id":"https:\/\/www.em.com.br\/emfoco\/#website"},"primaryImageOfPage":{"@id":"https:\/\/www.em.com.br\/emfoco\/2026\/04\/28\/esses-cortes-para-mulheres-50-ajudam-a-renovar-o-visual-com-elegancia-e-praticidade-real\/#primaryimage"},"image":{"@id":"https:\/\/www.em.com.br\/emfoco\/2026\/04\/28\/esses-cortes-para-mulheres-50-ajudam-a-renovar-o-visual-com-elegancia-e-praticidade-real\/#primaryimage"},"thumbnailUrl":"https:\/\/www.em.com.br\/emfoco\/wp-content\/uploads\/2026\/04\/EmFoco_05-10.jpg","datePublished":"2026-04-28T10:15:00+00:00","dateModified":"2026-04-27T18:14:52+00:00","author":{"@id":"https:\/\/www.em.com.br\/emfoco\/#\/schema\/person\/bba594b7eebe9b9885fec3a5c7837089"},"description":"Cortes para mulheres 50+ ganham destaque quando unem praticidade, leveza e desenho bem pensado, valorizando o rosto sem pesar no visual","breadcrumb":{"@id":"https:\/\/www.em.com.br\/emfoco\/2026\/04\/28\/esses-cortes-para-mulheres-50-ajudam-a-renovar-o-visual-com-elegancia-e-praticidade-real\/#breadcrumb"},"inLanguage":"pt-BR","potentialAction":[{"@type":"ReadAction","target":["https:\/\/www.em.com.br\/emfoco\/2026\/04\/28\/esses-cortes-para-mulheres-50-ajudam-a-renovar-o-visual-com-elegancia-e-praticidade-real\/"]}]},{"@type":"ImageObject","inLanguage":"pt-BR","@id":"https:\/\/www.em.com.br\/emfoco\/2026\/04\/28\/esses-cortes-para-mulheres-50-ajudam-a-renovar-o-visual-com-elegancia-e-praticidade-real\/#primaryimage","url":"https:\/\/www.em.com.br\/emfoco\/wp-content\/uploads\/2026\/04\/EmFoco_05-10.jpg","contentUrl":"https:\/\/www.em.com.br\/emfoco\/wp-content\/uploads\/2026\/04\/EmFoco_05-10.jpg","width":1280,"height":720,"caption":"Cortes modernos valorizam a personalidade feminina aliando praticidade e frescor ao visual"},{"@type":"BreadcrumbList","@id":"https:\/\/www.em.com.br\/emfoco\/2026\/04\/28\/esses-cortes-para-mulheres-50-ajudam-a-renovar-o-visual-com-elegancia-e-praticidade-real\/#breadcrumb","itemListElement":[{"@type":"ListItem","position":1,"name":"In\u00edcio","item":"https:\/\/www.em.com.br\/emfoco\/"},{"@type":"ListItem","position":2,"name":"Esses cortes para mulheres 50+ ajudam a renovar o visual com eleg\u00e2ncia e praticidade real"}]},{"@type":"WebSite","@id":"https:\/\/www.em.com.br\/emfoco\/#website","url":"https:\/\/www.em.com.br\/emfoco\/","name":"Estado de Minas - Em foco","description":"Acompanhe as \u00faltimas not\u00edcias e fique bem informado sobre tudo o que acontece em Minas Gerais, Brasil e no mundo.","potentialAction":[{"@type":"SearchAction","target":{"@type":"EntryPoint","urlTemplate":"https:\/\/www.em.com.br\/emfoco\/?s={search_term_string}"},"query-input":{"@type":"PropertyValueSpecification","valueRequired":true,"valueName":"search_term_string"}}],"inLanguage":"pt-BR"},{"@type":"Person","@id":"https:\/\/www.em.com.br\/emfoco\/#\/schema\/person\/bba594b7eebe9b9885fec3a5c7837089","name":"Douglas Myth","image":{"@type":"ImageObject","inLanguage":"pt-BR","@id":"https:\/\/www.em.com.br\/emfoco\/#\/schema\/person\/image\/","url":"https:\/\/secure.gravatar.com\/avatar\/1ac3cf50d0e68642c697dc0c960c802f?s=96&d=mm&r=g","contentUrl":"https:\/\/secure.gravatar.com\/avatar\/1ac3cf50d0e68642c697dc0c960c802f?s=96&d=mm&r=g","caption":"Douglas Myth"},"url":"https:\/\/www.em.com.br\/emfoco\/author\/douglasmyth\/"}]}},"_links":{"self":[{"href":"https:\/\/www.em.com.br\/emfoco\/wp-json\/wp\/v2\/posts\/197753","targetHints":{"allow":["GET"]}}],"collection":[{"href":"https:\/\/www.em.com.br\/emfoco\/wp-json\/wp\/v2\/posts"}],"about":[{"href":"https:\/\/www.em.com.br\/emfoco\/wp-json\/wp\/v2\/types\/post"}],"author":[{"embeddable":true,"href":"https:\/\/www.em.com.br\/emfoco\/wp-json\/wp\/v2\/users\/15"}],"replies":[{"embeddable":true,"href":"https:\/\/www.em.com.br\/emfoco\/wp-json\/wp\/v2\/comments?post=197753"}],"version-history":[{"count":2,"href":"https:\/\/www.em.com.br\/emfoco\/wp-json\/wp\/v2\/posts\/197753\/revisions"}],"predecessor-version":[{"id":197761,"href":"https:\/\/www.em.com.br\/emfoco\/wp-json\/wp\/v2\/posts\/197753\/revisions\/197761"}],"wp:featuredmedia":[{"embeddable":true,"href":"https:\/\/www.em.com.br\/emfoco\/wp-json\/wp\/v2\/media\/200564"}],"wp:attachment":[{"href":"https:\/\/www.em.com.br\/emfoco\/wp-json\/wp\/v2\/media?parent=197753"}],"wp:term":[{"taxonomy":"category","embeddable":true,"href":"https:\/\/www.em.com.br\/emfoco\/wp-json\/wp\/v2\/categories?post=197753"},{"taxonomy":"post_tag","embeddable":true,"href":"https:\/\/www.em.com.br\/emfoco\/wp-json\/wp\/v2\/tags?post=197753"}],"curies":[{"name":"wp","href":"https:\/\/api.w.org\/{rel}","templated":true}]}}