{"id":197743,"date":"2026-04-28T03:35:00","date_gmt":"2026-04-28T06:35:00","guid":{"rendered":"https:\/\/www.em.com.br\/emfoco\/?p=197743"},"modified":"2026-04-27T15:15:05","modified_gmt":"2026-04-27T18:15:05","slug":"saiba-identificar-rapido-problemas-no-rim-e-proteger-seus-rins-antes-que-os-sinais-se-agravem","status":"publish","type":"post","link":"https:\/\/www.em.com.br\/emfoco\/2026\/04\/28\/saiba-identificar-rapido-problemas-no-rim-e-proteger-seus-rins-antes-que-os-sinais-se-agravem\/","title":{"rendered":"Saiba identificar r\u00e1pido problemas no rim e proteger seus rins antes que os sinais se agravem"},"content":{"rendered":"\n<p>Problemas no <strong>rim<\/strong> costumam se desenvolver de maneira silenciosa e, por isso, muitas pessoas s\u00f3 descobrem a doen\u00e7a em est\u00e1gios avan\u00e7ados. Em meio \u00e0 rotina corrida, sinais discretos de que algo n\u00e3o est\u00e1 bem podem ser facilmente ignorados ou atribu\u00eddos a cansa\u00e7o, estresse ou alimenta\u00e7\u00e3o desregulada. Entender como o corpo se manifesta \u00e9 uma forma de proteger a <strong>fun\u00e7\u00e3o renal<\/strong> e evitar complica\u00e7\u00f5es graves, como insufici\u00eancia renal e necessidade de hemodi\u00e1lise.<\/p>\n\n\n\n<h2 class=\"wp-block-heading\">O que s\u00e3o os rins e por que eles s\u00e3o t\u00e3o importantes?<\/h2>\n\n\n\n<p>Os rins funcionam como <strong>filtros<\/strong> do sangue, retirando excesso de l\u00edquidos e impurezas, regulando a press\u00e3o arterial e participando da produ\u00e7\u00e3o de horm\u00f4nios importantes. Quando esses filtros come\u00e7am a falhar, res\u00edduos se acumulam e o organismo passa a demonstrar isso por meio de sintomas que nem sempre parecem ter liga\u00e7\u00e3o com <a href=\"https:\/\/www.em.com.br\/emfoco\/2026\/04\/22\/por-que-essas-20-frutas-do-quintal-da-vovo-desapareceram-do-brasil-e-quase-sairam-da-memoria\/\" target=\"_blank\" rel=\"noreferrer noopener\">problemas <\/a>no rim. Observar essas mudan\u00e7as e buscar avalia\u00e7\u00e3o m\u00e9dica precoce pode reduzir o risco de hemodi\u00e1lise e <strong>transplante<\/strong> no futuro.<\/p>\n\n\n\n<p>Al\u00e9m da filtragem, os rins ajudam a equilibrar sais minerais, como s\u00f3dio e pot\u00e1ssio, e interferem diretamente na sa\u00fade \u00f3ssea e na produ\u00e7\u00e3o de gl\u00f3bulos vermelhos. Por isso, altera\u00e7\u00f5es renais podem causar manifesta\u00e7\u00f5es em diferentes partes do corpo, indo muito al\u00e9m da <strong>urina<\/strong> em si.<\/p>\n\n\n\n<figure class=\"wp-block-image size-large\"><img loading=\"lazy\" decoding=\"async\" width=\"1024\" height=\"576\" src=\"https:\/\/www.em.com.br\/emfoco\/wp-content\/uploads\/2026\/04\/Texto-do-seu-paragrafo-2026-04-23T100429.601-1024x576.jpg\" alt=\"Saiba identificar r\u00e1pido problemas no rim e proteger seus rins antes que os sinais se agravem\" class=\"wp-image-197751\" srcset=\"https:\/\/www.em.com.br\/emfoco\/wp-content\/uploads\/2026\/04\/Texto-do-seu-paragrafo-2026-04-23T100429.601-1024x576.jpg 1024w, https:\/\/www.em.com.br\/emfoco\/wp-content\/uploads\/2026\/04\/Texto-do-seu-paragrafo-2026-04-23T100429.601-300x169.jpg 300w, https:\/\/www.em.com.br\/emfoco\/wp-content\/uploads\/2026\/04\/Texto-do-seu-paragrafo-2026-04-23T100429.601-768x432.jpg 768w, https:\/\/www.em.com.br\/emfoco\/wp-content\/uploads\/2026\/04\/Texto-do-seu-paragrafo-2026-04-23T100429.601-750x422.jpg 750w, https:\/\/www.em.com.br\/emfoco\/wp-content\/uploads\/2026\/04\/Texto-do-seu-paragrafo-2026-04-23T100429.601-1140x641.jpg 1140w, https:\/\/www.em.com.br\/emfoco\/wp-content\/uploads\/2026\/04\/Texto-do-seu-paragrafo-2026-04-23T100429.601.jpg 1280w\" sizes=\"auto, (max-width: 1024px) 100vw, 1024px\" \/><figcaption class=\"wp-element-caption\">Coceira, incha\u00e7o, cansa\u00e7o, n\u00e1useas e altera\u00e7\u00f5es na urina podem indicar que algo merece investiga\u00e7\u00e3o<\/figcaption><\/figure>\n\n\n\n<h2 class=\"wp-block-heading\">Quais s\u00e3o os principais sinais de alerta de problemas no rim?<\/h2>\n\n\n\n<p>Entre os sinais mais comentados de problemas renais, a <strong>coceira<\/strong> intensa na pele chama aten\u00e7\u00e3o, principalmente em bra\u00e7os, costas e pernas, sem les\u00f5es aparentes. Essa coceira est\u00e1 relacionada ao ac\u00famulo de subst\u00e2ncias que, em condi\u00e7\u00f5es normais, seriam eliminadas pela urina. Outro alerta frequente \u00e9 o <strong>incha\u00e7o<\/strong>, que pode aparecer ao redor dos olhos ao acordar ou nas pernas e tornozelos ao longo do dia.<\/p>\n\n\n\n<p>Altera\u00e7\u00f5es na boca tamb\u00e9m merecem cuidado, como gosto met\u00e1lico persistente, mudan\u00e7a no paladar e <strong>mau h\u00e1lito<\/strong> diferente do habitual. Em muitos casos, a pessoa passa a rejeitar certos alimentos, sente enjoo com carne ou apresenta n\u00e1useas recorrentes sem causa digestiva clara. Esses sinais, juntos ou isolados, justificam investiga\u00e7\u00e3o para excluir problemas no rim entre outras possibilidades.<\/p>\n\n\n\n<h2 class=\"wp-block-heading\">Quais s\u00e3o os 10 sinais mais comuns que podem indicar problemas no rim?<\/h2>\n\n\n\n<p>Os sintomas relacionados \u00e0 fun\u00e7\u00e3o renal podem aparecer aos poucos e se confundir com outras <a href=\"https:\/\/www.em.com.br\/emfoco\/2026\/04\/22\/esse-mel-raro-do-himalaia-chama-atencao-pelo-risco-da-coleta-e-pelos-efeitos-no-corpo\/\" target=\"_blank\" rel=\"noreferrer noopener\">condi\u00e7\u00f5es<\/a>, como estresse, anemia ou doen\u00e7as do cora\u00e7\u00e3o. Quando dois ou mais deles se mant\u00eam por semanas, \u00e9 importante procurar um profissional de sa\u00fade para avalia\u00e7\u00e3o e, se necess\u00e1rio, exames de sangue, urina e imagem. Abaixo est\u00e3o alguns dos sinais mais citados por m\u00e9dicos e <strong>especialistas<\/strong>.<\/p>\n\n\n\n<figure class=\"wp-block-table\"><table class=\"has-fixed-layout\"><thead><tr><th>Sinal<\/th><th>Descri\u00e7\u00e3o<\/th><th>Como pode indicar problemas no rim<\/th><\/tr><\/thead><tbody><tr><td>Coceira generalizada<\/td><td>Coceira intensa e espalhada pelo corpo, sem causa dermatol\u00f3gica evidente.<\/td><td>Pode aparecer quando altera\u00e7\u00f5es no funcionamento dos rins passam a repercutir em diferentes sistemas do organismo.<\/td><\/tr><tr><td>Gosto met\u00e1lico na boca<\/td><td>Mudan\u00e7a no paladar, com sensa\u00e7\u00e3o met\u00e1lica persistente ao longo do dia.<\/td><td>Pode estar associada a altera\u00e7\u00f5es metab\u00f3licas que acompanham comprometimento da fun\u00e7\u00e3o renal.<\/td><\/tr><tr><td>Mau h\u00e1lito persistente<\/td><td>H\u00e1lito desagrad\u00e1vel que continua mesmo com higiene bucal adequada.<\/td><td>Pode surgir junto de outras mudan\u00e7as metab\u00f3licas relacionadas ao funcionamento dos rins.<\/td><\/tr><tr><td>Incha\u00e7o<\/td><td>Edema em p\u00e1lpebras, m\u00e3os, p\u00e9s e tornozelos, \u00e0s vezes mais percept\u00edvel ao acordar ou no fim do dia.<\/td><td>Pode indicar dificuldade do organismo em lidar com l\u00edquidos e equil\u00edbrio de sais, algo que envolve a fun\u00e7\u00e3o renal.<\/td><\/tr><tr><td>Cansa\u00e7o extremo<\/td><td>Sensa\u00e7\u00e3o de fraqueza e exaust\u00e3o mesmo ap\u00f3s descanso adequado.<\/td><td>Pode aparecer quando altera\u00e7\u00f5es renais come\u00e7am a afetar energia, metabolismo e bem-estar geral.<\/td><\/tr><tr><td>Falta de ar<\/td><td>Desconforto para respirar, especialmente em esfor\u00e7os leves, \u00e0s vezes junto com incha\u00e7o.<\/td><td>Pode estar ligada a reten\u00e7\u00e3o de l\u00edquidos ou a efeitos indiretos de altera\u00e7\u00f5es renais no corpo.<\/td><\/tr><tr><td>Sensa\u00e7\u00e3o constante de frio<\/td><td>M\u00e3os e p\u00e9s gelados com facilidade e percep\u00e7\u00e3o de frio fora do habitual.<\/td><td>Pode acompanhar quadros em que o organismo j\u00e1 est\u00e1 sendo impactado de forma mais ampla.<\/td><\/tr><tr><td>Dificuldade de concentra\u00e7\u00e3o<\/td><td>Lapsos de mem\u00f3ria, mente lenta e dificuldade para manter foco em tarefas simples.<\/td><td>Pode refletir repercuss\u00f5es sist\u00eamicas de altera\u00e7\u00f5es renais persistentes.<\/td><\/tr><tr><td>N\u00e1useas e v\u00f4mitos<\/td><td>Enjoo frequente e epis\u00f3dios de v\u00f4mito sem explica\u00e7\u00e3o gastrointestinal clara.<\/td><td>Podem surgir quando desequil\u00edbrios internos come\u00e7am a afetar o sistema digestivo.<\/td><\/tr><tr><td>Mudan\u00e7as na urina<\/td><td>Volume alterado, espuma excessiva, cor muito escura, sangue ou necessidade de levantar v\u00e1rias vezes \u00e0 noite para urinar.<\/td><td>\u00c9 um dos sinais mais diretamente observados, porque os rins participam da forma\u00e7\u00e3o e do controle da urina.<\/td><\/tr><\/tbody><\/table><\/figure>\n\n\n\n<p>Conte\u00fado do canal <strong>Dr. Antonio Cascelli<\/strong>, com mais de 1.1 milh\u00f5es de inscritos e cerca de 4.1 mil de visualiza\u00e7\u00f5es:<\/p>\n\n\n\n<figure class=\"wp-block-embed is-type-video is-provider-youtube wp-block-embed-youtube wp-embed-aspect-16-9 wp-has-aspect-ratio\"><div class=\"wp-block-embed__wrapper\">\n<div class=\"jeg_video_container jeg_video_content\"><iframe loading=\"lazy\" title=\"Saiba identificar r\u00e1pido problemas no rim e alimentos que s\u00e3o verdadeiros escudos contra hemodi\u00e1lise\" width=\"500\" height=\"281\" src=\"https:\/\/www.youtube.com\/embed\/0dwBhq1ZUXY?feature=oembed\" frameborder=\"0\" allow=\"accelerometer; autoplay; clipboard-write; encrypted-media; gyroscope; picture-in-picture; web-share\" referrerpolicy=\"strict-origin-when-cross-origin\" allowfullscreen><\/iframe><\/div>\n<\/div><\/figure>\n\n\n\n<h2 class=\"wp-block-heading\">Quais h\u00e1bitos do dia a dia podem prejudicar os rins?<\/h2>\n\n\n\n<p>Alguns comportamentos cotidianos podem favorecer ou agravar problemas no rim, especialmente quando mantidos por longos per\u00edodos. O uso frequente de <strong>anti-inflamat\u00f3rios<\/strong> sem orienta\u00e7\u00e3o \u00e9 um dos fatores mais discutidos, pois pode reduzir o fluxo de sangue para os rins e prejudicar os filtros renais. Em pessoas com press\u00e3o alta, diabetes ou hist\u00f3rico familiar de doen\u00e7a renal, o cuidado precisa ser ainda maior.<\/p>\n\n\n\n<p>A alimenta\u00e7\u00e3o moderna tamb\u00e9m exerce forte impacto na sa\u00fade dos rins, principalmente pelo excesso de <strong>sal<\/strong> e <strong>a\u00e7\u00facar<\/strong>. O sal favorece reten\u00e7\u00e3o de l\u00edquidos e aumento da press\u00e3o arterial, enquanto o a\u00e7\u00facar em excesso contribui para ganho de peso e resist\u00eancia \u00e0 insulina, aumentando o risco de diabetes. Produtos ultraprocessados e refrigerantes, ricos em s\u00f3dio, aditivos e f\u00f3sforo, costumam aparecer associados \u00e0 piora da fun\u00e7\u00e3o renal quando consumidos em excesso.<\/p>\n\n\n\n<h2 class=\"wp-block-heading\">Como proteger os rins antes que os sintomas apare\u00e7am?<\/h2>\n\n\n\n<p>Proteger os rins envolve atitudes simples e consistentes, que podem ser adotadas em qualquer idade. A <strong>hidrata\u00e7\u00e3o<\/strong> adequada \u00e9 uma das medidas mais lembradas, pois a ingest\u00e3o de \u00e1gua ao longo do dia ajuda na filtragem do sangue e na forma\u00e7\u00e3o da urina. A quantidade ideal varia conforme peso, clima, atividade f\u00edsica e sa\u00fade geral, mas manter a urina em tom amarelo-claro \u00e9 um par\u00e2metro pr\u00e1tico.<\/p>\n\n\n\n<p>A alimenta\u00e7\u00e3o baseada em <strong>comida<\/strong> de verdade e a atividade f\u00edsica regular <a href=\"https:\/\/www.gov.br\/saude\/pt-br\/assuntos\/saude-de-a-a-z\/d\/drc\" target=\"_blank\" rel=\"noreferrer noopener\">contribuem <\/a>para o controle da press\u00e3o arterial, do peso e do a\u00e7\u00facar no sangue. Pequenas trocas di\u00e1rias, como substituir refrigerantes por \u00e1gua ou sucos naturais sem a\u00e7\u00facar e reduzir o consumo de salgadinhos, embutidos e refei\u00e7\u00f5es prontas, j\u00e1 trazem benef\u00edcios relevantes. Exames simples em <strong>check-ups<\/strong> de rotina, como creatinina, taxa de filtra\u00e7\u00e3o glomerular estimada e an\u00e1lise de urina, ajudam a detectar altera\u00e7\u00f5es iniciais e permitem iniciar tratamento antes de surgirem sintomas intensos.<\/p>\n","protected":false},"excerpt":{"rendered":"<p>Problemas no rim costumam se desenvolver de maneira silenciosa e, por isso, muitas pessoas s\u00f3 descobrem a doen\u00e7a em est\u00e1gios avan\u00e7ados. Em meio \u00e0 rotina corrida, sinais discretos de que algo n\u00e3o est\u00e1 bem podem ser facilmente ignorados ou atribu\u00eddos a cansa\u00e7o, estresse ou alimenta\u00e7\u00e3o desregulada. Entender como o corpo se manifesta \u00e9 uma forma [&hellip;]<\/p>\n","protected":false},"author":15,"featured_media":200561,"comment_status":"open","ping_status":"open","sticky":false,"template":"","format":"standard","meta":{"jnews-multi-image_gallery":[],"jnews_single_post":{"format":"standard"},"jnews_primary_category":[],"jnews_social_meta":[],"jnews_override_counter":[],"footnotes":""},"categories":[8819],"tags":[711,10946,415],"class_list":["post-197743","post","type-post","status-publish","format-standard","has-post-thumbnail","hentry","category-curiosidades","tag-bem-estar","tag-rins","tag-saude"],"yoast_head":"<!-- This site is optimized with the Yoast SEO plugin v23.8 - https:\/\/yoast.com\/wordpress\/plugins\/seo\/ -->\n<title>Saiba identificar r\u00e1pido problemas no rim e proteger seus rins antes que os sinais se agravem - Estado de Minas - Em foco<\/title>\n<meta name=\"description\" content=\"Problemas no rim podem avan\u00e7ar de forma silenciosa, mas sinais como incha\u00e7o, cansa\u00e7o, coceira e mudan\u00e7as na urina ajudam a chamar aten\u00e7\u00e3o\" \/>\n<meta name=\"robots\" content=\"index, follow, max-snippet:-1, max-image-preview:large, max-video-preview:-1\" \/>\n<link rel=\"canonical\" href=\"https:\/\/www.em.com.br\/emfoco\/2026\/04\/28\/saiba-identificar-rapido-problemas-no-rim-e-proteger-seus-rins-antes-que-os-sinais-se-agravem\/\" \/>\n<meta property=\"og:locale\" content=\"pt_BR\" \/>\n<meta property=\"og:type\" content=\"article\" \/>\n<meta property=\"og:title\" content=\"Saiba identificar r\u00e1pido problemas no rim e proteger seus rins antes que os sinais se agravem - Estado de Minas - Em foco\" \/>\n<meta property=\"og:description\" content=\"Problemas no rim podem avan\u00e7ar de forma silenciosa, mas sinais como incha\u00e7o, cansa\u00e7o, coceira e mudan\u00e7as na urina ajudam a chamar aten\u00e7\u00e3o\" \/>\n<meta property=\"og:url\" content=\"https:\/\/www.em.com.br\/emfoco\/2026\/04\/28\/saiba-identificar-rapido-problemas-no-rim-e-proteger-seus-rins-antes-que-os-sinais-se-agravem\/\" \/>\n<meta property=\"og:site_name\" content=\"Estado de Minas - Em foco\" \/>\n<meta property=\"article:published_time\" content=\"2026-04-28T06:35:00+00:00\" \/>\n<meta property=\"article:modified_time\" content=\"2026-04-27T18:15:05+00:00\" \/>\n<meta property=\"og:image\" content=\"https:\/\/www.em.com.br\/emfoco\/wp-content\/uploads\/2026\/04\/EmFoco_08-11.jpg\" \/>\n\t<meta property=\"og:image:width\" content=\"1280\" \/>\n\t<meta property=\"og:image:height\" content=\"720\" \/>\n\t<meta property=\"og:image:type\" content=\"image\/jpeg\" \/>\n<meta name=\"author\" content=\"Douglas Myth\" \/>\n<meta name=\"twitter:card\" content=\"summary_large_image\" \/>\n<meta name=\"twitter:label1\" content=\"Escrito por\" \/>\n\t<meta name=\"twitter:data1\" content=\"Douglas Myth\" \/>\n\t<meta name=\"twitter:label2\" content=\"Est. tempo de leitura\" \/>\n\t<meta name=\"twitter:data2\" content=\"7 minutos\" \/>\n<!-- \/ Yoast SEO plugin. -->","yoast_head_json":{"title":"Saiba identificar r\u00e1pido problemas no rim e proteger seus rins antes que os sinais se agravem - Estado de Minas - Em foco","description":"Problemas no rim podem avan\u00e7ar de forma silenciosa, mas sinais como incha\u00e7o, cansa\u00e7o, coceira e mudan\u00e7as na urina ajudam a chamar aten\u00e7\u00e3o","robots":{"index":"index","follow":"follow","max-snippet":"max-snippet:-1","max-image-preview":"max-image-preview:large","max-video-preview":"max-video-preview:-1"},"canonical":"https:\/\/www.em.com.br\/emfoco\/2026\/04\/28\/saiba-identificar-rapido-problemas-no-rim-e-proteger-seus-rins-antes-que-os-sinais-se-agravem\/","og_locale":"pt_BR","og_type":"article","og_title":"Saiba identificar r\u00e1pido problemas no rim e proteger seus rins antes que os sinais se agravem - Estado de Minas - Em foco","og_description":"Problemas no rim podem avan\u00e7ar de forma silenciosa, mas sinais como incha\u00e7o, cansa\u00e7o, coceira e mudan\u00e7as na urina ajudam a chamar aten\u00e7\u00e3o","og_url":"https:\/\/www.em.com.br\/emfoco\/2026\/04\/28\/saiba-identificar-rapido-problemas-no-rim-e-proteger-seus-rins-antes-que-os-sinais-se-agravem\/","og_site_name":"Estado de Minas - Em foco","article_published_time":"2026-04-28T06:35:00+00:00","article_modified_time":"2026-04-27T18:15:05+00:00","og_image":[{"width":1280,"height":720,"url":"https:\/\/www.em.com.br\/emfoco\/wp-content\/uploads\/2026\/04\/EmFoco_08-11.jpg","type":"image\/jpeg"}],"author":"Douglas Myth","twitter_card":"summary_large_image","twitter_misc":{"Escrito por":"Douglas Myth","Est. tempo de leitura":"7 minutos"},"schema":{"@context":"https:\/\/schema.org","@graph":[{"@type":"WebPage","@id":"https:\/\/www.em.com.br\/emfoco\/2026\/04\/28\/saiba-identificar-rapido-problemas-no-rim-e-proteger-seus-rins-antes-que-os-sinais-se-agravem\/","url":"https:\/\/www.em.com.br\/emfoco\/2026\/04\/28\/saiba-identificar-rapido-problemas-no-rim-e-proteger-seus-rins-antes-que-os-sinais-se-agravem\/","name":"Saiba identificar r\u00e1pido problemas no rim e proteger seus rins antes que os sinais se agravem - Estado de Minas - Em foco","isPartOf":{"@id":"https:\/\/www.em.com.br\/emfoco\/#website"},"primaryImageOfPage":{"@id":"https:\/\/www.em.com.br\/emfoco\/2026\/04\/28\/saiba-identificar-rapido-problemas-no-rim-e-proteger-seus-rins-antes-que-os-sinais-se-agravem\/#primaryimage"},"image":{"@id":"https:\/\/www.em.com.br\/emfoco\/2026\/04\/28\/saiba-identificar-rapido-problemas-no-rim-e-proteger-seus-rins-antes-que-os-sinais-se-agravem\/#primaryimage"},"thumbnailUrl":"https:\/\/www.em.com.br\/emfoco\/wp-content\/uploads\/2026\/04\/EmFoco_08-11.jpg","datePublished":"2026-04-28T06:35:00+00:00","dateModified":"2026-04-27T18:15:05+00:00","author":{"@id":"https:\/\/www.em.com.br\/emfoco\/#\/schema\/person\/bba594b7eebe9b9885fec3a5c7837089"},"description":"Problemas no rim podem avan\u00e7ar de forma silenciosa, mas sinais como incha\u00e7o, cansa\u00e7o, coceira e mudan\u00e7as na urina ajudam a chamar aten\u00e7\u00e3o","breadcrumb":{"@id":"https:\/\/www.em.com.br\/emfoco\/2026\/04\/28\/saiba-identificar-rapido-problemas-no-rim-e-proteger-seus-rins-antes-que-os-sinais-se-agravem\/#breadcrumb"},"inLanguage":"pt-BR","potentialAction":[{"@type":"ReadAction","target":["https:\/\/www.em.com.br\/emfoco\/2026\/04\/28\/saiba-identificar-rapido-problemas-no-rim-e-proteger-seus-rins-antes-que-os-sinais-se-agravem\/"]}]},{"@type":"ImageObject","inLanguage":"pt-BR","@id":"https:\/\/www.em.com.br\/emfoco\/2026\/04\/28\/saiba-identificar-rapido-problemas-no-rim-e-proteger-seus-rins-antes-que-os-sinais-se-agravem\/#primaryimage","url":"https:\/\/www.em.com.br\/emfoco\/wp-content\/uploads\/2026\/04\/EmFoco_08-11.jpg","contentUrl":"https:\/\/www.em.com.br\/emfoco\/wp-content\/uploads\/2026\/04\/EmFoco_08-11.jpg","width":1280,"height":720,"caption":"Sinais silenciosos do corpo alertam para a import\u00e2ncia de preservar a sa\u00fade renal"},{"@type":"BreadcrumbList","@id":"https:\/\/www.em.com.br\/emfoco\/2026\/04\/28\/saiba-identificar-rapido-problemas-no-rim-e-proteger-seus-rins-antes-que-os-sinais-se-agravem\/#breadcrumb","itemListElement":[{"@type":"ListItem","position":1,"name":"In\u00edcio","item":"https:\/\/www.em.com.br\/emfoco\/"},{"@type":"ListItem","position":2,"name":"Saiba identificar r\u00e1pido problemas no rim e proteger seus rins antes que os sinais se agravem"}]},{"@type":"WebSite","@id":"https:\/\/www.em.com.br\/emfoco\/#website","url":"https:\/\/www.em.com.br\/emfoco\/","name":"Estado de Minas - Em foco","description":"Acompanhe as \u00faltimas not\u00edcias e fique bem informado sobre tudo o que acontece em Minas Gerais, Brasil e no mundo.","potentialAction":[{"@type":"SearchAction","target":{"@type":"EntryPoint","urlTemplate":"https:\/\/www.em.com.br\/emfoco\/?s={search_term_string}"},"query-input":{"@type":"PropertyValueSpecification","valueRequired":true,"valueName":"search_term_string"}}],"inLanguage":"pt-BR"},{"@type":"Person","@id":"https:\/\/www.em.com.br\/emfoco\/#\/schema\/person\/bba594b7eebe9b9885fec3a5c7837089","name":"Douglas Myth","image":{"@type":"ImageObject","inLanguage":"pt-BR","@id":"https:\/\/www.em.com.br\/emfoco\/#\/schema\/person\/image\/","url":"https:\/\/secure.gravatar.com\/avatar\/1ac3cf50d0e68642c697dc0c960c802f?s=96&d=mm&r=g","contentUrl":"https:\/\/secure.gravatar.com\/avatar\/1ac3cf50d0e68642c697dc0c960c802f?s=96&d=mm&r=g","caption":"Douglas Myth"},"url":"https:\/\/www.em.com.br\/emfoco\/author\/douglasmyth\/"}]}},"_links":{"self":[{"href":"https:\/\/www.em.com.br\/emfoco\/wp-json\/wp\/v2\/posts\/197743","targetHints":{"allow":["GET"]}}],"collection":[{"href":"https:\/\/www.em.com.br\/emfoco\/wp-json\/wp\/v2\/posts"}],"about":[{"href":"https:\/\/www.em.com.br\/emfoco\/wp-json\/wp\/v2\/types\/post"}],"author":[{"embeddable":true,"href":"https:\/\/www.em.com.br\/emfoco\/wp-json\/wp\/v2\/users\/15"}],"replies":[{"embeddable":true,"href":"https:\/\/www.em.com.br\/emfoco\/wp-json\/wp\/v2\/comments?post=197743"}],"version-history":[{"count":3,"href":"https:\/\/www.em.com.br\/emfoco\/wp-json\/wp\/v2\/posts\/197743\/revisions"}],"predecessor-version":[{"id":197752,"href":"https:\/\/www.em.com.br\/emfoco\/wp-json\/wp\/v2\/posts\/197743\/revisions\/197752"}],"wp:featuredmedia":[{"embeddable":true,"href":"https:\/\/www.em.com.br\/emfoco\/wp-json\/wp\/v2\/media\/200561"}],"wp:attachment":[{"href":"https:\/\/www.em.com.br\/emfoco\/wp-json\/wp\/v2\/media?parent=197743"}],"wp:term":[{"taxonomy":"category","embeddable":true,"href":"https:\/\/www.em.com.br\/emfoco\/wp-json\/wp\/v2\/categories?post=197743"},{"taxonomy":"post_tag","embeddable":true,"href":"https:\/\/www.em.com.br\/emfoco\/wp-json\/wp\/v2\/tags?post=197743"}],"curies":[{"name":"wp","href":"https:\/\/api.w.org\/{rel}","templated":true}]}}