{"id":197742,"date":"2026-04-24T16:35:00","date_gmt":"2026-04-24T19:35:00","guid":{"rendered":"https:\/\/www.em.com.br\/emfoco\/?p=197742"},"modified":"2026-04-23T14:27:17","modified_gmt":"2026-04-23T17:27:17","slug":"o-acessorio-queridinho-das-it-girls-dos-anos-90-voltou-com-tudo-neste-outono","status":"publish","type":"post","link":"https:\/\/www.em.com.br\/emfoco\/2026\/04\/24\/o-acessorio-queridinho-das-it-girls-dos-anos-90-voltou-com-tudo-neste-outono\/","title":{"rendered":"O acess\u00f3rio queridinho das &#8220;it girls&#8221; dos anos 90 voltou com tudo neste outono"},"content":{"rendered":"\n<p>Voc\u00ea abre aquela caixa de fotos antigas e percebe que a <strong>tiara acolchoada<\/strong> era o detalhe que trazia eleg\u00e2ncia imediata ao seu rosto jovem. Talvez seja o momento perfeito para entender por que esse item ic\u00f4nico resolveu reconquistar as vitrines mais sofisticadas desta temporada.<\/p>\n\n\n\n<h2 class=\"wp-block-heading\">Por que a tiara acolchoada voltou com tanta for\u00e7a<\/h2>\n\n\n\n<p>A moda c\u00edclica traz de volta elementos que priorizam o <strong>conforto aliado ao estilo<\/strong> em qualquer idade. Esse acess\u00f3rio espec\u00edfico ajuda a <strong>emoldurar o olhar<\/strong> de maneira suave sem exigir grandes mudan\u00e7as no corte de cabelo. Muitas mulheres buscam formas pr\u00e1ticas de <strong>manter os fios alinhados<\/strong> durante a rotina agitada do trabalho.<\/p>\n\n\n\n<p>O volume extra no topo da cabe\u00e7a cria uma ilus\u00e3o de <strong>rosto mais alongado<\/strong> e jovial. Designers renomados resgataram o toque aveludado para garantir que a <strong>sofistica\u00e7\u00e3o cl\u00e1ssica<\/strong> permane\u00e7a acess\u00edvel no cotidiano. O impacto visual transforma at\u00e9 a combina\u00e7\u00e3o mais b\u00e1sica de jeans e camiseta em um <strong>visual planejado<\/strong>.<\/p>\n\n\n\n<figure class=\"wp-block-image size-large\"><img loading=\"lazy\" decoding=\"async\" width=\"1024\" height=\"576\" src=\"https:\/\/www.em.com.br\/emfoco\/wp-content\/uploads\/2026\/04\/tiara-acolchoada-1024x576.jpg\" alt=\"tiara acolchoada\" class=\"wp-image-197744\" srcset=\"https:\/\/www.em.com.br\/emfoco\/wp-content\/uploads\/2026\/04\/tiara-acolchoada-1024x576.jpg 1024w, https:\/\/www.em.com.br\/emfoco\/wp-content\/uploads\/2026\/04\/tiara-acolchoada-300x169.jpg 300w, https:\/\/www.em.com.br\/emfoco\/wp-content\/uploads\/2026\/04\/tiara-acolchoada-768x432.jpg 768w, https:\/\/www.em.com.br\/emfoco\/wp-content\/uploads\/2026\/04\/tiara-acolchoada-750x422.jpg 750w, https:\/\/www.em.com.br\/emfoco\/wp-content\/uploads\/2026\/04\/tiara-acolchoada-1140x641.jpg 1140w, https:\/\/www.em.com.br\/emfoco\/wp-content\/uploads\/2026\/04\/tiara-acolchoada.jpg 1280w\" sizes=\"auto, (max-width: 1024px) 100vw, 1024px\" \/><figcaption class=\"wp-element-caption\">O volume extra no topo da cabe\u00e7a cria uma ilus\u00e3o de rosto mais alongado e jovial<\/figcaption><\/figure>\n\n\n\n<p>Leia tamb\u00e9m: <a href=\"https:\/\/www.em.com.br\/emfoco\/2026\/01\/03\/o-acessorio-estiloso-que-virou-aposta-do-verao-e-transforma-o-look-em-segundos\/\" target=\"_blank\" rel=\"noreferrer noopener\">O acess\u00f3rio estiloso que virou aposta do ver\u00e3o e transforma o look em segundos<\/a><\/p>\n\n\n\n<h2 class=\"wp-block-heading\">Como escolher o modelo ideal para seu tipo de cabelo<\/h2>\n\n\n\n<p>Texturas diferentes permitem que cada mulher encontre o equil\u00edbrio entre o <strong>brilho discreto<\/strong> e a textura opaca. Cabelos volumosos pedem estruturas mais largas que consigam <strong>segurar as mechas<\/strong> com firmeza total. Seus fios finos ganham um <strong>corpo aparente<\/strong> maior quando voc\u00ea posiciona a pe\u00e7a corretamente pr\u00f3ximo \u00e0 testa.<\/p>\n\n\n\n<p>Existem op\u00e7\u00f5es que variam desde o cetim suave at\u00e9 o couro sint\u00e9tico para momentos de <strong>maior formalidade<\/strong>. Analisar o peso da pe\u00e7a garante que o uso prolongado evite qualquer tipo de <strong>desconforto ou press\u00e3o<\/strong> nas t\u00eamporas. A escolha do acabamento certo garante uma <strong>transi\u00e7\u00e3o natural<\/strong> entre o look diurno e o evento noturno.<\/p>\n\n\n\n<figure class=\"wp-block-embed is-type-rich is-provider-pinterest wp-block-embed-pinterest\"><div class=\"wp-block-embed__wrapper\">\n<iframe loading=\"lazy\" title=\" \" src=\"https:\/\/assets.pinterest.com\/ext\/embed.html?id=68746611193&#038;src=oembed\" height=\"899\" width=\"450\" frameborder=\"0\" scrolling=\"no\" ><\/iframe>\n<\/div><\/figure>\n\n\n\n<h2 class=\"wp-block-heading\">Formas de usar a tiara acolchoada com eleg\u00e2ncia madura<\/h2>\n\n\n\n<p>Manter os cabelos soltos com ondas leves cria um contraste interessante com a <strong>geometria do acess\u00f3rio<\/strong>. Voc\u00ea pode optar por deixar algumas <strong>mechas frontais soltas<\/strong> para suavizar as linhas de express\u00e3o laterais. Essa t\u00e9cnica simples ajuda a criar um <strong>efeito de moldura<\/strong> que valoriza a maquiagem leve de forma instant\u00e2nea.<\/p>\n\n\n\n<p>Para quem prefere prender os fios, o coque baixo se torna a base perfeita para destacar a <strong>presen\u00e7a marcante<\/strong> do item. Selecionamos abaixo alguns estilos que combinam perfeitamente com essa tend\u00eancia nost\u00e1lgica e moderna ao mesmo tempo para facilitar sua escolha:<\/p>\n\n\n\n<ul class=\"wp-block-list\">\n<li>Cabelos totalmente para tr\u00e1s para um visual <strong>limpo e profissional<\/strong>.<\/li>\n\n\n\n<li>Rabo de cavalo baixo com acabamento em <strong>veludo preto cl\u00e1ssico<\/strong>.<\/li>\n\n\n\n<li>Fios divididos ao meio para destacar o <strong>volume equilibrado<\/strong> da pe\u00e7a.<\/li>\n<\/ul>\n\n\n\n<p>Para voc\u00ea que gosta de se cuidar, separamos um v\u00eddeo do canal da <a href=\"https:\/\/www.youtube.com\/@evelynresende8670\" target=\"_blank\" rel=\"noreferrer noopener\">Evelyn Resende<\/a> com dicas para usar tira:<\/p>\n\n\n\n<figure class=\"wp-block-embed is-type-video is-provider-youtube wp-block-embed-youtube wp-embed-aspect-4-3 wp-has-aspect-ratio\"><div class=\"wp-block-embed__wrapper\">\n<div class=\"jeg_video_container jeg_video_content\"><iframe loading=\"lazy\" title=\"DICAS DE COMO USAR TIARA | EVELYN RESENDE\" width=\"500\" height=\"375\" src=\"https:\/\/www.youtube.com\/embed\/uRDtO-KwSOc?feature=oembed\" frameborder=\"0\" allow=\"accelerometer; autoplay; clipboard-write; encrypted-media; gyroscope; picture-in-picture; web-share\" referrerpolicy=\"strict-origin-when-cross-origin\" allowfullscreen><\/iframe><\/div>\n<\/div><\/figure>\n\n\n\n<h2 class=\"wp-block-heading\">Quais cores de tiara acolchoada favorecem seu tom de pele<\/h2>\n\n\n\n<p>Tons terrosos e o cl\u00e1ssico vinho costumam aquecer o semblante de quem prefere uma <strong>apar\u00eancia mais acolhedora<\/strong>. O preto e o azul-marinho funcionam como <strong>curingas infal\u00edveis<\/strong> para reuni\u00f5es importantes ou jantares especiais. Cores vibrantes podem ser usadas como um <strong>ponto de luz<\/strong> estrat\u00e9gico em roupas de tons neutros.<\/p>\n\n\n\n<p>Avaliar o contraste entre a cor do cabelo e o material escolhido evita que o acess\u00f3rio <strong>desapare\u00e7a no visual<\/strong>. Pe\u00e7as com aplica\u00e7\u00f5es discretas de p\u00e9rolas trazem um <strong>brilho extra<\/strong> sem parecer exagerado para a luz do dia. O objetivo principal \u00e9 garantir que a <strong>harmonia crom\u00e1tica<\/strong> realce sua beleza natural de forma descomplicada.<\/p>\n\n\n\n<figure class=\"wp-block-embed is-type-rich is-provider-pinterest wp-block-embed-pinterest\"><div class=\"wp-block-embed__wrapper\">\n<iframe loading=\"lazy\" title=\"\u2728 QUER O LINK? Comente \u201cTiara\u201d que eu te envio ou \ud83d\udc47\ud83c\udffbPROCURE O PRODUTO NO:\u2714\ufe0fStories (durante 24h)\u2714\ufe0fDestaques (LINKS X)\u2714\ufe0fLink na Bio .Siga o perfil @achadosda.juu para mais Achadinhos como esse \u2728\ud83d\udcf2Entre para o nosso Grupo Vip de PROMOS (link na Bio)#achadinhosshopee #achadinhos #achadosshopee #achados #shopee #achado #tiara #tiaradecabelo #cabelo #cabeloanos90 #anos90\" src=\"https:\/\/assets.pinterest.com\/ext\/embed.html?id=728175833537095223&#038;src=oembed\" height=\"899\" width=\"450\" frameborder=\"0\" scrolling=\"no\" ><\/iframe>\n<\/div><\/figure>\n\n\n\n<h2 class=\"wp-block-heading\">Transforme seu visual hoje mesmo<\/h2>\n\n\n\n<p>Resgatar tend\u00eancias passadas permite uma <strong>conex\u00e3o \u00fanica<\/strong> com sua pr\u00f3pria hist\u00f3ria de estilo. Experimente diferentes alturas para encontrar o \u00e2ngulo que mais <strong>valoriza suas fei\u00e7\u00f5es<\/strong>. A autoconfian\u00e7a nasce de pequenos detalhes que fazem voc\u00ea se sentir <strong>bem cuidada<\/strong>.<\/p>\n\n\n\n<p>Aproveite a versatilidade desse item para simplificar suas manh\u00e3s com muita <strong>praticidade e charme<\/strong>. Pequenas mudan\u00e7as no espelho renovam a percep\u00e7\u00e3o de <strong>bem-estar pessoal<\/strong>. Sinta o prazer de vestir algo que une <strong>nostalgia e modernidade<\/strong> com equil\u00edbrio.<\/p>\n","protected":false},"excerpt":{"rendered":"<p>Voc\u00ea abre aquela caixa de fotos antigas e percebe que a tiara acolchoada era o detalhe que trazia eleg\u00e2ncia imediata ao seu rosto jovem. Talvez seja o momento perfeito para entender por que esse item ic\u00f4nico resolveu reconquistar as vitrines mais sofisticadas desta temporada. Por que a tiara acolchoada voltou com tanta for\u00e7a A moda [&hellip;]<\/p>\n","protected":false},"author":9,"featured_media":197934,"comment_status":"open","ping_status":"open","sticky":false,"template":"","format":"standard","meta":{"jnews-multi-image_gallery":[],"jnews_single_post":{"format":"standard"},"jnews_primary_category":[],"jnews_social_meta":[],"jnews_override_counter":[],"footnotes":""},"categories":[8691,29],"tags":[18656,27867,6429],"class_list":["post-197742","post","type-post","status-publish","format-standard","has-post-thumbnail","hentry","category-bem-estar","category-entretenimento","tag-acessorio-de-cabelo","tag-moda-feminina-40","tag-tendencias-de-outono"],"yoast_head":"<!-- This site is optimized with the Yoast SEO plugin v23.8 - https:\/\/yoast.com\/wordpress\/plugins\/seo\/ -->\n<title>O acess\u00f3rio queridinho das &quot;it girls&quot; dos anos 90 voltou com tudo neste outono - Estado de Minas - Em foco<\/title>\n<meta name=\"description\" content=\"A tiara acolchoada retornou como tend\u00eancia absoluta para mulheres que buscam eleg\u00e2ncia. Aprenda a usar esse acess\u00f3rio cl\u00e1ssico dos anos 90.\" \/>\n<meta name=\"robots\" content=\"index, follow, max-snippet:-1, max-image-preview:large, max-video-preview:-1\" \/>\n<link rel=\"canonical\" href=\"https:\/\/www.em.com.br\/emfoco\/2026\/04\/24\/o-acessorio-queridinho-das-it-girls-dos-anos-90-voltou-com-tudo-neste-outono\/\" \/>\n<meta property=\"og:locale\" content=\"pt_BR\" \/>\n<meta property=\"og:type\" content=\"article\" \/>\n<meta property=\"og:title\" content=\"O acess\u00f3rio queridinho das &quot;it girls&quot; dos anos 90 voltou com tudo neste outono - Estado de Minas - Em foco\" \/>\n<meta property=\"og:description\" content=\"A tiara acolchoada retornou como tend\u00eancia absoluta para mulheres que buscam eleg\u00e2ncia. Aprenda a usar esse acess\u00f3rio cl\u00e1ssico dos anos 90.\" \/>\n<meta property=\"og:url\" content=\"https:\/\/www.em.com.br\/emfoco\/2026\/04\/24\/o-acessorio-queridinho-das-it-girls-dos-anos-90-voltou-com-tudo-neste-outono\/\" \/>\n<meta property=\"og:site_name\" content=\"Estado de Minas - Em foco\" \/>\n<meta property=\"article:published_time\" content=\"2026-04-24T19:35:00+00:00\" \/>\n<meta property=\"article:modified_time\" content=\"2026-04-23T17:27:17+00:00\" \/>\n<meta property=\"og:image\" content=\"https:\/\/www.em.com.br\/emfoco\/wp-content\/uploads\/2026\/04\/EmFoco_25-4.jpg\" \/>\n\t<meta property=\"og:image:width\" content=\"1280\" \/>\n\t<meta property=\"og:image:height\" content=\"720\" \/>\n\t<meta property=\"og:image:type\" content=\"image\/jpeg\" \/>\n<meta name=\"author\" content=\"Daniely Cardoso\" \/>\n<meta name=\"twitter:card\" content=\"summary_large_image\" \/>\n<meta name=\"twitter:label1\" content=\"Escrito por\" \/>\n\t<meta name=\"twitter:data1\" content=\"Daniely Cardoso\" \/>\n\t<meta name=\"twitter:label2\" content=\"Est. tempo de leitura\" \/>\n\t<meta name=\"twitter:data2\" content=\"4 minutos\" \/>\n<!-- \/ Yoast SEO plugin. -->","yoast_head_json":{"title":"O acess\u00f3rio queridinho das \"it girls\" dos anos 90 voltou com tudo neste outono - Estado de Minas - Em foco","description":"A tiara acolchoada retornou como tend\u00eancia absoluta para mulheres que buscam eleg\u00e2ncia. Aprenda a usar esse acess\u00f3rio cl\u00e1ssico dos anos 90.","robots":{"index":"index","follow":"follow","max-snippet":"max-snippet:-1","max-image-preview":"max-image-preview:large","max-video-preview":"max-video-preview:-1"},"canonical":"https:\/\/www.em.com.br\/emfoco\/2026\/04\/24\/o-acessorio-queridinho-das-it-girls-dos-anos-90-voltou-com-tudo-neste-outono\/","og_locale":"pt_BR","og_type":"article","og_title":"O acess\u00f3rio queridinho das \"it girls\" dos anos 90 voltou com tudo neste outono - Estado de Minas - Em foco","og_description":"A tiara acolchoada retornou como tend\u00eancia absoluta para mulheres que buscam eleg\u00e2ncia. Aprenda a usar esse acess\u00f3rio cl\u00e1ssico dos anos 90.","og_url":"https:\/\/www.em.com.br\/emfoco\/2026\/04\/24\/o-acessorio-queridinho-das-it-girls-dos-anos-90-voltou-com-tudo-neste-outono\/","og_site_name":"Estado de Minas - Em foco","article_published_time":"2026-04-24T19:35:00+00:00","article_modified_time":"2026-04-23T17:27:17+00:00","og_image":[{"width":1280,"height":720,"url":"https:\/\/www.em.com.br\/emfoco\/wp-content\/uploads\/2026\/04\/EmFoco_25-4.jpg","type":"image\/jpeg"}],"author":"Daniely Cardoso","twitter_card":"summary_large_image","twitter_misc":{"Escrito por":"Daniely Cardoso","Est. tempo de leitura":"4 minutos"},"schema":{"@context":"https:\/\/schema.org","@graph":[{"@type":"WebPage","@id":"https:\/\/www.em.com.br\/emfoco\/2026\/04\/24\/o-acessorio-queridinho-das-it-girls-dos-anos-90-voltou-com-tudo-neste-outono\/","url":"https:\/\/www.em.com.br\/emfoco\/2026\/04\/24\/o-acessorio-queridinho-das-it-girls-dos-anos-90-voltou-com-tudo-neste-outono\/","name":"O acess\u00f3rio queridinho das \"it girls\" dos anos 90 voltou com tudo neste outono - Estado de Minas - Em foco","isPartOf":{"@id":"https:\/\/www.em.com.br\/emfoco\/#website"},"primaryImageOfPage":{"@id":"https:\/\/www.em.com.br\/emfoco\/2026\/04\/24\/o-acessorio-queridinho-das-it-girls-dos-anos-90-voltou-com-tudo-neste-outono\/#primaryimage"},"image":{"@id":"https:\/\/www.em.com.br\/emfoco\/2026\/04\/24\/o-acessorio-queridinho-das-it-girls-dos-anos-90-voltou-com-tudo-neste-outono\/#primaryimage"},"thumbnailUrl":"https:\/\/www.em.com.br\/emfoco\/wp-content\/uploads\/2026\/04\/EmFoco_25-4.jpg","datePublished":"2026-04-24T19:35:00+00:00","dateModified":"2026-04-23T17:27:17+00:00","author":{"@id":"https:\/\/www.em.com.br\/emfoco\/#\/schema\/person\/0a8186d72f2c3a5c6276d90b41f271a0"},"description":"A tiara acolchoada retornou como tend\u00eancia absoluta para mulheres que buscam eleg\u00e2ncia. Aprenda a usar esse acess\u00f3rio cl\u00e1ssico dos anos 90.","breadcrumb":{"@id":"https:\/\/www.em.com.br\/emfoco\/2026\/04\/24\/o-acessorio-queridinho-das-it-girls-dos-anos-90-voltou-com-tudo-neste-outono\/#breadcrumb"},"inLanguage":"pt-BR","potentialAction":[{"@type":"ReadAction","target":["https:\/\/www.em.com.br\/emfoco\/2026\/04\/24\/o-acessorio-queridinho-das-it-girls-dos-anos-90-voltou-com-tudo-neste-outono\/"]}]},{"@type":"ImageObject","inLanguage":"pt-BR","@id":"https:\/\/www.em.com.br\/emfoco\/2026\/04\/24\/o-acessorio-queridinho-das-it-girls-dos-anos-90-voltou-com-tudo-neste-outono\/#primaryimage","url":"https:\/\/www.em.com.br\/emfoco\/wp-content\/uploads\/2026\/04\/EmFoco_25-4.jpg","contentUrl":"https:\/\/www.em.com.br\/emfoco\/wp-content\/uploads\/2026\/04\/EmFoco_25-4.jpg","width":1280,"height":720,"caption":"Acess\u00f3rio cl\u00e1ssico acolchoado emoldura o rosto e traz sofistica\u00e7\u00e3o pr\u00e1tica ao visual contempor\u00e2neo"},{"@type":"BreadcrumbList","@id":"https:\/\/www.em.com.br\/emfoco\/2026\/04\/24\/o-acessorio-queridinho-das-it-girls-dos-anos-90-voltou-com-tudo-neste-outono\/#breadcrumb","itemListElement":[{"@type":"ListItem","position":1,"name":"In\u00edcio","item":"https:\/\/www.em.com.br\/emfoco\/"},{"@type":"ListItem","position":2,"name":"O acess\u00f3rio queridinho das &#8220;it girls&#8221; dos anos 90 voltou com tudo neste outono"}]},{"@type":"WebSite","@id":"https:\/\/www.em.com.br\/emfoco\/#website","url":"https:\/\/www.em.com.br\/emfoco\/","name":"Estado de Minas - Em foco","description":"Acompanhe as \u00faltimas not\u00edcias e fique bem informado sobre tudo o que acontece em Minas Gerais, Brasil e no mundo.","potentialAction":[{"@type":"SearchAction","target":{"@type":"EntryPoint","urlTemplate":"https:\/\/www.em.com.br\/emfoco\/?s={search_term_string}"},"query-input":{"@type":"PropertyValueSpecification","valueRequired":true,"valueName":"search_term_string"}}],"inLanguage":"pt-BR"},{"@type":"Person","@id":"https:\/\/www.em.com.br\/emfoco\/#\/schema\/person\/0a8186d72f2c3a5c6276d90b41f271a0","name":"Daniely Cardoso","image":{"@type":"ImageObject","inLanguage":"pt-BR","@id":"https:\/\/www.em.com.br\/emfoco\/#\/schema\/person\/image\/","url":"https:\/\/secure.gravatar.com\/avatar\/4b80ddbd124d1f071b626d52d62e5dff?s=96&d=mm&r=g","contentUrl":"https:\/\/secure.gravatar.com\/avatar\/4b80ddbd124d1f071b626d52d62e5dff?s=96&d=mm&r=g","caption":"Daniely Cardoso"},"url":"https:\/\/www.em.com.br\/emfoco\/author\/danielymyth\/"}]}},"_links":{"self":[{"href":"https:\/\/www.em.com.br\/emfoco\/wp-json\/wp\/v2\/posts\/197742","targetHints":{"allow":["GET"]}}],"collection":[{"href":"https:\/\/www.em.com.br\/emfoco\/wp-json\/wp\/v2\/posts"}],"about":[{"href":"https:\/\/www.em.com.br\/emfoco\/wp-json\/wp\/v2\/types\/post"}],"author":[{"embeddable":true,"href":"https:\/\/www.em.com.br\/emfoco\/wp-json\/wp\/v2\/users\/9"}],"replies":[{"embeddable":true,"href":"https:\/\/www.em.com.br\/emfoco\/wp-json\/wp\/v2\/comments?post=197742"}],"version-history":[{"count":1,"href":"https:\/\/www.em.com.br\/emfoco\/wp-json\/wp\/v2\/posts\/197742\/revisions"}],"predecessor-version":[{"id":197746,"href":"https:\/\/www.em.com.br\/emfoco\/wp-json\/wp\/v2\/posts\/197742\/revisions\/197746"}],"wp:featuredmedia":[{"embeddable":true,"href":"https:\/\/www.em.com.br\/emfoco\/wp-json\/wp\/v2\/media\/197934"}],"wp:attachment":[{"href":"https:\/\/www.em.com.br\/emfoco\/wp-json\/wp\/v2\/media?parent=197742"}],"wp:term":[{"taxonomy":"category","embeddable":true,"href":"https:\/\/www.em.com.br\/emfoco\/wp-json\/wp\/v2\/categories?post=197742"},{"taxonomy":"post_tag","embeddable":true,"href":"https:\/\/www.em.com.br\/emfoco\/wp-json\/wp\/v2\/tags?post=197742"}],"curies":[{"name":"wp","href":"https:\/\/api.w.org\/{rel}","templated":true}]}}