{"id":197724,"date":"2026-04-26T16:25:00","date_gmt":"2026-04-26T19:25:00","guid":{"rendered":"https:\/\/www.em.com.br\/emfoco\/?p=197724"},"modified":"2026-04-25T13:04:41","modified_gmt":"2026-04-25T16:04:41","slug":"o-que-realmente-envelhece-as-maos-e-como-cuidar-melhor-da-pele-fina-e-marcada","status":"publish","type":"post","link":"https:\/\/www.em.com.br\/emfoco\/2026\/04\/26\/o-que-realmente-envelhece-as-maos-e-como-cuidar-melhor-da-pele-fina-e-marcada\/","title":{"rendered":"O que realmente envelhece as m\u00e3os e como cuidar melhor da pele fina e marcada"},"content":{"rendered":"\n<p>M\u00e3os com aspecto <strong>envelhecido<\/strong> costumam chamar aten\u00e7\u00e3o porque, muitas vezes, entregam mais a passagem do tempo do que o pr\u00f3prio rosto. Rugas finas, manchas escuras, pele ressecada e apar\u00eancia mais \u201cossuda\u201d s\u00e3o sinais que aparecem de forma lenta e cumulativa, muitas vezes agravados pelo uso frequente de \u00e1lcool em gel e produtos de limpeza, bem como pela falta de prote\u00e7\u00e3o solar e de hidrata\u00e7\u00e3o adequada.<\/p>\n\n\n\n<h2 class=\"wp-block-heading\">O que s\u00e3o m\u00e3os envelhecidas e por que elas aparecem mais rapidamente?<\/h2>\n\n\n\n<p>Quando se fala em <strong>m\u00e3os envelhecidas<\/strong>, a idade biol\u00f3gica nem sempre \u00e9 o fator principal. O que pesa mesmo \u00e9 a soma de pequenos danos di\u00e1rios: exposi\u00e7\u00e3o solar sem prote\u00e7\u00e3o, contato constante com \u00e1gua e detergentes, uso de \u00e1lcool em excesso e falta de hidrata\u00e7\u00e3o, que se acumulam ao longo dos anos.<\/p>\n\n\n\n<p>Essa combina\u00e7\u00e3o afeta especialmente o dorso das m\u00e3os, <a href=\"https:\/\/www.em.com.br\/emfoco\/2026\/04\/22\/por-que-essas-20-frutas-do-quintal-da-vovo-desapareceram-do-brasil-e-quase-sairam-da-memoria\/\" target=\"_blank\" rel=\"noreferrer noopener\">regi\u00e3o <\/a>de pele fina, pouca gordura e mais vulner\u00e1vel \u00e0 perda de col\u00e1geno. Com isso, a pele perde sustenta\u00e7\u00e3o e elasticidade, surgem manchas, rugas finas e uma apar\u00eancia mais ossuda, com veias e tend\u00f5es em evid\u00eancia.<\/p>\n\n\n\n<figure class=\"wp-block-image size-large\"><img loading=\"lazy\" decoding=\"async\" width=\"1024\" height=\"576\" src=\"https:\/\/www.em.com.br\/emfoco\/wp-content\/uploads\/2026\/04\/Texto-do-seu-paragrafo-2026-04-23T092917.567-1024x576.jpg\" alt=\"O que realmente envelhece as m\u00e3os e como cuidar melhor da pele fina e marcada\" class=\"wp-image-197729\" srcset=\"https:\/\/www.em.com.br\/emfoco\/wp-content\/uploads\/2026\/04\/Texto-do-seu-paragrafo-2026-04-23T092917.567-1024x576.jpg 1024w, https:\/\/www.em.com.br\/emfoco\/wp-content\/uploads\/2026\/04\/Texto-do-seu-paragrafo-2026-04-23T092917.567-300x169.jpg 300w, https:\/\/www.em.com.br\/emfoco\/wp-content\/uploads\/2026\/04\/Texto-do-seu-paragrafo-2026-04-23T092917.567-768x432.jpg 768w, https:\/\/www.em.com.br\/emfoco\/wp-content\/uploads\/2026\/04\/Texto-do-seu-paragrafo-2026-04-23T092917.567-750x422.jpg 750w, https:\/\/www.em.com.br\/emfoco\/wp-content\/uploads\/2026\/04\/Texto-do-seu-paragrafo-2026-04-23T092917.567-1140x641.jpg 1140w, https:\/\/www.em.com.br\/emfoco\/wp-content\/uploads\/2026\/04\/Texto-do-seu-paragrafo-2026-04-23T092917.567.jpg 1280w\" sizes=\"auto, (max-width: 1024px) 100vw, 1024px\" \/><figcaption class=\"wp-element-caption\">Sol e ressecamento ajudam a envelhecer as m\u00e3os mais r\u00e1pido do que muita gente imagina<\/figcaption><\/figure>\n\n\n\n<h2 class=\"wp-block-heading\">Quais s\u00e3o as principais causas do aspecto de m\u00e3os envelhecidas?<\/h2>\n\n\n\n<p>O <strong>envelhecimento<\/strong> das m\u00e3os resulta de processos internos naturais, como redu\u00e7\u00e3o da produ\u00e7\u00e3o de col\u00e1geno e elastina, somados a agress\u00f5es externas constantes. Radia\u00e7\u00e3o ultravioleta, ressecamento cr\u00f4nico, atrito, mudan\u00e7as hormonais e contato com produtos qu\u00edmicos est\u00e3o entre os fatores que mais danificam essa regi\u00e3o.<\/p>\n\n\n\n<p>Na pr\u00e1tica, as <strong>m\u00e3os envelhecidas<\/strong> apresentam um conjunto de sinais vis\u00edveis e de sensa\u00e7\u00f5es desconfort\u00e1veis. A pele se torna mais fina e fr\u00e1gil, as manchas amarronzadas aparecem ou aumentam, a textura fica irregular, \u00e1spera ou opaca, com maior tend\u00eancia a machucar e descamar com facilidade.<\/p>\n\n\n\n<ul class=\"wp-block-list\">\n<li>Perda de gordura e <strong>col\u00e1geno<\/strong> no dorso, deixando ossos e veias em evid\u00eancia.<\/li>\n\n\n\n<li>Manchas escuras, muitas vezes relacionadas ao sol acumulado ao longo da vida.<\/li>\n\n\n\n<li><strong>Ressecamento<\/strong> intenso, com sensa\u00e7\u00e3o de pele repuxando e descamando.<\/li>\n\n\n\n<li>Maior sensibilidade, com ard\u00eancia ou irrita\u00e7\u00e3o ap\u00f3s produtos comuns.<\/li>\n<\/ul>\n\n\n\n<h2 class=\"wp-block-heading\">Como o sol e o ressecamento aceleram o envelhecimento?<\/h2>\n\n\n\n<p>Entre todos os fatores, o sol \u00e9 um dos maiores respons\u00e1veis pelo envelhecimento vis\u00edvel das m\u00e3os. A <a href=\"https:\/\/www.em.com.br\/emfoco\/2026\/04\/22\/esse-mel-raro-do-himalaia-chama-atencao-pelo-risco-da-coleta-e-pelos-efeitos-no-corpo\/\" target=\"_blank\" rel=\"noreferrer noopener\">famosa <\/a>\u201cmancha da idade\u201d costuma ser, na realidade, uma mancha ligada ao <strong>dano solar<\/strong> acumulado, causado por dirigir, caminhar na rua ou ficar pr\u00f3ximo a janelas sem prote\u00e7\u00e3o adequada.<\/p>\n\n\n\n<p>O ressecamento tamb\u00e9m \u00e9 decisivo na apar\u00eancia de <em>m\u00e3os envelhecidas<\/em>. Lavagens frequentes com \u00e1gua quente, sab\u00f5es, detergentes, desinfetantes e \u00e1lcool em gel removem os lip\u00eddios naturais que formam a <strong>barreira<\/strong> protetora, deixando a pele \u00e1spera, sens\u00edvel, inflamada e com maior perda de \u00e1gua.<\/p>\n\n\n\n<ol class=\"wp-block-list\">\n<li><strong>Sol<\/strong> sem prote\u00e7\u00e3o aumenta manchas, rugas finas e irregularidade de cor.<\/li>\n\n\n\n<li>Lavagens frequentes fragilizam a camada protetora da pele.<\/li>\n\n\n\n<li>\u00c1lcool em gel e produtos de limpeza potencializam o <strong>ressecamento<\/strong>.<\/li>\n\n\n\n<li>Frio e vento contribuem para pele rachada e sens\u00edvel.<\/li>\n<\/ol>\n\n\n\n<p>Conte\u00fado do canal <strong>Sem Filtro | Borchardt<\/strong>, com mais de 557 mil de inscritos e cerca de 77 mil de visualiza\u00e7\u00f5es:<\/p>\n\n\n\n<figure class=\"wp-block-embed is-type-video is-provider-youtube wp-block-embed-youtube wp-embed-aspect-16-9 wp-has-aspect-ratio\"><div class=\"wp-block-embed__wrapper\">\n<div class=\"jeg_video_container jeg_video_content\"><iframe loading=\"lazy\" title=\"M\u00e3os com aspecto de &#039;velha&#039;? Tem solu\u00e7\u00e3o! (Dicas de Dermato)\" width=\"500\" height=\"281\" src=\"https:\/\/www.youtube.com\/embed\/63DrfOQoF90?feature=oembed\" frameborder=\"0\" allow=\"accelerometer; autoplay; clipboard-write; encrypted-media; gyroscope; picture-in-picture; web-share\" referrerpolicy=\"strict-origin-when-cross-origin\" allowfullscreen><\/iframe><\/div>\n<\/div><\/figure>\n\n\n\n<h2 class=\"wp-block-heading\">Como cuidar de envelhecidas no dia a dia de forma pr\u00e1tica?<\/h2>\n\n\n\n<p>O cuidado com m\u00e3os envelhecidas come\u00e7a com medidas simples, consistentes e adaptadas \u00e0 rotina. A <strong>hidrata\u00e7\u00e3o<\/strong> frequente \u00e9 um dos pilares, preferindo cremes espec\u00edficos para m\u00e3os com textura mais encorpada e ativos que refor\u00e7am a barreira cut\u00e2nea, como glicerina, ceramidas, manteigas vegetais e \u00f3leos em pequena quantidade.<\/p>\n\n\n\n<p>A <strong>prote\u00e7\u00e3o solar<\/strong> di\u00e1ria \u00e9 outro ponto central para prevenir novas manchas e piora da textura. Protetores em lo\u00e7\u00e3o ou hidratantes com <strong>fator de prote\u00e7\u00e3o solar (FPS)<\/strong> devem ser reaplicados ap\u00f3s lavagens, principalmente para quem dirige, trabalha ao ar livre ou fica pr\u00f3ximo a janelas com entrada de luz, podendo ser associados ao uso de luvas f\u00edsicas em exposi\u00e7\u00f5es mais intensas.<\/p>\n\n\n\n<ul class=\"wp-block-list\">\n<li>Escolher cremes para m\u00e3os com textura confort\u00e1vel, para facilitar o uso di\u00e1rio.<\/li>\n\n\n\n<li>Aplicar o hidratante sempre ap\u00f3s lavar as m\u00e3os, incluindo o dorso.<\/li>\n\n\n\n<li>Dar prefer\u00eancia a produtos com <strong>FPS<\/strong> durante o dia e reaplicar conforme a necessidade.<\/li>\n\n\n\n<li>Evitar \u00e1gua muito quente e excesso de <strong>detergentes<\/strong> sempre que for poss\u00edvel.<\/li>\n\n\n\n<li>Utilizar luvas de prote\u00e7\u00e3o ao manusear produtos de limpeza mais fortes.<\/li>\n<\/ul>\n\n\n\n<h2 class=\"wp-block-heading\">Retinol, clareadores e procedimentos funcionam para m\u00e3os envelhecidas?<\/h2>\n\n\n\n<p>Quando os sinais de <strong>m\u00e3os envelhecidas<\/strong> j\u00e1 est\u00e3o bem marcados, diversos tratamentos podem ser associados para melhorar a apar\u00eancia e o conforto da pele. Clareadores t\u00f3picos ajudam a <a href=\"https:\/\/www.gov.br\/saude\/pt-br\/assuntos\/noticias\/2020\/dezembro\/cancer-de-pele-saiba-como-prevenir-diagnosticar-e-tratar\" target=\"_blank\" rel=\"noreferrer noopener\">uniformizar <\/a>o tom, enquanto ativos renovadores, como o <strong>retinol<\/strong> e seus derivados, estimulam a renova\u00e7\u00e3o celular e a produ\u00e7\u00e3o de col\u00e1geno, devendo ser usados com orienta\u00e7\u00e3o profissional para evitar irrita\u00e7\u00f5es.<\/p>\n\n\n\n<p>Em alguns casos, <strong>procedimentos<\/strong> em consult\u00f3rio, como lasers, luz intensa pulsada, peelings espec\u00edficos para m\u00e3os, bioestimuladores de col\u00e1geno e preenchimentos com subst\u00e2ncias biocompat\u00edveis, podem suavizar rugas, atenuar manchas e devolver volume perdido. Ainda assim, a base do cuidado continua sendo a preven\u00e7\u00e3o com prote\u00e7\u00e3o solar, hidrata\u00e7\u00e3o constante e redu\u00e7\u00e3o de agress\u00f5es di\u00e1rias.<\/p>\n","protected":false},"excerpt":{"rendered":"<p>M\u00e3os com aspecto envelhecido costumam chamar aten\u00e7\u00e3o porque, muitas vezes, entregam mais a passagem do tempo do que o pr\u00f3prio rosto. Rugas finas, manchas escuras, pele ressecada e apar\u00eancia mais \u201cossuda\u201d s\u00e3o sinais que aparecem de forma lenta e cumulativa, muitas vezes agravados pelo uso frequente de \u00e1lcool em gel e produtos de limpeza, bem [&hellip;]<\/p>\n","protected":false},"author":15,"featured_media":199300,"comment_status":"open","ping_status":"open","sticky":false,"template":"","format":"standard","meta":{"jnews-multi-image_gallery":[],"jnews_single_post":{"format":"standard"},"jnews_primary_category":[],"jnews_social_meta":[],"jnews_override_counter":[],"footnotes":""},"categories":[8819],"tags":[711,12306,415],"class_list":["post-197724","post","type-post","status-publish","format-standard","has-post-thumbnail","hentry","category-curiosidades","tag-bem-estar","tag-pele-2","tag-saude"],"yoast_head":"<!-- This site is optimized with the Yoast SEO plugin v23.8 - https:\/\/yoast.com\/wordpress\/plugins\/seo\/ -->\n<title>O que realmente envelhece as m\u00e3os e como cuidar melhor da pele fina e marcada - Estado de Minas - Em foco<\/title>\n<meta name=\"description\" content=\"M\u00e3os envelhecidas costumam refletir sol, ressecamento e dano acumulado, e a melhora passa por hidrata\u00e7\u00e3o, prote\u00e7\u00e3o solar e cuidados\" \/>\n<meta name=\"robots\" content=\"index, follow, max-snippet:-1, max-image-preview:large, max-video-preview:-1\" \/>\n<link rel=\"canonical\" href=\"https:\/\/www.em.com.br\/emfoco\/2026\/04\/26\/o-que-realmente-envelhece-as-maos-e-como-cuidar-melhor-da-pele-fina-e-marcada\/\" \/>\n<meta property=\"og:locale\" content=\"pt_BR\" \/>\n<meta property=\"og:type\" content=\"article\" \/>\n<meta property=\"og:title\" content=\"O que realmente envelhece as m\u00e3os e como cuidar melhor da pele fina e marcada - Estado de Minas - Em foco\" \/>\n<meta property=\"og:description\" content=\"M\u00e3os envelhecidas costumam refletir sol, ressecamento e dano acumulado, e a melhora passa por hidrata\u00e7\u00e3o, prote\u00e7\u00e3o solar e cuidados\" \/>\n<meta property=\"og:url\" content=\"https:\/\/www.em.com.br\/emfoco\/2026\/04\/26\/o-que-realmente-envelhece-as-maos-e-como-cuidar-melhor-da-pele-fina-e-marcada\/\" \/>\n<meta property=\"og:site_name\" content=\"Estado de Minas - Em foco\" \/>\n<meta property=\"article:published_time\" content=\"2026-04-26T19:25:00+00:00\" \/>\n<meta property=\"article:modified_time\" content=\"2026-04-25T16:04:41+00:00\" \/>\n<meta property=\"og:image\" content=\"https:\/\/www.em.com.br\/emfoco\/wp-content\/uploads\/2026\/04\/EmFoco_02-9.jpg\" \/>\n\t<meta property=\"og:image:width\" content=\"1280\" \/>\n\t<meta property=\"og:image:height\" content=\"720\" \/>\n\t<meta property=\"og:image:type\" content=\"image\/jpeg\" \/>\n<meta name=\"author\" content=\"Douglas Myth\" \/>\n<meta name=\"twitter:card\" content=\"summary_large_image\" \/>\n<meta name=\"twitter:label1\" content=\"Escrito por\" \/>\n\t<meta name=\"twitter:data1\" content=\"Douglas Myth\" \/>\n\t<meta name=\"twitter:label2\" content=\"Est. tempo de leitura\" \/>\n\t<meta name=\"twitter:data2\" content=\"5 minutos\" \/>\n<!-- \/ Yoast SEO plugin. -->","yoast_head_json":{"title":"O que realmente envelhece as m\u00e3os e como cuidar melhor da pele fina e marcada - Estado de Minas - Em foco","description":"M\u00e3os envelhecidas costumam refletir sol, ressecamento e dano acumulado, e a melhora passa por hidrata\u00e7\u00e3o, prote\u00e7\u00e3o solar e cuidados","robots":{"index":"index","follow":"follow","max-snippet":"max-snippet:-1","max-image-preview":"max-image-preview:large","max-video-preview":"max-video-preview:-1"},"canonical":"https:\/\/www.em.com.br\/emfoco\/2026\/04\/26\/o-que-realmente-envelhece-as-maos-e-como-cuidar-melhor-da-pele-fina-e-marcada\/","og_locale":"pt_BR","og_type":"article","og_title":"O que realmente envelhece as m\u00e3os e como cuidar melhor da pele fina e marcada - Estado de Minas - Em foco","og_description":"M\u00e3os envelhecidas costumam refletir sol, ressecamento e dano acumulado, e a melhora passa por hidrata\u00e7\u00e3o, prote\u00e7\u00e3o solar e cuidados","og_url":"https:\/\/www.em.com.br\/emfoco\/2026\/04\/26\/o-que-realmente-envelhece-as-maos-e-como-cuidar-melhor-da-pele-fina-e-marcada\/","og_site_name":"Estado de Minas - Em foco","article_published_time":"2026-04-26T19:25:00+00:00","article_modified_time":"2026-04-25T16:04:41+00:00","og_image":[{"width":1280,"height":720,"url":"https:\/\/www.em.com.br\/emfoco\/wp-content\/uploads\/2026\/04\/EmFoco_02-9.jpg","type":"image\/jpeg"}],"author":"Douglas Myth","twitter_card":"summary_large_image","twitter_misc":{"Escrito por":"Douglas Myth","Est. tempo de leitura":"5 minutos"},"schema":{"@context":"https:\/\/schema.org","@graph":[{"@type":"WebPage","@id":"https:\/\/www.em.com.br\/emfoco\/2026\/04\/26\/o-que-realmente-envelhece-as-maos-e-como-cuidar-melhor-da-pele-fina-e-marcada\/","url":"https:\/\/www.em.com.br\/emfoco\/2026\/04\/26\/o-que-realmente-envelhece-as-maos-e-como-cuidar-melhor-da-pele-fina-e-marcada\/","name":"O que realmente envelhece as m\u00e3os e como cuidar melhor da pele fina e marcada - Estado de Minas - Em foco","isPartOf":{"@id":"https:\/\/www.em.com.br\/emfoco\/#website"},"primaryImageOfPage":{"@id":"https:\/\/www.em.com.br\/emfoco\/2026\/04\/26\/o-que-realmente-envelhece-as-maos-e-como-cuidar-melhor-da-pele-fina-e-marcada\/#primaryimage"},"image":{"@id":"https:\/\/www.em.com.br\/emfoco\/2026\/04\/26\/o-que-realmente-envelhece-as-maos-e-como-cuidar-melhor-da-pele-fina-e-marcada\/#primaryimage"},"thumbnailUrl":"https:\/\/www.em.com.br\/emfoco\/wp-content\/uploads\/2026\/04\/EmFoco_02-9.jpg","datePublished":"2026-04-26T19:25:00+00:00","dateModified":"2026-04-25T16:04:41+00:00","author":{"@id":"https:\/\/www.em.com.br\/emfoco\/#\/schema\/person\/bba594b7eebe9b9885fec3a5c7837089"},"description":"M\u00e3os envelhecidas costumam refletir sol, ressecamento e dano acumulado, e a melhora passa por hidrata\u00e7\u00e3o, prote\u00e7\u00e3o solar e cuidados","breadcrumb":{"@id":"https:\/\/www.em.com.br\/emfoco\/2026\/04\/26\/o-que-realmente-envelhece-as-maos-e-como-cuidar-melhor-da-pele-fina-e-marcada\/#breadcrumb"},"inLanguage":"pt-BR","potentialAction":[{"@type":"ReadAction","target":["https:\/\/www.em.com.br\/emfoco\/2026\/04\/26\/o-que-realmente-envelhece-as-maos-e-como-cuidar-melhor-da-pele-fina-e-marcada\/"]}]},{"@type":"ImageObject","inLanguage":"pt-BR","@id":"https:\/\/www.em.com.br\/emfoco\/2026\/04\/26\/o-que-realmente-envelhece-as-maos-e-como-cuidar-melhor-da-pele-fina-e-marcada\/#primaryimage","url":"https:\/\/www.em.com.br\/emfoco\/wp-content\/uploads\/2026\/04\/EmFoco_02-9.jpg","contentUrl":"https:\/\/www.em.com.br\/emfoco\/wp-content\/uploads\/2026\/04\/EmFoco_02-9.jpg","width":1280,"height":720,"caption":"Danos cumulativos causados por sol e ressecamento que aceleram o envelhecimento das m\u00e3os"},{"@type":"BreadcrumbList","@id":"https:\/\/www.em.com.br\/emfoco\/2026\/04\/26\/o-que-realmente-envelhece-as-maos-e-como-cuidar-melhor-da-pele-fina-e-marcada\/#breadcrumb","itemListElement":[{"@type":"ListItem","position":1,"name":"In\u00edcio","item":"https:\/\/www.em.com.br\/emfoco\/"},{"@type":"ListItem","position":2,"name":"O que realmente envelhece as m\u00e3os e como cuidar melhor da pele fina e marcada"}]},{"@type":"WebSite","@id":"https:\/\/www.em.com.br\/emfoco\/#website","url":"https:\/\/www.em.com.br\/emfoco\/","name":"Estado de Minas - Em foco","description":"Acompanhe as \u00faltimas not\u00edcias e fique bem informado sobre tudo o que acontece em Minas Gerais, Brasil e no mundo.","potentialAction":[{"@type":"SearchAction","target":{"@type":"EntryPoint","urlTemplate":"https:\/\/www.em.com.br\/emfoco\/?s={search_term_string}"},"query-input":{"@type":"PropertyValueSpecification","valueRequired":true,"valueName":"search_term_string"}}],"inLanguage":"pt-BR"},{"@type":"Person","@id":"https:\/\/www.em.com.br\/emfoco\/#\/schema\/person\/bba594b7eebe9b9885fec3a5c7837089","name":"Douglas Myth","image":{"@type":"ImageObject","inLanguage":"pt-BR","@id":"https:\/\/www.em.com.br\/emfoco\/#\/schema\/person\/image\/","url":"https:\/\/secure.gravatar.com\/avatar\/1ac3cf50d0e68642c697dc0c960c802f?s=96&d=mm&r=g","contentUrl":"https:\/\/secure.gravatar.com\/avatar\/1ac3cf50d0e68642c697dc0c960c802f?s=96&d=mm&r=g","caption":"Douglas Myth"},"url":"https:\/\/www.em.com.br\/emfoco\/author\/douglasmyth\/"}]}},"_links":{"self":[{"href":"https:\/\/www.em.com.br\/emfoco\/wp-json\/wp\/v2\/posts\/197724","targetHints":{"allow":["GET"]}}],"collection":[{"href":"https:\/\/www.em.com.br\/emfoco\/wp-json\/wp\/v2\/posts"}],"about":[{"href":"https:\/\/www.em.com.br\/emfoco\/wp-json\/wp\/v2\/types\/post"}],"author":[{"embeddable":true,"href":"https:\/\/www.em.com.br\/emfoco\/wp-json\/wp\/v2\/users\/15"}],"replies":[{"embeddable":true,"href":"https:\/\/www.em.com.br\/emfoco\/wp-json\/wp\/v2\/comments?post=197724"}],"version-history":[{"count":2,"href":"https:\/\/www.em.com.br\/emfoco\/wp-json\/wp\/v2\/posts\/197724\/revisions"}],"predecessor-version":[{"id":197730,"href":"https:\/\/www.em.com.br\/emfoco\/wp-json\/wp\/v2\/posts\/197724\/revisions\/197730"}],"wp:featuredmedia":[{"embeddable":true,"href":"https:\/\/www.em.com.br\/emfoco\/wp-json\/wp\/v2\/media\/199300"}],"wp:attachment":[{"href":"https:\/\/www.em.com.br\/emfoco\/wp-json\/wp\/v2\/media?parent=197724"}],"wp:term":[{"taxonomy":"category","embeddable":true,"href":"https:\/\/www.em.com.br\/emfoco\/wp-json\/wp\/v2\/categories?post=197724"},{"taxonomy":"post_tag","embeddable":true,"href":"https:\/\/www.em.com.br\/emfoco\/wp-json\/wp\/v2\/tags?post=197724"}],"curies":[{"name":"wp","href":"https:\/\/api.w.org\/{rel}","templated":true}]}}