{"id":197711,"date":"2026-04-26T11:45:00","date_gmt":"2026-04-26T14:45:00","guid":{"rendered":"https:\/\/www.em.com.br\/emfoco\/?p=197711"},"modified":"2026-04-25T13:05:04","modified_gmt":"2026-04-25T16:05:04","slug":"7-palmeiras-para-pequenos-espacos-que-trazem-beleza-leveza-e-proporcao-ao-ambiente","status":"publish","type":"post","link":"https:\/\/www.em.com.br\/emfoco\/2026\/04\/26\/7-palmeiras-para-pequenos-espacos-que-trazem-beleza-leveza-e-proporcao-ao-ambiente\/","title":{"rendered":"7 palmeiras para pequenos espa\u00e7os que trazem beleza, leveza e propor\u00e7\u00e3o ao ambiente"},"content":{"rendered":"\n<p>As <strong>palmeiras<\/strong> para pequenos espa\u00e7os v\u00eam ganhando destaque com o crescimento de apartamentos, varandas compactas e jardins reduzidos. Em vez de ocupar grandes \u00e1reas, essas esp\u00e9cies menores ajudam a trazer um clima <strong>tropical<\/strong> equilibrado, com folhagens elegantes e propor\u00e7\u00f5es adequadas ao ambiente, evitando conflitos com muros, fia\u00e7\u00f5es e a circula\u00e7\u00e3o de pessoas.<\/p>\n\n\n\n<h2 class=\"wp-block-heading\">O que s\u00e3o palmeiras para pequenos espa\u00e7os e por que us\u00e1-las?<\/h2>\n\n\n\n<p>O termo palmeiras para pequenos espa\u00e7os se refere a esp\u00e9cies que, mesmo adultas, mant\u00eam altura e largura compat\u00edveis com varandas, jardins estreitos e \u00e1reas internas bem iluminadas. Essas palmeiras compactas costumam ter troncos finos ou m\u00faltiplos, copa proporcional e ra\u00edzes menos agressivas, o que facilita o cultivo em <strong>vasos<\/strong>.<\/p>\n\n\n\n<p>Elas s\u00e3o muito usadas em resid\u00eancias e projetos comerciais para <a href=\"https:\/\/www.em.com.br\/emfoco\/2026\/04\/22\/por-que-essas-20-frutas-do-quintal-da-vovo-desapareceram-do-brasil-e-quase-sairam-da-memoria\/\" target=\"_blank\" rel=\"noreferrer noopener\">aproveitar <\/a>o formato vertical da planta, criando sensa\u00e7\u00e3o de p\u00e9-direito mais alto e leveza visual. Assim, \u00e9 poss\u00edvel marcar pontos de destaque no <strong>paisagismo<\/strong> sem que a palmeira \u201cengula\u201d o ambiente com o tempo, mantendo a composi\u00e7\u00e3o equilibrada e funcional.<\/p>\n\n\n\n<figure class=\"wp-block-image size-large\"><img loading=\"lazy\" decoding=\"async\" width=\"1024\" height=\"576\" src=\"https:\/\/www.em.com.br\/emfoco\/wp-content\/uploads\/2026\/04\/Texto-do-seu-paragrafo-2026-04-23T085813.168-1024x576.jpg\" alt=\"7 palmeiras para pequenos espa\u00e7os que trazem beleza, leveza e propor\u00e7\u00e3o ao ambiente\" class=\"wp-image-197713\" srcset=\"https:\/\/www.em.com.br\/emfoco\/wp-content\/uploads\/2026\/04\/Texto-do-seu-paragrafo-2026-04-23T085813.168-1024x576.jpg 1024w, https:\/\/www.em.com.br\/emfoco\/wp-content\/uploads\/2026\/04\/Texto-do-seu-paragrafo-2026-04-23T085813.168-300x169.jpg 300w, https:\/\/www.em.com.br\/emfoco\/wp-content\/uploads\/2026\/04\/Texto-do-seu-paragrafo-2026-04-23T085813.168-768x432.jpg 768w, https:\/\/www.em.com.br\/emfoco\/wp-content\/uploads\/2026\/04\/Texto-do-seu-paragrafo-2026-04-23T085813.168-750x422.jpg 750w, https:\/\/www.em.com.br\/emfoco\/wp-content\/uploads\/2026\/04\/Texto-do-seu-paragrafo-2026-04-23T085813.168-1140x641.jpg 1140w, https:\/\/www.em.com.br\/emfoco\/wp-content\/uploads\/2026\/04\/Texto-do-seu-paragrafo-2026-04-23T085813.168.jpg 1280w\" sizes=\"auto, (max-width: 1024px) 100vw, 1024px\" \/><figcaption class=\"wp-element-caption\">Palmeiras compactas s\u00e3o a escolha certa para quem quer verde elegante em \u00e1reas menores<\/figcaption><\/figure>\n\n\n\n<h2 class=\"wp-block-heading\">Quais palmeiras compactas funcionam melhor em vasos e varandas?<\/h2>\n\n\n\n<p>Algumas esp\u00e9cies se destacam quando o assunto s\u00e3o palmeiras para vasos e varandas, pois mant\u00eam porte controlado e boa adapta\u00e7\u00e3o a ambientes protegidos. Elas funcionam bem como \u201cmoldura verde\u201d ao redor de poltronas, mesas ou \u00e1reas de descanso, desde que recebam luz indireta <strong>abundante<\/strong>.<\/p>\n\n\n\n<p>Entre as op\u00e7\u00f5es mais usadas em ambientes internos claros, varandas fechadas e jardins cobertos, vale considerar:<\/p>\n\n\n\n<ul class=\"wp-block-list\">\n<li><strong>Palmeirinha<\/strong> de Petr\u00f3polis: nativa da Mata Atl\u00e2ntica, de porte delicado, indicada para meia-sombra e locais protegidos do sol muito intenso.<\/li>\n\n\n\n<li>R\u00e1fia: cl\u00e1ssica em interiores e \u00e1reas sombreadas, com touceiras elegantes e manuten\u00e7\u00e3o relativamente <strong>simples<\/strong>.<\/li>\n\n\n\n<li>Camed\u00f3ria (incluindo a met\u00e1lica): apresenta folhagens leves, finas e decorativas, ideal para salas claras e varandas protegidas do vento.<\/li>\n\n\n\n<li>Licuala: conhecida como palmeira-leque, com folhas largas e arredondadas, exigindo prote\u00e7\u00e3o contra ventos fortes e frio intenso.<\/li>\n<\/ul>\n\n\n\n<h2 class=\"wp-block-heading\">Quais palmeiras s\u00e3o indicadas para jardins pequenos e ensolarados?<\/h2>\n\n\n\n<p>Para quintais reduzidos, canteiros estreitos ou terra\u00e7os ensolarados, h\u00e1 palmeiras para jardim pequeno que preferem <strong>sol<\/strong> pleno e se destacam como ponto focal. Elas combinam bem com projetos minimalistas, caminhos, entradas de casa e \u00e1reas de conviv\u00eancia externas.<\/p>\n\n\n\n<p>Duas esp\u00e9cies muito utilizadas s\u00e3o a F\u00eanix roebelenii (tamareira-an\u00e3), de porte controlado e aspecto <a href=\"https:\/\/www.em.com.br\/emfoco\/2026\/04\/22\/esse-mel-raro-do-himalaia-chama-atencao-pelo-risco-da-coleta-e-pelos-efeitos-no-corpo\/\" target=\"_blank\" rel=\"noreferrer noopener\">ornamental <\/a>marcante, e a palmeira-garrafa, com tronco dilatado em forma de garrafa, de forte impacto visual. Outra op\u00e7\u00e3o popular \u00e9 a areca-bambu, que d\u00e1 volume e sensa\u00e7\u00e3o de <strong>privacidade<\/strong>, embora forme touceiras e exija podas de desbaste ao longo do tempo.<\/p>\n\n\n\n<p>Conte\u00fado do canal <strong>Vida no Jardim<\/strong>, com mais de 855 mil de inscritos e cerca de 5.6 mil de visualiza\u00e7\u00f5es:<\/p>\n\n\n\n<figure class=\"wp-block-embed is-type-video is-provider-youtube wp-block-embed-youtube wp-embed-aspect-16-9 wp-has-aspect-ratio\"><div class=\"wp-block-embed__wrapper\">\n<div class=\"jeg_video_container jeg_video_content\"><iframe loading=\"lazy\" title=\"7 PALMEIRAS para PEQUENOS ESPAC\u0327OS\" width=\"500\" height=\"281\" src=\"https:\/\/www.youtube.com\/embed\/SRnzDYukDJA?feature=oembed\" frameborder=\"0\" allow=\"accelerometer; autoplay; clipboard-write; encrypted-media; gyroscope; picture-in-picture; web-share\" referrerpolicy=\"strict-origin-when-cross-origin\" allowfullscreen><\/iframe><\/div>\n<\/div><\/figure>\n\n\n\n<h2 class=\"wp-block-heading\">Como escolher palmeiras ornamentais proporcionais ao espa\u00e7o?<\/h2>\n\n\n\n<p>Escolher palmeiras ornamentais para \u00e1reas reduzidas exige aten\u00e7\u00e3o ao porte adulto, e n\u00e3o apenas ao tamanho da muda no viveiro. Muitas esp\u00e9cies parecem discretas no in\u00edcio e, em poucos anos, extrapolam o espa\u00e7o dispon\u00edvel, gerando conflitos com muros, janelas e circula\u00e7\u00e3o de pessoas.<\/p>\n\n\n\n<p>Para evitar remo\u00e7\u00f5es dr\u00e1sticas e retrabalho no futuro, \u00e9 importante observar alguns crit\u00e9rios b\u00e1sicos de sele\u00e7\u00e3o e <strong>planejamento<\/strong> antes do plantio:<\/p>\n\n\n\n<ol class=\"wp-block-list\">\n<li><strong>Verificar<\/strong> altura e largura na fase adulta, definindo dist\u00e2ncia ideal de muros, janelas, fios el\u00e9tricos e caminhos.<\/li>\n\n\n\n<li>Analisar o tipo de raiz, dando prefer\u00eancia \u00e0s menos agressivas para vasos, pisos e \u00e1reas pr\u00f3ximas a estruturas.<\/li>\n\n\n\n<li>Avaliar a <strong>ilumina\u00e7\u00e3o<\/strong> do local, identificando se a esp\u00e9cie prefere meia-sombra \u00famida ou sol direto.<\/li>\n\n\n\n<li>Planejar a manuten\u00e7\u00e3o, prevendo podas de folhas secas, desbaste de touceiras e limpeza peri\u00f3dica.<\/li>\n<\/ol>\n\n\n\n<h2 class=\"wp-block-heading\">Quais cuidados s\u00e3o essenciais com palmeiras em pequenos espa\u00e7os?<\/h2>\n\n\n\n<p>Depois de selecionar as palmeiras compactas mais adequadas, a aten\u00e7\u00e3o se volta aos cuidados di\u00e1rios de cultivo. Em vasos, \u00e9 fundamental garantir substrato bem drenado, regas regulares e aduba\u00e7\u00e3o equilibrada, evitando tanto o <strong>encharcamento<\/strong> quanto a secura excessiva.<\/p>\n\n\n\n<p>Em ambientes internos, a ilumina\u00e7\u00e3o indireta forte ajuda a manter a colora\u00e7\u00e3o verde intensa das folhas, enquanto em \u00e1reas externas pode ser \u00fatil borrifar \u00e1gua nas folhas em dias muito quentes. A escolha de vasos proporcionais ao porte adulto, com furos de drenagem e camada de pedras no fundo, contribui para o <a href=\"https:\/\/www.embrapa.br\/busca-de-publicacoes\/-\/publicacao\/573158\/cultivo-de-flores-anuais\" target=\"_blank\" rel=\"noreferrer noopener\">desenvolvimento <\/a>saud\u00e1vel e permite que as palmeiras tragam presen\u00e7a, eleg\u00e2ncia e um toque <strong>tropical<\/strong> sem comprometer a funcionalidade do ambiente.<\/p>\n","protected":false},"excerpt":{"rendered":"<p>As palmeiras para pequenos espa\u00e7os v\u00eam ganhando destaque com o crescimento de apartamentos, varandas compactas e jardins reduzidos. Em vez de ocupar grandes \u00e1reas, essas esp\u00e9cies menores ajudam a trazer um clima tropical equilibrado, com folhagens elegantes e propor\u00e7\u00f5es adequadas ao ambiente, evitando conflitos com muros, fia\u00e7\u00f5es e a circula\u00e7\u00e3o de pessoas. O que s\u00e3o [&hellip;]<\/p>\n","protected":false},"author":15,"featured_media":199297,"comment_status":"open","ping_status":"open","sticky":false,"template":"","format":"standard","meta":{"jnews-multi-image_gallery":[],"jnews_single_post":{"format":"standard"},"jnews_primary_category":[],"jnews_social_meta":[],"jnews_override_counter":[],"footnotes":""},"categories":[8819],"tags":[3358,3324],"class_list":["post-197711","post","type-post","status-publish","format-standard","has-post-thumbnail","hentry","category-curiosidades","tag-jardinagem","tag-plantas"],"yoast_head":"<!-- This site is optimized with the Yoast SEO plugin v23.8 - https:\/\/yoast.com\/wordpress\/plugins\/seo\/ -->\n<title>7 palmeiras para pequenos espa\u00e7os que trazem beleza, leveza e propor\u00e7\u00e3o ao ambiente - Estado de Minas - Em foco<\/title>\n<meta name=\"description\" content=\"As palmeiras para pequenos espa\u00e7os ajudam a criar vasos, varandas e jardins mais elegantes, desde que a escolha respeite porte adulto e luz\" \/>\n<meta name=\"robots\" content=\"index, follow, max-snippet:-1, max-image-preview:large, max-video-preview:-1\" \/>\n<link rel=\"canonical\" href=\"https:\/\/www.em.com.br\/emfoco\/2026\/04\/26\/7-palmeiras-para-pequenos-espacos-que-trazem-beleza-leveza-e-proporcao-ao-ambiente\/\" \/>\n<meta property=\"og:locale\" content=\"pt_BR\" \/>\n<meta property=\"og:type\" content=\"article\" \/>\n<meta property=\"og:title\" content=\"7 palmeiras para pequenos espa\u00e7os que trazem beleza, leveza e propor\u00e7\u00e3o ao ambiente - Estado de Minas - Em foco\" \/>\n<meta property=\"og:description\" content=\"As palmeiras para pequenos espa\u00e7os ajudam a criar vasos, varandas e jardins mais elegantes, desde que a escolha respeite porte adulto e luz\" \/>\n<meta property=\"og:url\" content=\"https:\/\/www.em.com.br\/emfoco\/2026\/04\/26\/7-palmeiras-para-pequenos-espacos-que-trazem-beleza-leveza-e-proporcao-ao-ambiente\/\" \/>\n<meta property=\"og:site_name\" content=\"Estado de Minas - Em foco\" \/>\n<meta property=\"article:published_time\" content=\"2026-04-26T14:45:00+00:00\" \/>\n<meta property=\"article:modified_time\" content=\"2026-04-25T16:05:04+00:00\" \/>\n<meta property=\"og:image\" content=\"https:\/\/www.em.com.br\/emfoco\/wp-content\/uploads\/2026\/04\/EmFoco_05-9.jpg\" \/>\n\t<meta property=\"og:image:width\" content=\"1280\" \/>\n\t<meta property=\"og:image:height\" content=\"720\" \/>\n\t<meta property=\"og:image:type\" content=\"image\/jpeg\" \/>\n<meta name=\"author\" content=\"Douglas Myth\" \/>\n<meta name=\"twitter:card\" content=\"summary_large_image\" \/>\n<meta name=\"twitter:label1\" content=\"Escrito por\" \/>\n\t<meta name=\"twitter:data1\" content=\"Douglas Myth\" \/>\n\t<meta name=\"twitter:label2\" content=\"Est. tempo de leitura\" \/>\n\t<meta name=\"twitter:data2\" content=\"5 minutos\" \/>\n<!-- \/ Yoast SEO plugin. -->","yoast_head_json":{"title":"7 palmeiras para pequenos espa\u00e7os que trazem beleza, leveza e propor\u00e7\u00e3o ao ambiente - Estado de Minas - Em foco","description":"As palmeiras para pequenos espa\u00e7os ajudam a criar vasos, varandas e jardins mais elegantes, desde que a escolha respeite porte adulto e luz","robots":{"index":"index","follow":"follow","max-snippet":"max-snippet:-1","max-image-preview":"max-image-preview:large","max-video-preview":"max-video-preview:-1"},"canonical":"https:\/\/www.em.com.br\/emfoco\/2026\/04\/26\/7-palmeiras-para-pequenos-espacos-que-trazem-beleza-leveza-e-proporcao-ao-ambiente\/","og_locale":"pt_BR","og_type":"article","og_title":"7 palmeiras para pequenos espa\u00e7os que trazem beleza, leveza e propor\u00e7\u00e3o ao ambiente - Estado de Minas - Em foco","og_description":"As palmeiras para pequenos espa\u00e7os ajudam a criar vasos, varandas e jardins mais elegantes, desde que a escolha respeite porte adulto e luz","og_url":"https:\/\/www.em.com.br\/emfoco\/2026\/04\/26\/7-palmeiras-para-pequenos-espacos-que-trazem-beleza-leveza-e-proporcao-ao-ambiente\/","og_site_name":"Estado de Minas - Em foco","article_published_time":"2026-04-26T14:45:00+00:00","article_modified_time":"2026-04-25T16:05:04+00:00","og_image":[{"width":1280,"height":720,"url":"https:\/\/www.em.com.br\/emfoco\/wp-content\/uploads\/2026\/04\/EmFoco_05-9.jpg","type":"image\/jpeg"}],"author":"Douglas Myth","twitter_card":"summary_large_image","twitter_misc":{"Escrito por":"Douglas Myth","Est. tempo de leitura":"5 minutos"},"schema":{"@context":"https:\/\/schema.org","@graph":[{"@type":"WebPage","@id":"https:\/\/www.em.com.br\/emfoco\/2026\/04\/26\/7-palmeiras-para-pequenos-espacos-que-trazem-beleza-leveza-e-proporcao-ao-ambiente\/","url":"https:\/\/www.em.com.br\/emfoco\/2026\/04\/26\/7-palmeiras-para-pequenos-espacos-que-trazem-beleza-leveza-e-proporcao-ao-ambiente\/","name":"7 palmeiras para pequenos espa\u00e7os que trazem beleza, leveza e propor\u00e7\u00e3o ao ambiente - Estado de Minas - Em foco","isPartOf":{"@id":"https:\/\/www.em.com.br\/emfoco\/#website"},"primaryImageOfPage":{"@id":"https:\/\/www.em.com.br\/emfoco\/2026\/04\/26\/7-palmeiras-para-pequenos-espacos-que-trazem-beleza-leveza-e-proporcao-ao-ambiente\/#primaryimage"},"image":{"@id":"https:\/\/www.em.com.br\/emfoco\/2026\/04\/26\/7-palmeiras-para-pequenos-espacos-que-trazem-beleza-leveza-e-proporcao-ao-ambiente\/#primaryimage"},"thumbnailUrl":"https:\/\/www.em.com.br\/emfoco\/wp-content\/uploads\/2026\/04\/EmFoco_05-9.jpg","datePublished":"2026-04-26T14:45:00+00:00","dateModified":"2026-04-25T16:05:04+00:00","author":{"@id":"https:\/\/www.em.com.br\/emfoco\/#\/schema\/person\/bba594b7eebe9b9885fec3a5c7837089"},"description":"As palmeiras para pequenos espa\u00e7os ajudam a criar vasos, varandas e jardins mais elegantes, desde que a escolha respeite porte adulto e luz","breadcrumb":{"@id":"https:\/\/www.em.com.br\/emfoco\/2026\/04\/26\/7-palmeiras-para-pequenos-espacos-que-trazem-beleza-leveza-e-proporcao-ao-ambiente\/#breadcrumb"},"inLanguage":"pt-BR","potentialAction":[{"@type":"ReadAction","target":["https:\/\/www.em.com.br\/emfoco\/2026\/04\/26\/7-palmeiras-para-pequenos-espacos-que-trazem-beleza-leveza-e-proporcao-ao-ambiente\/"]}]},{"@type":"ImageObject","inLanguage":"pt-BR","@id":"https:\/\/www.em.com.br\/emfoco\/2026\/04\/26\/7-palmeiras-para-pequenos-espacos-que-trazem-beleza-leveza-e-proporcao-ao-ambiente\/#primaryimage","url":"https:\/\/www.em.com.br\/emfoco\/wp-content\/uploads\/2026\/04\/EmFoco_05-9.jpg","contentUrl":"https:\/\/www.em.com.br\/emfoco\/wp-content\/uploads\/2026\/04\/EmFoco_05-9.jpg","width":1280,"height":720,"caption":"Uso de esp\u00e9cies compactas para harmonizar o paisagismo em varandas e espa\u00e7os reduzidos"},{"@type":"BreadcrumbList","@id":"https:\/\/www.em.com.br\/emfoco\/2026\/04\/26\/7-palmeiras-para-pequenos-espacos-que-trazem-beleza-leveza-e-proporcao-ao-ambiente\/#breadcrumb","itemListElement":[{"@type":"ListItem","position":1,"name":"In\u00edcio","item":"https:\/\/www.em.com.br\/emfoco\/"},{"@type":"ListItem","position":2,"name":"7 palmeiras para pequenos espa\u00e7os que trazem beleza, leveza e propor\u00e7\u00e3o ao ambiente"}]},{"@type":"WebSite","@id":"https:\/\/www.em.com.br\/emfoco\/#website","url":"https:\/\/www.em.com.br\/emfoco\/","name":"Estado de Minas - Em foco","description":"Acompanhe as \u00faltimas not\u00edcias e fique bem informado sobre tudo o que acontece em Minas Gerais, Brasil e no mundo.","potentialAction":[{"@type":"SearchAction","target":{"@type":"EntryPoint","urlTemplate":"https:\/\/www.em.com.br\/emfoco\/?s={search_term_string}"},"query-input":{"@type":"PropertyValueSpecification","valueRequired":true,"valueName":"search_term_string"}}],"inLanguage":"pt-BR"},{"@type":"Person","@id":"https:\/\/www.em.com.br\/emfoco\/#\/schema\/person\/bba594b7eebe9b9885fec3a5c7837089","name":"Douglas Myth","image":{"@type":"ImageObject","inLanguage":"pt-BR","@id":"https:\/\/www.em.com.br\/emfoco\/#\/schema\/person\/image\/","url":"https:\/\/secure.gravatar.com\/avatar\/1ac3cf50d0e68642c697dc0c960c802f?s=96&d=mm&r=g","contentUrl":"https:\/\/secure.gravatar.com\/avatar\/1ac3cf50d0e68642c697dc0c960c802f?s=96&d=mm&r=g","caption":"Douglas Myth"},"url":"https:\/\/www.em.com.br\/emfoco\/author\/douglasmyth\/"}]}},"_links":{"self":[{"href":"https:\/\/www.em.com.br\/emfoco\/wp-json\/wp\/v2\/posts\/197711","targetHints":{"allow":["GET"]}}],"collection":[{"href":"https:\/\/www.em.com.br\/emfoco\/wp-json\/wp\/v2\/posts"}],"about":[{"href":"https:\/\/www.em.com.br\/emfoco\/wp-json\/wp\/v2\/types\/post"}],"author":[{"embeddable":true,"href":"https:\/\/www.em.com.br\/emfoco\/wp-json\/wp\/v2\/users\/15"}],"replies":[{"embeddable":true,"href":"https:\/\/www.em.com.br\/emfoco\/wp-json\/wp\/v2\/comments?post=197711"}],"version-history":[{"count":2,"href":"https:\/\/www.em.com.br\/emfoco\/wp-json\/wp\/v2\/posts\/197711\/revisions"}],"predecessor-version":[{"id":197714,"href":"https:\/\/www.em.com.br\/emfoco\/wp-json\/wp\/v2\/posts\/197711\/revisions\/197714"}],"wp:featuredmedia":[{"embeddable":true,"href":"https:\/\/www.em.com.br\/emfoco\/wp-json\/wp\/v2\/media\/199297"}],"wp:attachment":[{"href":"https:\/\/www.em.com.br\/emfoco\/wp-json\/wp\/v2\/media?parent=197711"}],"wp:term":[{"taxonomy":"category","embeddable":true,"href":"https:\/\/www.em.com.br\/emfoco\/wp-json\/wp\/v2\/categories?post=197711"},{"taxonomy":"post_tag","embeddable":true,"href":"https:\/\/www.em.com.br\/emfoco\/wp-json\/wp\/v2\/tags?post=197711"}],"curies":[{"name":"wp","href":"https:\/\/api.w.org\/{rel}","templated":true}]}}