{"id":197705,"date":"2026-04-26T07:15:00","date_gmt":"2026-04-26T10:15:00","guid":{"rendered":"https:\/\/www.em.com.br\/emfoco\/?p=197705"},"modified":"2026-04-25T13:05:21","modified_gmt":"2026-04-25T16:05:21","slug":"a-cidade-de-bora-revela-como-a-simplicidade-virou-seu-maior-tesouro-no-interior-de-sao-paulo","status":"publish","type":"post","link":"https:\/\/www.em.com.br\/emfoco\/2026\/04\/26\/a-cidade-de-bora-revela-como-a-simplicidade-virou-seu-maior-tesouro-no-interior-de-sao-paulo\/","title":{"rendered":"A cidade de Bor\u00e1 revela como a simplicidade virou seu maior tesouro no interior de S\u00e3o Paulo"},"content":{"rendered":"\n<p>Bor\u00e1, no interior de S\u00e3o Paulo, costuma aparecer em listas por um motivo curioso: o n\u00famero de habitantes. Com cerca de <strong>932 moradores<\/strong> na estimativa de 2025, a cidade figura entre os menores munic\u00edpios do Brasil em popula\u00e7\u00e3o, mas o cotidiano local revela uma din\u00e2mica social e administrativa que combina escala reduzida com servi\u00e7os p\u00fablicos estruturados.<\/p>\n\n\n\n<h2 class=\"wp-block-heading\">Onde fica Bor\u00e1 SP e quais s\u00e3o suas principais caracter\u00edsticas?<\/h2>\n\n\n\n<p>Localizada a aproximadamente <strong>485 quil\u00f4metros<\/strong> da capital paulista, Bor\u00e1 ocupa uma \u00e1rea de pouco menos de 119 quil\u00f4metros quadrados. As ruas tranquilas, o tr\u00e2nsito praticamente inexistente e a <a href=\"https:\/\/www.em.com.br\/emfoco\/2026\/04\/22\/por-que-essas-20-frutas-do-quintal-da-vovo-desapareceram-do-brasil-e-quase-sairam-da-memoria\/\" target=\"_blank\" rel=\"noreferrer noopener\">conviv\u00eancia <\/a>di\u00e1ria entre pessoas que se conhecem pelo nome formam um cen\u00e1rio que contrasta com grandes centros urbanos.<\/p>\n\n\n\n<p>Para muitos observadores, o munic\u00edpio funciona como exemplo de como comunidades pequenas reorganizam a ideia de espa\u00e7o e de tempo. A rotina mais lenta, o contato frequente entre moradores e a forte presen\u00e7a de servi\u00e7os p\u00fablicos pr\u00f3ximos \u00e0 popula\u00e7\u00e3o refor\u00e7am essa <strong>percep\u00e7\u00e3o<\/strong>.<\/p>\n\n\n\n<figure class=\"wp-block-image size-large\"><img loading=\"lazy\" decoding=\"async\" width=\"1024\" height=\"576\" src=\"https:\/\/www.em.com.br\/emfoco\/wp-content\/uploads\/2026\/04\/Texto-do-seu-paragrafo-2026-04-23T084734.554-1024x576.jpg\" alt=\"A cidade de Bor\u00e1 revela como a simplicidade virou seu maior tesouro no interior de S\u00e3o Paulo\" class=\"wp-image-197707\" srcset=\"https:\/\/www.em.com.br\/emfoco\/wp-content\/uploads\/2026\/04\/Texto-do-seu-paragrafo-2026-04-23T084734.554-1024x576.jpg 1024w, https:\/\/www.em.com.br\/emfoco\/wp-content\/uploads\/2026\/04\/Texto-do-seu-paragrafo-2026-04-23T084734.554-300x169.jpg 300w, https:\/\/www.em.com.br\/emfoco\/wp-content\/uploads\/2026\/04\/Texto-do-seu-paragrafo-2026-04-23T084734.554-768x432.jpg 768w, https:\/\/www.em.com.br\/emfoco\/wp-content\/uploads\/2026\/04\/Texto-do-seu-paragrafo-2026-04-23T084734.554-750x422.jpg 750w, https:\/\/www.em.com.br\/emfoco\/wp-content\/uploads\/2026\/04\/Texto-do-seu-paragrafo-2026-04-23T084734.554-1140x641.jpg 1140w, https:\/\/www.em.com.br\/emfoco\/wp-content\/uploads\/2026\/04\/Texto-do-seu-paragrafo-2026-04-23T084734.554.jpg 1280w\" sizes=\"auto, (max-width: 1024px) 100vw, 1024px\" \/><figcaption class=\"wp-element-caption\">A rotina da cidade valoriza vizinhan\u00e7a, pertencimento e uma conviv\u00eancia que ainda parece muito pr\u00f3xima<\/figcaption><\/figure>\n\n\n\n<h2 class=\"wp-block-heading\">Como Bor\u00e1 SP se tornou um dos menores munic\u00edpios do Brasil?<\/h2>\n\n\n\n<p>A hist\u00f3ria de Bor\u00e1 SP come\u00e7a no in\u00edcio do s\u00e9culo XX, com os primeiros registros de povoamento por volta de 1918. Fam\u00edlias se estabeleceram na regi\u00e3o, atra\u00eddas principalmente por atividades ligadas ao campo e \u00e0 abertura de novas frentes de ocupa\u00e7\u00e3o no interior paulista.<\/p>\n\n\n\n<p>Em 1934, a localidade foi elevada \u00e0 condi\u00e7\u00e3o de <strong>distrito<\/strong>, etapa comum no processo de forma\u00e7\u00e3o de munic\u00edpios no pa\u00eds. O passo seguinte veio em 1964, quando a \u00e1rea foi oficialmente transformada em munic\u00edpio, com instala\u00e7\u00e3o administrativa em 31 de mar\u00e7o de 1965, garantindo autonomia pol\u00edtica mesmo com popula\u00e7\u00e3o reduzida.<\/p>\n\n\n\n<h2 class=\"wp-block-heading\">Quais dados mostram que Bor\u00e1 SP \u00e9 realmente uma cidade pequena?<\/h2>\n\n\n\n<p>Os levantamentos mais recentes do <strong>IBGE<\/strong> indicam que Bor\u00e1 se mant\u00e9m entre as menores cidades brasileiras em n\u00famero de habitantes, ocupando atualmente a terceira posi\u00e7\u00e3o nesse ranking. Apesar disso, o munic\u00edpio apresenta <a href=\"https:\/\/www.em.com.br\/emfoco\/2026\/04\/22\/esse-mel-raro-do-himalaia-chama-atencao-pelo-risco-da-coleta-e-pelos-efeitos-no-corpo\/\" target=\"_blank\" rel=\"noreferrer noopener\">indicadores <\/a>positivos, como taxa de escolariza\u00e7\u00e3o de 100% entre crian\u00e7as e adolescentes de 6 a 14 anos.<\/p>\n\n\n\n<p>Na \u00e1rea financeira, os n\u00fameros ajudam a dimensionar a realidade local e a estrutura de servi\u00e7os dispon\u00edveis. Em 2024, Bor\u00e1 registrou cerca de <strong>R$ 28 milh\u00f5es<\/strong> em receitas brutas realizadas, principalmente de repasses federais e estaduais, al\u00e9m de tributos municipais, o que sustenta a administra\u00e7\u00e3o p\u00fablica b\u00e1sica.<\/p>\n\n\n\n<ul class=\"wp-block-list\">\n<li><strong>Popula\u00e7\u00e3o estimada:<\/strong> cerca de <strong>932 habitantes<\/strong> (2025)<\/li>\n\n\n\n<li><strong>\u00c1rea territorial:<\/strong> aproximadamente <strong>118,951 km\u00b2<\/strong><\/li>\n\n\n\n<li><strong>Localiza\u00e7\u00e3o:<\/strong> interior de S\u00e3o Paulo, a <strong>485 km<\/strong> da capital<\/li>\n\n\n\n<li><strong>Instala\u00e7\u00e3o como munic\u00edpio:<\/strong> 31 de mar\u00e7o de <strong>1965<\/strong><\/li>\n\n\n\n<li><strong>Taxa de escolariza\u00e7\u00e3o (6 a 14 anos):<\/strong> <strong>100%<\/strong>, segundo o IBGE<\/li>\n<\/ul>\n\n\n\n<p>Conte\u00fado do canal <strong>Boa Sorte Viajante &#8211; Matheus Boa Sorte<\/strong>, com mais de 887 mil de inscritos e cerca de 312 mil de visualiza\u00e7\u00f5es:<\/p>\n\n\n\n<figure class=\"wp-block-embed is-type-video is-provider-youtube wp-block-embed-youtube wp-embed-aspect-16-9 wp-has-aspect-ratio\"><div class=\"wp-block-embed__wrapper\">\n<div class=\"jeg_video_container jeg_video_content\"><iframe loading=\"lazy\" title=\"Bor\u00e1: Como \u00e9 a vida na TERCEIRA MENOR CIDADE DO BRASIL?\" width=\"500\" height=\"281\" src=\"https:\/\/www.youtube.com\/embed\/RhEO9YMJGcs?feature=oembed\" frameborder=\"0\" allow=\"accelerometer; autoplay; clipboard-write; encrypted-media; gyroscope; picture-in-picture; web-share\" referrerpolicy=\"strict-origin-when-cross-origin\" allowfullscreen><\/iframe><\/div>\n<\/div><\/figure>\n\n\n\n<h2 class=\"wp-block-heading\">Como \u00e9 o dia a dia em uma cidade do tamanho de Bor\u00e1 SP?<\/h2>\n\n\n\n<p>O cotidiano em Bor\u00e1 SP \u00e9 marcado por rela\u00e7\u00f5es de <strong>proximidade<\/strong> e reconhecimento m\u00fatuo. Em um munic\u00edpio em que grande parte da popula\u00e7\u00e3o se conhece, o com\u00e9rcio local funciona n\u00e3o apenas como espa\u00e7o de compra, mas tamb\u00e9m como ponto de encontro e troca de informa\u00e7\u00f5es entre moradores.<\/p>\n\n\n\n<p>Os deslocamentos s\u00e3o curtos e feitos em poucos minutos, muitas vezes a p\u00e9 ou de bicicleta, o que reduz filas, tr\u00e2nsito e tempo de locomo\u00e7\u00e3o. Por outro lado, servi\u00e7os mais <strong>especializados<\/strong>, como exames m\u00e9dicos complexos ou determinados atendimentos privados, ainda exigem viagens a munic\u00edpios vizinhos.<\/p>\n\n\n\n<h2 class=\"wp-block-heading\">Quais s\u00e3o os desafios e particularidades de gerir Bor\u00e1 SP?<\/h2>\n\n\n\n<p>Ser um dos menores munic\u00edpios do pa\u00eds em popula\u00e7\u00e3o coloca Bor\u00e1 diante de desafios espec\u00edficos na <strong>gest\u00e3o p\u00fablica<\/strong>. A administra\u00e7\u00e3o precisa equilibrar recursos limitados com a obriga\u00e7\u00e3o de manter servi\u00e7os b\u00e1sicos, como sa\u00fade, educa\u00e7\u00e3o, transporte escolar e manuten\u00e7\u00e3o de pr\u00e9dios p\u00fablicos.<\/p>\n\n\n\n<p>A Constitui\u00e7\u00e3o prev\u00ea um piso de representa\u00e7\u00e3o para cidades com at\u00e9 15 mil habitantes, o que garante a Bor\u00e1 c\u00e2mara de vereadores e estrutura pol\u00edtica completa. Essa escala reduzida permite <a href=\"https:\/\/www.bora.sp.gov.br\/portal\/turismo\/9\" target=\"_blank\" rel=\"noreferrer noopener\">acompanhamento <\/a>pr\u00f3ximo das necessidades da popula\u00e7\u00e3o, mas exige <strong>planejamento<\/strong> para conciliar custo administrativo, evitar \u00eaxodo populacional e preservar a identidade local em meio \u00e0s transforma\u00e7\u00f5es regionais.<\/p>\n","protected":false},"excerpt":{"rendered":"<p>Bor\u00e1, no interior de S\u00e3o Paulo, costuma aparecer em listas por um motivo curioso: o n\u00famero de habitantes. Com cerca de 932 moradores na estimativa de 2025, a cidade figura entre os menores munic\u00edpios do Brasil em popula\u00e7\u00e3o, mas o cotidiano local revela uma din\u00e2mica social e administrativa que combina escala reduzida com servi\u00e7os p\u00fablicos [&hellip;]<\/p>\n","protected":false},"author":15,"featured_media":199295,"comment_status":"open","ping_status":"open","sticky":false,"template":"","format":"standard","meta":{"jnews-multi-image_gallery":[],"jnews_single_post":{"format":"standard"},"jnews_primary_category":[],"jnews_social_meta":[],"jnews_override_counter":[],"footnotes":""},"categories":[8819],"tags":[158,183,157],"class_list":["post-197705","post","type-post","status-publish","format-standard","has-post-thumbnail","hentry","category-curiosidades","tag-brasil","tag-cidades","tag-turismo"],"yoast_head":"<!-- This site is optimized with the Yoast SEO plugin v23.8 - https:\/\/yoast.com\/wordpress\/plugins\/seo\/ -->\n<title>A cidade de Bor\u00e1 revela como a simplicidade virou seu maior tesouro no interior de S\u00e3o Paulo - Estado de Minas - Em foco<\/title>\n<meta name=\"description\" content=\"Bor\u00e1, no interior de S\u00e3o Paulo, chama aten\u00e7\u00e3o pelo tamanho pequeno e por uma rotina marcada por proximidade, tranquilidade e um jeito raro\" \/>\n<meta name=\"robots\" content=\"index, follow, max-snippet:-1, max-image-preview:large, max-video-preview:-1\" \/>\n<link rel=\"canonical\" href=\"https:\/\/www.em.com.br\/emfoco\/2026\/04\/26\/a-cidade-de-bora-revela-como-a-simplicidade-virou-seu-maior-tesouro-no-interior-de-sao-paulo\/\" \/>\n<meta property=\"og:locale\" content=\"pt_BR\" \/>\n<meta property=\"og:type\" content=\"article\" \/>\n<meta property=\"og:title\" content=\"A cidade de Bor\u00e1 revela como a simplicidade virou seu maior tesouro no interior de S\u00e3o Paulo - Estado de Minas - Em foco\" \/>\n<meta property=\"og:description\" content=\"Bor\u00e1, no interior de S\u00e3o Paulo, chama aten\u00e7\u00e3o pelo tamanho pequeno e por uma rotina marcada por proximidade, tranquilidade e um jeito raro\" \/>\n<meta property=\"og:url\" content=\"https:\/\/www.em.com.br\/emfoco\/2026\/04\/26\/a-cidade-de-bora-revela-como-a-simplicidade-virou-seu-maior-tesouro-no-interior-de-sao-paulo\/\" \/>\n<meta property=\"og:site_name\" content=\"Estado de Minas - Em foco\" \/>\n<meta property=\"article:published_time\" content=\"2026-04-26T10:15:00+00:00\" \/>\n<meta property=\"article:modified_time\" content=\"2026-04-25T16:05:21+00:00\" \/>\n<meta property=\"og:image\" content=\"https:\/\/www.em.com.br\/emfoco\/wp-content\/uploads\/2026\/04\/EmFoco_07-9.jpg\" \/>\n\t<meta property=\"og:image:width\" content=\"1280\" \/>\n\t<meta property=\"og:image:height\" content=\"720\" \/>\n\t<meta property=\"og:image:type\" content=\"image\/jpeg\" \/>\n<meta name=\"author\" content=\"Douglas Myth\" \/>\n<meta name=\"twitter:card\" content=\"summary_large_image\" \/>\n<meta name=\"twitter:label1\" content=\"Escrito por\" \/>\n\t<meta name=\"twitter:data1\" content=\"Douglas Myth\" \/>\n\t<meta name=\"twitter:label2\" content=\"Est. tempo de leitura\" \/>\n\t<meta name=\"twitter:data2\" content=\"4 minutos\" \/>\n<!-- \/ Yoast SEO plugin. -->","yoast_head_json":{"title":"A cidade de Bor\u00e1 revela como a simplicidade virou seu maior tesouro no interior de S\u00e3o Paulo - Estado de Minas - Em foco","description":"Bor\u00e1, no interior de S\u00e3o Paulo, chama aten\u00e7\u00e3o pelo tamanho pequeno e por uma rotina marcada por proximidade, tranquilidade e um jeito raro","robots":{"index":"index","follow":"follow","max-snippet":"max-snippet:-1","max-image-preview":"max-image-preview:large","max-video-preview":"max-video-preview:-1"},"canonical":"https:\/\/www.em.com.br\/emfoco\/2026\/04\/26\/a-cidade-de-bora-revela-como-a-simplicidade-virou-seu-maior-tesouro-no-interior-de-sao-paulo\/","og_locale":"pt_BR","og_type":"article","og_title":"A cidade de Bor\u00e1 revela como a simplicidade virou seu maior tesouro no interior de S\u00e3o Paulo - Estado de Minas - Em foco","og_description":"Bor\u00e1, no interior de S\u00e3o Paulo, chama aten\u00e7\u00e3o pelo tamanho pequeno e por uma rotina marcada por proximidade, tranquilidade e um jeito raro","og_url":"https:\/\/www.em.com.br\/emfoco\/2026\/04\/26\/a-cidade-de-bora-revela-como-a-simplicidade-virou-seu-maior-tesouro-no-interior-de-sao-paulo\/","og_site_name":"Estado de Minas - Em foco","article_published_time":"2026-04-26T10:15:00+00:00","article_modified_time":"2026-04-25T16:05:21+00:00","og_image":[{"width":1280,"height":720,"url":"https:\/\/www.em.com.br\/emfoco\/wp-content\/uploads\/2026\/04\/EmFoco_07-9.jpg","type":"image\/jpeg"}],"author":"Douglas Myth","twitter_card":"summary_large_image","twitter_misc":{"Escrito por":"Douglas Myth","Est. tempo de leitura":"4 minutos"},"schema":{"@context":"https:\/\/schema.org","@graph":[{"@type":"WebPage","@id":"https:\/\/www.em.com.br\/emfoco\/2026\/04\/26\/a-cidade-de-bora-revela-como-a-simplicidade-virou-seu-maior-tesouro-no-interior-de-sao-paulo\/","url":"https:\/\/www.em.com.br\/emfoco\/2026\/04\/26\/a-cidade-de-bora-revela-como-a-simplicidade-virou-seu-maior-tesouro-no-interior-de-sao-paulo\/","name":"A cidade de Bor\u00e1 revela como a simplicidade virou seu maior tesouro no interior de S\u00e3o Paulo - Estado de Minas - Em foco","isPartOf":{"@id":"https:\/\/www.em.com.br\/emfoco\/#website"},"primaryImageOfPage":{"@id":"https:\/\/www.em.com.br\/emfoco\/2026\/04\/26\/a-cidade-de-bora-revela-como-a-simplicidade-virou-seu-maior-tesouro-no-interior-de-sao-paulo\/#primaryimage"},"image":{"@id":"https:\/\/www.em.com.br\/emfoco\/2026\/04\/26\/a-cidade-de-bora-revela-como-a-simplicidade-virou-seu-maior-tesouro-no-interior-de-sao-paulo\/#primaryimage"},"thumbnailUrl":"https:\/\/www.em.com.br\/emfoco\/wp-content\/uploads\/2026\/04\/EmFoco_07-9.jpg","datePublished":"2026-04-26T10:15:00+00:00","dateModified":"2026-04-25T16:05:21+00:00","author":{"@id":"https:\/\/www.em.com.br\/emfoco\/#\/schema\/person\/bba594b7eebe9b9885fec3a5c7837089"},"description":"Bor\u00e1, no interior de S\u00e3o Paulo, chama aten\u00e7\u00e3o pelo tamanho pequeno e por uma rotina marcada por proximidade, tranquilidade e um jeito raro","breadcrumb":{"@id":"https:\/\/www.em.com.br\/emfoco\/2026\/04\/26\/a-cidade-de-bora-revela-como-a-simplicidade-virou-seu-maior-tesouro-no-interior-de-sao-paulo\/#breadcrumb"},"inLanguage":"pt-BR","potentialAction":[{"@type":"ReadAction","target":["https:\/\/www.em.com.br\/emfoco\/2026\/04\/26\/a-cidade-de-bora-revela-como-a-simplicidade-virou-seu-maior-tesouro-no-interior-de-sao-paulo\/"]}]},{"@type":"ImageObject","inLanguage":"pt-BR","@id":"https:\/\/www.em.com.br\/emfoco\/2026\/04\/26\/a-cidade-de-bora-revela-como-a-simplicidade-virou-seu-maior-tesouro-no-interior-de-sao-paulo\/#primaryimage","url":"https:\/\/www.em.com.br\/emfoco\/wp-content\/uploads\/2026\/04\/EmFoco_07-9.jpg","contentUrl":"https:\/\/www.em.com.br\/emfoco\/wp-content\/uploads\/2026\/04\/EmFoco_07-9.jpg","width":1280,"height":720,"caption":"Din\u00e2mica social e administrativa de um dos menores munic\u00edpios em popula\u00e7\u00e3o do Brasil"},{"@type":"BreadcrumbList","@id":"https:\/\/www.em.com.br\/emfoco\/2026\/04\/26\/a-cidade-de-bora-revela-como-a-simplicidade-virou-seu-maior-tesouro-no-interior-de-sao-paulo\/#breadcrumb","itemListElement":[{"@type":"ListItem","position":1,"name":"In\u00edcio","item":"https:\/\/www.em.com.br\/emfoco\/"},{"@type":"ListItem","position":2,"name":"A cidade de Bor\u00e1 revela como a simplicidade virou seu maior tesouro no interior de S\u00e3o Paulo"}]},{"@type":"WebSite","@id":"https:\/\/www.em.com.br\/emfoco\/#website","url":"https:\/\/www.em.com.br\/emfoco\/","name":"Estado de Minas - Em foco","description":"Acompanhe as \u00faltimas not\u00edcias e fique bem informado sobre tudo o que acontece em Minas Gerais, Brasil e no mundo.","potentialAction":[{"@type":"SearchAction","target":{"@type":"EntryPoint","urlTemplate":"https:\/\/www.em.com.br\/emfoco\/?s={search_term_string}"},"query-input":{"@type":"PropertyValueSpecification","valueRequired":true,"valueName":"search_term_string"}}],"inLanguage":"pt-BR"},{"@type":"Person","@id":"https:\/\/www.em.com.br\/emfoco\/#\/schema\/person\/bba594b7eebe9b9885fec3a5c7837089","name":"Douglas Myth","image":{"@type":"ImageObject","inLanguage":"pt-BR","@id":"https:\/\/www.em.com.br\/emfoco\/#\/schema\/person\/image\/","url":"https:\/\/secure.gravatar.com\/avatar\/1ac3cf50d0e68642c697dc0c960c802f?s=96&d=mm&r=g","contentUrl":"https:\/\/secure.gravatar.com\/avatar\/1ac3cf50d0e68642c697dc0c960c802f?s=96&d=mm&r=g","caption":"Douglas Myth"},"url":"https:\/\/www.em.com.br\/emfoco\/author\/douglasmyth\/"}]}},"_links":{"self":[{"href":"https:\/\/www.em.com.br\/emfoco\/wp-json\/wp\/v2\/posts\/197705","targetHints":{"allow":["GET"]}}],"collection":[{"href":"https:\/\/www.em.com.br\/emfoco\/wp-json\/wp\/v2\/posts"}],"about":[{"href":"https:\/\/www.em.com.br\/emfoco\/wp-json\/wp\/v2\/types\/post"}],"author":[{"embeddable":true,"href":"https:\/\/www.em.com.br\/emfoco\/wp-json\/wp\/v2\/users\/15"}],"replies":[{"embeddable":true,"href":"https:\/\/www.em.com.br\/emfoco\/wp-json\/wp\/v2\/comments?post=197705"}],"version-history":[{"count":2,"href":"https:\/\/www.em.com.br\/emfoco\/wp-json\/wp\/v2\/posts\/197705\/revisions"}],"predecessor-version":[{"id":197708,"href":"https:\/\/www.em.com.br\/emfoco\/wp-json\/wp\/v2\/posts\/197705\/revisions\/197708"}],"wp:featuredmedia":[{"embeddable":true,"href":"https:\/\/www.em.com.br\/emfoco\/wp-json\/wp\/v2\/media\/199295"}],"wp:attachment":[{"href":"https:\/\/www.em.com.br\/emfoco\/wp-json\/wp\/v2\/media?parent=197705"}],"wp:term":[{"taxonomy":"category","embeddable":true,"href":"https:\/\/www.em.com.br\/emfoco\/wp-json\/wp\/v2\/categories?post=197705"},{"taxonomy":"post_tag","embeddable":true,"href":"https:\/\/www.em.com.br\/emfoco\/wp-json\/wp\/v2\/tags?post=197705"}],"curies":[{"name":"wp","href":"https:\/\/api.w.org\/{rel}","templated":true}]}}