{"id":197698,"date":"2026-04-26T05:35:00","date_gmt":"2026-04-26T08:35:00","guid":{"rendered":"https:\/\/www.em.com.br\/emfoco\/?p=197698"},"modified":"2026-04-25T13:05:28","modified_gmt":"2026-04-25T16:05:28","slug":"7-looks-em-marrom-chocolate-elegante-que-deixam-mulheres-50-mais-refinadas-e-atuais","status":"publish","type":"post","link":"https:\/\/www.em.com.br\/emfoco\/2026\/04\/26\/7-looks-em-marrom-chocolate-elegante-que-deixam-mulheres-50-mais-refinadas-e-atuais\/","title":{"rendered":"7 looks em marrom chocolate elegante que deixam mulheres 50+ mais refinadas e atuais"},"content":{"rendered":"\n<p>Entre as cores que mais ganharam espa\u00e7o na <strong>moda<\/strong> elegante feminina depois dos 50 anos, o <strong>marrom<\/strong> chocolate elegante vem se destacando de forma consistente. Esse tom profundo aparece como alternativa discreta ao preto, mantendo sobriedade, mas com um efeito visual mais suave e atual para diferentes ocasi\u00f5es.<\/p>\n\n\n\n<h2 class=\"wp-block-heading\">Por que o marrom chocolate favorece a moda elegante feminina depois dos 50?<\/h2>\n\n\n\n<p>Na moda elegante feminina, o marrom chocolate se destaca por profundidade, neutralidade e <strong>equil\u00edbrio<\/strong> visual. A cor \u00e9 escura o suficiente para afinar e alongar, mas n\u00e3o cria o contraste duro que o preto pode trazer em alguns tons de pele maduros.<\/p>\n\n\n\n<p>Em <strong>looks<\/strong> femininos 50+, isso favorece uma imagem harm\u00f4nica, <a href=\"https:\/\/www.em.com.br\/emfoco\/2026\/04\/22\/por-que-essas-20-frutas-do-quintal-da-vovo-desapareceram-do-brasil-e-quase-sairam-da-memoria\/\" target=\"_blank\" rel=\"noreferrer noopener\">especialmente <\/a>quando combinado com tecidos nobres e linhas mais limpas. Em cortes precisos e tecidos de bom caimento, o resultado costuma ser um visual alongado, polido e coerente com a fase de vida ap\u00f3s os 50 anos.<\/p>\n\n\n\n<figure class=\"wp-block-image size-large\"><img loading=\"lazy\" decoding=\"async\" width=\"1024\" height=\"576\" src=\"https:\/\/www.em.com.br\/emfoco\/wp-content\/uploads\/2026\/04\/Texto-do-seu-paragrafo-2026-04-23T083849.537-1024x576.jpg\" alt=\"7 looks em marrom chocolate elegante que deixam mulheres 50+ mais refinadas e atuais\" class=\"wp-image-197700\" srcset=\"https:\/\/www.em.com.br\/emfoco\/wp-content\/uploads\/2026\/04\/Texto-do-seu-paragrafo-2026-04-23T083849.537-1024x576.jpg 1024w, https:\/\/www.em.com.br\/emfoco\/wp-content\/uploads\/2026\/04\/Texto-do-seu-paragrafo-2026-04-23T083849.537-300x169.jpg 300w, https:\/\/www.em.com.br\/emfoco\/wp-content\/uploads\/2026\/04\/Texto-do-seu-paragrafo-2026-04-23T083849.537-768x432.jpg 768w, https:\/\/www.em.com.br\/emfoco\/wp-content\/uploads\/2026\/04\/Texto-do-seu-paragrafo-2026-04-23T083849.537-750x422.jpg 750w, https:\/\/www.em.com.br\/emfoco\/wp-content\/uploads\/2026\/04\/Texto-do-seu-paragrafo-2026-04-23T083849.537-1140x641.jpg 1140w, https:\/\/www.em.com.br\/emfoco\/wp-content\/uploads\/2026\/04\/Texto-do-seu-paragrafo-2026-04-23T083849.537.jpg 1280w\" sizes=\"auto, (max-width: 1024px) 100vw, 1024px\" \/><figcaption class=\"wp-element-caption\">Marrom chocolate depois dos 50 cria looks elegantes, leves e cheios de presen\u00e7a visual<\/figcaption><\/figure>\n\n\n\n<h2 class=\"wp-block-heading\">Quais cores combinam com marrom chocolate em looks sofisticados?<\/h2>\n\n\n\n<p>Uma das vantagens do marrom chocolate \u00e9 a facilidade de coordena\u00e7\u00e3o com outras tonalidades elegantes. Ele funciona como base neutra vers\u00e1til, conversando bem com variadas peles e estilos de guarda-roupa <strong>maduro<\/strong>.<\/p>\n\n\n\n<p>O marrom chocolate combina bem com bege, off-white, caramelo, nude rosado, marfim, cinza claro e at\u00e9 toques de dourado discreto. Essas misturas permitem criar produ\u00e7\u00f5es monocrom\u00e1ticas ou em blocos de cor suaves, que parecem mais sofisticadas, pr\u00e1ticas e <strong>atemporais<\/strong> no dia a dia.<\/p>\n\n\n\n<h2 class=\"wp-block-heading\">Como usar marrom chocolate com sofistica\u00e7\u00e3o depois dos 50?<\/h2>\n\n\n\n<p>O uso do marrom chocolate em <strong>looks<\/strong> femininos 50+ ganha for\u00e7a quando se aposta em pe\u00e7as-chave est\u00e1veis. Vestidos midi, cal\u00e7as de alfaiataria, camisas de seda, tric\u00f4s finos e terceiras pe\u00e7as alongadas atuam como pilares visuais, permitindo variar complementos sem perder a eleg\u00e2ncia.<\/p>\n\n\n\n<p>Para construir um <strong>estilo<\/strong> sofisticado feminino com essa cor, costuma ajudar observar tr\u00eas aspectos centrais, que <a href=\"https:\/\/www.em.com.br\/emfoco\/2026\/04\/22\/esse-mel-raro-do-himalaia-chama-atencao-pelo-risco-da-coleta-e-pelos-efeitos-no-corpo\/\" target=\"_blank\" rel=\"noreferrer noopener\">orientam <\/a>compras mais assertivas e coordenam melhor o guarda-roupa:<\/p>\n\n\n\n<ul class=\"wp-block-list\">\n<li><strong>Tecido:<\/strong> priorizar materiais com apar\u00eancia mais nobre, como linho misto, l\u00e3 fria, seda, viscose de bom caimento ou tric\u00f4 de fio mais fino.<\/li>\n\n\n\n<li><strong>Modelagem:<\/strong> optar por cortes que criem linhas verticais, marquem levemente a cintura e n\u00e3o adicionem volume desnecess\u00e1rio.<\/li>\n\n\n\n<li><strong>Combina\u00e7\u00f5es:<\/strong> usar o marrom chocolate como protagonista, equilibrando com neutros claros para iluminar ou com tons pr\u00f3ximos para alongar.<\/li>\n<\/ul>\n\n\n\n<p>Conte\u00fado do canal <strong>Graciela Luiza<\/strong>, com mais de 21 mil de inscritos e cerca de 2, mil de visualiza\u00e7\u00f5es:<\/p>\n\n\n\n<figure class=\"wp-block-embed is-type-video is-provider-youtube wp-block-embed-youtube wp-embed-aspect-16-9 wp-has-aspect-ratio\"><div class=\"wp-block-embed__wrapper\">\n<div class=\"jeg_video_container jeg_video_content\"><iframe loading=\"lazy\" title=\"Como Combinar Cor Marrom, Chocolate, Caf\u00e9 | DICAS DE MODA\" width=\"500\" height=\"281\" src=\"https:\/\/www.youtube.com\/embed\/tqs_UmTcDGE?feature=oembed\" frameborder=\"0\" allow=\"accelerometer; autoplay; clipboard-write; encrypted-media; gyroscope; picture-in-picture; web-share\" referrerpolicy=\"strict-origin-when-cross-origin\" allowfullscreen><\/iframe><\/div>\n<\/div><\/figure>\n\n\n\n<h2 class=\"wp-block-heading\">Quais s\u00e3o 7 looks poderosos em marrom chocolate elegante?<\/h2>\n\n\n\n<p>Entre as muitas possibilidades, alguns conjuntos aparecem com frequ\u00eancia em refer\u00eancias de <strong>moda<\/strong> elegante feminina para mulheres maduras. S\u00e3o produ\u00e7\u00f5es vers\u00e1teis, que funcionam em diferentes contextos, do trabalho a encontros sociais.<\/p>\n\n\n\n<figure class=\"wp-block-table\"><table class=\"has-fixed-layout\"><thead><tr><th>Look<\/th><th>Descri\u00e7\u00e3o<\/th><th>Por que transmite eleg\u00e2ncia<\/th><\/tr><\/thead><tbody><tr><td>Vestido midi estruturado em marrom chocolate<\/td><td>Vestido midi em linha A, levemente evas\u00ea ou transpassado, em tecido de bom peso, com detalhes como decote em V moderado, cinto fino e mangas 3\/4.<\/td><td>Cria um visual feminino, discreto e alongado, funcionando muito bem em eventos formais, jantares e ocasi\u00f5es mais arrumadas.<\/td><\/tr><tr><td>Conjunto de alfaiataria marrom chocolate<\/td><td>Blazer levemente alongado com cal\u00e7a de cintura m\u00e9dia ou alta, em corte reto ou levemente afunilado, formando uma composi\u00e7\u00e3o monocrom\u00e1tica.<\/td><td>Transmite sobriedade sem rigidez e ajuda a deixar a silhueta mais esguia, principalmente com blusa clara por baixo.<\/td><\/tr><tr><td>Blusa de seda chocolate com cal\u00e7a clara<\/td><td>Blusa acetinada em marrom chocolate combinada com cal\u00e7a em bege, cru ou off-white, criando contraste suave e sofisticado.<\/td><td>O brilho moderado da seda traz aspecto refinado, enquanto a base clara deixa o visual mais leve para o dia.<\/td><\/tr><tr><td>Tric\u00f4 fino marrom com cal\u00e7a no mesmo tom<\/td><td>Su\u00e9ter ou cardigan de tric\u00f4 leve coordenado com cal\u00e7a no mesmo marrom, em um conjunto tonal de caimento mais pr\u00f3ximo ao corpo.<\/td><td>Passa sensa\u00e7\u00e3o de conforto alinhado, mantendo eleg\u00e2ncia sem excessos e com visual maduro e bem resolvido.<\/td><\/tr><tr><td>Terceira pe\u00e7a alongada em marrom chocolate<\/td><td>Colete longo, trench coat ou casaco reto nessa cor, usado sobre uma base mais clara ou ajustada ao corpo.<\/td><td>Funciona como moldura do look, criando linha vertical que alonga e transforma produ\u00e7\u00f5es simples em propostas mais sofisticadas.<\/td><\/tr><tr><td>Saia midi chocolate com camisa neutra<\/td><td>Saia midi em tecido encorpado e caimento suave combinada com camisa branca, marfim ou bege, finalizada com cinto fino e sapatos em tons pr\u00f3ximos.<\/td><td>Entrega um visual harmonioso, elegante e vers\u00e1til para o cotidiano, sem perder leveza nem sobriedade.<\/td><\/tr><tr><td>Look casual refinado com jeans e toques chocolate<\/td><td>Cal\u00e7a jeans de lavagem m\u00e9dia ou escura combinada com blusa ou su\u00e9ter em marrom chocolate, al\u00e9m de bolsa, cinto ou sapatos no mesmo universo de cor.<\/td><td>Mesmo no casual, mant\u00e9m a imagem alinhada e elegante, trazendo sofistica\u00e7\u00e3o por meio da paleta e dos acabamentos.<\/td><\/tr><\/tbody><\/table><\/figure>\n\n\n\n<h2 class=\"wp-block-heading\">Quais acess\u00f3rios e sapatos valorizam o marrom chocolate elegante?<\/h2>\n\n\n\n<p>Os complementos exercem papel decisivo na leitura final do look em marrom chocolate. Em geral, essa cor combina bem com metais dourados suaves, couro liso, texturas naturais e formas mais limpas, favorecendo uma <a href=\"https:\/\/www.gov.br\/mdr\/pt-br\/assuntos\/desenvolvimento-regional\/rotas-de-integracao-nacional\/rota-da-moda\" target=\"_blank\" rel=\"noreferrer noopener\">est\u00e9tica <\/a>refinada e <strong>discreta<\/strong>.<\/p>\n\n\n\n<ul class=\"wp-block-list\">\n<li><strong>Sapatos:<\/strong> scarpins de salto m\u00e9dio, mocassins estruturados, botas de cano m\u00e9dio ou curto e sand\u00e1lias minimalistas em tons de chocolate, conhaque, caramelo, nude ou bege.<\/li>\n\n\n\n<li><strong>Bolsas:<\/strong> modelos de couro de boa estrutura, sem muitos logotipos aparentes, em cores neutras pr\u00f3ximas ao marrom ou em off-white para contraste sutil.<\/li>\n\n\n\n<li><strong>Acess\u00f3rios:<\/strong> brincos e colares delicados, len\u00e7os em seda com toques terrosos, cintos finos ou m\u00e9dios em couro liso ou levemente texturizado.<\/li>\n<\/ul>\n\n\n\n<p>Ao combinar cor, modelagem e materiais de forma equilibrada, o marrom chocolate se torna um recurso consistente para um estilo sofisticado feminino depois dos 50. Sem depender de tend\u00eancias passageiras, essa tonalidade ajuda a montar um guarda-roupa <strong>coeso<\/strong>, funcional e elegante para o ano todo.<\/p>\n","protected":false},"excerpt":{"rendered":"<p>Entre as cores que mais ganharam espa\u00e7o na moda elegante feminina depois dos 50 anos, o marrom chocolate elegante vem se destacando de forma consistente. Esse tom profundo aparece como alternativa discreta ao preto, mantendo sobriedade, mas com um efeito visual mais suave e atual para diferentes ocasi\u00f5es. Por que o marrom chocolate favorece a [&hellip;]<\/p>\n","protected":false},"author":15,"featured_media":199294,"comment_status":"open","ping_status":"open","sticky":false,"template":"","format":"standard","meta":{"jnews-multi-image_gallery":[],"jnews_single_post":{"format":"standard"},"jnews_primary_category":[],"jnews_social_meta":[],"jnews_override_counter":[],"footnotes":""},"categories":[8819],"tags":[4977,17860],"class_list":["post-197698","post","type-post","status-publish","format-standard","has-post-thumbnail","hentry","category-curiosidades","tag-moda","tag-moda-2026"],"yoast_head":"<!-- This site is optimized with the Yoast SEO plugin v23.8 - https:\/\/yoast.com\/wordpress\/plugins\/seo\/ -->\n<title>7 looks em marrom chocolate elegante que deixam mulheres 50+ mais refinadas e atuais - Estado de Minas - Em foco<\/title>\n<meta name=\"description\" content=\"O marrom chocolate elegante valoriza mulheres 50+ com looks que unem sofistica\u00e7\u00e3o, caimento bonito e combina\u00e7\u00f5es que deixam a imagem mais lev\" \/>\n<meta name=\"robots\" content=\"index, follow, max-snippet:-1, max-image-preview:large, max-video-preview:-1\" \/>\n<link rel=\"canonical\" href=\"https:\/\/www.em.com.br\/emfoco\/2026\/04\/26\/7-looks-em-marrom-chocolate-elegante-que-deixam-mulheres-50-mais-refinadas-e-atuais\/\" \/>\n<meta property=\"og:locale\" content=\"pt_BR\" \/>\n<meta property=\"og:type\" content=\"article\" \/>\n<meta property=\"og:title\" content=\"7 looks em marrom chocolate elegante que deixam mulheres 50+ mais refinadas e atuais - Estado de Minas - Em foco\" \/>\n<meta property=\"og:description\" content=\"O marrom chocolate elegante valoriza mulheres 50+ com looks que unem sofistica\u00e7\u00e3o, caimento bonito e combina\u00e7\u00f5es que deixam a imagem mais lev\" \/>\n<meta property=\"og:url\" content=\"https:\/\/www.em.com.br\/emfoco\/2026\/04\/26\/7-looks-em-marrom-chocolate-elegante-que-deixam-mulheres-50-mais-refinadas-e-atuais\/\" \/>\n<meta property=\"og:site_name\" content=\"Estado de Minas - Em foco\" \/>\n<meta property=\"article:published_time\" content=\"2026-04-26T08:35:00+00:00\" \/>\n<meta property=\"article:modified_time\" content=\"2026-04-25T16:05:28+00:00\" \/>\n<meta property=\"og:image\" content=\"https:\/\/www.em.com.br\/emfoco\/wp-content\/uploads\/2026\/04\/EmFoco_08-10.jpg\" \/>\n\t<meta property=\"og:image:width\" content=\"1280\" \/>\n\t<meta property=\"og:image:height\" content=\"720\" \/>\n\t<meta property=\"og:image:type\" content=\"image\/jpeg\" \/>\n<meta name=\"author\" content=\"Douglas Myth\" \/>\n<meta name=\"twitter:card\" content=\"summary_large_image\" \/>\n<meta name=\"twitter:label1\" content=\"Escrito por\" \/>\n\t<meta name=\"twitter:data1\" content=\"Douglas Myth\" \/>\n\t<meta name=\"twitter:label2\" content=\"Est. tempo de leitura\" \/>\n\t<meta name=\"twitter:data2\" content=\"6 minutos\" \/>\n<!-- \/ Yoast SEO plugin. -->","yoast_head_json":{"title":"7 looks em marrom chocolate elegante que deixam mulheres 50+ mais refinadas e atuais - Estado de Minas - Em foco","description":"O marrom chocolate elegante valoriza mulheres 50+ com looks que unem sofistica\u00e7\u00e3o, caimento bonito e combina\u00e7\u00f5es que deixam a imagem mais lev","robots":{"index":"index","follow":"follow","max-snippet":"max-snippet:-1","max-image-preview":"max-image-preview:large","max-video-preview":"max-video-preview:-1"},"canonical":"https:\/\/www.em.com.br\/emfoco\/2026\/04\/26\/7-looks-em-marrom-chocolate-elegante-que-deixam-mulheres-50-mais-refinadas-e-atuais\/","og_locale":"pt_BR","og_type":"article","og_title":"7 looks em marrom chocolate elegante que deixam mulheres 50+ mais refinadas e atuais - Estado de Minas - Em foco","og_description":"O marrom chocolate elegante valoriza mulheres 50+ com looks que unem sofistica\u00e7\u00e3o, caimento bonito e combina\u00e7\u00f5es que deixam a imagem mais lev","og_url":"https:\/\/www.em.com.br\/emfoco\/2026\/04\/26\/7-looks-em-marrom-chocolate-elegante-que-deixam-mulheres-50-mais-refinadas-e-atuais\/","og_site_name":"Estado de Minas - Em foco","article_published_time":"2026-04-26T08:35:00+00:00","article_modified_time":"2026-04-25T16:05:28+00:00","og_image":[{"width":1280,"height":720,"url":"https:\/\/www.em.com.br\/emfoco\/wp-content\/uploads\/2026\/04\/EmFoco_08-10.jpg","type":"image\/jpeg"}],"author":"Douglas Myth","twitter_card":"summary_large_image","twitter_misc":{"Escrito por":"Douglas Myth","Est. tempo de leitura":"6 minutos"},"schema":{"@context":"https:\/\/schema.org","@graph":[{"@type":"WebPage","@id":"https:\/\/www.em.com.br\/emfoco\/2026\/04\/26\/7-looks-em-marrom-chocolate-elegante-que-deixam-mulheres-50-mais-refinadas-e-atuais\/","url":"https:\/\/www.em.com.br\/emfoco\/2026\/04\/26\/7-looks-em-marrom-chocolate-elegante-que-deixam-mulheres-50-mais-refinadas-e-atuais\/","name":"7 looks em marrom chocolate elegante que deixam mulheres 50+ mais refinadas e atuais - Estado de Minas - Em foco","isPartOf":{"@id":"https:\/\/www.em.com.br\/emfoco\/#website"},"primaryImageOfPage":{"@id":"https:\/\/www.em.com.br\/emfoco\/2026\/04\/26\/7-looks-em-marrom-chocolate-elegante-que-deixam-mulheres-50-mais-refinadas-e-atuais\/#primaryimage"},"image":{"@id":"https:\/\/www.em.com.br\/emfoco\/2026\/04\/26\/7-looks-em-marrom-chocolate-elegante-que-deixam-mulheres-50-mais-refinadas-e-atuais\/#primaryimage"},"thumbnailUrl":"https:\/\/www.em.com.br\/emfoco\/wp-content\/uploads\/2026\/04\/EmFoco_08-10.jpg","datePublished":"2026-04-26T08:35:00+00:00","dateModified":"2026-04-25T16:05:28+00:00","author":{"@id":"https:\/\/www.em.com.br\/emfoco\/#\/schema\/person\/bba594b7eebe9b9885fec3a5c7837089"},"description":"O marrom chocolate elegante valoriza mulheres 50+ com looks que unem sofistica\u00e7\u00e3o, caimento bonito e combina\u00e7\u00f5es que deixam a imagem mais lev","breadcrumb":{"@id":"https:\/\/www.em.com.br\/emfoco\/2026\/04\/26\/7-looks-em-marrom-chocolate-elegante-que-deixam-mulheres-50-mais-refinadas-e-atuais\/#breadcrumb"},"inLanguage":"pt-BR","potentialAction":[{"@type":"ReadAction","target":["https:\/\/www.em.com.br\/emfoco\/2026\/04\/26\/7-looks-em-marrom-chocolate-elegante-que-deixam-mulheres-50-mais-refinadas-e-atuais\/"]}]},{"@type":"ImageObject","inLanguage":"pt-BR","@id":"https:\/\/www.em.com.br\/emfoco\/2026\/04\/26\/7-looks-em-marrom-chocolate-elegante-que-deixam-mulheres-50-mais-refinadas-e-atuais\/#primaryimage","url":"https:\/\/www.em.com.br\/emfoco\/wp-content\/uploads\/2026\/04\/EmFoco_08-10.jpg","contentUrl":"https:\/\/www.em.com.br\/emfoco\/wp-content\/uploads\/2026\/04\/EmFoco_08-10.jpg","width":1280,"height":720,"caption":"Eleg\u00e2ncia e versatilidade do marrom chocolate na moda feminina para mulheres maduras"},{"@type":"BreadcrumbList","@id":"https:\/\/www.em.com.br\/emfoco\/2026\/04\/26\/7-looks-em-marrom-chocolate-elegante-que-deixam-mulheres-50-mais-refinadas-e-atuais\/#breadcrumb","itemListElement":[{"@type":"ListItem","position":1,"name":"In\u00edcio","item":"https:\/\/www.em.com.br\/emfoco\/"},{"@type":"ListItem","position":2,"name":"7 looks em marrom chocolate elegante que deixam mulheres 50+ mais refinadas e atuais"}]},{"@type":"WebSite","@id":"https:\/\/www.em.com.br\/emfoco\/#website","url":"https:\/\/www.em.com.br\/emfoco\/","name":"Estado de Minas - Em foco","description":"Acompanhe as \u00faltimas not\u00edcias e fique bem informado sobre tudo o que acontece em Minas Gerais, Brasil e no mundo.","potentialAction":[{"@type":"SearchAction","target":{"@type":"EntryPoint","urlTemplate":"https:\/\/www.em.com.br\/emfoco\/?s={search_term_string}"},"query-input":{"@type":"PropertyValueSpecification","valueRequired":true,"valueName":"search_term_string"}}],"inLanguage":"pt-BR"},{"@type":"Person","@id":"https:\/\/www.em.com.br\/emfoco\/#\/schema\/person\/bba594b7eebe9b9885fec3a5c7837089","name":"Douglas Myth","image":{"@type":"ImageObject","inLanguage":"pt-BR","@id":"https:\/\/www.em.com.br\/emfoco\/#\/schema\/person\/image\/","url":"https:\/\/secure.gravatar.com\/avatar\/1ac3cf50d0e68642c697dc0c960c802f?s=96&d=mm&r=g","contentUrl":"https:\/\/secure.gravatar.com\/avatar\/1ac3cf50d0e68642c697dc0c960c802f?s=96&d=mm&r=g","caption":"Douglas Myth"},"url":"https:\/\/www.em.com.br\/emfoco\/author\/douglasmyth\/"}]}},"_links":{"self":[{"href":"https:\/\/www.em.com.br\/emfoco\/wp-json\/wp\/v2\/posts\/197698","targetHints":{"allow":["GET"]}}],"collection":[{"href":"https:\/\/www.em.com.br\/emfoco\/wp-json\/wp\/v2\/posts"}],"about":[{"href":"https:\/\/www.em.com.br\/emfoco\/wp-json\/wp\/v2\/types\/post"}],"author":[{"embeddable":true,"href":"https:\/\/www.em.com.br\/emfoco\/wp-json\/wp\/v2\/users\/15"}],"replies":[{"embeddable":true,"href":"https:\/\/www.em.com.br\/emfoco\/wp-json\/wp\/v2\/comments?post=197698"}],"version-history":[{"count":2,"href":"https:\/\/www.em.com.br\/emfoco\/wp-json\/wp\/v2\/posts\/197698\/revisions"}],"predecessor-version":[{"id":197701,"href":"https:\/\/www.em.com.br\/emfoco\/wp-json\/wp\/v2\/posts\/197698\/revisions\/197701"}],"wp:featuredmedia":[{"embeddable":true,"href":"https:\/\/www.em.com.br\/emfoco\/wp-json\/wp\/v2\/media\/199294"}],"wp:attachment":[{"href":"https:\/\/www.em.com.br\/emfoco\/wp-json\/wp\/v2\/media?parent=197698"}],"wp:term":[{"taxonomy":"category","embeddable":true,"href":"https:\/\/www.em.com.br\/emfoco\/wp-json\/wp\/v2\/categories?post=197698"},{"taxonomy":"post_tag","embeddable":true,"href":"https:\/\/www.em.com.br\/emfoco\/wp-json\/wp\/v2\/tags?post=197698"}],"curies":[{"name":"wp","href":"https:\/\/api.w.org\/{rel}","templated":true}]}}