{"id":197697,"date":"2026-04-24T13:25:00","date_gmt":"2026-04-24T16:25:00","guid":{"rendered":"https:\/\/www.em.com.br\/emfoco\/?p=197697"},"modified":"2026-04-23T14:35:41","modified_gmt":"2026-04-23T17:35:41","slug":"nem-suculentas-nem-cactos-a-planta-certa-para-plantar-em-abril-que-praticamente-nao-precisa-de-cuidados","status":"publish","type":"post","link":"https:\/\/www.em.com.br\/emfoco\/2026\/04\/24\/nem-suculentas-nem-cactos-a-planta-certa-para-plantar-em-abril-que-praticamente-nao-precisa-de-cuidados\/","title":{"rendered":"Nem suculentas nem cactos: a planta certa para plantar em abril, que praticamente n\u00e3o precisa de cuidados"},"content":{"rendered":"\n<p>Ontem passei pela lavanderia e o cheiro suave me lembrou que <strong>cultivar lavanda em casa<\/strong> pode transformar a energia de qualquer ambiente agora. Voc\u00ea j\u00e1 imaginou ter esse perfume relaxante brotando direto do seu pr\u00f3prio quintal ou daquela varanda ensolarada que voc\u00ea tanto gosta?<\/p>\n\n\n\n<h2 class=\"wp-block-heading\">Por que cultivar lavanda em casa \u00e9 uma terapia maravilhosa?<\/h2>\n\n\n\n<p>Para n\u00f3s que lidamos com o estresse di\u00e1rio, cuidar dessa planta funciona como um verdadeiro b\u00e1lsamo para a alma feminina. Ter esse contato direto com a terra ajuda a <strong>acalmar os pensamentos<\/strong> agitados e traz uma satisfa\u00e7\u00e3o imensa ao ver os primeiros brotos surgirem. Essa flor n\u00e3o apenas embeleza o espa\u00e7o, mas tamb\u00e9m promove uma <strong>sensa\u00e7\u00e3o de paz<\/strong> profunda que toda mulher madura valoriza no lar.<\/p>\n\n\n\n<p>A gente sabe que o aroma natural \u00e9 muito mais potente e saud\u00e1vel do que qualquer aromatizador artificial de mercado. Cultivar suas pr\u00f3prias mudas garante que voc\u00ea tenha acesso a <strong>propriedades terap\u00eauticas<\/strong> puras e livres de subst\u00e2ncias qu\u00edmicas agressivas \u00e0 sa\u00fade. Al\u00e9m disso, a presen\u00e7a dessa cor lil\u00e1s vibrante traz um <strong>toque de sofistica\u00e7\u00e3o<\/strong> imediato para a decora\u00e7\u00e3o da sua sala ou do seu jardim particular.<\/p>\n\n\n<div class=\"wp-block-image\">\n<figure class=\"aligncenter size-large\"><img loading=\"lazy\" decoding=\"async\" width=\"1024\" height=\"576\" src=\"https:\/\/www.em.com.br\/emfoco\/wp-content\/uploads\/2025\/11\/plantar-lavanda-em-casa_1763221815948-1024x576.jpg\" alt=\"Cultivar lavanda em casa\" class=\"wp-image-128271\" srcset=\"https:\/\/www.em.com.br\/emfoco\/wp-content\/uploads\/2025\/11\/plantar-lavanda-em-casa_1763221815948-1024x576.jpg 1024w, https:\/\/www.em.com.br\/emfoco\/wp-content\/uploads\/2025\/11\/plantar-lavanda-em-casa_1763221815948-300x169.jpg 300w, https:\/\/www.em.com.br\/emfoco\/wp-content\/uploads\/2025\/11\/plantar-lavanda-em-casa_1763221815948-768x432.jpg 768w, https:\/\/www.em.com.br\/emfoco\/wp-content\/uploads\/2025\/11\/plantar-lavanda-em-casa_1763221815948-750x422.jpg 750w, https:\/\/www.em.com.br\/emfoco\/wp-content\/uploads\/2025\/11\/plantar-lavanda-em-casa_1763221815948-1140x641.jpg 1140w, https:\/\/www.em.com.br\/emfoco\/wp-content\/uploads\/2025\/11\/plantar-lavanda-em-casa_1763221815948.jpg 1280w\" sizes=\"auto, (max-width: 1024px) 100vw, 1024px\" \/><figcaption class=\"wp-element-caption\">A gente sabe que o aroma natural \u00e9 muito mais potente e saud\u00e1vel do que qualquer aromatizador artificial de mercado- Cr\u00e9ditos: depositphotos.com \/ konejota<\/figcaption><\/figure><\/div>\n\n\n<p>Leia tamb\u00e9m: <a href=\"https:\/\/www.em.com.br\/emfoco\/2026\/04\/11\/aprenda-a-como-plantar-cravo-da-india-e-cultivar-flores-aromaticas-em-casa\/\" target=\"_blank\" rel=\"noreferrer noopener\">Aprenda a como plantar cravo-da-\u00edndia e cultivar flores arom\u00e1ticas em casa<\/a><\/p>\n\n\n\n<h2 class=\"wp-block-heading\">O segredo para cultivar lavanda em casa com muita facilidade<\/h2>\n\n\n\n<p>O m\u00eas de abril oferece o clima ideal para que as ra\u00edzes se fixem com for\u00e7a antes que o inverno rigoroso chegue de verdade. Voc\u00ea precisa garantir que o solo seja bem drenado para que a \u00e1gua n\u00e3o acumule e acabe prejudicando a <strong>vitalidade da planta<\/strong>. Escolher o vaso correto e o substrato leve \u00e9 o primeiro passo para ter <strong>flores radiantes<\/strong> e perfumadas durante o ano todo.<\/p>\n\n\n\n<p>Para que sua experi\u00eancia seja um sucesso total, separei alguns itens fundamentais que v\u00e3o ajudar no desenvolvimento saud\u00e1vel da sua planta\u00e7\u00e3o caseira. Se voc\u00ea seguir esses passos simples, ver\u00e1 como a natureza responde com <strong>muito vigor<\/strong> e um aroma inesquec\u00edvel em poucos meses. Veja abaixo o que n\u00e3o pode faltar para voc\u00ea <strong>cultivar lavanda em casa<\/strong> de um jeito pr\u00e1tico e bastante eficiente:<\/p>\n\n\n\n<ul class=\"wp-block-list\">\n<li>Escolha um local que receba pelo menos seis horas de <strong>luz solar direta<\/strong> todos os dias sem interrup\u00e7\u00f5es.<\/li>\n\n\n\n<li>Use areia misturada \u00e0 terra para garantir que a <strong>drenagem da \u00e1gua<\/strong> seja r\u00e1pida e evite o apodrecimento.<\/li>\n\n\n\n<li>Regue apenas quando sentir que a superf\u00edcie do solo est\u00e1 <strong>totalmente seca<\/strong> ao toque dos seus dedos.<\/li>\n<\/ul>\n\n\n\n<figure class=\"wp-block-embed is-type-rich is-provider-pinterest wp-block-embed-pinterest\"><div class=\"wp-block-embed__wrapper\">\n<iframe loading=\"lazy\" title=\"Se voc\u00ea sempre quis cultivar lavanda em casa e desfrutar do aroma e beleza desta planta encantadora, ent\u00e3o esse v\u00eddeo \u00e9 para voc\u00ea! Descubra os segredos para ter uma planta\u00e7\u00e3o de lavanda exuberante e saud\u00e1vel em seu jardim ou em vasos. N\u00e3o perca essa oportunidade de trazer o charme e o aroma da lavanda para o seu lar. Deixe sua casa mais verde com a Plantei!! #plantas #lavanda#cuidadoscomasplantas #lojaplantei #biologia #botanica #saltogrande#gardencente\" src=\"https:\/\/assets.pinterest.com\/ext\/embed.html?id=419890365272824196&#038;src=oembed\" height=\"899\" width=\"450\" frameborder=\"0\" scrolling=\"no\" ><\/iframe>\n<\/div><\/figure>\n\n\n\n<h2 class=\"wp-block-heading\">Dicas de poda para quem quer cultivar lavanda em casa agora<\/h2>\n\n\n\n<p>A poda regular \u00e9 fundamental para que o arbusto n\u00e3o fique lenhoso e perca aquele formato bonito e arredondado. Realizar pequenos cortes logo ap\u00f3s a primeira flora\u00e7\u00e3o ajuda a <strong>estimular novos ramos<\/strong> e mant\u00e9m a planta sempre jovem e cheia. Esse cuidado constante evita que o centro da lavanda fique seco e garante uma <strong>apar\u00eancia impec\u00e1vel<\/strong> para o seu jardim ou varanda de apartamento.<\/p>\n\n\n\n<p>Muitas amigas t\u00eam medo de usar a tesoura, mas esse gesto \u00e9 necess\u00e1rio para manter a <strong>energia da planta<\/strong> bem distribu\u00edda. Ao retirar as flores secas, voc\u00ea permite que os nutrientes foquem no crescimento de <strong>folhas mais verdes<\/strong> e resistentes ao vento. O resultado ser\u00e1 um vaso sempre farto que exala aquele perfume cl\u00e1ssico que ajuda a <strong>espantar insetos<\/strong> indesejados de forma totalmente natural.<\/p>\n\n\n\n<p>Para voc\u00ea que quer aprofundar, separamos um v\u00eddeo do canal <a href=\"https:\/\/www.youtube.com\/@meujardimemais\" target=\"_blank\" rel=\"noreferrer noopener\">Meu Jardim <\/a>com mais plantas que gostam de sol:<\/p>\n\n\n\n<figure class=\"wp-block-embed is-type-video is-provider-youtube wp-block-embed-youtube wp-embed-aspect-16-9 wp-has-aspect-ratio\"><div class=\"wp-block-embed__wrapper\">\n<div class=\"jeg_video_container jeg_video_content\"><iframe loading=\"lazy\" title=\"10 PLANTAS RESISTENTES E F\u00c1CEIS DE CUIDAR PERFEITAS PARA VOC\u00ca COME\u00c7AR A CULTIVAR \ud83e\udeb4\" width=\"500\" height=\"281\" src=\"https:\/\/www.youtube.com\/embed\/Ksd67th8pCg?feature=oembed\" frameborder=\"0\" allow=\"accelerometer; autoplay; clipboard-write; encrypted-media; gyroscope; picture-in-picture; web-share\" referrerpolicy=\"strict-origin-when-cross-origin\" allowfullscreen><\/iframe><\/div>\n<\/div><\/figure>\n\n\n\n<h2 class=\"wp-block-heading\">Como o aroma natural transforma o clima do seu lar<\/h2>\n\n\n\n<p>Dormir em um quarto que carrega o frescor dessa planta melhora significativamente a qualidade do nosso descanso noturno. O \u00f3leo natural presente nas folhas ajuda a <strong>reduzir a ansiedade<\/strong> e prepara o corpo para um sono profundo e restaurador. \u00c9 um investimento simples em <strong>bem estar pessoal<\/strong> que reflete diretamente na sua disposi\u00e7\u00e3o para enfrentar os desafios da manh\u00e3 seguinte.<\/p>\n\n\n\n<p>Voc\u00ea pode colher alguns ramos para fazer pequenos sach\u00eas artesanais e colocar dentro das gavetas de roupas delicadas. Esse h\u00e1bito antigo mant\u00e9m o <strong>frescor dos tecidos<\/strong> e traz uma mem\u00f3ria afetiva deliciosa toda vez que voc\u00ea abrir o arm\u00e1rio. Aproveite todos os benef\u00edcios que essa esp\u00e9cie oferece para criar um <strong>ambiente acolhedor<\/strong> e cheio de carinho para voc\u00ea e sua fam\u00edlia.<\/p>\n\n\n\n<h2 class=\"wp-block-heading\">Aproveite os benef\u00edcios dessa flor encantadora<\/h2>\n\n\n\n<p>Ter um cantinho verde \u00e9 um presente que voc\u00ea d\u00e1 a si mesma todos os dias. Cuide da sua lavanda com paci\u00eancia e sinta a <strong>felicidade plena<\/strong> de ver a vida florescer. Voc\u00ea merece esse <strong>momento de pausa<\/strong> em meio \u00e0 correria do cotidiano.<\/p>\n\n\n\n<p>O perfume da natureza ser\u00e1 seu melhor aliado para manter a casa harmoniosa e leve. Compartilhe suas mudas com as amigas e espalhe <strong>mais serenidade<\/strong> por onde voc\u00ea passar agora. Viva com <strong>muito equil\u00edbrio<\/strong> e sinta o prazer de cuidar do seu pr\u00f3prio ref\u00fagio.<\/p>\n\n\n\n<p><\/p>\n","protected":false},"excerpt":{"rendered":"<p>Ontem passei pela lavanderia e o cheiro suave me lembrou que cultivar lavanda em casa pode transformar a energia de qualquer ambiente agora. Voc\u00ea j\u00e1 imaginou ter esse perfume relaxante brotando direto do seu pr\u00f3prio quintal ou daquela varanda ensolarada que voc\u00ea tanto gosta? Por que cultivar lavanda em casa \u00e9 uma terapia maravilhosa? Para [&hellip;]<\/p>\n","protected":false},"author":9,"featured_media":197949,"comment_status":"open","ping_status":"open","sticky":false,"template":"","format":"standard","meta":{"jnews-multi-image_gallery":[],"jnews_single_post":{"format":"standard"},"jnews_primary_category":[],"jnews_social_meta":[],"jnews_override_counter":[],"footnotes":""},"categories":[8691,29],"tags":[11551,7814,28615],"class_list":["post-197697","post","type-post","status-publish","format-standard","has-post-thumbnail","hentry","category-bem-estar","category-entretenimento","tag-decoracao-com-plantas","tag-jardinagem-em-casa","tag-suculentas-e-cactos"],"yoast_head":"<!-- This site is optimized with the Yoast SEO plugin v23.8 - https:\/\/yoast.com\/wordpress\/plugins\/seo\/ -->\n<title>Nem suculentas nem cactos: a planta certa para plantar em abril, que praticamente n\u00e3o precisa de cuidados - Estado de Minas - Em foco<\/title>\n<meta name=\"description\" content=\"Aprenda a cultivar lavanda em casa para perfumar seu lar e garantir noites de sono muito mais tranquilas com este guia pr\u00e1tico e simples.\" \/>\n<meta name=\"robots\" content=\"index, follow, max-snippet:-1, max-image-preview:large, max-video-preview:-1\" \/>\n<link rel=\"canonical\" href=\"https:\/\/www.em.com.br\/emfoco\/2026\/04\/24\/nem-suculentas-nem-cactos-a-planta-certa-para-plantar-em-abril-que-praticamente-nao-precisa-de-cuidados\/\" \/>\n<meta property=\"og:locale\" content=\"pt_BR\" \/>\n<meta property=\"og:type\" content=\"article\" \/>\n<meta property=\"og:title\" content=\"Nem suculentas nem cactos: a planta certa para plantar em abril, que praticamente n\u00e3o precisa de cuidados - Estado de Minas - Em foco\" \/>\n<meta property=\"og:description\" content=\"Aprenda a cultivar lavanda em casa para perfumar seu lar e garantir noites de sono muito mais tranquilas com este guia pr\u00e1tico e simples.\" \/>\n<meta property=\"og:url\" content=\"https:\/\/www.em.com.br\/emfoco\/2026\/04\/24\/nem-suculentas-nem-cactos-a-planta-certa-para-plantar-em-abril-que-praticamente-nao-precisa-de-cuidados\/\" \/>\n<meta property=\"og:site_name\" content=\"Estado de Minas - Em foco\" \/>\n<meta property=\"article:published_time\" content=\"2026-04-24T16:25:00+00:00\" \/>\n<meta property=\"article:modified_time\" content=\"2026-04-23T17:35:41+00:00\" \/>\n<meta property=\"og:image\" content=\"https:\/\/www.em.com.br\/emfoco\/wp-content\/uploads\/2026\/04\/EmFoco_32-5.jpg\" \/>\n\t<meta property=\"og:image:width\" content=\"1280\" \/>\n\t<meta property=\"og:image:height\" content=\"720\" \/>\n\t<meta property=\"og:image:type\" content=\"image\/jpeg\" \/>\n<meta name=\"author\" content=\"Daniely Cardoso\" \/>\n<meta name=\"twitter:card\" content=\"summary_large_image\" \/>\n<meta name=\"twitter:label1\" content=\"Escrito por\" \/>\n\t<meta name=\"twitter:data1\" content=\"Daniely Cardoso\" \/>\n\t<meta name=\"twitter:label2\" content=\"Est. tempo de leitura\" \/>\n\t<meta name=\"twitter:data2\" content=\"5 minutos\" \/>\n<!-- \/ Yoast SEO plugin. -->","yoast_head_json":{"title":"Nem suculentas nem cactos: a planta certa para plantar em abril, que praticamente n\u00e3o precisa de cuidados - Estado de Minas - Em foco","description":"Aprenda a cultivar lavanda em casa para perfumar seu lar e garantir noites de sono muito mais tranquilas com este guia pr\u00e1tico e simples.","robots":{"index":"index","follow":"follow","max-snippet":"max-snippet:-1","max-image-preview":"max-image-preview:large","max-video-preview":"max-video-preview:-1"},"canonical":"https:\/\/www.em.com.br\/emfoco\/2026\/04\/24\/nem-suculentas-nem-cactos-a-planta-certa-para-plantar-em-abril-que-praticamente-nao-precisa-de-cuidados\/","og_locale":"pt_BR","og_type":"article","og_title":"Nem suculentas nem cactos: a planta certa para plantar em abril, que praticamente n\u00e3o precisa de cuidados - Estado de Minas - Em foco","og_description":"Aprenda a cultivar lavanda em casa para perfumar seu lar e garantir noites de sono muito mais tranquilas com este guia pr\u00e1tico e simples.","og_url":"https:\/\/www.em.com.br\/emfoco\/2026\/04\/24\/nem-suculentas-nem-cactos-a-planta-certa-para-plantar-em-abril-que-praticamente-nao-precisa-de-cuidados\/","og_site_name":"Estado de Minas - Em foco","article_published_time":"2026-04-24T16:25:00+00:00","article_modified_time":"2026-04-23T17:35:41+00:00","og_image":[{"width":1280,"height":720,"url":"https:\/\/www.em.com.br\/emfoco\/wp-content\/uploads\/2026\/04\/EmFoco_32-5.jpg","type":"image\/jpeg"}],"author":"Daniely Cardoso","twitter_card":"summary_large_image","twitter_misc":{"Escrito por":"Daniely Cardoso","Est. tempo de leitura":"5 minutos"},"schema":{"@context":"https:\/\/schema.org","@graph":[{"@type":"WebPage","@id":"https:\/\/www.em.com.br\/emfoco\/2026\/04\/24\/nem-suculentas-nem-cactos-a-planta-certa-para-plantar-em-abril-que-praticamente-nao-precisa-de-cuidados\/","url":"https:\/\/www.em.com.br\/emfoco\/2026\/04\/24\/nem-suculentas-nem-cactos-a-planta-certa-para-plantar-em-abril-que-praticamente-nao-precisa-de-cuidados\/","name":"Nem suculentas nem cactos: a planta certa para plantar em abril, que praticamente n\u00e3o precisa de cuidados - Estado de Minas - Em foco","isPartOf":{"@id":"https:\/\/www.em.com.br\/emfoco\/#website"},"primaryImageOfPage":{"@id":"https:\/\/www.em.com.br\/emfoco\/2026\/04\/24\/nem-suculentas-nem-cactos-a-planta-certa-para-plantar-em-abril-que-praticamente-nao-precisa-de-cuidados\/#primaryimage"},"image":{"@id":"https:\/\/www.em.com.br\/emfoco\/2026\/04\/24\/nem-suculentas-nem-cactos-a-planta-certa-para-plantar-em-abril-que-praticamente-nao-precisa-de-cuidados\/#primaryimage"},"thumbnailUrl":"https:\/\/www.em.com.br\/emfoco\/wp-content\/uploads\/2026\/04\/EmFoco_32-5.jpg","datePublished":"2026-04-24T16:25:00+00:00","dateModified":"2026-04-23T17:35:41+00:00","author":{"@id":"https:\/\/www.em.com.br\/emfoco\/#\/schema\/person\/0a8186d72f2c3a5c6276d90b41f271a0"},"description":"Aprenda a cultivar lavanda em casa para perfumar seu lar e garantir noites de sono muito mais tranquilas com este guia pr\u00e1tico e simples.","breadcrumb":{"@id":"https:\/\/www.em.com.br\/emfoco\/2026\/04\/24\/nem-suculentas-nem-cactos-a-planta-certa-para-plantar-em-abril-que-praticamente-nao-precisa-de-cuidados\/#breadcrumb"},"inLanguage":"pt-BR","potentialAction":[{"@type":"ReadAction","target":["https:\/\/www.em.com.br\/emfoco\/2026\/04\/24\/nem-suculentas-nem-cactos-a-planta-certa-para-plantar-em-abril-que-praticamente-nao-precisa-de-cuidados\/"]}]},{"@type":"ImageObject","inLanguage":"pt-BR","@id":"https:\/\/www.em.com.br\/emfoco\/2026\/04\/24\/nem-suculentas-nem-cactos-a-planta-certa-para-plantar-em-abril-que-praticamente-nao-precisa-de-cuidados\/#primaryimage","url":"https:\/\/www.em.com.br\/emfoco\/wp-content\/uploads\/2026\/04\/EmFoco_32-5.jpg","contentUrl":"https:\/\/www.em.com.br\/emfoco\/wp-content\/uploads\/2026\/04\/EmFoco_32-5.jpg","width":1280,"height":720,"caption":"Planta\u00e7\u00e3o caseira de lavanda promove bem-estar terap\u00eautico e perfuma ambientes de forma natural"},{"@type":"BreadcrumbList","@id":"https:\/\/www.em.com.br\/emfoco\/2026\/04\/24\/nem-suculentas-nem-cactos-a-planta-certa-para-plantar-em-abril-que-praticamente-nao-precisa-de-cuidados\/#breadcrumb","itemListElement":[{"@type":"ListItem","position":1,"name":"In\u00edcio","item":"https:\/\/www.em.com.br\/emfoco\/"},{"@type":"ListItem","position":2,"name":"Nem suculentas nem cactos: a planta certa para plantar em abril, que praticamente n\u00e3o precisa de cuidados"}]},{"@type":"WebSite","@id":"https:\/\/www.em.com.br\/emfoco\/#website","url":"https:\/\/www.em.com.br\/emfoco\/","name":"Estado de Minas - Em foco","description":"Acompanhe as \u00faltimas not\u00edcias e fique bem informado sobre tudo o que acontece em Minas Gerais, Brasil e no mundo.","potentialAction":[{"@type":"SearchAction","target":{"@type":"EntryPoint","urlTemplate":"https:\/\/www.em.com.br\/emfoco\/?s={search_term_string}"},"query-input":{"@type":"PropertyValueSpecification","valueRequired":true,"valueName":"search_term_string"}}],"inLanguage":"pt-BR"},{"@type":"Person","@id":"https:\/\/www.em.com.br\/emfoco\/#\/schema\/person\/0a8186d72f2c3a5c6276d90b41f271a0","name":"Daniely Cardoso","image":{"@type":"ImageObject","inLanguage":"pt-BR","@id":"https:\/\/www.em.com.br\/emfoco\/#\/schema\/person\/image\/","url":"https:\/\/secure.gravatar.com\/avatar\/4b80ddbd124d1f071b626d52d62e5dff?s=96&d=mm&r=g","contentUrl":"https:\/\/secure.gravatar.com\/avatar\/4b80ddbd124d1f071b626d52d62e5dff?s=96&d=mm&r=g","caption":"Daniely Cardoso"},"url":"https:\/\/www.em.com.br\/emfoco\/author\/danielymyth\/"}]}},"_links":{"self":[{"href":"https:\/\/www.em.com.br\/emfoco\/wp-json\/wp\/v2\/posts\/197697","targetHints":{"allow":["GET"]}}],"collection":[{"href":"https:\/\/www.em.com.br\/emfoco\/wp-json\/wp\/v2\/posts"}],"about":[{"href":"https:\/\/www.em.com.br\/emfoco\/wp-json\/wp\/v2\/types\/post"}],"author":[{"embeddable":true,"href":"https:\/\/www.em.com.br\/emfoco\/wp-json\/wp\/v2\/users\/9"}],"replies":[{"embeddable":true,"href":"https:\/\/www.em.com.br\/emfoco\/wp-json\/wp\/v2\/comments?post=197697"}],"version-history":[{"count":1,"href":"https:\/\/www.em.com.br\/emfoco\/wp-json\/wp\/v2\/posts\/197697\/revisions"}],"predecessor-version":[{"id":197702,"href":"https:\/\/www.em.com.br\/emfoco\/wp-json\/wp\/v2\/posts\/197697\/revisions\/197702"}],"wp:featuredmedia":[{"embeddable":true,"href":"https:\/\/www.em.com.br\/emfoco\/wp-json\/wp\/v2\/media\/197949"}],"wp:attachment":[{"href":"https:\/\/www.em.com.br\/emfoco\/wp-json\/wp\/v2\/media?parent=197697"}],"wp:term":[{"taxonomy":"category","embeddable":true,"href":"https:\/\/www.em.com.br\/emfoco\/wp-json\/wp\/v2\/categories?post=197697"},{"taxonomy":"post_tag","embeddable":true,"href":"https:\/\/www.em.com.br\/emfoco\/wp-json\/wp\/v2\/tags?post=197697"}],"curies":[{"name":"wp","href":"https:\/\/api.w.org\/{rel}","templated":true}]}}