{"id":197691,"date":"2026-04-24T13:15:00","date_gmt":"2026-04-24T16:15:00","guid":{"rendered":"https:\/\/www.em.com.br\/emfoco\/?p=197691"},"modified":"2026-04-23T14:35:49","modified_gmt":"2026-04-23T17:35:49","slug":"estas-3-colheres-de-ingredientes-naturais-sao-a-solucao-essencial-para-hidratar-as-pontas-secas-do-cabelo","status":"publish","type":"post","link":"https:\/\/www.em.com.br\/emfoco\/2026\/04\/24\/estas-3-colheres-de-ingredientes-naturais-sao-a-solucao-essencial-para-hidratar-as-pontas-secas-do-cabelo\/","title":{"rendered":"Estas 3 colheres de ingredientes naturais s\u00e3o a solu\u00e7\u00e3o essencial para hidratar as pontas secas do cabelo"},"content":{"rendered":"\n<p>Ontem lavei o meu cabelo e senti que as <strong>pontas secas do cabelo<\/strong> estavam gritando por uma ajuda urgente na frente do espelho. Voc\u00ea j\u00e1 se perguntou se existe um segredo caseiro que devolve o brilho sem precisar cortar o comprimento?<\/p>\n\n\n\n<h2 class=\"wp-block-heading\">Como tratar as pontas secas do cabelo em casa?<\/h2>\n\n\n\n<p>O tempo passa e a hidrata\u00e7\u00e3o natural nem sempre consegue chegar at\u00e9 o final dos nossos fios longos. Muitas amigas sofrem com esse aspecto espigado que acaba tirando toda a eleg\u00e2ncia do nosso visual di\u00e1rio. Essa falta de umidade faz com que o <strong>movimento natural<\/strong> desapare\u00e7a e deixe as mechas com um toque bastante \u00e1spero.<\/p>\n\n\n\n<p>Buscar solu\u00e7\u00f5es na despensa da cozinha pode ser a sa\u00edda mais inteligente para quem deseja <strong>economizar dinheiro<\/strong> agora. Ingredientes naturais possuem gorduras boas que penetram profundamente na fibra capilar sem causar danos qu\u00edmicos desnecess\u00e1rios. Voc\u00ea vai notar que a <strong>suavidade retorna<\/strong> logo na primeira aplica\u00e7\u00e3o dessa mistura potente e muito cheirosa.<\/p>\n\n\n<div class=\"wp-block-image\">\n<figure class=\"aligncenter size-large\"><img loading=\"lazy\" decoding=\"async\" width=\"1024\" height=\"576\" src=\"https:\/\/www.em.com.br\/emfoco\/wp-content\/uploads\/2026\/04\/mascara-cabelo_1776943639757-1024x576.jpg\" alt=\"Pontas secas do cabelo\" class=\"wp-image-197692\" srcset=\"https:\/\/www.em.com.br\/emfoco\/wp-content\/uploads\/2026\/04\/mascara-cabelo_1776943639757-1024x576.jpg 1024w, https:\/\/www.em.com.br\/emfoco\/wp-content\/uploads\/2026\/04\/mascara-cabelo_1776943639757-300x169.jpg 300w, https:\/\/www.em.com.br\/emfoco\/wp-content\/uploads\/2026\/04\/mascara-cabelo_1776943639757-768x432.jpg 768w, https:\/\/www.em.com.br\/emfoco\/wp-content\/uploads\/2026\/04\/mascara-cabelo_1776943639757-750x422.jpg 750w, https:\/\/www.em.com.br\/emfoco\/wp-content\/uploads\/2026\/04\/mascara-cabelo_1776943639757-1140x641.jpg 1140w, https:\/\/www.em.com.br\/emfoco\/wp-content\/uploads\/2026\/04\/mascara-cabelo_1776943639757.jpg 1280w\" sizes=\"auto, (max-width: 1024px) 100vw, 1024px\" \/><figcaption class=\"wp-element-caption\">O tempo passa e a hidrata\u00e7\u00e3o natural nem sempre consegue chegar at\u00e9 o final dos nossos fios longos &#8211; Cr\u00e9ditos: depositphotos.com \/ IgorVetushko<\/figcaption><\/figure><\/div>\n\n\n<p>Leia tamb\u00e9m: <a href=\"https:\/\/www.em.com.br\/emfoco\/2026\/04\/04\/a-folha-dessa-fruta-pode-aliviar-ondas-de-calor-e-ajudar-mulheres-na-menopausa-2\/\" target=\"_blank\" rel=\"noreferrer noopener\">Adeus calor! Os benef\u00edcios da folha de amora na menopausa para um auto cuidado simples<\/a><\/p>\n\n\n\n<h2 class=\"wp-block-heading\">Qual o segredo da m\u00e1scara caseira para fios danificados?<\/h2>\n\n\n\n<p>O mel e o azeite de oliva s\u00e3o conhecidos h\u00e1 s\u00e9culos por suas propriedades altamente nutritivas e restauradoras. Quando misturamos esses itens, criamos uma barreira que impede a perda de \u00e1gua durante o <strong>dia agitado<\/strong>. Essa combina\u00e7\u00e3o cl\u00e1ssica ajuda a <strong>selar as cut\u00edculas<\/strong> abertas que causam aquele embara\u00e7o chato e dif\u00edcil de pentear.<\/p>\n\n\n\n<p>Antes de come\u00e7ar o seu ritual de beleza \u00e9 importante preparar o ambiente para um momento de relaxamento. Ter os itens certos em m\u00e3os facilita o processo e garante que voc\u00ea n\u00e3o esque\u00e7a nenhum <strong>passo importante<\/strong>. Selecionei as quantidades exatas para voc\u00ea recuperar o vigor das suas <strong>mechas maravholas<\/strong> de forma simples e muito pr\u00e1tica:<\/p>\n\n\n\n<ul class=\"wp-block-list\">\n<li>Duas colheres de sopa de azeite extra virgem para garantir uma <strong>nutri\u00e7\u00e3o profunda<\/strong> e brilho intenso.<\/li>\n\n\n\n<li>Uma colher de mel puro que atua como um potente <strong>umectante natural<\/strong> para segurar a hidrata\u00e7\u00e3o.<\/li>\n\n\n\n<li>Um pouco do seu creme de tratamento favorito para facilitar a <strong>aplica\u00e7\u00e3o uniforme<\/strong> em todo o comprimento.<\/li>\n<\/ul>\n\n\n\n<figure class=\"wp-block-embed is-type-rich is-provider-pinterest wp-block-embed-pinterest\"><div class=\"wp-block-embed__wrapper\">\n<iframe loading=\"lazy\" title=\"\ud83c\udf1f\ud83d\udca7 Transforme Seu Cabelo: M\u00e1scaras que Desmaiam e Fortalecem! \ud83d\udca7\ud83c\udf1f\" src=\"https:\/\/assets.pinterest.com\/ext\/embed.html?id=800303796320073650&#038;src=oembed\" height=\"899\" width=\"450\" frameborder=\"0\" scrolling=\"no\" ><\/iframe>\n<\/div><\/figure>\n\n\n\n<h2 class=\"wp-block-heading\">Como aplicar a mistura nas pontas secas do cabelo?<\/h2>\n\n\n\n<p>Comece lavando a cabe\u00e7a apenas com o shampoo para abrir as escamas e permitir que o tratamento entre. Retire o excesso de \u00e1gua com uma toalha macia para que o produto n\u00e3o escorra pela <strong>sua pele<\/strong>. Aplique a m\u00e1scara massageando mecha por mecha com <strong>carinho e paci\u00eancia<\/strong> para garantir uma cobertura total dos fios.<\/p>\n\n\n\n<p>Deixe a mistura agir por vinte minutos enquanto voc\u00ea aproveita para descansar ou ler um bom livro. O calor natural do couro cabeludo ajuda a potencializar os <strong>efeitos vitam\u00ednicos<\/strong> presentes nos ingredientes que voc\u00ea escolheu. Enx\u00e1gue com \u00e1gua morna ou fria para garantir que o <strong>brilho espelhado<\/strong> apare\u00e7a assim que o cabelo secar totalmente.<\/p>\n\n\n\n<p>Para voc\u00ea que gosta de se cuidar, separamos um v\u00eddeo do canal <a href=\"https:\/\/www.youtube.com\/@FalaDantas\" target=\"_blank\" rel=\"noreferrer noopener\">FALA DANTAS<\/a> com mais uma receita para hidratar seuca cabelo em casa:<\/p>\n\n\n\n<figure class=\"wp-block-embed is-type-video is-provider-youtube wp-block-embed-youtube wp-embed-aspect-16-9 wp-has-aspect-ratio\"><div class=\"wp-block-embed__wrapper\">\n<div class=\"jeg_video_container jeg_video_content\"><iframe loading=\"lazy\" title=\"Melhor RECEITA CASEIRA para cabelos ressecados\" width=\"500\" height=\"281\" src=\"https:\/\/www.youtube.com\/embed\/I-S_NGgGwss?feature=oembed\" frameborder=\"0\" allow=\"accelerometer; autoplay; clipboard-write; encrypted-media; gyroscope; picture-in-picture; web-share\" referrerpolicy=\"strict-origin-when-cross-origin\" allowfullscreen><\/iframe><\/div>\n<\/div><\/figure>\n\n\n\n<h2 class=\"wp-block-heading\">Por que as pontas secas do cabelo aparecem com o tempo?<\/h2>\n\n\n\n<p>O uso frequente de secadores e chapinhas sem a devida prote\u00e7\u00e3o t\u00e9rmica acaba cozinhando a estrutura interna dos fios. Com o passar dos anos, a nossa <strong>produ\u00e7\u00e3o de oleosidade<\/strong> diminui drasticamente e deixa as extremidades desprotegidas e muito fr\u00e1geis. Entender esse processo biol\u00f3gico ajuda a escolher os melhores <strong>cuidados preventivos<\/strong> para manter a sa\u00fade capilar em dia.<\/p>\n\n\n\n<p>Al\u00e9m das fontes de calor, o sol e a polui\u00e7\u00e3o urbana tamb\u00e9m contribuem para o ressecamento excessivo das mechas. Beber bastante \u00e1gua durante o dia reflete diretamente na <strong>beleza externa<\/strong> e na resist\u00eancia de cada fibra capilar. Mantenha uma rotina de <strong>cortes frequentes<\/strong> para remover apenas as partes que n\u00e3o conseguem mais absorver os nutrientes necess\u00e1rios.<\/p>\n\n\n\n<h2 class=\"wp-block-heading\">Sinta o prazer de ter fios sedosos novamente<\/h2>\n\n\n\n<p>Cuidar de si mesma \u00e9 um ato de amor que renova nossas energias para enfrentar a rotina. Aproveite cada minuto desse tratamento caseiro para se reconectar com sua <strong>autoestima renovada<\/strong> e vibrante. Voc\u00ea merece exibir um <strong>cabelo radiante<\/strong> que acompanhe sua personalidade forte e decidida.<\/p>\n\n\n\n<p>O espelho voltar\u00e1 a ser seu melhor amigo ap\u00f3s voc\u00ea ver os resultados dessa hidrata\u00e7\u00e3o poderosa. Compartilhe essa dica com as amigas que buscam <strong>praticidade e economia<\/strong> na hora de cuidar da beleza. Viva com muito <strong>brilho e leveza<\/strong> em todos os momentos especiais da sua vida.<\/p>\n","protected":false},"excerpt":{"rendered":"<p>Ontem lavei o meu cabelo e senti que as pontas secas do cabelo estavam gritando por uma ajuda urgente na frente do espelho. Voc\u00ea j\u00e1 se perguntou se existe um segredo caseiro que devolve o brilho sem precisar cortar o comprimento? Como tratar as pontas secas do cabelo em casa? O tempo passa e a [&hellip;]<\/p>\n","protected":false},"author":9,"featured_media":197948,"comment_status":"open","ping_status":"open","sticky":false,"template":"","format":"standard","meta":{"jnews-multi-image_gallery":[],"jnews_single_post":{"format":"standard"},"jnews_primary_category":[],"jnews_social_meta":[],"jnews_override_counter":[],"footnotes":""},"categories":[8691,29],"tags":[28614,6730,19073],"class_list":["post-197691","post","type-post","status-publish","format-standard","has-post-thumbnail","hentry","category-bem-estar","category-entretenimento","tag-cuidados-40","tag-hidratacao-capilar","tag-mascara-caseira-2"],"yoast_head":"<!-- This site is optimized with the Yoast SEO plugin v23.8 - https:\/\/yoast.com\/wordpress\/plugins\/seo\/ -->\n<title>Estas 3 colheres de ingredientes naturais s\u00e3o a solu\u00e7\u00e3o essencial para hidratar as pontas secas do cabelo - Estado de Minas - Em foco<\/title>\n<meta name=\"description\" content=\"Aprenda a tratar as pontas secas do cabelo com uma m\u00e1scara milagrosa que devolve o brilho e a maciez para os seus fios em poucos minutos.\" \/>\n<meta name=\"robots\" content=\"index, follow, max-snippet:-1, max-image-preview:large, max-video-preview:-1\" \/>\n<link rel=\"canonical\" href=\"https:\/\/www.em.com.br\/emfoco\/2026\/04\/24\/estas-3-colheres-de-ingredientes-naturais-sao-a-solucao-essencial-para-hidratar-as-pontas-secas-do-cabelo\/\" \/>\n<meta property=\"og:locale\" content=\"pt_BR\" \/>\n<meta property=\"og:type\" content=\"article\" \/>\n<meta property=\"og:title\" content=\"Estas 3 colheres de ingredientes naturais s\u00e3o a solu\u00e7\u00e3o essencial para hidratar as pontas secas do cabelo - Estado de Minas - Em foco\" \/>\n<meta property=\"og:description\" content=\"Aprenda a tratar as pontas secas do cabelo com uma m\u00e1scara milagrosa que devolve o brilho e a maciez para os seus fios em poucos minutos.\" \/>\n<meta property=\"og:url\" content=\"https:\/\/www.em.com.br\/emfoco\/2026\/04\/24\/estas-3-colheres-de-ingredientes-naturais-sao-a-solucao-essencial-para-hidratar-as-pontas-secas-do-cabelo\/\" \/>\n<meta property=\"og:site_name\" content=\"Estado de Minas - Em foco\" \/>\n<meta property=\"article:published_time\" content=\"2026-04-24T16:15:00+00:00\" \/>\n<meta property=\"article:modified_time\" content=\"2026-04-23T17:35:49+00:00\" \/>\n<meta property=\"og:image\" content=\"https:\/\/www.em.com.br\/emfoco\/wp-content\/uploads\/2026\/04\/EmFoco_33-4.jpg\" \/>\n\t<meta property=\"og:image:width\" content=\"1280\" \/>\n\t<meta property=\"og:image:height\" content=\"720\" \/>\n\t<meta property=\"og:image:type\" content=\"image\/jpeg\" \/>\n<meta name=\"author\" content=\"Daniely Cardoso\" \/>\n<meta name=\"twitter:card\" content=\"summary_large_image\" \/>\n<meta name=\"twitter:label1\" content=\"Escrito por\" \/>\n\t<meta name=\"twitter:data1\" content=\"Daniely Cardoso\" \/>\n\t<meta name=\"twitter:label2\" content=\"Est. tempo de leitura\" \/>\n\t<meta name=\"twitter:data2\" content=\"5 minutos\" \/>\n<!-- \/ Yoast SEO plugin. -->","yoast_head_json":{"title":"Estas 3 colheres de ingredientes naturais s\u00e3o a solu\u00e7\u00e3o essencial para hidratar as pontas secas do cabelo - Estado de Minas - Em foco","description":"Aprenda a tratar as pontas secas do cabelo com uma m\u00e1scara milagrosa que devolve o brilho e a maciez para os seus fios em poucos minutos.","robots":{"index":"index","follow":"follow","max-snippet":"max-snippet:-1","max-image-preview":"max-image-preview:large","max-video-preview":"max-video-preview:-1"},"canonical":"https:\/\/www.em.com.br\/emfoco\/2026\/04\/24\/estas-3-colheres-de-ingredientes-naturais-sao-a-solucao-essencial-para-hidratar-as-pontas-secas-do-cabelo\/","og_locale":"pt_BR","og_type":"article","og_title":"Estas 3 colheres de ingredientes naturais s\u00e3o a solu\u00e7\u00e3o essencial para hidratar as pontas secas do cabelo - Estado de Minas - Em foco","og_description":"Aprenda a tratar as pontas secas do cabelo com uma m\u00e1scara milagrosa que devolve o brilho e a maciez para os seus fios em poucos minutos.","og_url":"https:\/\/www.em.com.br\/emfoco\/2026\/04\/24\/estas-3-colheres-de-ingredientes-naturais-sao-a-solucao-essencial-para-hidratar-as-pontas-secas-do-cabelo\/","og_site_name":"Estado de Minas - Em foco","article_published_time":"2026-04-24T16:15:00+00:00","article_modified_time":"2026-04-23T17:35:49+00:00","og_image":[{"width":1280,"height":720,"url":"https:\/\/www.em.com.br\/emfoco\/wp-content\/uploads\/2026\/04\/EmFoco_33-4.jpg","type":"image\/jpeg"}],"author":"Daniely Cardoso","twitter_card":"summary_large_image","twitter_misc":{"Escrito por":"Daniely Cardoso","Est. tempo de leitura":"5 minutos"},"schema":{"@context":"https:\/\/schema.org","@graph":[{"@type":"WebPage","@id":"https:\/\/www.em.com.br\/emfoco\/2026\/04\/24\/estas-3-colheres-de-ingredientes-naturais-sao-a-solucao-essencial-para-hidratar-as-pontas-secas-do-cabelo\/","url":"https:\/\/www.em.com.br\/emfoco\/2026\/04\/24\/estas-3-colheres-de-ingredientes-naturais-sao-a-solucao-essencial-para-hidratar-as-pontas-secas-do-cabelo\/","name":"Estas 3 colheres de ingredientes naturais s\u00e3o a solu\u00e7\u00e3o essencial para hidratar as pontas secas do cabelo - Estado de Minas - Em foco","isPartOf":{"@id":"https:\/\/www.em.com.br\/emfoco\/#website"},"primaryImageOfPage":{"@id":"https:\/\/www.em.com.br\/emfoco\/2026\/04\/24\/estas-3-colheres-de-ingredientes-naturais-sao-a-solucao-essencial-para-hidratar-as-pontas-secas-do-cabelo\/#primaryimage"},"image":{"@id":"https:\/\/www.em.com.br\/emfoco\/2026\/04\/24\/estas-3-colheres-de-ingredientes-naturais-sao-a-solucao-essencial-para-hidratar-as-pontas-secas-do-cabelo\/#primaryimage"},"thumbnailUrl":"https:\/\/www.em.com.br\/emfoco\/wp-content\/uploads\/2026\/04\/EmFoco_33-4.jpg","datePublished":"2026-04-24T16:15:00+00:00","dateModified":"2026-04-23T17:35:49+00:00","author":{"@id":"https:\/\/www.em.com.br\/emfoco\/#\/schema\/person\/0a8186d72f2c3a5c6276d90b41f271a0"},"description":"Aprenda a tratar as pontas secas do cabelo com uma m\u00e1scara milagrosa que devolve o brilho e a maciez para os seus fios em poucos minutos.","breadcrumb":{"@id":"https:\/\/www.em.com.br\/emfoco\/2026\/04\/24\/estas-3-colheres-de-ingredientes-naturais-sao-a-solucao-essencial-para-hidratar-as-pontas-secas-do-cabelo\/#breadcrumb"},"inLanguage":"pt-BR","potentialAction":[{"@type":"ReadAction","target":["https:\/\/www.em.com.br\/emfoco\/2026\/04\/24\/estas-3-colheres-de-ingredientes-naturais-sao-a-solucao-essencial-para-hidratar-as-pontas-secas-do-cabelo\/"]}]},{"@type":"ImageObject","inLanguage":"pt-BR","@id":"https:\/\/www.em.com.br\/emfoco\/2026\/04\/24\/estas-3-colheres-de-ingredientes-naturais-sao-a-solucao-essencial-para-hidratar-as-pontas-secas-do-cabelo\/#primaryimage","url":"https:\/\/www.em.com.br\/emfoco\/wp-content\/uploads\/2026\/04\/EmFoco_33-4.jpg","contentUrl":"https:\/\/www.em.com.br\/emfoco\/wp-content\/uploads\/2026\/04\/EmFoco_33-4.jpg","width":1280,"height":720,"caption":"M\u00e1scara caseira de mel e azeite recupera o brilho das pontas sem cortar"},{"@type":"BreadcrumbList","@id":"https:\/\/www.em.com.br\/emfoco\/2026\/04\/24\/estas-3-colheres-de-ingredientes-naturais-sao-a-solucao-essencial-para-hidratar-as-pontas-secas-do-cabelo\/#breadcrumb","itemListElement":[{"@type":"ListItem","position":1,"name":"In\u00edcio","item":"https:\/\/www.em.com.br\/emfoco\/"},{"@type":"ListItem","position":2,"name":"Estas 3 colheres de ingredientes naturais s\u00e3o a solu\u00e7\u00e3o essencial para hidratar as pontas secas do cabelo"}]},{"@type":"WebSite","@id":"https:\/\/www.em.com.br\/emfoco\/#website","url":"https:\/\/www.em.com.br\/emfoco\/","name":"Estado de Minas - Em foco","description":"Acompanhe as \u00faltimas not\u00edcias e fique bem informado sobre tudo o que acontece em Minas Gerais, Brasil e no mundo.","potentialAction":[{"@type":"SearchAction","target":{"@type":"EntryPoint","urlTemplate":"https:\/\/www.em.com.br\/emfoco\/?s={search_term_string}"},"query-input":{"@type":"PropertyValueSpecification","valueRequired":true,"valueName":"search_term_string"}}],"inLanguage":"pt-BR"},{"@type":"Person","@id":"https:\/\/www.em.com.br\/emfoco\/#\/schema\/person\/0a8186d72f2c3a5c6276d90b41f271a0","name":"Daniely Cardoso","image":{"@type":"ImageObject","inLanguage":"pt-BR","@id":"https:\/\/www.em.com.br\/emfoco\/#\/schema\/person\/image\/","url":"https:\/\/secure.gravatar.com\/avatar\/4b80ddbd124d1f071b626d52d62e5dff?s=96&d=mm&r=g","contentUrl":"https:\/\/secure.gravatar.com\/avatar\/4b80ddbd124d1f071b626d52d62e5dff?s=96&d=mm&r=g","caption":"Daniely Cardoso"},"url":"https:\/\/www.em.com.br\/emfoco\/author\/danielymyth\/"}]}},"_links":{"self":[{"href":"https:\/\/www.em.com.br\/emfoco\/wp-json\/wp\/v2\/posts\/197691","targetHints":{"allow":["GET"]}}],"collection":[{"href":"https:\/\/www.em.com.br\/emfoco\/wp-json\/wp\/v2\/posts"}],"about":[{"href":"https:\/\/www.em.com.br\/emfoco\/wp-json\/wp\/v2\/types\/post"}],"author":[{"embeddable":true,"href":"https:\/\/www.em.com.br\/emfoco\/wp-json\/wp\/v2\/users\/9"}],"replies":[{"embeddable":true,"href":"https:\/\/www.em.com.br\/emfoco\/wp-json\/wp\/v2\/comments?post=197691"}],"version-history":[{"count":1,"href":"https:\/\/www.em.com.br\/emfoco\/wp-json\/wp\/v2\/posts\/197691\/revisions"}],"predecessor-version":[{"id":197696,"href":"https:\/\/www.em.com.br\/emfoco\/wp-json\/wp\/v2\/posts\/197691\/revisions\/197696"}],"wp:featuredmedia":[{"embeddable":true,"href":"https:\/\/www.em.com.br\/emfoco\/wp-json\/wp\/v2\/media\/197948"}],"wp:attachment":[{"href":"https:\/\/www.em.com.br\/emfoco\/wp-json\/wp\/v2\/media?parent=197691"}],"wp:term":[{"taxonomy":"category","embeddable":true,"href":"https:\/\/www.em.com.br\/emfoco\/wp-json\/wp\/v2\/categories?post=197691"},{"taxonomy":"post_tag","embeddable":true,"href":"https:\/\/www.em.com.br\/emfoco\/wp-json\/wp\/v2\/tags?post=197691"}],"curies":[{"name":"wp","href":"https:\/\/api.w.org\/{rel}","templated":true}]}}