{"id":197654,"date":"2026-04-26T03:35:00","date_gmt":"2026-04-26T06:35:00","guid":{"rendered":"https:\/\/www.em.com.br\/emfoco\/?p=197654"},"modified":"2026-04-25T13:05:37","modified_gmt":"2026-04-25T16:05:37","slug":"o-tunel-subterraneo-que-pode-reduzir-o-calor-da-casa-usando-a-temperatura-estavel-do-solo","status":"publish","type":"post","link":"https:\/\/www.em.com.br\/emfoco\/2026\/04\/26\/o-tunel-subterraneo-que-pode-reduzir-o-calor-da-casa-usando-a-temperatura-estavel-do-solo\/","title":{"rendered":"O t\u00fanel subterr\u00e2neo que pode reduzir o calor da casa usando a temperatura est\u00e1vel do solo"},"content":{"rendered":"\n<p>O calor excessivo dentro de casa \u00e9 uma realidade em muitas cidades brasileiras, especialmente em per\u00edodos prolongados de altas temperaturas. Nesse cen\u00e1rio, o <strong>resfriamento<\/strong> subterr\u00e2neo natural volta a ser discutido como alternativa para reduzir a sensa\u00e7\u00e3o t\u00e9rmica interna sem depender apenas de aparelhos de ar-condicionado, aproveitando a temperatura mais est\u00e1vel do solo para atenuar o calor do ar antes que ele chegue aos ambientes de uso di\u00e1rio.<\/p>\n\n\n\n<h2 class=\"wp-block-heading\">Como funciona o resfriamento subterr\u00e2neo natural?<\/h2>\n\n\n\n<p>O funcionamento do <strong>resfriamento<\/strong> subterr\u00e2neo natural se apoia na forma como o solo responde \u00e0s mudan\u00e7as clim\u00e1ticas ao longo do dia e do ano. Perto da superf\u00edcie, a temperatura varia intensamente com o sol, o vento e a chuva, mas a alguns metros de profundidade o solo apresenta uma temperatura mais est\u00e1vel, pr\u00f3xima da m\u00e9dia anual da regi\u00e3o.<\/p>\n\n\n\n<p>Em sistemas de t\u00fanel subterr\u00e2neo para resfriar casa, o <strong>ar<\/strong> externo \u00e9 conduzido por tubula\u00e7\u00f5es ou galerias <a href=\"https:\/\/www.em.com.br\/emfoco\/2026\/04\/22\/por-que-essas-20-frutas-do-quintal-da-vovo-desapareceram-do-brasil-e-quase-sairam-da-memoria\/\" target=\"_blank\" rel=\"noreferrer noopener\">enterradas<\/a>. Ao percorrer esse trajeto, o ar troca calor com a terra: quando est\u00e1 muito quente, cede parte desse calor ao solo; quando est\u00e1 mais frio do que o solo, recebe calor e entra na casa com temperatura mais moderada.<\/p>\n\n\n\n<figure class=\"wp-block-image size-large\"><img loading=\"lazy\" decoding=\"async\" width=\"1024\" height=\"576\" src=\"https:\/\/www.em.com.br\/emfoco\/wp-content\/uploads\/2026\/04\/Texto-do-seu-paragrafo-2026-04-23T082847.274-1024x576.jpg\" alt=\"O t\u00fanel subterr\u00e2neo que pode reduzir o calor da casa usando a temperatura est\u00e1vel do solo\" class=\"wp-image-197694\" srcset=\"https:\/\/www.em.com.br\/emfoco\/wp-content\/uploads\/2026\/04\/Texto-do-seu-paragrafo-2026-04-23T082847.274-1024x576.jpg 1024w, https:\/\/www.em.com.br\/emfoco\/wp-content\/uploads\/2026\/04\/Texto-do-seu-paragrafo-2026-04-23T082847.274-300x169.jpg 300w, https:\/\/www.em.com.br\/emfoco\/wp-content\/uploads\/2026\/04\/Texto-do-seu-paragrafo-2026-04-23T082847.274-768x432.jpg 768w, https:\/\/www.em.com.br\/emfoco\/wp-content\/uploads\/2026\/04\/Texto-do-seu-paragrafo-2026-04-23T082847.274-750x422.jpg 750w, https:\/\/www.em.com.br\/emfoco\/wp-content\/uploads\/2026\/04\/Texto-do-seu-paragrafo-2026-04-23T082847.274-1140x641.jpg 1140w, https:\/\/www.em.com.br\/emfoco\/wp-content\/uploads\/2026\/04\/Texto-do-seu-paragrafo-2026-04-23T082847.274.jpg 1280w\" sizes=\"auto, (max-width: 1024px) 100vw, 1024px\" \/><figcaption class=\"wp-element-caption\">Resfriamento subterr\u00e2neo natural pode ajudar a reduzir o calor da casa com l\u00f3gica antiga<\/figcaption><\/figure>\n\n\n\n<h2 class=\"wp-block-heading\">O resfriamento subterr\u00e2neo natural \u00e9 sempre eficiente?<\/h2>\n\n\n\n<p>O desempenho do resfriamento subterr\u00e2neo natural depende de uma combina\u00e7\u00e3o de fatores que precisam ser avaliados com crit\u00e9rio. Em regi\u00f5es de <strong>clima<\/strong> muito \u00famido, por exemplo, o dimensionamento incorreto pode gerar problemas de condensa\u00e7\u00e3o, mofo e ac\u00famulo de umidade dentro das tubula\u00e7\u00f5es, exigindo projeto cuidadoso.<\/p>\n\n\n\n<p>Entre os elementos que mais influenciam o resultado de um sistema de t\u00fanel subterr\u00e2neo para resfriar casa, costumam ser citados vari\u00e1veis t\u00e9cnicas e ambientais que determinam o potencial de <strong>troca<\/strong> t\u00e9rmica entre ar e solo.<\/p>\n\n\n\n<ul class=\"wp-block-list\">\n<li><strong>Tipo<\/strong> de solo (arenoso, argiloso, rochoso e sua umidade natural);<\/li>\n\n\n\n<li><strong>Profundidade<\/strong> em que os dutos s\u00e3o instalados;<\/li>\n\n\n\n<li><strong>Comprimento<\/strong> e di\u00e2metro das tubula\u00e7\u00f5es ou galerias;<\/li>\n\n\n\n<li><strong>Velocidade<\/strong> do ar e forma de ventila\u00e7\u00e3o (natural ou for\u00e7ada);<\/li>\n\n\n\n<li><strong>Clima<\/strong> local e amplitude t\u00e9rmica ao longo do ano;<\/li>\n\n\n\n<li><strong>Projeto<\/strong> da casa, incluindo isolamento, orienta\u00e7\u00e3o solar e aberturas.<\/li>\n<\/ul>\n\n\n\n<h2 class=\"wp-block-heading\">Como o solo ajuda a reduzir o calor dentro de casa?<\/h2>\n\n\n\n<p>A temperatura est\u00e1vel do solo permite criar estrat\u00e9gias de conforto t\u00e9rmico natural que v\u00e3o al\u00e9m dos t\u00faneis enterrados. Em constru\u00e7\u00f5es contempor\u00e2neas, o <strong>resfriamento<\/strong> subterr\u00e2neo costuma ser combinado com outras <a href=\"https:\/\/www.em.com.br\/emfoco\/2026\/04\/22\/esse-mel-raro-do-himalaia-chama-atencao-pelo-risco-da-coleta-e-pelos-efeitos-no-corpo\/\" target=\"_blank\" rel=\"noreferrer noopener\">solu\u00e7\u00f5es <\/a>passivas para potencializar o efeito, reduzindo picos de calor e de frio ao longo do dia.<\/p>\n\n\n\n<p>Entre as medidas mais comuns associadas a esse tipo de sistema, destacam-se recursos arquitet\u00f4nicos e paisag\u00edsticos que complementam o uso da temperatura do solo e tornam o ambiente interno mais est\u00e1vel e confort\u00e1vel:<\/p>\n\n\n\n<figure class=\"wp-block-table\"><table class=\"has-fixed-layout\"><thead><tr><th>Recurso<\/th><th>Descri\u00e7\u00e3o<\/th><th>Como ajuda a reduzir o calor dentro de casa<\/th><\/tr><\/thead><tbody><tr><td>Temperatura est\u00e1vel do solo<\/td><td>O subsolo tende a manter uma faixa t\u00e9rmica mais constante do que o ar externo ao longo do dia.<\/td><td>Ajuda a amenizar picos de calor e cria uma base natural para estrat\u00e9gias de resfriamento passivo.<\/td><\/tr><tr><td>Ventila\u00e7\u00e3o cruzada planejada<\/td><td>Janelas e aberturas s\u00e3o posicionadas para favorecer a passagem do ar pr\u00e9-resfriado e a renova\u00e7\u00e3o constante do ambiente.<\/td><td>Melhora a circula\u00e7\u00e3o interna e ajuda a distribuir melhor o ar mais fresco pela casa.<\/td><\/tr><tr><td>Sombras e brises<\/td><td>Elementos de prote\u00e7\u00e3o solar reduzem a incid\u00eancia direta do sol sobre janelas e paredes.<\/td><td>Diminuem o ganho de calor no interior e ajudam a manter os ambientes menos aquecidos ao longo do dia.<\/td><\/tr><tr><td>Isolamento t\u00e9rmico de cobertura e paredes<\/td><td>Materiais e camadas de isolamento reduzem a troca de calor entre o interior da casa e o ambiente externo.<\/td><td>Facilitam a manuten\u00e7\u00e3o de uma temperatura interna mais est\u00e1vel e reduzem o aquecimento excessivo.<\/td><\/tr><tr><td>Uso de vegeta\u00e7\u00e3o<\/td><td>Jardins, pergolados e coberturas verdes ajudam a sombrear e refrescar o entorno imediato da constru\u00e7\u00e3o.<\/td><td>Reduzem a temperatura ao redor da casa e contribuem para um microclima mais agrad\u00e1vel.<\/td><\/tr><tr><td>Materiais com boa in\u00e9rcia t\u00e9rmica<\/td><td>Elementos construtivos que absorvem e liberam calor mais lentamente ajudam a amortecer varia\u00e7\u00f5es bruscas de temperatura.<\/td><td>Deixam o interior da casa menos sujeito a aquecimentos r\u00e1pidos durante as horas mais quentes.<\/td><\/tr><\/tbody><\/table><\/figure>\n\n\n\n<p>Conte\u00fado do canal <strong>PLANARQ CAMPOS \/ Ralph Dias<\/strong>, com mais de 2.3 milh\u00f5es de inscritos e cerca de 180 mil de visualiza\u00e7\u00f5es:<\/p>\n\n\n\n<figure class=\"wp-block-embed is-type-video is-provider-youtube wp-block-embed-youtube wp-embed-aspect-16-9 wp-has-aspect-ratio\"><div class=\"wp-block-embed__wrapper\">\n<div class=\"jeg_video_container jeg_video_content\"><iframe loading=\"lazy\" title=\"AR CONDICIONADO NATURAL PARA REFRESCAR OU AQUECER SUA CASA\" width=\"500\" height=\"281\" src=\"https:\/\/www.youtube.com\/embed\/z6Zhe_646tk?feature=oembed\" frameborder=\"0\" allow=\"accelerometer; autoplay; clipboard-write; encrypted-media; gyroscope; picture-in-picture; web-share\" referrerpolicy=\"strict-origin-when-cross-origin\" allowfullscreen><\/iframe><\/div>\n<\/div><\/figure>\n\n\n\n<h2 class=\"wp-block-heading\">Quais cuidados s\u00e3o importantes ao planejar um sistema subterr\u00e2neo?<\/h2>\n\n\n\n<p>Ao considerar um sistema de resfriamento subterr\u00e2neo natural, alguns <strong>cuidados<\/strong> s\u00e3o essenciais para evitar problemas futuros. Al\u00e9m da an\u00e1lise do clima e do solo, a execu\u00e7\u00e3o correta da obra \u00e9 decisiva para o bom desempenho, pois falhas de instala\u00e7\u00e3o podem reduzir a efici\u00eancia ou criar desconfortos adicionais.<\/p>\n\n\n\n<p>Projetos bem-sucedidos geralmente incluem solu\u00e7\u00f5es t\u00e9cnicas espec\u00edficas para garantir <a href=\"https:\/\/www.aem.ms.gov.br\/inmetro-orienta-sobre-como-economizar-energia-com-o-uso-do-ar-condicionado\/\" target=\"_blank\" rel=\"noreferrer noopener\">durabilidade<\/a>, higiene e facilidade de manuten\u00e7\u00e3o, integrando o sistema de dutos ao desenho da casa e \u00e0s demais estrat\u00e9gias de conforto t\u00e9rmico.<\/p>\n\n\n\n<ul class=\"wp-block-list\">\n<li>Drenagem adequada: evitar ac\u00famulo de <strong>\u00e1gua<\/strong> nos dutos, o que pode favorecer umidade excessiva e odores;<\/li>\n\n\n\n<li>Materiais resistentes: tubos e conex\u00f5es que suportem press\u00e3o do solo e varia\u00e7\u00f5es de umidade;<\/li>\n\n\n\n<li>Acesso para <strong>limpeza<\/strong>: pontos que permitam manuten\u00e7\u00e3o peri\u00f3dica do sistema de ventila\u00e7\u00e3o enterrado;<\/li>\n\n\n\n<li>C\u00e1lculo de vaz\u00e3o: dimensionamento do <strong>volume<\/strong> de ar em fun\u00e7\u00e3o do tamanho da resid\u00eancia;<\/li>\n\n\n\n<li>Integra\u00e7\u00e3o com o projeto arquitet\u00f4nico: entradas e sa\u00eddas de ar posicionadas de forma coerente com a circula\u00e7\u00e3o interna.<\/li>\n<\/ul>\n\n\n\n<h2 class=\"wp-block-heading\">Vale a pena adotar resfriamento subterr\u00e2neo natural em casas brasileiras?<\/h2>\n\n\n\n<p>Na pr\u00e1tica, o t\u00fanel subterr\u00e2neo para resfriar casa n\u00e3o substitui todas as outras solu\u00e7\u00f5es de conforto t\u00e9rmico. Ele se torna mais eficiente quando faz parte de uma abordagem integrada, que considera comportamento do sol, do vento e do solo ao longo do ano, reduzindo a necessidade de uso cont\u00ednuo de <strong>ar-condicionado<\/strong>.<\/p>\n\n\n\n<p>Com a intensifica\u00e7\u00e3o das ondas de calor e a preocupa\u00e7\u00e3o com o uso racional de energia, sistemas baseados na temperatura est\u00e1vel do solo tendem a ganhar espa\u00e7o em projetos que buscam desempenho t\u00e9rmico equilibrado. Mesmo redu\u00e7\u00f5es de poucos graus podem representar diferen\u00e7a significativa na sensa\u00e7\u00e3o de calor e no <strong>consumo<\/strong> de energia ao longo do ano.<\/p>\n","protected":false},"excerpt":{"rendered":"<p>O calor excessivo dentro de casa \u00e9 uma realidade em muitas cidades brasileiras, especialmente em per\u00edodos prolongados de altas temperaturas. Nesse cen\u00e1rio, o resfriamento subterr\u00e2neo natural volta a ser discutido como alternativa para reduzir a sensa\u00e7\u00e3o t\u00e9rmica interna sem depender apenas de aparelhos de ar-condicionado, aproveitando a temperatura mais est\u00e1vel do solo para atenuar o [&hellip;]<\/p>\n","protected":false},"author":15,"featured_media":199293,"comment_status":"open","ping_status":"open","sticky":false,"template":"","format":"standard","meta":{"jnews-multi-image_gallery":[],"jnews_single_post":{"format":"standard"},"jnews_primary_category":[],"jnews_social_meta":[],"jnews_override_counter":[],"footnotes":""},"categories":[8819],"tags":[711,5640,327],"class_list":["post-197654","post","type-post","status-publish","format-standard","has-post-thumbnail","hentry","category-curiosidades","tag-bem-estar","tag-curiosiades","tag-qualidade-de-vida"],"yoast_head":"<!-- This site is optimized with the Yoast SEO plugin v23.8 - https:\/\/yoast.com\/wordpress\/plugins\/seo\/ -->\n<title>O t\u00fanel subterr\u00e2neo que pode reduzir o calor da casa usando a temperatura est\u00e1vel do solo - Estado de Minas - Em foco<\/title>\n<meta name=\"description\" content=\"O resfriamento subterr\u00e2neo natural aproveita a temperatura mais est\u00e1vel do solo para ajudar a suavizar o calor da casa e complementar\" \/>\n<meta name=\"robots\" content=\"index, follow, max-snippet:-1, max-image-preview:large, max-video-preview:-1\" \/>\n<link rel=\"canonical\" href=\"https:\/\/www.em.com.br\/emfoco\/2026\/04\/26\/o-tunel-subterraneo-que-pode-reduzir-o-calor-da-casa-usando-a-temperatura-estavel-do-solo\/\" \/>\n<meta property=\"og:locale\" content=\"pt_BR\" \/>\n<meta property=\"og:type\" content=\"article\" \/>\n<meta property=\"og:title\" content=\"O t\u00fanel subterr\u00e2neo que pode reduzir o calor da casa usando a temperatura est\u00e1vel do solo - Estado de Minas - Em foco\" \/>\n<meta property=\"og:description\" content=\"O resfriamento subterr\u00e2neo natural aproveita a temperatura mais est\u00e1vel do solo para ajudar a suavizar o calor da casa e complementar\" \/>\n<meta property=\"og:url\" content=\"https:\/\/www.em.com.br\/emfoco\/2026\/04\/26\/o-tunel-subterraneo-que-pode-reduzir-o-calor-da-casa-usando-a-temperatura-estavel-do-solo\/\" \/>\n<meta property=\"og:site_name\" content=\"Estado de Minas - Em foco\" \/>\n<meta property=\"article:published_time\" content=\"2026-04-26T06:35:00+00:00\" \/>\n<meta property=\"article:modified_time\" content=\"2026-04-25T16:05:37+00:00\" \/>\n<meta property=\"og:image\" content=\"https:\/\/www.em.com.br\/emfoco\/wp-content\/uploads\/2026\/04\/EmFoco_09-10.jpg\" \/>\n\t<meta property=\"og:image:width\" content=\"1280\" \/>\n\t<meta property=\"og:image:height\" content=\"720\" \/>\n\t<meta property=\"og:image:type\" content=\"image\/jpeg\" \/>\n<meta name=\"author\" content=\"Douglas Myth\" \/>\n<meta name=\"twitter:card\" content=\"summary_large_image\" \/>\n<meta name=\"twitter:label1\" content=\"Escrito por\" \/>\n\t<meta name=\"twitter:data1\" content=\"Douglas Myth\" \/>\n\t<meta name=\"twitter:label2\" content=\"Est. tempo de leitura\" \/>\n\t<meta name=\"twitter:data2\" content=\"6 minutos\" \/>\n<!-- \/ Yoast SEO plugin. -->","yoast_head_json":{"title":"O t\u00fanel subterr\u00e2neo que pode reduzir o calor da casa usando a temperatura est\u00e1vel do solo - Estado de Minas - Em foco","description":"O resfriamento subterr\u00e2neo natural aproveita a temperatura mais est\u00e1vel do solo para ajudar a suavizar o calor da casa e complementar","robots":{"index":"index","follow":"follow","max-snippet":"max-snippet:-1","max-image-preview":"max-image-preview:large","max-video-preview":"max-video-preview:-1"},"canonical":"https:\/\/www.em.com.br\/emfoco\/2026\/04\/26\/o-tunel-subterraneo-que-pode-reduzir-o-calor-da-casa-usando-a-temperatura-estavel-do-solo\/","og_locale":"pt_BR","og_type":"article","og_title":"O t\u00fanel subterr\u00e2neo que pode reduzir o calor da casa usando a temperatura est\u00e1vel do solo - Estado de Minas - Em foco","og_description":"O resfriamento subterr\u00e2neo natural aproveita a temperatura mais est\u00e1vel do solo para ajudar a suavizar o calor da casa e complementar","og_url":"https:\/\/www.em.com.br\/emfoco\/2026\/04\/26\/o-tunel-subterraneo-que-pode-reduzir-o-calor-da-casa-usando-a-temperatura-estavel-do-solo\/","og_site_name":"Estado de Minas - Em foco","article_published_time":"2026-04-26T06:35:00+00:00","article_modified_time":"2026-04-25T16:05:37+00:00","og_image":[{"width":1280,"height":720,"url":"https:\/\/www.em.com.br\/emfoco\/wp-content\/uploads\/2026\/04\/EmFoco_09-10.jpg","type":"image\/jpeg"}],"author":"Douglas Myth","twitter_card":"summary_large_image","twitter_misc":{"Escrito por":"Douglas Myth","Est. tempo de leitura":"6 minutos"},"schema":{"@context":"https:\/\/schema.org","@graph":[{"@type":"WebPage","@id":"https:\/\/www.em.com.br\/emfoco\/2026\/04\/26\/o-tunel-subterraneo-que-pode-reduzir-o-calor-da-casa-usando-a-temperatura-estavel-do-solo\/","url":"https:\/\/www.em.com.br\/emfoco\/2026\/04\/26\/o-tunel-subterraneo-que-pode-reduzir-o-calor-da-casa-usando-a-temperatura-estavel-do-solo\/","name":"O t\u00fanel subterr\u00e2neo que pode reduzir o calor da casa usando a temperatura est\u00e1vel do solo - Estado de Minas - Em foco","isPartOf":{"@id":"https:\/\/www.em.com.br\/emfoco\/#website"},"primaryImageOfPage":{"@id":"https:\/\/www.em.com.br\/emfoco\/2026\/04\/26\/o-tunel-subterraneo-que-pode-reduzir-o-calor-da-casa-usando-a-temperatura-estavel-do-solo\/#primaryimage"},"image":{"@id":"https:\/\/www.em.com.br\/emfoco\/2026\/04\/26\/o-tunel-subterraneo-que-pode-reduzir-o-calor-da-casa-usando-a-temperatura-estavel-do-solo\/#primaryimage"},"thumbnailUrl":"https:\/\/www.em.com.br\/emfoco\/wp-content\/uploads\/2026\/04\/EmFoco_09-10.jpg","datePublished":"2026-04-26T06:35:00+00:00","dateModified":"2026-04-25T16:05:37+00:00","author":{"@id":"https:\/\/www.em.com.br\/emfoco\/#\/schema\/person\/bba594b7eebe9b9885fec3a5c7837089"},"description":"O resfriamento subterr\u00e2neo natural aproveita a temperatura mais est\u00e1vel do solo para ajudar a suavizar o calor da casa e complementar","breadcrumb":{"@id":"https:\/\/www.em.com.br\/emfoco\/2026\/04\/26\/o-tunel-subterraneo-que-pode-reduzir-o-calor-da-casa-usando-a-temperatura-estavel-do-solo\/#breadcrumb"},"inLanguage":"pt-BR","potentialAction":[{"@type":"ReadAction","target":["https:\/\/www.em.com.br\/emfoco\/2026\/04\/26\/o-tunel-subterraneo-que-pode-reduzir-o-calor-da-casa-usando-a-temperatura-estavel-do-solo\/"]}]},{"@type":"ImageObject","inLanguage":"pt-BR","@id":"https:\/\/www.em.com.br\/emfoco\/2026\/04\/26\/o-tunel-subterraneo-que-pode-reduzir-o-calor-da-casa-usando-a-temperatura-estavel-do-solo\/#primaryimage","url":"https:\/\/www.em.com.br\/emfoco\/wp-content\/uploads\/2026\/04\/EmFoco_09-10.jpg","contentUrl":"https:\/\/www.em.com.br\/emfoco\/wp-content\/uploads\/2026\/04\/EmFoco_09-10.jpg","width":1280,"height":720,"caption":"Uso da temperatura est\u00e1vel do solo como estrat\u00e9gia sustent\u00e1vel para climatiza\u00e7\u00e3o residencial natural"},{"@type":"BreadcrumbList","@id":"https:\/\/www.em.com.br\/emfoco\/2026\/04\/26\/o-tunel-subterraneo-que-pode-reduzir-o-calor-da-casa-usando-a-temperatura-estavel-do-solo\/#breadcrumb","itemListElement":[{"@type":"ListItem","position":1,"name":"In\u00edcio","item":"https:\/\/www.em.com.br\/emfoco\/"},{"@type":"ListItem","position":2,"name":"O t\u00fanel subterr\u00e2neo que pode reduzir o calor da casa usando a temperatura est\u00e1vel do solo"}]},{"@type":"WebSite","@id":"https:\/\/www.em.com.br\/emfoco\/#website","url":"https:\/\/www.em.com.br\/emfoco\/","name":"Estado de Minas - Em foco","description":"Acompanhe as \u00faltimas not\u00edcias e fique bem informado sobre tudo o que acontece em Minas Gerais, Brasil e no mundo.","potentialAction":[{"@type":"SearchAction","target":{"@type":"EntryPoint","urlTemplate":"https:\/\/www.em.com.br\/emfoco\/?s={search_term_string}"},"query-input":{"@type":"PropertyValueSpecification","valueRequired":true,"valueName":"search_term_string"}}],"inLanguage":"pt-BR"},{"@type":"Person","@id":"https:\/\/www.em.com.br\/emfoco\/#\/schema\/person\/bba594b7eebe9b9885fec3a5c7837089","name":"Douglas Myth","image":{"@type":"ImageObject","inLanguage":"pt-BR","@id":"https:\/\/www.em.com.br\/emfoco\/#\/schema\/person\/image\/","url":"https:\/\/secure.gravatar.com\/avatar\/1ac3cf50d0e68642c697dc0c960c802f?s=96&d=mm&r=g","contentUrl":"https:\/\/secure.gravatar.com\/avatar\/1ac3cf50d0e68642c697dc0c960c802f?s=96&d=mm&r=g","caption":"Douglas Myth"},"url":"https:\/\/www.em.com.br\/emfoco\/author\/douglasmyth\/"}]}},"_links":{"self":[{"href":"https:\/\/www.em.com.br\/emfoco\/wp-json\/wp\/v2\/posts\/197654","targetHints":{"allow":["GET"]}}],"collection":[{"href":"https:\/\/www.em.com.br\/emfoco\/wp-json\/wp\/v2\/posts"}],"about":[{"href":"https:\/\/www.em.com.br\/emfoco\/wp-json\/wp\/v2\/types\/post"}],"author":[{"embeddable":true,"href":"https:\/\/www.em.com.br\/emfoco\/wp-json\/wp\/v2\/users\/15"}],"replies":[{"embeddable":true,"href":"https:\/\/www.em.com.br\/emfoco\/wp-json\/wp\/v2\/comments?post=197654"}],"version-history":[{"count":2,"href":"https:\/\/www.em.com.br\/emfoco\/wp-json\/wp\/v2\/posts\/197654\/revisions"}],"predecessor-version":[{"id":197695,"href":"https:\/\/www.em.com.br\/emfoco\/wp-json\/wp\/v2\/posts\/197654\/revisions\/197695"}],"wp:featuredmedia":[{"embeddable":true,"href":"https:\/\/www.em.com.br\/emfoco\/wp-json\/wp\/v2\/media\/199293"}],"wp:attachment":[{"href":"https:\/\/www.em.com.br\/emfoco\/wp-json\/wp\/v2\/media?parent=197654"}],"wp:term":[{"taxonomy":"category","embeddable":true,"href":"https:\/\/www.em.com.br\/emfoco\/wp-json\/wp\/v2\/categories?post=197654"},{"taxonomy":"post_tag","embeddable":true,"href":"https:\/\/www.em.com.br\/emfoco\/wp-json\/wp\/v2\/tags?post=197654"}],"curies":[{"name":"wp","href":"https:\/\/api.w.org\/{rel}","templated":true}]}}