{"id":197644,"date":"2026-04-27T18:05:00","date_gmt":"2026-04-27T21:05:00","guid":{"rendered":"https:\/\/www.em.com.br\/emfoco\/?p=197644"},"modified":"2026-04-25T20:56:18","modified_gmt":"2026-04-25T23:56:18","slug":"porta-de-entrada-do-sul-de-minas-87-do-morango-do-estado-nasce-nessa-cidade-da-mantiqueira","status":"publish","type":"post","link":"https:\/\/www.em.com.br\/emfoco\/2026\/04\/27\/porta-de-entrada-do-sul-de-minas-87-do-morango-do-estado-nasce-nessa-cidade-da-mantiqueira\/","title":{"rendered":"Porta de entrada do Sul de Minas: 87% do morango do estado nasce nessa cidade da Mantiqueira"},"content":{"rendered":"\n<p>A 189 km de <strong>S\u00e3o Paulo<\/strong> e 370 km de <strong>Belo Horizonte<\/strong>, <strong>Pouso Alegre<\/strong> tem 830 metros de altitude e 162 mil habitantes. A cidade mineira \u00e9 a sexta mais desenvolvida de <strong>Minas Gerais<\/strong> e concentra 87% da produ\u00e7\u00e3o de morango do estado.<\/p>\n\n\n\n<h2 class=\"wp-block-heading\">Por que a cidade \u00e9 chamada de Ber\u00e7o da Liberdade mineiro?<\/h2>\n\n\n\n<p>O apelido vem da participa\u00e7\u00e3o ativa no movimento da Inconfid\u00eancia Mineira, no fim do s\u00e9culo XVIII. O povoado nasceu ainda antes, como Arraial de Bom Jesus de Matozinhos do Mandu, criado pela passagem de bandeirantes paulistas pelo vale do Rio Sapuca\u00ed. A emancipa\u00e7\u00e3o como munic\u00edpio veio em 1848.<\/p>\n\n\n\n<p>Hoje, a cidade \u00e9 a porta de entrada do <a href=\"https:\/\/www.minasgerais.com.br\/pt\/destinos\/pouso-alegre\" target=\"_blank\" rel=\"noreferrer noopener\"><strong>Circuito Tur\u00edstico Caminhos da Mantiqueira<\/strong><\/a>, que re\u00fane treze munic\u00edpios do Sul de Minas. O conjunto arquitet\u00f4nico eclesi\u00e1stico \u00e9 considerado um dos mais ricos do estado, com n\u00famero de igrejas equipar\u00e1vel ao das cidades hist\u00f3ricas mineiras.<\/p>\n\n\n<div class=\"wp-block-image\">\n<figure class=\"aligncenter size-large\"><img loading=\"lazy\" decoding=\"async\" width=\"1024\" height=\"576\" src=\"https:\/\/www.em.com.br\/emfoco\/wp-content\/uploads\/2026\/01\/Minas-Gerais-cidade_1767795105368-1024x576.jpg\" alt=\"\" class=\"wp-image-151562\" srcset=\"https:\/\/www.em.com.br\/emfoco\/wp-content\/uploads\/2026\/01\/Minas-Gerais-cidade_1767795105368-1024x576.jpg 1024w, https:\/\/www.em.com.br\/emfoco\/wp-content\/uploads\/2026\/01\/Minas-Gerais-cidade_1767795105368-300x169.jpg 300w, https:\/\/www.em.com.br\/emfoco\/wp-content\/uploads\/2026\/01\/Minas-Gerais-cidade_1767795105368-768x432.jpg 768w, https:\/\/www.em.com.br\/emfoco\/wp-content\/uploads\/2026\/01\/Minas-Gerais-cidade_1767795105368-750x422.jpg 750w, https:\/\/www.em.com.br\/emfoco\/wp-content\/uploads\/2026\/01\/Minas-Gerais-cidade_1767795105368-1140x641.jpg 1140w, https:\/\/www.em.com.br\/emfoco\/wp-content\/uploads\/2026\/01\/Minas-Gerais-cidade_1767795105368.jpg 1280w\" sizes=\"auto, (max-width: 1024px) 100vw, 1024px\" \/><figcaption class=\"wp-element-caption\">Pouso Alegre atrai moradores com qualidade de vida e ind\u00fastria forte \/\/ Cr\u00e9ditos: depositphotos.com \/ PedroTruffi<\/figcaption><\/figure><\/div>\n\n\n<h2 class=\"wp-block-heading\">A cidade que um dia multou o erro de portugu\u00eas no outdoor<\/h2>\n\n\n\n<p>Em 1997, a <strong>C\u00e2mara Municipal<\/strong> aprovou a <a href=\"https:\/\/pousoalegre.siscam.com.br\/Normas\/Exibir\/56536\" target=\"_blank\" rel=\"noreferrer noopener\"><strong>Lei Ordin\u00e1ria 3.306<\/strong><\/a>, sancionada pelo ent\u00e3o prefeito Jair Siqueira. A norma multava em R$ 500 qualquer outdoor com erro de ortografia, reg\u00eancia ou concord\u00e2ncia, e em R$ 100 faixas, cartazes e panfletos nas mesmas condi\u00e7\u00f5es.<\/p>\n\n\n\n<p>O infrator tinha 30 dias para corrigir o erro antes de ser autuado. Nomes de fantasia registrados como marcas, palavras em outros idiomas e neologismos estavam fora da regra. A norma virou presen\u00e7a garantida em listas internacionais de leis curiosas e rendeu \u00e0 cidade destaque nacional. Vigorou por 24 anos, at\u00e9 ser revogada pelo novo <strong>C\u00f3digo de Posturas<\/strong> em dezembro de 2021.<\/p>\n\n\n<div class=\"wp-block-image\">\n<figure class=\"aligncenter size-large\"><img loading=\"lazy\" decoding=\"async\" width=\"1024\" height=\"576\" src=\"https:\/\/www.em.com.br\/emfoco\/wp-content\/uploads\/2026\/01\/Minas-Gerais-cidade_1767795105368-1024x576.jpg\" alt=\"\" class=\"wp-image-151562\" srcset=\"https:\/\/www.em.com.br\/emfoco\/wp-content\/uploads\/2026\/01\/Minas-Gerais-cidade_1767795105368-1024x576.jpg 1024w, https:\/\/www.em.com.br\/emfoco\/wp-content\/uploads\/2026\/01\/Minas-Gerais-cidade_1767795105368-300x169.jpg 300w, https:\/\/www.em.com.br\/emfoco\/wp-content\/uploads\/2026\/01\/Minas-Gerais-cidade_1767795105368-768x432.jpg 768w, https:\/\/www.em.com.br\/emfoco\/wp-content\/uploads\/2026\/01\/Minas-Gerais-cidade_1767795105368-750x422.jpg 750w, https:\/\/www.em.com.br\/emfoco\/wp-content\/uploads\/2026\/01\/Minas-Gerais-cidade_1767795105368-1140x641.jpg 1140w, https:\/\/www.em.com.br\/emfoco\/wp-content\/uploads\/2026\/01\/Minas-Gerais-cidade_1767795105368.jpg 1280w\" sizes=\"auto, (max-width: 1024px) 100vw, 1024px\" \/><figcaption class=\"wp-element-caption\">Pouso Alegre atrai moradores com qualidade de vida e ind\u00fastria forte \/\/ Cr\u00e9ditos: depositphotos.com \/ PedroTruffi<\/figcaption><\/figure><\/div>\n\n\n<h2 class=\"wp-block-heading\">Vale a pena viver na capital do Sul de Minas?<\/h2>\n\n\n\n<p>A <strong><a href=\"https:\/\/pousoalegre.mg.gov.br\/noticias_individual\/4780\" target=\"_blank\" rel=\"noreferrer noopener\">prefeitura<\/a> <\/strong>confirmou em agosto de 2025 que o munic\u00edpio alcan\u00e7ou 162.133 habitantes na estimativa do <a href=\"https:\/\/www.ibge.gov.br\/cidades-e-estados\/mg\/pouso-alegre.html\" target=\"_blank\" rel=\"noreferrer noopener\"><strong>Instituto Brasileiro de Geografia e Estat\u00edstica (IBGE)<\/strong><\/a>. Em tr\u00eas anos, foram quase 10 mil novos moradores, um crescimento de 6,52%.<\/p>\n\n\n\n<p>O PIB per capita de R$ 93.295 em 2023 \u00e9 o maior do Sul de Minas e supera a m\u00e9dia de v\u00e1rias capitais brasileiras. Quem escolhe morar na cidade encontra uma combina\u00e7\u00e3o rara no interior:<\/p>\n\n\n\n<ul class=\"wp-block-list has-medium-font-size\">\n<li><strong>Ranking Firjan<\/strong>: 6\u00aa cidade mais desenvolvida de Minas Gerais, segundo o \u00edndice da Federa\u00e7\u00e3o das Ind\u00fastrias.<\/li>\n\n\n\n<li><strong>Economia<\/strong>: distrito industrial com empresas como Unilever e XCMG, ponto m\u00e9dio entre S\u00e3o Paulo e Belo Horizonte pela <strong>Rodovia Fern\u00e3o Dias (BR-381)<\/strong>.<\/li>\n\n\n\n<li><strong>Agroneg\u00f3cio<\/strong>: respons\u00e1vel por 87,5% da produ\u00e7\u00e3o de morango de Minas Gerais em 2022, de acordo com o IBGE.<\/li>\n\n\n\n<li><strong>Altitude<\/strong>: 830 metros acima do n\u00edvel do mar garantem clima tropical com noites frescas o ano inteiro.<\/li>\n<\/ul>\n\n\n\n<p><strong>Leia tamb\u00e9m: <a href=\"https:\/\/www.em.com.br\/emfoco\/2026\/04\/11\/capital-nacional-do-morango-cidade-a-poucos-minutos-da-capital-esta-conquistando-os-brasileiros-com-qualidade-de-vida-e-tranquilidade\/\" target=\"_blank\" rel=\"noreferrer noopener\">Capital Nacional do Morango: uma cidade a poucos minutos da capital est\u00e1 conquistando os brasileiros com qualidade de vida e tranquilidade<\/a><\/strong><\/p>\n\n\n\n<h2 class=\"wp-block-heading\">O que fazer entre igrejas centen\u00e1rias e a Mantiqueira?<\/h2>\n\n\n\n<p>O <a href=\"https:\/\/vemprapousoalegre.com.br\/atrativos\" target=\"_blank\" rel=\"noreferrer noopener\">portal Vem pra Pouso Alegre<\/a>, mantido pela Secretaria de Turismo, concentra os roteiros oficiais. Confira as atra\u00e7\u00f5es mais procuradas:<\/p>\n\n\n\n<ul class=\"wp-block-list has-medium-font-size\">\n<li><strong>Catedral do Senhor Bom Jesus<\/strong>: cart\u00e3o-postal da cidade, s\u00edmbolo m\u00e1ximo da religiosidade pousoalegrense.<\/li>\n\n\n\n<li><strong>Serra do Cristo<\/strong>: morro com est\u00e1tua de Cristo Redentor no topo e vista panor\u00e2mica do vale do Rio Mandu.<\/li>\n\n\n\n<li><strong>Teatro Municipal<\/strong>: inaugurado em 1875, com arquitetura inspirada no Teatro Municipal de <strong>Ouro Preto<\/strong>, tombado como patrim\u00f4nio da cidade.<\/li>\n\n\n\n<li><strong>Mercado Municipal<\/strong>: ponto de encontro tradicional, palco do famoso pastel de farinha de milho.<\/li>\n\n\n\n<li><strong>Parque Natural Municipal<\/strong>: \u00e1rea verde preservada dentro do per\u00edmetro urbano, com trilhas e mirantes.<\/li>\n\n\n\n<li><strong>Caminhos da Mantiqueira<\/strong>: 39 trilhas de cicloturismo georreferenciadas e autoguiadas por QR Code na regi\u00e3o.<\/li>\n<\/ul>\n\n\n\n<p>A gastronomia \u00e9 cap\u00edtulo \u00e0 parte, com identidade firmada na heran\u00e7a tropeira e rural mineira:<\/p>\n\n\n\n<ul class=\"wp-block-list has-medium-font-size\">\n<li><strong>Pastel de farinha de milho<\/strong>: registrado como Bem Cultural Imaterial do munic\u00edpio. Feito com fub\u00e1 no lugar da farinha de trigo, lembra polenta frita e \u00e9 o quitute mais procurado.<\/li>\n\n\n\n<li><strong>Morango com doce de leite<\/strong>: aproveita a principal fruta da zona rural pousoalegrense em sobremesa t\u00edpica.<\/li>\n\n\n\n<li><strong>Caf\u00e9 do Sul de Minas<\/strong>: regi\u00e3o que responde por grande parte da produ\u00e7\u00e3o nacional de ar\u00e1bica, com torrefa\u00e7\u00f5es artesanais no centro.<\/li>\n\n\n\n<li><strong>Truta da Mantiqueira<\/strong>: peixe de \u00e1gua fria servido em vers\u00f5es grelhadas nos restaurantes do circuito tur\u00edstico.<\/li>\n<\/ul>\n\n\n\n<p>Quem tem curiosidade sobre como \u00e9 morar ou visitar o sul de <strong>Minas Gerais<\/strong>, vai curtir esse v\u00eddeo especialmente selecionado do canal <strong>MAIS 50<\/strong>, que conta com mais de <strong>101 mil<\/strong> visualiza\u00e7\u00f5es, onde o apresentador mostra os pontos positivos e negativos de <strong>Pouso Alegre<\/strong>, incluindo dicas de custo de vida e lazer:<\/p>\n\n\n\n<figure class=\"wp-block-embed is-type-video is-provider-youtube wp-block-embed-youtube wp-embed-aspect-16-9 wp-has-aspect-ratio\"><div class=\"wp-block-embed__wrapper\">\n<div class=\"jeg_video_container jeg_video_content\"><iframe loading=\"lazy\" title=\"MORAR EM POUSO ALEGRE - MINAS GERAIS\" width=\"500\" height=\"281\" src=\"https:\/\/www.youtube.com\/embed\/725WZEun-wI?feature=oembed\" frameborder=\"0\" allow=\"accelerometer; autoplay; clipboard-write; encrypted-media; gyroscope; picture-in-picture; web-share\" referrerpolicy=\"strict-origin-when-cross-origin\" allowfullscreen><\/iframe><\/div>\n<\/div><\/figure>\n\n\n\n<h2 class=\"wp-block-heading\">Qual a melhor \u00e9poca para visitar Pouso Alegre?<\/h2>\n\n\n\n<p>A altitude garante esta\u00e7\u00f5es bem marcadas, com ver\u00f5es chuvosos e invernos secos e frios. O comportamento do clima ao longo do ano:<\/p>\n\n\n\n<style>\n    .clima-grid-em126 { \n        --cor-primaria: #1a2a57; --cor-secundaria: #1a2a57; --cor-txt-secundaria: #ffffff;\n        display: grid; grid-template-columns: repeat(auto-fit, minmax(190px, 1fr)); gap: 15px; justify-content: center; padding: 10px;\n    }\n    .clima-card-em126 { border: 5px solid var(--cor-primaria); border-top: 5px solid var(--cor-secundaria); border-radius: 12px; background-color: var(--cor-primaria); background-clip: padding-box; display: flex; flex-direction: column; overflow: hidden; cursor: pointer; box-shadow: 0 6px 12px rgba(0,0,0, 0.2); transition: transform 0.2s ease, box-shadow 0.2s ease; -webkit-tap-highlight-color: transparent; user-select: none; transform: translateZ(0); animation: wmFadeIn 0.6s cubic-bezier(0.2, 0.8, 0.2, 1) backwards; }\n    .clima-card-em126:focus-visible { outline: 3px dashed var(--cor-secundaria); outline-offset: 4px; }\n    .clima-card-em126:nth-child(1) { animation-delay: 0.1s; } .clima-card-em126:nth-child(2) { animation-delay: 0.2s; } .clima-card-em126:nth-child(3) { animation-delay: 0.3s; } .clima-card-em126:nth-child(4) { animation-delay: 0.4s; }\n    @keyframes wmFadeIn { from { opacity: 0; transform: translateY(30px); } to { opacity: 1; transform: translateY(0); } }\n    .clima-card-em126:hover { transform: translateY(-5px); box-shadow: 0 15px 30px rgba(0,0,0, 0.3); }\n    .clima-card-em126:active { transform: translateY(-1px) scale(0.97); box-shadow: 0 3px 6px rgba(0,0,0, 0.2); transition: transform 0.05s ease, box-shadow 0.05s ease; }\n    .clima-header-em126 { background: #fdfbf5; padding: 15px 10px; text-align: center; display: flex; flex-direction: column; align-items: center; justify-content: center; }\n    .clima-body-em126 { background: #ffffff; padding: 15px; display: flex; flex-direction: column; flex-grow: 1; align-items: center; }\n    .clima-destaque-em126 { box-shadow: 0 8px 16px rgba(0,0,0, 0.25); }\n    .clima-destaque-em126:hover { box-shadow: 0 18px 36px rgba(0,0,0, 0.35); }\n    .clima-destaque-em126 .clima-header-em126 { background: var(--cor-secundaria); }\n    .clima-destaque-em126 .clima-header-em126 .clima-titulo-em126 { color: var(--cor-txt-secundaria) !important; } \n    .clima-pill-em126 { display: flex; white-space: normal; max-width: 100%; box-sizing: border-box; justify-content: center; align-items: center; text-align: center; background: #e8ebf2; color: var(--cor-primaria); font-size: 11px; font-weight: 900 !important; letter-spacing: 0.5px; padding: 8px 16px; border-radius: 16px; text-transform: uppercase; line-height: 1.4; box-shadow: 0 4px 8px rgba(0,0,0, 0.15); margin-top: auto; transition: transform 0.2s ease; }\n    .clima-destaque-em126 .clima-pill-em126 { background: var(--cor-primaria); color: #ffffff; border: 1px solid #ffffff; } \n    .clima-card-em126:hover .clima-pill-em126 { transform: scale(1.06); }\n    .clima-pill-em126 span { font-weight: 900 !important; color: inherit; } \n    .clima-emoji-em126 { font-size: 24px; line-height: 1; margin-bottom: 5px; }\n    .clima-titulo-em126 { color: var(--cor-primaria); font-size: 16px; text-transform: uppercase; margin-top: 5px; font-weight: bold; }\n    .clima-mes-em126 { font-size: 11px; font-weight: 800; color: var(--cor-primaria); text-transform: uppercase; margin-bottom: 5px; display: block; }\n    .clima-temp-em126 { font-size: 26px; font-weight: 900; color: var(--cor-primaria); margin-bottom: 10px; }\n    .clima-desc-em126 { font-size: 13px; color: #444; text-align: center; line-height: 1.5; margin-bottom: 15px; flex-grow: 1;}\n    .clima-desc-em126 strong { color: #111; }\n    @media (prefers-color-scheme: dark) {\n        .clima-card-em126 { border-color: #2b4182; background-color: #2b4182; box-shadow: 0 6px 12px rgba(0,0,0, 0.5); }\n        .clima-header-em126 { background: #1a1a1a; } .clima-body-em126 { background: #121212; }\n        .clima-destaque-em126 .clima-header-em126 { background: var(--cor-secundaria); }\n        .clima-destaque-em126 .clima-header-em126 .clima-titulo-em126 { color: var(--cor-txt-secundaria) !important; }\n        .clima-titulo-em126 { color: #8da5e8; } .clima-mes-em126 { color: #8da5e8; } .clima-temp-em126 { color: #8da5e8; } .clima-desc-em126 { color: #cccccc; } .clima-desc-em126 strong { color: #ffffff; }\n        .clima-pill-em126 { background: #2b4182; color: #ffffff; box-shadow: 0 4px 8px rgba(0, 0, 0, 0.5); }\n        .clima-destaque-em126 .clima-pill-em126 { background: #3b55a0; color: #ffffff; border-color: #8da5e8; }\n    }\n<\/style>\n<div class=\"google-auto-ads-ignore clima-grid-em126\" style=\"box-sizing: border-box; width: 100%; max-width: 980px; margin: 30px auto; font-family: 'Segoe UI', Roboto, Helvetica, Arial, sans-serif;\">\n    <div class=\"clima-card-em126\" tabindex=\"0\">\n        <div class=\"clima-header-em126\"><div class=\"clima-emoji-em126\" aria-hidden=\"true\">\ud83c\udf53<\/div><div class=\"clima-titulo-em126\">Ver\u00e3o<\/div><\/div>\n        <div class=\"clima-body-em126\">\n            <time class=\"clima-mes-em126\">Dezembro a fevereiro<\/time><div class=\"clima-temp-em126\">18\u00b0C a 30\u00b0C<\/div>\n            <div class=\"clima-desc-em126\">As chuvas fortes marcam o ver\u00e3o na regi\u00e3o. \u00c9 a \u00e9poca tradicional para aproveitar a saborosa <strong>colheita de morango e fazer trilhas curtas<\/strong>.<\/div>\n            <div class=\"clima-pill-em126\"><span>\u2614 Chuva Alta<\/span><\/div>\n        <\/div>\n    <\/div>\n    <div class=\"clima-card-em126\" tabindex=\"0\">\n        <div class=\"clima-header-em126\"><div class=\"clima-emoji-em126\" aria-hidden=\"true\">\ud83c\udfdb\ufe0f<\/div><div class=\"clima-titulo-em126\">Outono<\/div><\/div>\n        <div class=\"clima-body-em126\">\n            <time class=\"clima-mes-em126\">Mar\u00e7o a maio<\/time><div class=\"clima-temp-em126\">14\u00b0C a 26\u00b0C<\/div>\n            <div class=\"clima-desc-em126\">O clima esfria e as chuvas diminuem, tornando os passeios bem mais confort\u00e1veis. Ideal para explorar o interior das <strong>igrejas hist\u00f3ricas e os museus<\/strong>.<\/div>\n            <div class=\"clima-pill-em126\"><span>\u2601\ufe0f Chuva M\u00e9dia<\/span><\/div>\n        <\/div>\n    <\/div>\n    <div class=\"clima-card-em126 clima-destaque-em126\" tabindex=\"0\">\n        <div class=\"clima-header-em126\"><div class=\"clima-emoji-em126\" aria-hidden=\"true\">\ud83d\udeb4<\/div><div class=\"clima-titulo-em126\">Inverno<\/div><\/div>\n        <div class=\"clima-body-em126\">\n            <time class=\"clima-mes-em126\">Junho a agosto<\/time><div class=\"clima-temp-em126\">8\u00b0C a 24\u00b0C<\/div>\n            <div class=\"clima-desc-em126\">A janela perfeita de tempo seco e noites frias! O clima convida para as atividades ao ar livre, destacando as subidas na <strong>Serra do Cristo e o cicloturismo<\/strong>.<\/div>\n            <div class=\"clima-pill-em126\"><span>\u2b50 Melhor \u00c9poca \/ Seco<\/span><\/div>\n        <\/div>\n    <\/div>\n    <div class=\"clima-card-em126\" tabindex=\"0\">\n        <div class=\"clima-header-em126\"><div class=\"clima-emoji-em126\" aria-hidden=\"true\">\ud83c\udf89<\/div><div class=\"clima-titulo-em126\">Primavera<\/div><\/div>\n        <div class=\"clima-body-em126\">\n            <time class=\"clima-mes-em126\">Setembro a novembro<\/time><div class=\"clima-temp-em126\">13\u00b0C a 28\u00b0C<\/div>\n            <div class=\"clima-desc-em126\">As temperaturas voltam a subir antes da temporada de chuvas intensas. A cidade se agita com a cultura local, <strong>festas populares e a Festa de Santa Rita<\/strong>.<\/div>\n            <div class=\"clima-pill-em126\"><span>\u2601\ufe0f Chuva M\u00e9dia<\/span><\/div>\n        <\/div>\n    <\/div>\n<\/div>\n\n\n\n<p><em>Temperaturas aproximadas com base no <a href=\"https:\/\/www.climatempo.com.br\/previsao-do-tempo\/cidade\/1100\/pousoalegre-mg\" target=\"_blank\" rel=\"noreferrer noopener\"><strong>Climatempo<\/strong><\/a>. Condi\u00e7\u00f5es podem variar.<\/em><\/p>\n\n\n\n<h2 class=\"wp-block-heading\">Como chegar \u00e0 porta de entrada do Sul de Minas?<\/h2>\n\n\n\n<p>A cidade fica no meio do caminho entre S\u00e3o Paulo (189 km) e Belo Horizonte (370 km), diretamente pela Rodovia Fern\u00e3o Dias. O <strong>Aeroporto Internacional de Viracopos<\/strong>, em <strong>Campinas<\/strong>, \u00e9 o mais pr\u00f3ximo, a cerca de 150 km. Pouso Alegre tamb\u00e9m recebe linhas regulares de \u00f4nibus que cruzam o Circuito Caminhos da Mantiqueira e o litoral norte paulista.<\/p>\n\n\n\n<h2 class=\"wp-block-heading\">Venha conhecer o Ber\u00e7o da Liberdade mineiro<\/h2>\n\n\n\n<p>Pouso Alegre \u00e9 uma daquelas cidades que crescem r\u00e1pido, mas mant\u00eam o jeito de interior mineiro nas pra\u00e7as, nas igrejas e no pastel do Mercado Municipal. Entre lavouras de morango, leis curiosas e o perfume do caf\u00e9 da Mantiqueira, a cidade \u00e9 uma das hist\u00f3rias mais saborosas do Sul de Minas.<\/p>\n\n\n\n<p>Voc\u00ea precisa conhecer Pouso Alegre e sentir o ritmo da porta de entrada do Circuito Caminhos da Mantiqueira, onde a altitude mineira encontra o sabor do morango fresco.<\/p>\n","protected":false},"excerpt":{"rendered":"<p>A 189 km de S\u00e3o Paulo e 370 km de Belo Horizonte, Pouso Alegre tem 830 metros de altitude e 162 mil habitantes. A cidade mineira \u00e9 a sexta mais desenvolvida de Minas Gerais e concentra 87% da produ\u00e7\u00e3o de morango do estado. Por que a cidade \u00e9 chamada de Ber\u00e7o da Liberdade mineiro? O [&hellip;]<\/p>\n","protected":false},"author":6,"featured_media":199726,"comment_status":"open","ping_status":"open","sticky":false,"template":"","format":"standard","meta":{"jnews-multi-image_gallery":[],"jnews_single_post":{"format":"standard"},"jnews_primary_category":[],"jnews_social_meta":[],"jnews_override_counter":[],"footnotes":""},"categories":[26],"tags":[183,207,1616],"class_list":["post-197644","post","type-post","status-publish","format-standard","has-post-thumbnail","hentry","category-cidades","tag-cidades","tag-minas-gerais","tag-pouso-alegre"],"yoast_head":"<!-- This site is optimized with the Yoast SEO plugin v23.8 - https:\/\/yoast.com\/wordpress\/plugins\/seo\/ -->\n<title>Porta de entrada do Sul de Minas: 87% do morango do estado nasce nessa cidade da Mantiqueira - Estado de Minas - Em foco<\/title>\n<meta name=\"description\" content=\"A porta de entrada do Sul de Minas guarda o segredo da maior produ\u00e7\u00e3o de morangos do estado. Veja as curiosidades desta cidade \u00fanica.\" \/>\n<meta name=\"robots\" content=\"index, follow, max-snippet:-1, max-image-preview:large, max-video-preview:-1\" \/>\n<link rel=\"canonical\" href=\"https:\/\/www.em.com.br\/emfoco\/2026\/04\/27\/porta-de-entrada-do-sul-de-minas-87-do-morango-do-estado-nasce-nessa-cidade-da-mantiqueira\/\" \/>\n<meta property=\"og:locale\" content=\"pt_BR\" \/>\n<meta property=\"og:type\" content=\"article\" \/>\n<meta property=\"og:title\" content=\"Porta de entrada do Sul de Minas: 87% do morango do estado nasce nessa cidade da Mantiqueira - Estado de Minas - Em foco\" \/>\n<meta property=\"og:description\" content=\"A porta de entrada do Sul de Minas guarda o segredo da maior produ\u00e7\u00e3o de morangos do estado. Veja as curiosidades desta cidade \u00fanica.\" \/>\n<meta property=\"og:url\" content=\"https:\/\/www.em.com.br\/emfoco\/2026\/04\/27\/porta-de-entrada-do-sul-de-minas-87-do-morango-do-estado-nasce-nessa-cidade-da-mantiqueira\/\" \/>\n<meta property=\"og:site_name\" content=\"Estado de Minas - Em foco\" \/>\n<meta property=\"article:published_time\" content=\"2026-04-27T21:05:00+00:00\" \/>\n<meta property=\"article:modified_time\" content=\"2026-04-25T23:56:18+00:00\" \/>\n<meta property=\"og:image\" content=\"https:\/\/www.em.com.br\/emfoco\/wp-content\/uploads\/2026\/04\/Strawberry_plantations_in_202604252055.jpg\" \/>\n\t<meta property=\"og:image:width\" content=\"1280\" \/>\n\t<meta property=\"og:image:height\" content=\"720\" \/>\n\t<meta property=\"og:image:type\" content=\"image\/jpeg\" \/>\n<meta name=\"author\" content=\"Vitor Bruno\" \/>\n<meta name=\"twitter:card\" content=\"summary_large_image\" \/>\n<meta name=\"twitter:label1\" content=\"Escrito por\" \/>\n\t<meta name=\"twitter:data1\" content=\"Vitor Bruno\" \/>\n\t<meta name=\"twitter:label2\" content=\"Est. tempo de leitura\" \/>\n\t<meta name=\"twitter:data2\" content=\"7 minutos\" \/>\n<!-- \/ Yoast SEO plugin. -->","yoast_head_json":{"title":"Porta de entrada do Sul de Minas: 87% do morango do estado nasce nessa cidade da Mantiqueira - Estado de Minas - Em foco","description":"A porta de entrada do Sul de Minas guarda o segredo da maior produ\u00e7\u00e3o de morangos do estado. Veja as curiosidades desta cidade \u00fanica.","robots":{"index":"index","follow":"follow","max-snippet":"max-snippet:-1","max-image-preview":"max-image-preview:large","max-video-preview":"max-video-preview:-1"},"canonical":"https:\/\/www.em.com.br\/emfoco\/2026\/04\/27\/porta-de-entrada-do-sul-de-minas-87-do-morango-do-estado-nasce-nessa-cidade-da-mantiqueira\/","og_locale":"pt_BR","og_type":"article","og_title":"Porta de entrada do Sul de Minas: 87% do morango do estado nasce nessa cidade da Mantiqueira - Estado de Minas - Em foco","og_description":"A porta de entrada do Sul de Minas guarda o segredo da maior produ\u00e7\u00e3o de morangos do estado. Veja as curiosidades desta cidade \u00fanica.","og_url":"https:\/\/www.em.com.br\/emfoco\/2026\/04\/27\/porta-de-entrada-do-sul-de-minas-87-do-morango-do-estado-nasce-nessa-cidade-da-mantiqueira\/","og_site_name":"Estado de Minas - Em foco","article_published_time":"2026-04-27T21:05:00+00:00","article_modified_time":"2026-04-25T23:56:18+00:00","og_image":[{"width":1280,"height":720,"url":"https:\/\/www.em.com.br\/emfoco\/wp-content\/uploads\/2026\/04\/Strawberry_plantations_in_202604252055.jpg","type":"image\/jpeg"}],"author":"Vitor Bruno","twitter_card":"summary_large_image","twitter_misc":{"Escrito por":"Vitor Bruno","Est. tempo de leitura":"7 minutos"},"schema":{"@context":"https:\/\/schema.org","@graph":[{"@type":"WebPage","@id":"https:\/\/www.em.com.br\/emfoco\/2026\/04\/27\/porta-de-entrada-do-sul-de-minas-87-do-morango-do-estado-nasce-nessa-cidade-da-mantiqueira\/","url":"https:\/\/www.em.com.br\/emfoco\/2026\/04\/27\/porta-de-entrada-do-sul-de-minas-87-do-morango-do-estado-nasce-nessa-cidade-da-mantiqueira\/","name":"Porta de entrada do Sul de Minas: 87% do morango do estado nasce nessa cidade da Mantiqueira - Estado de Minas - Em foco","isPartOf":{"@id":"https:\/\/www.em.com.br\/emfoco\/#website"},"primaryImageOfPage":{"@id":"https:\/\/www.em.com.br\/emfoco\/2026\/04\/27\/porta-de-entrada-do-sul-de-minas-87-do-morango-do-estado-nasce-nessa-cidade-da-mantiqueira\/#primaryimage"},"image":{"@id":"https:\/\/www.em.com.br\/emfoco\/2026\/04\/27\/porta-de-entrada-do-sul-de-minas-87-do-morango-do-estado-nasce-nessa-cidade-da-mantiqueira\/#primaryimage"},"thumbnailUrl":"https:\/\/www.em.com.br\/emfoco\/wp-content\/uploads\/2026\/04\/Strawberry_plantations_in_202604252055.jpg","datePublished":"2026-04-27T21:05:00+00:00","dateModified":"2026-04-25T23:56:18+00:00","author":{"@id":"https:\/\/www.em.com.br\/emfoco\/#\/schema\/person\/364ac1852fafd00f1be20f0b8b237569"},"description":"A porta de entrada do Sul de Minas guarda o segredo da maior produ\u00e7\u00e3o de morangos do estado. Veja as curiosidades desta cidade \u00fanica.","breadcrumb":{"@id":"https:\/\/www.em.com.br\/emfoco\/2026\/04\/27\/porta-de-entrada-do-sul-de-minas-87-do-morango-do-estado-nasce-nessa-cidade-da-mantiqueira\/#breadcrumb"},"inLanguage":"pt-BR","potentialAction":[{"@type":"ReadAction","target":["https:\/\/www.em.com.br\/emfoco\/2026\/04\/27\/porta-de-entrada-do-sul-de-minas-87-do-morango-do-estado-nasce-nessa-cidade-da-mantiqueira\/"]}]},{"@type":"ImageObject","inLanguage":"pt-BR","@id":"https:\/\/www.em.com.br\/emfoco\/2026\/04\/27\/porta-de-entrada-do-sul-de-minas-87-do-morango-do-estado-nasce-nessa-cidade-da-mantiqueira\/#primaryimage","url":"https:\/\/www.em.com.br\/emfoco\/wp-content\/uploads\/2026\/04\/Strawberry_plantations_in_202604252055.jpg","contentUrl":"https:\/\/www.em.com.br\/emfoco\/wp-content\/uploads\/2026\/04\/Strawberry_plantations_in_202604252055.jpg","width":1280,"height":720,"caption":"Porta de entrada do Sul de Minas: 87% do morango do estado nasce nessa cidade da Mantiqueira \/\/ IMAGEM ILUSTRATIVA"},{"@type":"BreadcrumbList","@id":"https:\/\/www.em.com.br\/emfoco\/2026\/04\/27\/porta-de-entrada-do-sul-de-minas-87-do-morango-do-estado-nasce-nessa-cidade-da-mantiqueira\/#breadcrumb","itemListElement":[{"@type":"ListItem","position":1,"name":"In\u00edcio","item":"https:\/\/www.em.com.br\/emfoco\/"},{"@type":"ListItem","position":2,"name":"Porta de entrada do Sul de Minas: 87% do morango do estado nasce nessa cidade da Mantiqueira"}]},{"@type":"WebSite","@id":"https:\/\/www.em.com.br\/emfoco\/#website","url":"https:\/\/www.em.com.br\/emfoco\/","name":"Estado de Minas - Em foco","description":"Acompanhe as \u00faltimas not\u00edcias e fique bem informado sobre tudo o que acontece em Minas Gerais, Brasil e no mundo.","potentialAction":[{"@type":"SearchAction","target":{"@type":"EntryPoint","urlTemplate":"https:\/\/www.em.com.br\/emfoco\/?s={search_term_string}"},"query-input":{"@type":"PropertyValueSpecification","valueRequired":true,"valueName":"search_term_string"}}],"inLanguage":"pt-BR"},{"@type":"Person","@id":"https:\/\/www.em.com.br\/emfoco\/#\/schema\/person\/364ac1852fafd00f1be20f0b8b237569","name":"Vitor Bruno","image":{"@type":"ImageObject","inLanguage":"pt-BR","@id":"https:\/\/www.em.com.br\/emfoco\/#\/schema\/person\/image\/","url":"https:\/\/secure.gravatar.com\/avatar\/b719e5cdede09f942064960883b5524d?s=96&d=mm&r=g","contentUrl":"https:\/\/secure.gravatar.com\/avatar\/b719e5cdede09f942064960883b5524d?s=96&d=mm&r=g","caption":"Vitor Bruno"},"sameAs":["https:\/\/www.em.com.br\/emfoco\/"],"url":"https:\/\/www.em.com.br\/emfoco\/author\/vitormyth\/"}]}},"_links":{"self":[{"href":"https:\/\/www.em.com.br\/emfoco\/wp-json\/wp\/v2\/posts\/197644","targetHints":{"allow":["GET"]}}],"collection":[{"href":"https:\/\/www.em.com.br\/emfoco\/wp-json\/wp\/v2\/posts"}],"about":[{"href":"https:\/\/www.em.com.br\/emfoco\/wp-json\/wp\/v2\/types\/post"}],"author":[{"embeddable":true,"href":"https:\/\/www.em.com.br\/emfoco\/wp-json\/wp\/v2\/users\/6"}],"replies":[{"embeddable":true,"href":"https:\/\/www.em.com.br\/emfoco\/wp-json\/wp\/v2\/comments?post=197644"}],"version-history":[{"count":2,"href":"https:\/\/www.em.com.br\/emfoco\/wp-json\/wp\/v2\/posts\/197644\/revisions"}],"predecessor-version":[{"id":199727,"href":"https:\/\/www.em.com.br\/emfoco\/wp-json\/wp\/v2\/posts\/197644\/revisions\/199727"}],"wp:featuredmedia":[{"embeddable":true,"href":"https:\/\/www.em.com.br\/emfoco\/wp-json\/wp\/v2\/media\/199726"}],"wp:attachment":[{"href":"https:\/\/www.em.com.br\/emfoco\/wp-json\/wp\/v2\/media?parent=197644"}],"wp:term":[{"taxonomy":"category","embeddable":true,"href":"https:\/\/www.em.com.br\/emfoco\/wp-json\/wp\/v2\/categories?post=197644"},{"taxonomy":"post_tag","embeddable":true,"href":"https:\/\/www.em.com.br\/emfoco\/wp-json\/wp\/v2\/tags?post=197644"}],"curies":[{"name":"wp","href":"https:\/\/api.w.org\/{rel}","templated":true}]}}