{"id":19758,"date":"2025-02-15T21:40:18","date_gmt":"2025-02-16T00:40:18","guid":{"rendered":"https:\/\/www.em.com.br\/emfoco\/?p=19758"},"modified":"2025-02-15T02:30:11","modified_gmt":"2025-02-15T05:30:11","slug":"como-o-divorcio-mudou-a-vida-e-a-fortuna-de-bill-gates","status":"publish","type":"post","link":"https:\/\/www.em.com.br\/emfoco\/2025\/02\/15\/como-o-divorcio-mudou-a-vida-e-a-fortuna-de-bill-gates\/","title":{"rendered":"Como o div\u00f3rcio mudou a vida e patrim\u00f4nio de Bill Gates"},"content":{"rendered":"\n<p><strong>Bill Gates<\/strong>, cofundador da <strong>Microsoft<\/strong>, foi por muitos anos uma <a href=\"https:\/\/www.em.com.br\/emfoco\/2025\/02\/13\/a-mulher-por-tras-dos-bilhoes-da-fidelity-invstments\/\" target=\"_blank\" rel=\"noreferrer noopener\">figura <\/a>constante no topo da lista dos mais ricos do mundo. Desde 1990, ele ocupou posi\u00e7\u00f5es de destaque, frequentemente alternando entre o primeiro e o segundo lugar. No entanto, em 2024, sua posi\u00e7\u00e3o caiu para o 9\u00ba lugar na lista da <strong>Forbes 400<\/strong>, refletindo mudan\u00e7as significativas em sua fortuna pessoal.<\/p>\n\n\n\n<p>Essa mudan\u00e7a \u00e9 atribu\u00edda a v\u00e1rios fatores, incluindo seu div\u00f3rcio de <strong>Melinda French <\/strong>Gates em 2021 e suas cont\u00ednuas doa\u00e7\u00f5es filantr\u00f3picas. Gates, que possui uma fortuna estimada em <strong>US$ 107 bilh\u00f5es<\/strong>, viu seu patrim\u00f4nio l\u00edquido diminuir em <strong>US$ 4 bilh\u00f5es<\/strong> em rela\u00e7\u00e3o ao ano anterior, apesar do aumento nos \u00edndices de a\u00e7\u00f5es dos <strong>EUA<\/strong>.<\/p>\n\n\n\n<h2 class=\"wp-block-heading\">Como o div\u00f3rcio impactou a fortuna de Bill Gates?<\/h2>\n\n\n\n<p>O div\u00f3rcio de Bill e Melinda French Gates teve um impacto consider\u00e1vel em suas finan\u00e7as. Melinda, que se separou de Gates ap\u00f3s 27 anos de casamento, recebeu um acordo substancial que elevou seu patrim\u00f4nio l\u00edquido para US$ 29 bilh\u00f5es. Este valor a coloca entre as mulheres mais ricas dos Estados Unidos.<\/p>\n\n\n\n<p>Al\u00e9m disso, Melinda anunciou que receberia US$ 12,5 bilh\u00f5es adicionais para seus esfor\u00e7os filantr\u00f3picos, recursos que n\u00e3o vieram da Funda\u00e7\u00e3o Gates, mas diretamente de Bill Gates. Essa transfer\u00eancia de riqueza foi um dos fatores que contribu\u00edram para a queda de Gates no ranking dos mais ricos.<\/p>\n\n\n<div class=\"wp-block-image\">\n<figure class=\"aligncenter size-large\"><img loading=\"lazy\" decoding=\"async\" width=\"1024\" height=\"576\" src=\"https:\/\/www.em.com.br\/emfoco\/wp-content\/uploads\/2025\/02\/Bill-Gate_1739551584205-1024x576.jpg\" alt=\"Como o div\u00f3rcio mudou a vida e a fortuna de Bill Gates\" class=\"wp-image-19765\" srcset=\"https:\/\/www.em.com.br\/emfoco\/wp-content\/uploads\/2025\/02\/Bill-Gate_1739551584205-1024x576.jpg 1024w, https:\/\/www.em.com.br\/emfoco\/wp-content\/uploads\/2025\/02\/Bill-Gate_1739551584205-300x169.jpg 300w, https:\/\/www.em.com.br\/emfoco\/wp-content\/uploads\/2025\/02\/Bill-Gate_1739551584205-768x432.jpg 768w, https:\/\/www.em.com.br\/emfoco\/wp-content\/uploads\/2025\/02\/Bill-Gate_1739551584205-750x422.jpg 750w, https:\/\/www.em.com.br\/emfoco\/wp-content\/uploads\/2025\/02\/Bill-Gate_1739551584205-1140x641.jpg 1140w, https:\/\/www.em.com.br\/emfoco\/wp-content\/uploads\/2025\/02\/Bill-Gate_1739551584205.jpg 1280w\" sizes=\"auto, (max-width: 1024px) 100vw, 1024px\" \/><figcaption class=\"wp-element-caption\">Bill and Melinda Gates &#8211;  Cr\u00e9ditos: depositphotos.com \/ bellafotosolo<\/figcaption><\/figure><\/div>\n\n\n<h2 class=\"wp-block-heading\">Qual o papel da filantropia na redu\u00e7\u00e3o da fortuna de Gates?<\/h2>\n\n\n\n<p>Bill Gates sempre foi conhecido por seu compromisso com a filantropia. Ele declarou em v\u00e1rias ocasi\u00f5es sua inten\u00e7\u00e3o de doar a maior parte de sua fortuna. Em um evento em 2022, Gates mencionou que planejava continuar suas doa\u00e7\u00f5es at\u00e9 eventualmente sair da lista de bilion\u00e1rios.<\/p>\n\n\n\n<p>Essa dedica\u00e7\u00e3o \u00e0 filantropia \u00e9 evidente nas doa\u00e7\u00f5es substanciais que ele fez ao longo dos anos. Gates doou dezenas de bilh\u00f5es de d\u00f3lares, o que impactou diretamente sua posi\u00e7\u00e3o entre os mais ricos do mundo. Apesar disso, ele continua a ser uma figura influente no campo da filantropia global.<\/p>\n\n\n\n<h2 class=\"wp-block-heading\">O futuro da funda\u00e7\u00e3o Bill &amp; Melinda Gates<\/h2>\n\n\n\n<p>Com a sa\u00edda de Melinda como copresidente da Funda\u00e7\u00e3o Gates, surgiram d\u00favidas sobre o futuro da organiza\u00e7\u00e3o. No entanto, o CEO da funda\u00e7\u00e3o, Mark Suzman, garantiu que o compromisso com a igualdade de g\u00eanero e o empoderamento econ\u00f4mico das mulheres permanecer\u00e1 inalterado.<\/p>\n\n\n\n<p>Melinda French Gates, por sua vez, continua a focar seus esfor\u00e7os em iniciativas que visam aumentar o poder e a influ\u00eancia das mulheres. Atrav\u00e9s de sua empresa de investimentos, Pivotal Ventures, ela j\u00e1 comprometeu bilh\u00f5es para essa causa, destacando seu papel cont\u00ednuo na filantropia.<\/p>\n\n\n\n<h2 class=\"wp-block-heading\">Conclus\u00e3o: A transforma\u00e7\u00e3o de Bill Gates<\/h2>\n\n\n\n<p>A trajet\u00f3ria de Bill Gates nos \u00faltimos anos reflete uma transforma\u00e7\u00e3o significativa, impulsionada por eventos pessoais e um compromisso inabal\u00e1vel com a filantropia. Embora sua posi\u00e7\u00e3o na lista dos mais ricos tenha mudado, seu impacto no mundo, tanto atrav\u00e9s de suas doa\u00e7\u00f5es quanto de suas iniciativas, continua a ser profundo e duradouro.<\/p>\n","protected":false},"excerpt":{"rendered":"<p>Bill Gates, cofundador da Microsoft, foi por muitos anos uma figura constante no topo da lista dos mais ricos do mundo. Desde 1990, ele ocupou posi\u00e7\u00f5es de destaque, frequentemente alternando entre o primeiro e o segundo lugar. No entanto, em 2024, sua posi\u00e7\u00e3o caiu para o 9\u00ba lugar na lista da Forbes 400, refletindo mudan\u00e7as [&hellip;]<\/p>\n","protected":false},"author":7,"featured_media":19764,"comment_status":"open","ping_status":"open","sticky":false,"template":"","format":"standard","meta":{"jnews-multi-image_gallery":[],"jnews_single_post":{"format":"standard"},"jnews_primary_category":[],"jnews_social_meta":[],"jnews_override_counter":[],"footnotes":""},"categories":[190],"tags":[3071,1689,286,4022],"class_list":["post-19758","post","type-post","status-publish","format-standard","has-post-thumbnail","hentry","category-fortuna","tag-bill-gates","tag-divorcio","tag-filantropia","tag-microsoft"],"yoast_head":"<!-- This site is optimized with the Yoast SEO plugin v23.8 - https:\/\/yoast.com\/wordpress\/plugins\/seo\/ -->\n<title>Como o div\u00f3rcio mudou a vida e patrim\u00f4nio de Bill Gates - Estado de Minas - Em foco<\/title>\n<meta name=\"description\" content=\"Saiba como a divis\u00e3o de bens e a nova fase da vida de Bill Gates influenciaram seus investimentos em causas sociais.\" \/>\n<meta name=\"robots\" content=\"index, follow, max-snippet:-1, max-image-preview:large, max-video-preview:-1\" \/>\n<link rel=\"canonical\" href=\"https:\/\/www.em.com.br\/emfoco\/2025\/02\/15\/como-o-divorcio-mudou-a-vida-e-a-fortuna-de-bill-gates\/\" \/>\n<meta property=\"og:locale\" content=\"pt_BR\" \/>\n<meta property=\"og:type\" content=\"article\" \/>\n<meta property=\"og:title\" content=\"Como o div\u00f3rcio mudou a vida e patrim\u00f4nio de Bill Gates - Estado de Minas - Em foco\" \/>\n<meta property=\"og:description\" content=\"Saiba como a divis\u00e3o de bens e a nova fase da vida de Bill Gates influenciaram seus investimentos em causas sociais.\" \/>\n<meta property=\"og:url\" content=\"https:\/\/www.em.com.br\/emfoco\/2025\/02\/15\/como-o-divorcio-mudou-a-vida-e-a-fortuna-de-bill-gates\/\" \/>\n<meta property=\"og:site_name\" content=\"Estado de Minas - Em foco\" \/>\n<meta property=\"article:published_time\" content=\"2025-02-16T00:40:18+00:00\" \/>\n<meta property=\"article:modified_time\" content=\"2025-02-15T05:30:11+00:00\" \/>\n<meta property=\"og:image\" content=\"https:\/\/www.em.com.br\/emfoco\/wp-content\/uploads\/2025\/02\/Bill-Gates_1739551343789.jpg\" \/>\n\t<meta property=\"og:image:width\" content=\"1280\" \/>\n\t<meta property=\"og:image:height\" content=\"720\" \/>\n\t<meta property=\"og:image:type\" content=\"image\/jpeg\" \/>\n<meta name=\"author\" content=\"Kelvin\" \/>\n<meta name=\"twitter:card\" content=\"summary_large_image\" \/>\n<meta name=\"twitter:label1\" content=\"Escrito por\" \/>\n\t<meta name=\"twitter:data1\" content=\"Kelvin\" \/>\n\t<meta name=\"twitter:label2\" content=\"Est. tempo de leitura\" \/>\n\t<meta name=\"twitter:data2\" content=\"4 minutos\" \/>\n<!-- \/ Yoast SEO plugin. -->","yoast_head_json":{"title":"Como o div\u00f3rcio mudou a vida e patrim\u00f4nio de Bill Gates - Estado de Minas - Em foco","description":"Saiba como a divis\u00e3o de bens e a nova fase da vida de Bill Gates influenciaram seus investimentos em causas sociais.","robots":{"index":"index","follow":"follow","max-snippet":"max-snippet:-1","max-image-preview":"max-image-preview:large","max-video-preview":"max-video-preview:-1"},"canonical":"https:\/\/www.em.com.br\/emfoco\/2025\/02\/15\/como-o-divorcio-mudou-a-vida-e-a-fortuna-de-bill-gates\/","og_locale":"pt_BR","og_type":"article","og_title":"Como o div\u00f3rcio mudou a vida e patrim\u00f4nio de Bill Gates - Estado de Minas - Em foco","og_description":"Saiba como a divis\u00e3o de bens e a nova fase da vida de Bill Gates influenciaram seus investimentos em causas sociais.","og_url":"https:\/\/www.em.com.br\/emfoco\/2025\/02\/15\/como-o-divorcio-mudou-a-vida-e-a-fortuna-de-bill-gates\/","og_site_name":"Estado de Minas - Em foco","article_published_time":"2025-02-16T00:40:18+00:00","article_modified_time":"2025-02-15T05:30:11+00:00","og_image":[{"width":1280,"height":720,"url":"https:\/\/www.em.com.br\/emfoco\/wp-content\/uploads\/2025\/02\/Bill-Gates_1739551343789.jpg","type":"image\/jpeg"}],"author":"Kelvin","twitter_card":"summary_large_image","twitter_misc":{"Escrito por":"Kelvin","Est. tempo de leitura":"4 minutos"},"schema":{"@context":"https:\/\/schema.org","@graph":[{"@type":"WebPage","@id":"https:\/\/www.em.com.br\/emfoco\/2025\/02\/15\/como-o-divorcio-mudou-a-vida-e-a-fortuna-de-bill-gates\/","url":"https:\/\/www.em.com.br\/emfoco\/2025\/02\/15\/como-o-divorcio-mudou-a-vida-e-a-fortuna-de-bill-gates\/","name":"Como o div\u00f3rcio mudou a vida e patrim\u00f4nio de Bill Gates - Estado de Minas - Em foco","isPartOf":{"@id":"https:\/\/www.em.com.br\/emfoco\/#website"},"primaryImageOfPage":{"@id":"https:\/\/www.em.com.br\/emfoco\/2025\/02\/15\/como-o-divorcio-mudou-a-vida-e-a-fortuna-de-bill-gates\/#primaryimage"},"image":{"@id":"https:\/\/www.em.com.br\/emfoco\/2025\/02\/15\/como-o-divorcio-mudou-a-vida-e-a-fortuna-de-bill-gates\/#primaryimage"},"thumbnailUrl":"https:\/\/www.em.com.br\/emfoco\/wp-content\/uploads\/2025\/02\/Bill-Gates_1739551343789.jpg","datePublished":"2025-02-16T00:40:18+00:00","dateModified":"2025-02-15T05:30:11+00:00","author":{"@id":"https:\/\/www.em.com.br\/emfoco\/#\/schema\/person\/fb0a7f48c6fbb94b83f413a80f61917d"},"description":"Saiba como a divis\u00e3o de bens e a nova fase da vida de Bill Gates influenciaram seus investimentos em causas sociais.","breadcrumb":{"@id":"https:\/\/www.em.com.br\/emfoco\/2025\/02\/15\/como-o-divorcio-mudou-a-vida-e-a-fortuna-de-bill-gates\/#breadcrumb"},"inLanguage":"pt-BR","potentialAction":[{"@type":"ReadAction","target":["https:\/\/www.em.com.br\/emfoco\/2025\/02\/15\/como-o-divorcio-mudou-a-vida-e-a-fortuna-de-bill-gates\/"]}]},{"@type":"ImageObject","inLanguage":"pt-BR","@id":"https:\/\/www.em.com.br\/emfoco\/2025\/02\/15\/como-o-divorcio-mudou-a-vida-e-a-fortuna-de-bill-gates\/#primaryimage","url":"https:\/\/www.em.com.br\/emfoco\/wp-content\/uploads\/2025\/02\/Bill-Gates_1739551343789.jpg","contentUrl":"https:\/\/www.em.com.br\/emfoco\/wp-content\/uploads\/2025\/02\/Bill-Gates_1739551343789.jpg","width":1280,"height":720,"caption":"Bill Gates - Cr\u00e9ditos: depositphotos.com \/ Ale_Mi"},{"@type":"BreadcrumbList","@id":"https:\/\/www.em.com.br\/emfoco\/2025\/02\/15\/como-o-divorcio-mudou-a-vida-e-a-fortuna-de-bill-gates\/#breadcrumb","itemListElement":[{"@type":"ListItem","position":1,"name":"In\u00edcio","item":"https:\/\/www.em.com.br\/emfoco\/"},{"@type":"ListItem","position":2,"name":"Como o div\u00f3rcio mudou a vida e patrim\u00f4nio de Bill Gates"}]},{"@type":"WebSite","@id":"https:\/\/www.em.com.br\/emfoco\/#website","url":"https:\/\/www.em.com.br\/emfoco\/","name":"Estado de Minas - Em foco","description":"Acompanhe as \u00faltimas not\u00edcias e fique bem informado sobre tudo o que acontece em Minas Gerais, Brasil e no mundo.","potentialAction":[{"@type":"SearchAction","target":{"@type":"EntryPoint","urlTemplate":"https:\/\/www.em.com.br\/emfoco\/?s={search_term_string}"},"query-input":{"@type":"PropertyValueSpecification","valueRequired":true,"valueName":"search_term_string"}}],"inLanguage":"pt-BR"},{"@type":"Person","@id":"https:\/\/www.em.com.br\/emfoco\/#\/schema\/person\/fb0a7f48c6fbb94b83f413a80f61917d","name":"Kelvin","image":{"@type":"ImageObject","inLanguage":"pt-BR","@id":"https:\/\/www.em.com.br\/emfoco\/#\/schema\/person\/image\/","url":"https:\/\/secure.gravatar.com\/avatar\/e74f84337e6bf6c4c5e88fbdffa05270?s=96&d=mm&r=g","contentUrl":"https:\/\/secure.gravatar.com\/avatar\/e74f84337e6bf6c4c5e88fbdffa05270?s=96&d=mm&r=g","caption":"Kelvin"},"sameAs":["https:\/\/www.em.com.br\/emfoco"],"url":"https:\/\/www.em.com.br\/emfoco\/author\/kelvinmyth\/"}]}},"_links":{"self":[{"href":"https:\/\/www.em.com.br\/emfoco\/wp-json\/wp\/v2\/posts\/19758","targetHints":{"allow":["GET"]}}],"collection":[{"href":"https:\/\/www.em.com.br\/emfoco\/wp-json\/wp\/v2\/posts"}],"about":[{"href":"https:\/\/www.em.com.br\/emfoco\/wp-json\/wp\/v2\/types\/post"}],"author":[{"embeddable":true,"href":"https:\/\/www.em.com.br\/emfoco\/wp-json\/wp\/v2\/users\/7"}],"replies":[{"embeddable":true,"href":"https:\/\/www.em.com.br\/emfoco\/wp-json\/wp\/v2\/comments?post=19758"}],"version-history":[{"count":5,"href":"https:\/\/www.em.com.br\/emfoco\/wp-json\/wp\/v2\/posts\/19758\/revisions"}],"predecessor-version":[{"id":19967,"href":"https:\/\/www.em.com.br\/emfoco\/wp-json\/wp\/v2\/posts\/19758\/revisions\/19967"}],"wp:featuredmedia":[{"embeddable":true,"href":"https:\/\/www.em.com.br\/emfoco\/wp-json\/wp\/v2\/media\/19764"}],"wp:attachment":[{"href":"https:\/\/www.em.com.br\/emfoco\/wp-json\/wp\/v2\/media?parent=19758"}],"wp:term":[{"taxonomy":"category","embeddable":true,"href":"https:\/\/www.em.com.br\/emfoco\/wp-json\/wp\/v2\/categories?post=19758"},{"taxonomy":"post_tag","embeddable":true,"href":"https:\/\/www.em.com.br\/emfoco\/wp-json\/wp\/v2\/tags?post=19758"}],"curies":[{"name":"wp","href":"https:\/\/api.w.org\/{rel}","templated":true}]}}