{"id":197552,"date":"2026-04-24T21:35:00","date_gmt":"2026-04-25T00:35:00","guid":{"rendered":"https:\/\/www.em.com.br\/emfoco\/?p=197552"},"modified":"2026-04-23T13:47:49","modified_gmt":"2026-04-23T16:47:49","slug":"as-ervas-medicinais-mais-poderosas-para-sua-saude-que-voce-pode-cultivar-em-vasos","status":"publish","type":"post","link":"https:\/\/www.em.com.br\/emfoco\/2026\/04\/24\/as-ervas-medicinais-mais-poderosas-para-sua-saude-que-voce-pode-cultivar-em-vasos\/","title":{"rendered":"As ervas medicinais mais poderosas para sua sa\u00fade que voc\u00ea pode cultivar em vasos"},"content":{"rendered":"\n<p>Ter um pequeno \u201cjardim de rem\u00e9dios naturais\u201d em casa deixou de ser coisa de quem tem quintal. Em 2026, o cultivo de&nbsp;<strong>ervas medicinais em vasos<\/strong>&nbsp;ganhou espa\u00e7o em varandas, janelas e at\u00e9 dentro de apartamentos, gra\u00e7as ao manejo simples, ao baixo custo e ao interesse crescente por cuidados naturais que caminham junto com o acompanhamento m\u00e9dico.<\/p>\n\n\n\n<h2 class=\"wp-block-heading\">Quais s\u00e3o as ervas medicinais mais poderosas para cultivar em vasos?<\/h2>\n\n\n\n<p>Entre as mais comuns est\u00e3o <strong>alecrim<\/strong>, <strong>hortel\u00e3<\/strong>, <strong>erva-cidreira<\/strong>, <strong>boldo<\/strong>, <strong>manjeric\u00e3o<\/strong>, <strong>tanchagem<\/strong>, <strong>guaco<\/strong>, <strong>camomila<\/strong>, <strong>mastruz<\/strong>, <strong>beldroeg\u00e3o <\/strong>e <strong>lavanda<\/strong>.<\/p>\n\n\n\n<p>Essas ervas crescem bem em vasos comuns, exigem poucos insumos e se desenvolvem em varandas ensolaradas, janelas iluminadas ou \u00e1reas de meia-sombra. A recomenda\u00e7\u00e3o \u00e9 combinar esp\u00e9cies digestivas, calmantes e respirat\u00f3rias para montar um kit vers\u00e1til para o dia a dia.<\/p>\n\n\n\n<h2 class=\"wp-block-heading\">Quais ervas em vasos ajudam na digest\u00e3o e no bem-estar do f\u00edgado?<\/h2>\n\n\n\n<p>Entre as\u00a0<strong>ervas medicinais em vasos<\/strong>\u00a0voltadas ao sistema digestivo, <a href=\"https:\/\/www.youtube.com\/watch?v=r4CPZZBt9s0\" target=\"_blank\" rel=\"noreferrer noopener\">alecrim<\/a>, boldo, hortel\u00e3 e manjeric\u00e3o se destacam. O alecrim, ligado \u00e0 circula\u00e7\u00e3o e mem\u00f3ria, tamb\u00e9m entra em preparos digestivos e prefere sol pleno, solo leve e bem drenado, suportando breves per\u00edodos de seca.<\/p>\n\n\n\n<figure class=\"wp-block-image size-large\"><img loading=\"lazy\" decoding=\"async\" width=\"1024\" height=\"576\" src=\"https:\/\/www.em.com.br\/emfoco\/wp-content\/uploads\/2026\/04\/Gemini_Generated_Image_mkfzetmkfzetmkfz-1-1024x576.png\" alt=\"O segredo verde que muita gente esqueceu\" class=\"wp-image-197561\" srcset=\"https:\/\/www.em.com.br\/emfoco\/wp-content\/uploads\/2026\/04\/Gemini_Generated_Image_mkfzetmkfzetmkfz-1-1024x576.png 1024w, https:\/\/www.em.com.br\/emfoco\/wp-content\/uploads\/2026\/04\/Gemini_Generated_Image_mkfzetmkfzetmkfz-1-300x169.png 300w, https:\/\/www.em.com.br\/emfoco\/wp-content\/uploads\/2026\/04\/Gemini_Generated_Image_mkfzetmkfzetmkfz-1-768x432.png 768w, https:\/\/www.em.com.br\/emfoco\/wp-content\/uploads\/2026\/04\/Gemini_Generated_Image_mkfzetmkfzetmkfz-1-750x422.png 750w, https:\/\/www.em.com.br\/emfoco\/wp-content\/uploads\/2026\/04\/Gemini_Generated_Image_mkfzetmkfzetmkfz-1-1140x641.png 1140w, https:\/\/www.em.com.br\/emfoco\/wp-content\/uploads\/2026\/04\/Gemini_Generated_Image_mkfzetmkfzetmkfz-1.png 1280w\" sizes=\"auto, (max-width: 1024px) 100vw, 1024px\" \/><figcaption class=\"wp-element-caption\">O segredo verde que muita gente esqueceu<\/figcaption><\/figure>\n\n\n\n<p>O boldo \u00e9 muito usado em ch\u00e1s ap\u00f3s refei\u00e7\u00f5es pesadas e gosta de solo levemente \u00famido e boa luz. J\u00e1 a hortel\u00e3 costuma ser associada ao al\u00edvio de gases, n\u00e1useas e desconfortos leves, devendo ser mantida em vaso pr\u00f3prio. O manjeric\u00e3o une fun\u00e7\u00e3o arom\u00e1tica e medicinal, precisa de bastante sol, podas leves e irriga\u00e7\u00e3o regular, sem encharcar.<\/p>\n\n\n\n<h2 class=\"wp-block-heading\">Quais plantas calmantes e relaxantes s\u00e3o ideais para o dia a dia?<\/h2>\n\n\n\n<p>Entre as&nbsp;<strong>ervas medicinais poderosas<\/strong>&nbsp;com efeito calmante, erva-cidreira, camomila e lavanda s\u00e3o escolhas frequentes para vasos. A erva-cidreira (Melissa officinalis) \u00e9 associada ao relaxamento e ao sono, adaptando-se bem \u00e0 meia-sombra e a solo \u00famido, por\u00e9m sem encharcamento.<\/p>\n\n\n\n<p>Para organizar um cantinho relaxante em casa, vale combinar esp\u00e9cies arom\u00e1ticas e calmantes em um mesmo espa\u00e7o, criando uma rotina de autocuidado simples e acess\u00edvel. A seguir, algumas fun\u00e7\u00f5es mais comuns dessas plantas:<\/p>\n\n\n\n<ul class=\"wp-block-list\">\n<li><strong>Erva-cidreira:<\/strong>\u00a0associada ao relaxamento, redu\u00e7\u00e3o de agita\u00e7\u00e3o e apoio ao sono.<\/li>\n\n\n\n<li><strong>Camomila:<\/strong>\u00a0tradicional em ch\u00e1s digestivos suaves e para aliviar tens\u00f5es leves.<\/li>\n\n\n\n<li><strong>Lavanda:<\/strong>\u00a0muito usada para reduzir tens\u00e3o e estresse por meio do aroma.<\/li>\n<\/ul>\n\n\n\n<h2 class=\"wp-block-heading\">Quais ervas em vasos ajudam o sistema respirat\u00f3rio e a imunidade?<\/h2>\n\n\n\n<p>Algumas&nbsp;<strong>plantas medicinais em vasos<\/strong>&nbsp;muito valorizadas para o sistema respirat\u00f3rio s\u00e3o o guaco e a tanchagem. O guaco \u00e9 citado na fitoterapia popular como expectorante natural, preferindo boa luminosidade, solo f\u00e9rtil e suporte para subir em variedades trepadeiras.<\/p>\n\n\n\n<figure class=\"wp-block-image size-large\"><img loading=\"lazy\" decoding=\"async\" width=\"1024\" height=\"576\" src=\"https:\/\/www.em.com.br\/emfoco\/wp-content\/uploads\/2026\/04\/Gemini_Generated_Image_d49y4cd49y4cd49y-1-1024x576.png\" alt=\"O segredo verde que muita gente esqueceu\" class=\"wp-image-197567\" srcset=\"https:\/\/www.em.com.br\/emfoco\/wp-content\/uploads\/2026\/04\/Gemini_Generated_Image_d49y4cd49y4cd49y-1-1024x576.png 1024w, https:\/\/www.em.com.br\/emfoco\/wp-content\/uploads\/2026\/04\/Gemini_Generated_Image_d49y4cd49y4cd49y-1-300x169.png 300w, https:\/\/www.em.com.br\/emfoco\/wp-content\/uploads\/2026\/04\/Gemini_Generated_Image_d49y4cd49y4cd49y-1-768x432.png 768w, https:\/\/www.em.com.br\/emfoco\/wp-content\/uploads\/2026\/04\/Gemini_Generated_Image_d49y4cd49y4cd49y-1-750x422.png 750w, https:\/\/www.em.com.br\/emfoco\/wp-content\/uploads\/2026\/04\/Gemini_Generated_Image_d49y4cd49y4cd49y-1-1140x641.png 1140w, https:\/\/www.em.com.br\/emfoco\/wp-content\/uploads\/2026\/04\/Gemini_Generated_Image_d49y4cd49y4cd49y-1.png 1280w\" sizes=\"auto, (max-width: 1024px) 100vw, 1024px\" \/><figcaption class=\"wp-element-caption\">O segredo verde que muita gente esqueceu<\/figcaption><\/figure>\n\n\n\n<p>A tanchagem, chamada de \u201ccura-tudo\u201d em muitas regi\u00f5es, \u00e9 associada \u00e0 limpeza dos br\u00f4nquios e ao apoio intestinal. O mastruz, lembrado em receitas tradicionais contra vermes e para fortalecimento geral, costuma ser mantido em vasos separados. J\u00e1 o beldroeg\u00e3o, uma <strong>PANC <\/strong>rica em minerais e <a href=\"https:\/\/www.em.com.br\/emfoco\/2026\/02\/28\/a-fruta-que-esconde-um-superpoder-de-vitamina-c-que-seu-corpo-vai-agradecer\/\" target=\"_blank\" rel=\"noreferrer noopener\">vitamina C<\/a>, pode ser usado em saladas, refogados leves ou preparos medicinais, espalhando-se facilmente e exigindo podas regulares.<\/p>\n\n\n\n<h2 class=\"wp-block-heading\">Como montar um mini jardim de ervas medicinais em casa com urg\u00eancia?<\/h2>\n\n\n\n<p>Para montar um conjunto funcional de&nbsp;<strong>ervas medicinais em vasos<\/strong>, observe primeiro quanto sol e ventila\u00e7\u00e3o seu espa\u00e7o recebe. Em seguida, escolha de tr\u00eas a cinco esp\u00e9cies iniciais \u2014 como alecrim, hortel\u00e3, erva-cidreira, boldo e manjeric\u00e3o \u2014, use vasos com boa drenagem, um substrato leve e mantenha regas constantes, sem encharcar.<\/p>\n\n\n\n<p>Esse mini jardim n\u00e3o substitui cuidados profissionais, mas pode transformar sua rotina com ch\u00e1s, aromas e temperos mais saud\u00e1veis. Comece hoje mesmo separando um cantinho, escolhendo suas primeiras mudas e dando o primeiro passo: quanto antes plantar, mais r\u00e1pido voc\u00ea ter\u00e1 folhas frescas \u00e0 m\u00e3o para cuidar de voc\u00ea e da sua fam\u00edlia.<\/p>\n","protected":false},"excerpt":{"rendered":"<p>Ter um pequeno \u201cjardim de rem\u00e9dios naturais\u201d em casa deixou de ser coisa de quem tem quintal. Em 2026, o cultivo de&nbsp;ervas medicinais em vasos&nbsp;ganhou espa\u00e7o em varandas, janelas e at\u00e9 dentro de apartamentos, gra\u00e7as ao manejo simples, ao baixo custo e ao interesse crescente por cuidados naturais que caminham junto com o acompanhamento m\u00e9dico. [&hellip;]<\/p>\n","protected":false},"author":11,"featured_media":197883,"comment_status":"open","ping_status":"open","sticky":false,"template":"","format":"standard","meta":{"jnews-multi-image_gallery":[],"jnews_single_post":{"format":"standard"},"jnews_primary_category":[],"jnews_social_meta":[],"jnews_override_counter":[],"footnotes":""},"categories":[8819,1],"tags":[7989,3325,7715,1920],"class_list":["post-197552","post","type-post","status-publish","format-standard","has-post-thumbnail","hentry","category-curiosidades","category-noticias","tag-ervas-medicinais","tag-jardim","tag-plantar-em-casa","tag-tendencia"],"yoast_head":"<!-- This site is optimized with the Yoast SEO plugin v23.8 - https:\/\/yoast.com\/wordpress\/plugins\/seo\/ -->\n<title>As ervas medicinais mais poderosas para sua sa\u00fade que voc\u00ea pode cultivar em vasos - Estado de Minas - Em foco<\/title>\n<meta name=\"description\" content=\"Ervas medicinais em vasos viram tend\u00eancia em 2026. Veja quais plantar em casa e como criar um jardim natural pr\u00e1tico e \u00fatil.\" \/>\n<meta name=\"robots\" content=\"index, follow, max-snippet:-1, max-image-preview:large, max-video-preview:-1\" \/>\n<link rel=\"canonical\" href=\"https:\/\/www.em.com.br\/emfoco\/2026\/04\/24\/as-ervas-medicinais-mais-poderosas-para-sua-saude-que-voce-pode-cultivar-em-vasos\/\" \/>\n<meta property=\"og:locale\" content=\"pt_BR\" \/>\n<meta property=\"og:type\" content=\"article\" \/>\n<meta property=\"og:title\" content=\"As ervas medicinais mais poderosas para sua sa\u00fade que voc\u00ea pode cultivar em vasos - Estado de Minas - Em foco\" \/>\n<meta property=\"og:description\" content=\"Ervas medicinais em vasos viram tend\u00eancia em 2026. Veja quais plantar em casa e como criar um jardim natural pr\u00e1tico e \u00fatil.\" \/>\n<meta property=\"og:url\" content=\"https:\/\/www.em.com.br\/emfoco\/2026\/04\/24\/as-ervas-medicinais-mais-poderosas-para-sua-saude-que-voce-pode-cultivar-em-vasos\/\" \/>\n<meta property=\"og:site_name\" content=\"Estado de Minas - Em foco\" \/>\n<meta property=\"article:published_time\" content=\"2026-04-25T00:35:00+00:00\" \/>\n<meta property=\"article:modified_time\" content=\"2026-04-23T16:47:49+00:00\" \/>\n<meta property=\"og:image\" content=\"https:\/\/www.em.com.br\/emfoco\/wp-content\/uploads\/2026\/04\/EmFoco-8.jpg\" \/>\n\t<meta property=\"og:image:width\" content=\"1280\" \/>\n\t<meta property=\"og:image:height\" content=\"720\" \/>\n\t<meta property=\"og:image:type\" content=\"image\/jpeg\" \/>\n<meta name=\"author\" content=\"Andre\u0301 Rangel\u00a0\" \/>\n<meta name=\"twitter:card\" content=\"summary_large_image\" \/>\n<meta name=\"twitter:label1\" content=\"Escrito por\" \/>\n\t<meta name=\"twitter:data1\" content=\"Andre\u0301 Rangel\u00a0\" \/>\n\t<meta name=\"twitter:label2\" content=\"Est. tempo de leitura\" \/>\n\t<meta name=\"twitter:data2\" content=\"4 minutos\" \/>\n<!-- \/ Yoast SEO plugin. -->","yoast_head_json":{"title":"As ervas medicinais mais poderosas para sua sa\u00fade que voc\u00ea pode cultivar em vasos - Estado de Minas - Em foco","description":"Ervas medicinais em vasos viram tend\u00eancia em 2026. Veja quais plantar em casa e como criar um jardim natural pr\u00e1tico e \u00fatil.","robots":{"index":"index","follow":"follow","max-snippet":"max-snippet:-1","max-image-preview":"max-image-preview:large","max-video-preview":"max-video-preview:-1"},"canonical":"https:\/\/www.em.com.br\/emfoco\/2026\/04\/24\/as-ervas-medicinais-mais-poderosas-para-sua-saude-que-voce-pode-cultivar-em-vasos\/","og_locale":"pt_BR","og_type":"article","og_title":"As ervas medicinais mais poderosas para sua sa\u00fade que voc\u00ea pode cultivar em vasos - Estado de Minas - Em foco","og_description":"Ervas medicinais em vasos viram tend\u00eancia em 2026. Veja quais plantar em casa e como criar um jardim natural pr\u00e1tico e \u00fatil.","og_url":"https:\/\/www.em.com.br\/emfoco\/2026\/04\/24\/as-ervas-medicinais-mais-poderosas-para-sua-saude-que-voce-pode-cultivar-em-vasos\/","og_site_name":"Estado de Minas - Em foco","article_published_time":"2026-04-25T00:35:00+00:00","article_modified_time":"2026-04-23T16:47:49+00:00","og_image":[{"width":1280,"height":720,"url":"https:\/\/www.em.com.br\/emfoco\/wp-content\/uploads\/2026\/04\/EmFoco-8.jpg","type":"image\/jpeg"}],"author":"Andre\u0301 Rangel\u00a0","twitter_card":"summary_large_image","twitter_misc":{"Escrito por":"Andre\u0301 Rangel\u00a0","Est. tempo de leitura":"4 minutos"},"schema":{"@context":"https:\/\/schema.org","@graph":[{"@type":"WebPage","@id":"https:\/\/www.em.com.br\/emfoco\/2026\/04\/24\/as-ervas-medicinais-mais-poderosas-para-sua-saude-que-voce-pode-cultivar-em-vasos\/","url":"https:\/\/www.em.com.br\/emfoco\/2026\/04\/24\/as-ervas-medicinais-mais-poderosas-para-sua-saude-que-voce-pode-cultivar-em-vasos\/","name":"As ervas medicinais mais poderosas para sua sa\u00fade que voc\u00ea pode cultivar em vasos - Estado de Minas - Em foco","isPartOf":{"@id":"https:\/\/www.em.com.br\/emfoco\/#website"},"primaryImageOfPage":{"@id":"https:\/\/www.em.com.br\/emfoco\/2026\/04\/24\/as-ervas-medicinais-mais-poderosas-para-sua-saude-que-voce-pode-cultivar-em-vasos\/#primaryimage"},"image":{"@id":"https:\/\/www.em.com.br\/emfoco\/2026\/04\/24\/as-ervas-medicinais-mais-poderosas-para-sua-saude-que-voce-pode-cultivar-em-vasos\/#primaryimage"},"thumbnailUrl":"https:\/\/www.em.com.br\/emfoco\/wp-content\/uploads\/2026\/04\/EmFoco-8.jpg","datePublished":"2026-04-25T00:35:00+00:00","dateModified":"2026-04-23T16:47:49+00:00","author":{"@id":"https:\/\/www.em.com.br\/emfoco\/#\/schema\/person\/60eda09c1fedf0d6891f4cef4b60b8b8"},"description":"Ervas medicinais em vasos viram tend\u00eancia em 2026. Veja quais plantar em casa e como criar um jardim natural pr\u00e1tico e \u00fatil.","breadcrumb":{"@id":"https:\/\/www.em.com.br\/emfoco\/2026\/04\/24\/as-ervas-medicinais-mais-poderosas-para-sua-saude-que-voce-pode-cultivar-em-vasos\/#breadcrumb"},"inLanguage":"pt-BR","potentialAction":[{"@type":"ReadAction","target":["https:\/\/www.em.com.br\/emfoco\/2026\/04\/24\/as-ervas-medicinais-mais-poderosas-para-sua-saude-que-voce-pode-cultivar-em-vasos\/"]}]},{"@type":"ImageObject","inLanguage":"pt-BR","@id":"https:\/\/www.em.com.br\/emfoco\/2026\/04\/24\/as-ervas-medicinais-mais-poderosas-para-sua-saude-que-voce-pode-cultivar-em-vasos\/#primaryimage","url":"https:\/\/www.em.com.br\/emfoco\/wp-content\/uploads\/2026\/04\/EmFoco-8.jpg","contentUrl":"https:\/\/www.em.com.br\/emfoco\/wp-content\/uploads\/2026\/04\/EmFoco-8.jpg","width":1280,"height":720,"caption":"Cultivo dom\u00e9stico de ervas medicinais promove bem-estar e autonomia nos cuidados naturais"},{"@type":"BreadcrumbList","@id":"https:\/\/www.em.com.br\/emfoco\/2026\/04\/24\/as-ervas-medicinais-mais-poderosas-para-sua-saude-que-voce-pode-cultivar-em-vasos\/#breadcrumb","itemListElement":[{"@type":"ListItem","position":1,"name":"In\u00edcio","item":"https:\/\/www.em.com.br\/emfoco\/"},{"@type":"ListItem","position":2,"name":"As ervas medicinais mais poderosas para sua sa\u00fade que voc\u00ea pode cultivar em vasos"}]},{"@type":"WebSite","@id":"https:\/\/www.em.com.br\/emfoco\/#website","url":"https:\/\/www.em.com.br\/emfoco\/","name":"Estado de Minas - Em foco","description":"Acompanhe as \u00faltimas not\u00edcias e fique bem informado sobre tudo o que acontece em Minas Gerais, Brasil e no mundo.","potentialAction":[{"@type":"SearchAction","target":{"@type":"EntryPoint","urlTemplate":"https:\/\/www.em.com.br\/emfoco\/?s={search_term_string}"},"query-input":{"@type":"PropertyValueSpecification","valueRequired":true,"valueName":"search_term_string"}}],"inLanguage":"pt-BR"},{"@type":"Person","@id":"https:\/\/www.em.com.br\/emfoco\/#\/schema\/person\/60eda09c1fedf0d6891f4cef4b60b8b8","name":"Andre\u0301 Rangel\u00a0","image":{"@type":"ImageObject","inLanguage":"pt-BR","@id":"https:\/\/www.em.com.br\/emfoco\/#\/schema\/person\/image\/","url":"https:\/\/secure.gravatar.com\/avatar\/6234dc814c77c8ef6d8bba622c787efc?s=96&d=mm&r=g","contentUrl":"https:\/\/secure.gravatar.com\/avatar\/6234dc814c77c8ef6d8bba622c787efc?s=96&d=mm&r=g","caption":"Andre\u0301 Rangel\u00a0"},"url":"https:\/\/www.em.com.br\/emfoco\/author\/luizmyth\/"}]}},"_links":{"self":[{"href":"https:\/\/www.em.com.br\/emfoco\/wp-json\/wp\/v2\/posts\/197552","targetHints":{"allow":["GET"]}}],"collection":[{"href":"https:\/\/www.em.com.br\/emfoco\/wp-json\/wp\/v2\/posts"}],"about":[{"href":"https:\/\/www.em.com.br\/emfoco\/wp-json\/wp\/v2\/types\/post"}],"author":[{"embeddable":true,"href":"https:\/\/www.em.com.br\/emfoco\/wp-json\/wp\/v2\/users\/11"}],"replies":[{"embeddable":true,"href":"https:\/\/www.em.com.br\/emfoco\/wp-json\/wp\/v2\/comments?post=197552"}],"version-history":[{"count":2,"href":"https:\/\/www.em.com.br\/emfoco\/wp-json\/wp\/v2\/posts\/197552\/revisions"}],"predecessor-version":[{"id":197571,"href":"https:\/\/www.em.com.br\/emfoco\/wp-json\/wp\/v2\/posts\/197552\/revisions\/197571"}],"wp:featuredmedia":[{"embeddable":true,"href":"https:\/\/www.em.com.br\/emfoco\/wp-json\/wp\/v2\/media\/197883"}],"wp:attachment":[{"href":"https:\/\/www.em.com.br\/emfoco\/wp-json\/wp\/v2\/media?parent=197552"}],"wp:term":[{"taxonomy":"category","embeddable":true,"href":"https:\/\/www.em.com.br\/emfoco\/wp-json\/wp\/v2\/categories?post=197552"},{"taxonomy":"post_tag","embeddable":true,"href":"https:\/\/www.em.com.br\/emfoco\/wp-json\/wp\/v2\/tags?post=197552"}],"curies":[{"name":"wp","href":"https:\/\/api.w.org\/{rel}","templated":true}]}}