{"id":197162,"date":"2026-04-25T20:35:00","date_gmt":"2026-04-25T23:35:00","guid":{"rendered":"https:\/\/www.em.com.br\/emfoco\/?p=197162"},"modified":"2026-04-24T14:26:40","modified_gmt":"2026-04-24T17:26:40","slug":"a-planta-rica-em-magnesio-que-cresce-sozinha-e-muita-gente-arranca-sem-perceber-o-valor-real","status":"publish","type":"post","link":"https:\/\/www.em.com.br\/emfoco\/2026\/04\/25\/a-planta-rica-em-magnesio-que-cresce-sozinha-e-muita-gente-arranca-sem-perceber-o-valor-real\/","title":{"rendered":"A planta rica em magn\u00e9sio que cresce sozinha e muita gente arranca sem perceber o valor real"},"content":{"rendered":"\n<p>Entre as muitas esp\u00e9cies que brotam espontaneamente em cal\u00e7adas, terrenos baldios e quintais, h\u00e1 uma planta rica em magn\u00e9sio que chama aten\u00e7\u00e3o de pesquisadores e de guardi\u00f5es de saberes tradicionais. Frequentemente arrancada como <strong>mato<\/strong>, ela se adapta a solos pobres, suporta longos per\u00edodos sem cuidados e segue reaparecendo ano ap\u00f3s ano, despertando curiosidade sobre seu potencial como alimento acess\u00edvel e nutritivo.<\/p>\n\n\n\n<h2 class=\"wp-block-heading\">O que torna uma planta rica em magn\u00e9sio importante para a alimenta\u00e7\u00e3o?<\/h2>\n\n\n\n<p>O interesse em uma <strong>planta rica em magn\u00e9sio<\/strong> est\u00e1 diretamente ligado ao papel desse mineral no organismo humano. O magn\u00e9sio participa de diversas rea\u00e7\u00f5es metab\u00f3licas, est\u00e1 associado ao funcionamento adequado dos m\u00fasculos, \u00e0 sa\u00fade \u00f3ssea e \u00e0 regula\u00e7\u00e3o de processos celulares essenciais.<\/p>\n\n\n\n<p>Em vez de depender apenas de c\u00e1psulas e produtos industrializados, parte da popula\u00e7\u00e3o passou a buscar fontes de <em>magn\u00e9sio natural<\/em> em alimentos frescos, incluindo folhas e ervas tradicionalmente <a href=\"https:\/\/www.em.com.br\/emfoco\/2026\/04\/21\/15-curiosidades-cientificas-com-respostas-simples-que-explicam-do-braco-formigando\/\" target=\"_blank\" rel=\"noreferrer noopener\">consumidas <\/a>por comunidades rurais e povos origin\u00e1rios. Nesse contexto, plantas espont\u00e2neas ganham destaque como alternativas de baixo custo e f\u00e1cil acesso.<\/p>\n\n\n\n<figure class=\"wp-block-image size-large\"><img loading=\"lazy\" decoding=\"async\" width=\"1024\" height=\"576\" src=\"https:\/\/www.em.com.br\/emfoco\/wp-content\/uploads\/2026\/04\/Texto-do-seu-paragrafo-2026-04-22T102150.758-1024x576.jpg\" alt=\"A planta rica em magn\u00e9sio que cresce sozinha e muita gente arranca sem perceber o valor real\" class=\"wp-image-197168\" srcset=\"https:\/\/www.em.com.br\/emfoco\/wp-content\/uploads\/2026\/04\/Texto-do-seu-paragrafo-2026-04-22T102150.758-1024x576.jpg 1024w, https:\/\/www.em.com.br\/emfoco\/wp-content\/uploads\/2026\/04\/Texto-do-seu-paragrafo-2026-04-22T102150.758-300x169.jpg 300w, https:\/\/www.em.com.br\/emfoco\/wp-content\/uploads\/2026\/04\/Texto-do-seu-paragrafo-2026-04-22T102150.758-768x432.jpg 768w, https:\/\/www.em.com.br\/emfoco\/wp-content\/uploads\/2026\/04\/Texto-do-seu-paragrafo-2026-04-22T102150.758-750x422.jpg 750w, https:\/\/www.em.com.br\/emfoco\/wp-content\/uploads\/2026\/04\/Texto-do-seu-paragrafo-2026-04-22T102150.758-1140x641.jpg 1140w, https:\/\/www.em.com.br\/emfoco\/wp-content\/uploads\/2026\/04\/Texto-do-seu-paragrafo-2026-04-22T102150.758.jpg 1280w\" sizes=\"auto, (max-width: 1024px) 100vw, 1024px\" \/><figcaption class=\"wp-element-caption\">Resistente, abundante e pouco valorizada, ela atravessa o tempo sem perder a for\u00e7a de voltar a crescer<\/figcaption><\/figure>\n\n\n\n<h2 class=\"wp-block-heading\">Como essa planta espont\u00e2nea se comporta no ambiente e no solo?<\/h2>\n\n\n\n<p>Do ponto de vista agr\u00edcola, essa esp\u00e9cie se comporta como uma planta espont\u00e2nea de grande resist\u00eancia, capaz de se adaptar a solos pobres e condi\u00e7\u00f5es clim\u00e1ticas variadas. Uma \u00fanica touceira pode formar vastos bancos de <strong>sementes<\/strong> no solo, que permanecem vi\u00e1veis por longos per\u00edodos \u00e0 espera de chuva, luz e temperatura adequadas.<\/p>\n\n\n\n<p>Quando essas condi\u00e7\u00f5es surgem, novas mudas aparecem com rapidez, mesmo em locais aparentemente degradados. Esse comportamento faz com que a planta seja vista por muitos como invasora, mas tamb\u00e9m indica um potencial recurso alimentar abundante, acess\u00edvel e frequentemente subestimado pelas popula\u00e7\u00f5es urbanas.<\/p>\n\n\n\n<h2 class=\"wp-block-heading\">Como essa planta passou de alimento ancestral a erva desprezada?<\/h2>\n\n\n\n<p>Registros hist\u00f3ricos e relatos etnobot\u00e2nicos mencionam que, em diferentes regi\u00f5es, essa e outras <strong>ervas nutritivas<\/strong> foram usadas como parte do card\u00e1pio cotidiano. Em muitos casos, o preparo inclu\u00eda cozimento, fermenta\u00e7\u00e3o leve ou mistura com outras hortali\u00e7as, garantindo variedade nutricional em \u00e9pocas de escassez.<\/p>\n\n\n\n<p>Com o avan\u00e7o da agricultura intensiva e da alimenta\u00e7\u00e3o baseada em poucos vegetais amplamente comercializados, boa parte dessas plantas espont\u00e2neas come\u00e7ou a ser tratada como erva daninha. Alguns fatores <a href=\"https:\/\/www.em.com.br\/emfoco\/2026\/04\/21\/6-frutas-que-entram-na-rotina-e-ajudam-a-proteger-o-coracao-de-forma-mais-inteligente\/\" target=\"_blank\" rel=\"noreferrer noopener\">contribu\u00edram <\/a>diretamente para essa mudan\u00e7a de percep\u00e7\u00e3o ao longo das \u00faltimas d\u00e9cadas:<\/p>\n\n\n\n<ul class=\"wp-block-list\">\n<li>Padroniza\u00e7\u00e3o de hortas e lavouras, que priorizaram esp\u00e9cies comerciais;<\/li>\n\n\n\n<li>Uso crescente de <strong>herbicidas<\/strong> em \u00e1reas urbanas e rurais;<\/li>\n\n\n\n<li>Perda de conhecimentos culin\u00e1rios transmitidos oralmente entre gera\u00e7\u00f5es;<\/li>\n\n\n\n<li>Diversidade de nomes populares, que dificulta o reconhecimento seguro.<\/li>\n<\/ul>\n\n\n\n<h2 class=\"wp-block-heading\">Quais s\u00e3o os usos culin\u00e1rios dessa erva nutritiva e que cuidados tomar?<\/h2>\n\n\n\n<p>No contexto atual, cresce o interesse por <strong>planta esquecida<\/strong> e por esp\u00e9cies comest\u00edveis pouco exploradas, tanto em \u00e1reas rurais quanto em cidades. Para quem deseja incorpor\u00e1-las \u00e0 rotina, especialistas recomendam uma abordagem cuidadosa, combinando saberes tradicionais com orienta\u00e7\u00f5es t\u00e9cnicas atualizadas.<\/p>\n\n\n\n<p>Para um consumo mais seguro, costuma-se indicar alguns passos b\u00e1sicos antes de levar a planta \u00e0 mesa, respeitando limites individuais e caracter\u00edsticas do ambiente em que ela cresce. Entre as principais orienta\u00e7\u00f5es, destacam-se:<\/p>\n\n\n\n<ol class=\"wp-block-list\">\n<li><strong>Identifica\u00e7\u00e3o<\/strong> correta: buscar apoio de agr\u00f4nomos, bot\u00e2nicos, nutricionistas ou grupos especializados em plantas aliment\u00edcias para confirmar se a esp\u00e9cie \u00e9 comest\u00edvel.<\/li>\n\n\n\n<li><strong>Origem<\/strong> do local de colheita: evitar \u00e1reas sujeitas a contamina\u00e7\u00e3o por agrot\u00f3xicos, metais pesados ou esgoto, como margens de rodovias e terrenos industriais.<\/li>\n\n\n\n<li>Higieniza\u00e7\u00e3o adequada: lavar bem as folhas, deixando-as de molho em solu\u00e7\u00e3o apropriada antes do preparo.<\/li>\n\n\n\n<li>Testes culin\u00e1rios graduais: come\u00e7ar com pequenas quantidades, observando textura, sabor e poss\u00edveis desconfortos individuais.<\/li>\n<\/ol>\n\n\n\n<p>Conte\u00fado do canal <strong>Plante e Cozinhe<\/strong>, com mais de 363 mil de inscritos e cerca de 60 mil de visualiza\u00e7\u00f5es:<\/p>\n\n\n\n<figure class=\"wp-block-embed is-type-video is-provider-youtube wp-block-embed-youtube wp-embed-aspect-16-9 wp-has-aspect-ratio\"><div class=\"wp-block-embed__wrapper\">\n<div class=\"jeg_video_container jeg_video_content\"><iframe loading=\"lazy\" title=\"COMO PLANTAR ESPINAFRE ORG\u00c2NICO NA HORTA DE CASA. O QUE FAZER DO PLANTIO AT\u00c9 A COLHEITA (Ep102)\" width=\"500\" height=\"281\" src=\"https:\/\/www.youtube.com\/embed\/5AlfTPN_eUg?feature=oembed\" frameborder=\"0\" allow=\"accelerometer; autoplay; clipboard-write; encrypted-media; gyroscope; picture-in-picture; web-share\" referrerpolicy=\"strict-origin-when-cross-origin\" allowfullscreen><\/iframe><\/div>\n<\/div><\/figure>\n\n\n\n<h2 class=\"wp-block-heading\">De que forma essa planta rica em magn\u00e9sio pode ser usada na cozinha?<\/h2>\n\n\n\n<p>Quando confirmada como comest\u00edvel, essa <strong>erva<\/strong> nutritiva pode ser usada em refogados simples, sopas, omeletes, bolinhos salgados ou misturada com outras hortali\u00e7as. As folhas jovens costumam ser mais tenras e podem entrar em preparos r\u00e1pidos, enquanto as mais velhas tendem a exigir cozimento mais prolongado.<\/p>\n\n\n\n<p>Em muitas cozinhas tradicionais, a combina\u00e7\u00e3o com alho, cebola, \u00f3leo vegetal ou gordura animal \u00e9 comum, valorizando o sabor sem depender de t\u00e9cnicas elaboradas. An\u00e1lises nutricionais de plantas aliment\u00edcias n\u00e3o convencionais apontam teores relevantes de magn\u00e9sio, fibras e outros <a href=\"https:\/\/www.gov.br\/saude\/pt-br\/assuntos\/saude-de-a-a-z\/c\/covid-19\/publicacoes-tecnicas\/recomendacoes\/recomendacoes-de-alimentacao-em-tempos-de-pandemia-de-covid-19\" target=\"_blank\" rel=\"noreferrer noopener\">micronutrientes<\/a>, com baixo teor cal\u00f3rico e potencial para diversificar a alimenta\u00e7\u00e3o.<\/p>\n\n\n\n<h2 class=\"wp-block-heading\">Por que ainda se fala t\u00e3o pouco em magn\u00e9sio natural vindo dessas folhas?<\/h2>\n\n\n\n<p>Mesmo com todo o potencial, o conhecimento sobre essa <strong>planta rica em magn\u00e9sio<\/strong> ainda circula de forma limitada entre consumidores urbanos. Pesquisadores e educadores em alimenta\u00e7\u00e3o apontam que a visibilidade de suplementos industrializados e a falta de materiais did\u00e1ticos acess\u00edveis dificultam a populariza\u00e7\u00e3o dessas esp\u00e9cies.<\/p>\n\n\n\n<p>Apesar disso, projetos de hortas comunit\u00e1rias, feiras agroecol\u00f3gicas e iniciativas de educa\u00e7\u00e3o alimentar t\u00eam inclu\u00eddo esse tipo de planta em oficinas e atividades pr\u00e1ticas. A \u00eanfase costuma recair sobre o reconhecimento visual, demonstra\u00e7\u00f5es de preparo na cozinha e explica\u00e7\u00f5es sobre nutrientes, refor\u00e7ando que o uso deve ser sempre acompanhado de orienta\u00e7\u00e3o profissional e identifica\u00e7\u00e3o correta.<\/p>\n","protected":false},"excerpt":{"rendered":"<p>Entre as muitas esp\u00e9cies que brotam espontaneamente em cal\u00e7adas, terrenos baldios e quintais, h\u00e1 uma planta rica em magn\u00e9sio que chama aten\u00e7\u00e3o de pesquisadores e de guardi\u00f5es de saberes tradicionais. Frequentemente arrancada como mato, ela se adapta a solos pobres, suporta longos per\u00edodos sem cuidados e segue reaparecendo ano ap\u00f3s ano, despertando curiosidade sobre seu [&hellip;]<\/p>\n","protected":false},"author":15,"featured_media":198538,"comment_status":"open","ping_status":"open","sticky":false,"template":"","format":"standard","meta":{"jnews-multi-image_gallery":[],"jnews_single_post":{"format":"standard"},"jnews_primary_category":[],"jnews_social_meta":[],"jnews_override_counter":[],"footnotes":""},"categories":[8819],"tags":[3358,3324,415],"class_list":["post-197162","post","type-post","status-publish","format-standard","has-post-thumbnail","hentry","category-curiosidades","tag-jardinagem","tag-plantas","tag-saude"],"yoast_head":"<!-- This site is optimized with the Yoast SEO plugin v23.8 - https:\/\/yoast.com\/wordpress\/plugins\/seo\/ -->\n<title>A planta rica em magn\u00e9sio que cresce sozinha e muita gente arranca sem perceber o valor real - Estado de Minas - Em foco<\/title>\n<meta name=\"description\" content=\"A planta rica em magn\u00e9sio cresce sozinha em quintais, terrenos e cal\u00e7adas, reunindo resist\u00eancia, uso antigo e um valor nutricional\" \/>\n<meta name=\"robots\" content=\"index, follow, max-snippet:-1, max-image-preview:large, max-video-preview:-1\" \/>\n<link rel=\"canonical\" href=\"https:\/\/www.em.com.br\/emfoco\/2026\/04\/25\/a-planta-rica-em-magnesio-que-cresce-sozinha-e-muita-gente-arranca-sem-perceber-o-valor-real\/\" \/>\n<meta property=\"og:locale\" content=\"pt_BR\" \/>\n<meta property=\"og:type\" content=\"article\" \/>\n<meta property=\"og:title\" content=\"A planta rica em magn\u00e9sio que cresce sozinha e muita gente arranca sem perceber o valor real - Estado de Minas - Em foco\" \/>\n<meta property=\"og:description\" content=\"A planta rica em magn\u00e9sio cresce sozinha em quintais, terrenos e cal\u00e7adas, reunindo resist\u00eancia, uso antigo e um valor nutricional\" \/>\n<meta property=\"og:url\" content=\"https:\/\/www.em.com.br\/emfoco\/2026\/04\/25\/a-planta-rica-em-magnesio-que-cresce-sozinha-e-muita-gente-arranca-sem-perceber-o-valor-real\/\" \/>\n<meta property=\"og:site_name\" content=\"Estado de Minas - Em foco\" \/>\n<meta property=\"article:published_time\" content=\"2026-04-25T23:35:00+00:00\" \/>\n<meta property=\"article:modified_time\" content=\"2026-04-24T17:26:40+00:00\" \/>\n<meta property=\"og:image\" content=\"https:\/\/www.em.com.br\/emfoco\/wp-content\/uploads\/2026\/04\/EmFoco_09-9.jpg\" \/>\n\t<meta property=\"og:image:width\" content=\"1280\" \/>\n\t<meta property=\"og:image:height\" content=\"720\" \/>\n\t<meta property=\"og:image:type\" content=\"image\/jpeg\" \/>\n<meta name=\"author\" content=\"Douglas Myth\" \/>\n<meta name=\"twitter:card\" content=\"summary_large_image\" \/>\n<meta name=\"twitter:label1\" content=\"Escrito por\" \/>\n\t<meta name=\"twitter:data1\" content=\"Douglas Myth\" \/>\n\t<meta name=\"twitter:label2\" content=\"Est. tempo de leitura\" \/>\n\t<meta name=\"twitter:data2\" content=\"5 minutos\" \/>\n<!-- \/ Yoast SEO plugin. -->","yoast_head_json":{"title":"A planta rica em magn\u00e9sio que cresce sozinha e muita gente arranca sem perceber o valor real - Estado de Minas - Em foco","description":"A planta rica em magn\u00e9sio cresce sozinha em quintais, terrenos e cal\u00e7adas, reunindo resist\u00eancia, uso antigo e um valor nutricional","robots":{"index":"index","follow":"follow","max-snippet":"max-snippet:-1","max-image-preview":"max-image-preview:large","max-video-preview":"max-video-preview:-1"},"canonical":"https:\/\/www.em.com.br\/emfoco\/2026\/04\/25\/a-planta-rica-em-magnesio-que-cresce-sozinha-e-muita-gente-arranca-sem-perceber-o-valor-real\/","og_locale":"pt_BR","og_type":"article","og_title":"A planta rica em magn\u00e9sio que cresce sozinha e muita gente arranca sem perceber o valor real - Estado de Minas - Em foco","og_description":"A planta rica em magn\u00e9sio cresce sozinha em quintais, terrenos e cal\u00e7adas, reunindo resist\u00eancia, uso antigo e um valor nutricional","og_url":"https:\/\/www.em.com.br\/emfoco\/2026\/04\/25\/a-planta-rica-em-magnesio-que-cresce-sozinha-e-muita-gente-arranca-sem-perceber-o-valor-real\/","og_site_name":"Estado de Minas - Em foco","article_published_time":"2026-04-25T23:35:00+00:00","article_modified_time":"2026-04-24T17:26:40+00:00","og_image":[{"width":1280,"height":720,"url":"https:\/\/www.em.com.br\/emfoco\/wp-content\/uploads\/2026\/04\/EmFoco_09-9.jpg","type":"image\/jpeg"}],"author":"Douglas Myth","twitter_card":"summary_large_image","twitter_misc":{"Escrito por":"Douglas Myth","Est. tempo de leitura":"5 minutos"},"schema":{"@context":"https:\/\/schema.org","@graph":[{"@type":"WebPage","@id":"https:\/\/www.em.com.br\/emfoco\/2026\/04\/25\/a-planta-rica-em-magnesio-que-cresce-sozinha-e-muita-gente-arranca-sem-perceber-o-valor-real\/","url":"https:\/\/www.em.com.br\/emfoco\/2026\/04\/25\/a-planta-rica-em-magnesio-que-cresce-sozinha-e-muita-gente-arranca-sem-perceber-o-valor-real\/","name":"A planta rica em magn\u00e9sio que cresce sozinha e muita gente arranca sem perceber o valor real - Estado de Minas - Em foco","isPartOf":{"@id":"https:\/\/www.em.com.br\/emfoco\/#website"},"primaryImageOfPage":{"@id":"https:\/\/www.em.com.br\/emfoco\/2026\/04\/25\/a-planta-rica-em-magnesio-que-cresce-sozinha-e-muita-gente-arranca-sem-perceber-o-valor-real\/#primaryimage"},"image":{"@id":"https:\/\/www.em.com.br\/emfoco\/2026\/04\/25\/a-planta-rica-em-magnesio-que-cresce-sozinha-e-muita-gente-arranca-sem-perceber-o-valor-real\/#primaryimage"},"thumbnailUrl":"https:\/\/www.em.com.br\/emfoco\/wp-content\/uploads\/2026\/04\/EmFoco_09-9.jpg","datePublished":"2026-04-25T23:35:00+00:00","dateModified":"2026-04-24T17:26:40+00:00","author":{"@id":"https:\/\/www.em.com.br\/emfoco\/#\/schema\/person\/bba594b7eebe9b9885fec3a5c7837089"},"description":"A planta rica em magn\u00e9sio cresce sozinha em quintais, terrenos e cal\u00e7adas, reunindo resist\u00eancia, uso antigo e um valor nutricional","breadcrumb":{"@id":"https:\/\/www.em.com.br\/emfoco\/2026\/04\/25\/a-planta-rica-em-magnesio-que-cresce-sozinha-e-muita-gente-arranca-sem-perceber-o-valor-real\/#breadcrumb"},"inLanguage":"pt-BR","potentialAction":[{"@type":"ReadAction","target":["https:\/\/www.em.com.br\/emfoco\/2026\/04\/25\/a-planta-rica-em-magnesio-que-cresce-sozinha-e-muita-gente-arranca-sem-perceber-o-valor-real\/"]}]},{"@type":"ImageObject","inLanguage":"pt-BR","@id":"https:\/\/www.em.com.br\/emfoco\/2026\/04\/25\/a-planta-rica-em-magnesio-que-cresce-sozinha-e-muita-gente-arranca-sem-perceber-o-valor-real\/#primaryimage","url":"https:\/\/www.em.com.br\/emfoco\/wp-content\/uploads\/2026\/04\/EmFoco_09-9.jpg","contentUrl":"https:\/\/www.em.com.br\/emfoco\/wp-content\/uploads\/2026\/04\/EmFoco_09-9.jpg","width":1280,"height":720,"caption":"Esp\u00e9cies vegetais espont\u00e2neas representam fontes alternativas de nutrientes e minerais de baixo custo"},{"@type":"BreadcrumbList","@id":"https:\/\/www.em.com.br\/emfoco\/2026\/04\/25\/a-planta-rica-em-magnesio-que-cresce-sozinha-e-muita-gente-arranca-sem-perceber-o-valor-real\/#breadcrumb","itemListElement":[{"@type":"ListItem","position":1,"name":"In\u00edcio","item":"https:\/\/www.em.com.br\/emfoco\/"},{"@type":"ListItem","position":2,"name":"A planta rica em magn\u00e9sio que cresce sozinha e muita gente arranca sem perceber o valor real"}]},{"@type":"WebSite","@id":"https:\/\/www.em.com.br\/emfoco\/#website","url":"https:\/\/www.em.com.br\/emfoco\/","name":"Estado de Minas - Em foco","description":"Acompanhe as \u00faltimas not\u00edcias e fique bem informado sobre tudo o que acontece em Minas Gerais, Brasil e no mundo.","potentialAction":[{"@type":"SearchAction","target":{"@type":"EntryPoint","urlTemplate":"https:\/\/www.em.com.br\/emfoco\/?s={search_term_string}"},"query-input":{"@type":"PropertyValueSpecification","valueRequired":true,"valueName":"search_term_string"}}],"inLanguage":"pt-BR"},{"@type":"Person","@id":"https:\/\/www.em.com.br\/emfoco\/#\/schema\/person\/bba594b7eebe9b9885fec3a5c7837089","name":"Douglas Myth","image":{"@type":"ImageObject","inLanguage":"pt-BR","@id":"https:\/\/www.em.com.br\/emfoco\/#\/schema\/person\/image\/","url":"https:\/\/secure.gravatar.com\/avatar\/1ac3cf50d0e68642c697dc0c960c802f?s=96&d=mm&r=g","contentUrl":"https:\/\/secure.gravatar.com\/avatar\/1ac3cf50d0e68642c697dc0c960c802f?s=96&d=mm&r=g","caption":"Douglas Myth"},"url":"https:\/\/www.em.com.br\/emfoco\/author\/douglasmyth\/"}]}},"_links":{"self":[{"href":"https:\/\/www.em.com.br\/emfoco\/wp-json\/wp\/v2\/posts\/197162","targetHints":{"allow":["GET"]}}],"collection":[{"href":"https:\/\/www.em.com.br\/emfoco\/wp-json\/wp\/v2\/posts"}],"about":[{"href":"https:\/\/www.em.com.br\/emfoco\/wp-json\/wp\/v2\/types\/post"}],"author":[{"embeddable":true,"href":"https:\/\/www.em.com.br\/emfoco\/wp-json\/wp\/v2\/users\/15"}],"replies":[{"embeddable":true,"href":"https:\/\/www.em.com.br\/emfoco\/wp-json\/wp\/v2\/comments?post=197162"}],"version-history":[{"count":2,"href":"https:\/\/www.em.com.br\/emfoco\/wp-json\/wp\/v2\/posts\/197162\/revisions"}],"predecessor-version":[{"id":197169,"href":"https:\/\/www.em.com.br\/emfoco\/wp-json\/wp\/v2\/posts\/197162\/revisions\/197169"}],"wp:featuredmedia":[{"embeddable":true,"href":"https:\/\/www.em.com.br\/emfoco\/wp-json\/wp\/v2\/media\/198538"}],"wp:attachment":[{"href":"https:\/\/www.em.com.br\/emfoco\/wp-json\/wp\/v2\/media?parent=197162"}],"wp:term":[{"taxonomy":"category","embeddable":true,"href":"https:\/\/www.em.com.br\/emfoco\/wp-json\/wp\/v2\/categories?post=197162"},{"taxonomy":"post_tag","embeddable":true,"href":"https:\/\/www.em.com.br\/emfoco\/wp-json\/wp\/v2\/tags?post=197162"}],"curies":[{"name":"wp","href":"https:\/\/api.w.org\/{rel}","templated":true}]}}