{"id":19713,"date":"2025-02-15T17:00:04","date_gmt":"2025-02-15T20:00:04","guid":{"rendered":"https:\/\/www.em.com.br\/emfoco\/?p=19713"},"modified":"2025-02-15T02:16:31","modified_gmt":"2025-02-15T05:16:31","slug":"seu-beneficio-pode-atrasar-por-causa-do-carnaval-veja-como","status":"publish","type":"post","link":"https:\/\/www.em.com.br\/emfoco\/2025\/02\/15\/seu-beneficio-pode-atrasar-por-causa-do-carnaval-veja-como\/","title":{"rendered":"Seu benef\u00edcio pode atrasar por causa do Carnaval? Descubra agora!"},"content":{"rendered":"\n<p>O <strong>Carnaval <\/strong>de 2025, marcado para o in\u00edcio de mar\u00e7o, trar\u00e1 altera\u00e7\u00f5es significativas no calend\u00e1rio de pagamentos de <a href=\"https:\/\/www.em.com.br\/emfoco\/2025\/02\/13\/conheca-os-beneficios-da-meditacao-para-sua-saude-mental-e-fisica\/\" target=\"_blank\" rel=\"noreferrer noopener\">benef\u00edcios <\/a>sociais no Brasil. Como as festividades geralmente come\u00e7am em fevereiro, o governo precisou ajustar as datas de repasse de aux\u00edlios como o Bolsa Fam\u00edlia, o Benef\u00edcio de Presta\u00e7\u00e3o Continuada (BPC) e as aposentadorias do <strong>Instituto Nacional do Seguro Social<\/strong> (<a href=\"https:\/\/www.gov.br\/inss\/pt-br\" target=\"_blank\" rel=\"noreferrer noopener\">INSS<\/a>). Esses ajustes visam evitar transtornos devido ao funcionamento reduzido dos bancos durante o per\u00edodo festivo.<\/p>\n\n\n\n<p>Para os benefici\u00e1rios, \u00e9 crucial estar atento \u00e0s novas datas de pagamento para garantir que os recursos sejam recebidos sem atrasos. As mudan\u00e7as no cronograma s\u00e3o necess\u00e1rias para acomodar os feriados e pontos facultativos, garantindo que todos os pagamentos sejam realizados de forma eficiente.<\/p>\n\n\n\n<h2 class=\"wp-block-heading\">Calend\u00e1rio atualizado do Bolsa Fam\u00edlia<\/h2>\n\n\n\n<p>O Bolsa Fam\u00edlia, um dos principais programas de transfer\u00eancia de renda do pa\u00eds, segue um cronograma de pagamentos baseado no final do N\u00famero de Identifica\u00e7\u00e3o Social (NIS) do benefici\u00e1rio. Com o Carnaval impactando os feriados banc\u00e1rios, alguns pagamentos ser\u00e3o ajustados. Abaixo est\u00e3o as novas datas de pagamento:<\/p>\n\n\n\n<ul class=\"wp-block-list\">\n<li>Final do NIS 1: 17\/02<\/li>\n\n\n\n<li>Final do NIS 2: 18\/02<\/li>\n\n\n\n<li>Final do NIS 3: 19\/02<\/li>\n\n\n\n<li>Final do NIS 4: 20\/02<\/li>\n\n\n\n<li>Final do NIS 5: 21\/02<\/li>\n\n\n\n<li>Final do NIS 6: 24\/02<\/li>\n\n\n\n<li>Final do NIS 7: 25\/02<\/li>\n\n\n\n<li>Final do NIS 8: 26\/02<\/li>\n\n\n\n<li>Final do NIS 9: 27\/02<\/li>\n\n\n\n<li>Final do NIS 0: 28\/02<\/li>\n<\/ul>\n\n\n\n<h2 class=\"wp-block-heading\">Como consultar o Bolsa Fam\u00edlia?<\/h2>\n\n\n\n<p>Os benefici\u00e1rios do Bolsa Fam\u00edlia podem verificar o status do seu benef\u00edcio de v\u00e1rias maneiras. As op\u00e7\u00f5es incluem:<\/p>\n\n\n<div class=\"wp-block-image\">\n<figure class=\"aligncenter size-large\"><img loading=\"lazy\" decoding=\"async\" width=\"1024\" height=\"576\" src=\"https:\/\/www.em.com.br\/emfoco\/wp-content\/uploads\/2025\/02\/auxilio_1739545217404-1024x576.jpg\" alt=\"Seu benef\u00edcio pode atrasar por causa do Carnaval? Veja como!\" class=\"wp-image-19668\" srcset=\"https:\/\/www.em.com.br\/emfoco\/wp-content\/uploads\/2025\/02\/auxilio_1739545217404-1024x576.jpg 1024w, https:\/\/www.em.com.br\/emfoco\/wp-content\/uploads\/2025\/02\/auxilio_1739545217404-300x169.jpg 300w, https:\/\/www.em.com.br\/emfoco\/wp-content\/uploads\/2025\/02\/auxilio_1739545217404-768x432.jpg 768w, https:\/\/www.em.com.br\/emfoco\/wp-content\/uploads\/2025\/02\/auxilio_1739545217404-750x422.jpg 750w, https:\/\/www.em.com.br\/emfoco\/wp-content\/uploads\/2025\/02\/auxilio_1739545217404-1140x641.jpg 1140w, https:\/\/www.em.com.br\/emfoco\/wp-content\/uploads\/2025\/02\/auxilio_1739545217404.jpg 1280w\" sizes=\"auto, (max-width: 1024px) 100vw, 1024px\" \/><figcaption class=\"wp-element-caption\">Auxillio &#8211; Cr\u00e9ditos: depositphotos.com \/ rafapress<\/figcaption><\/figure><\/div>\n\n\n<ol class=\"wp-block-list\">\n<li><strong>Pelo aplicativo oficial:<\/strong> Informe seu CPF e senha para acessar a consulta do benef\u00edcio.<\/li>\n\n\n\n<li><strong>Pelo Caixa Tem:<\/strong> Abra o app, clique em \u201cConsulta Bolsa Fam\u00edlia\u201d e informe sua senha para visualizar os detalhes.<\/li>\n\n\n\n<li><strong>Pelo telefone:<\/strong> Ligue para a Caixa Cidad\u00e3o no n\u00famero 111 ou para o Disque Social no 121, informando seu CPF e NIS.<\/li>\n<\/ol>\n\n\n\n<h2 class=\"wp-block-heading\">Calend\u00e1rio do INSS em Fevereiro de 2025<\/h2>\n\n\n\n<p>Os benefici\u00e1rios do INSS tamb\u00e9m precisam estar atentos \u00e0s altera\u00e7\u00f5es no calend\u00e1rio de pagamentos. O pagamento das aposentadorias e pens\u00f5es segue o n\u00famero final do cart\u00e3o do benef\u00edcio. Confira as novas datas para fevereiro de 2025:<\/p>\n\n\n\n<h2 class=\"wp-block-heading\">Para quem recebe at\u00e9 1 sal\u00e1rio m\u00ednimo:<\/h2>\n\n\n\n<ul class=\"wp-block-list\">\n<li>Final do cart\u00e3o 1: 24\/02<\/li>\n\n\n\n<li>Final do cart\u00e3o 2: 25\/02<\/li>\n\n\n\n<li>Final do cart\u00e3o 3: 26\/02<\/li>\n\n\n\n<li>Final do cart\u00e3o 4: 27\/02<\/li>\n\n\n\n<li>Final do cart\u00e3o 5: 28\/02<\/li>\n\n\n\n<li>Final do cart\u00e3o 6: 06\/03<\/li>\n\n\n\n<li>Final do cart\u00e3o 7: 07\/03<\/li>\n\n\n\n<li>Final do cart\u00e3o 8: 10\/03<\/li>\n\n\n\n<li>Final do cart\u00e3o 9: 11\/03<\/li>\n\n\n\n<li>Final do cart\u00e3o 0: 12\/03<\/li>\n<\/ul>\n\n\n\n<h2 class=\"wp-block-heading\">Para quem recebe acima de 1 sal\u00e1rio m\u00ednimo:<\/h2>\n\n\n\n<ul class=\"wp-block-list\">\n<li>Finais do cart\u00e3o 1 e 6: 06\/03<\/li>\n\n\n\n<li>Finais do cart\u00e3o 2 e 7: 07\/03<\/li>\n\n\n\n<li>Finais do cart\u00e3o 3 e 8: 10\/03<\/li>\n\n\n\n<li>Finais do cart\u00e3o 4 e 9: 11\/03<\/li>\n\n\n\n<li>Finais do cart\u00e3o 5 e 0: 12\/03<\/li>\n<\/ul>\n\n\n\n<h2 class=\"wp-block-heading\">Como consultar o pagamento do INSS?<\/h2>\n\n\n\n<p>Os segurados do INSS t\u00eam \u00e0 disposi\u00e7\u00e3o v\u00e1rias formas de consultar as datas e valores dos seus benef\u00edcios. Entre as principais op\u00e7\u00f5es est\u00e3o:<\/p>\n\n\n\n<ul class=\"wp-block-list\">\n<li><strong>Meu INSS (site ou aplicativo):<\/strong> Acesse o portal ou aplicativo, informe o CPF e a senha cadastrada para verificar detalhes do pagamento.<\/li>\n\n\n\n<li><strong>Central de Atendimento 135:<\/strong> Dispon\u00edvel de segunda a s\u00e1bado, das 7h \u00e0s 22h, para esclarecer d\u00favidas e conferir o calend\u00e1rio de pagamentos.<\/li>\n\n\n\n<li><strong>Caixas eletr\u00f4nicos e aplicativos banc\u00e1rios:<\/strong> Consulte o extrato de pagamento diretamente nos bancos onde o benef\u00edcio \u00e9 depositado.<\/li>\n<\/ul>\n","protected":false},"excerpt":{"rendered":"<p>O Carnaval de 2025, marcado para o in\u00edcio de mar\u00e7o, trar\u00e1 altera\u00e7\u00f5es significativas no calend\u00e1rio de pagamentos de benef\u00edcios sociais no Brasil. Como as festividades geralmente come\u00e7am em fevereiro, o governo precisou ajustar as datas de repasse de aux\u00edlios como o Bolsa Fam\u00edlia, o Benef\u00edcio de Presta\u00e7\u00e3o Continuada (BPC) e as aposentadorias do Instituto Nacional [&hellip;]<\/p>\n","protected":false},"author":7,"featured_media":19664,"comment_status":"open","ping_status":"open","sticky":false,"template":"","format":"standard","meta":{"jnews-multi-image_gallery":[],"jnews_single_post":{"format":"standard"},"jnews_primary_category":[],"jnews_social_meta":[],"jnews_override_counter":[],"footnotes":""},"categories":[28],"tags":[209,158,1500,5031],"class_list":["post-19713","post","type-post","status-publish","format-standard","has-post-thumbnail","hentry","category-economia","tag-bolsa-familia","tag-brasil","tag-carnaval","tag-pagamentos-de-beneficios-sociais"],"yoast_head":"<!-- This site is optimized with the Yoast SEO plugin v23.8 - https:\/\/yoast.com\/wordpress\/plugins\/seo\/ -->\n<title>Seu benef\u00edcio pode atrasar por causa do Carnaval? Descubra agora! - Estado de Minas - Em foco<\/title>\n<meta name=\"description\" content=\"O Carnaval 2025 altera o calend\u00e1rio de pagamentos de benef\u00edcios como Bolsa Fam\u00edlia e aposentadorias.\" \/>\n<meta name=\"robots\" content=\"index, follow, max-snippet:-1, max-image-preview:large, max-video-preview:-1\" \/>\n<link rel=\"canonical\" href=\"https:\/\/www.em.com.br\/emfoco\/2025\/02\/15\/seu-beneficio-pode-atrasar-por-causa-do-carnaval-veja-como\/\" \/>\n<meta property=\"og:locale\" content=\"pt_BR\" \/>\n<meta property=\"og:type\" content=\"article\" \/>\n<meta property=\"og:title\" content=\"Seu benef\u00edcio pode atrasar por causa do Carnaval? Descubra agora! - Estado de Minas - Em foco\" \/>\n<meta property=\"og:description\" content=\"O Carnaval 2025 altera o calend\u00e1rio de pagamentos de benef\u00edcios como Bolsa Fam\u00edlia e aposentadorias.\" \/>\n<meta property=\"og:url\" content=\"https:\/\/www.em.com.br\/emfoco\/2025\/02\/15\/seu-beneficio-pode-atrasar-por-causa-do-carnaval-veja-como\/\" \/>\n<meta property=\"og:site_name\" content=\"Estado de Minas - Em foco\" \/>\n<meta property=\"article:published_time\" content=\"2025-02-15T20:00:04+00:00\" \/>\n<meta property=\"article:modified_time\" content=\"2025-02-15T05:16:31+00:00\" \/>\n<meta property=\"og:image\" content=\"https:\/\/www.em.com.br\/emfoco\/wp-content\/uploads\/2025\/02\/auxilio_1739545161448.jpg\" \/>\n\t<meta property=\"og:image:width\" content=\"1280\" \/>\n\t<meta property=\"og:image:height\" content=\"720\" \/>\n\t<meta property=\"og:image:type\" content=\"image\/jpeg\" \/>\n<meta name=\"author\" content=\"Kelvin\" \/>\n<meta name=\"twitter:card\" content=\"summary_large_image\" \/>\n<meta name=\"twitter:label1\" content=\"Escrito por\" \/>\n\t<meta name=\"twitter:data1\" content=\"Kelvin\" \/>\n\t<meta name=\"twitter:label2\" content=\"Est. tempo de leitura\" \/>\n\t<meta name=\"twitter:data2\" content=\"4 minutos\" \/>\n<!-- \/ Yoast SEO plugin. -->","yoast_head_json":{"title":"Seu benef\u00edcio pode atrasar por causa do Carnaval? Descubra agora! - Estado de Minas - Em foco","description":"O Carnaval 2025 altera o calend\u00e1rio de pagamentos de benef\u00edcios como Bolsa Fam\u00edlia e aposentadorias.","robots":{"index":"index","follow":"follow","max-snippet":"max-snippet:-1","max-image-preview":"max-image-preview:large","max-video-preview":"max-video-preview:-1"},"canonical":"https:\/\/www.em.com.br\/emfoco\/2025\/02\/15\/seu-beneficio-pode-atrasar-por-causa-do-carnaval-veja-como\/","og_locale":"pt_BR","og_type":"article","og_title":"Seu benef\u00edcio pode atrasar por causa do Carnaval? Descubra agora! - Estado de Minas - Em foco","og_description":"O Carnaval 2025 altera o calend\u00e1rio de pagamentos de benef\u00edcios como Bolsa Fam\u00edlia e aposentadorias.","og_url":"https:\/\/www.em.com.br\/emfoco\/2025\/02\/15\/seu-beneficio-pode-atrasar-por-causa-do-carnaval-veja-como\/","og_site_name":"Estado de Minas - Em foco","article_published_time":"2025-02-15T20:00:04+00:00","article_modified_time":"2025-02-15T05:16:31+00:00","og_image":[{"width":1280,"height":720,"url":"https:\/\/www.em.com.br\/emfoco\/wp-content\/uploads\/2025\/02\/auxilio_1739545161448.jpg","type":"image\/jpeg"}],"author":"Kelvin","twitter_card":"summary_large_image","twitter_misc":{"Escrito por":"Kelvin","Est. tempo de leitura":"4 minutos"},"schema":{"@context":"https:\/\/schema.org","@graph":[{"@type":"WebPage","@id":"https:\/\/www.em.com.br\/emfoco\/2025\/02\/15\/seu-beneficio-pode-atrasar-por-causa-do-carnaval-veja-como\/","url":"https:\/\/www.em.com.br\/emfoco\/2025\/02\/15\/seu-beneficio-pode-atrasar-por-causa-do-carnaval-veja-como\/","name":"Seu benef\u00edcio pode atrasar por causa do Carnaval? Descubra agora! - Estado de Minas - Em foco","isPartOf":{"@id":"https:\/\/www.em.com.br\/emfoco\/#website"},"primaryImageOfPage":{"@id":"https:\/\/www.em.com.br\/emfoco\/2025\/02\/15\/seu-beneficio-pode-atrasar-por-causa-do-carnaval-veja-como\/#primaryimage"},"image":{"@id":"https:\/\/www.em.com.br\/emfoco\/2025\/02\/15\/seu-beneficio-pode-atrasar-por-causa-do-carnaval-veja-como\/#primaryimage"},"thumbnailUrl":"https:\/\/www.em.com.br\/emfoco\/wp-content\/uploads\/2025\/02\/auxilio_1739545161448.jpg","datePublished":"2025-02-15T20:00:04+00:00","dateModified":"2025-02-15T05:16:31+00:00","author":{"@id":"https:\/\/www.em.com.br\/emfoco\/#\/schema\/person\/fb0a7f48c6fbb94b83f413a80f61917d"},"description":"O Carnaval 2025 altera o calend\u00e1rio de pagamentos de benef\u00edcios como Bolsa Fam\u00edlia e aposentadorias.","breadcrumb":{"@id":"https:\/\/www.em.com.br\/emfoco\/2025\/02\/15\/seu-beneficio-pode-atrasar-por-causa-do-carnaval-veja-como\/#breadcrumb"},"inLanguage":"pt-BR","potentialAction":[{"@type":"ReadAction","target":["https:\/\/www.em.com.br\/emfoco\/2025\/02\/15\/seu-beneficio-pode-atrasar-por-causa-do-carnaval-veja-como\/"]}]},{"@type":"ImageObject","inLanguage":"pt-BR","@id":"https:\/\/www.em.com.br\/emfoco\/2025\/02\/15\/seu-beneficio-pode-atrasar-por-causa-do-carnaval-veja-como\/#primaryimage","url":"https:\/\/www.em.com.br\/emfoco\/wp-content\/uploads\/2025\/02\/auxilio_1739545161448.jpg","contentUrl":"https:\/\/www.em.com.br\/emfoco\/wp-content\/uploads\/2025\/02\/auxilio_1739545161448.jpg","width":1280,"height":720,"caption":"Auxillio - Cr\u00e9ditos: depositphotos.com \/ rafapress"},{"@type":"BreadcrumbList","@id":"https:\/\/www.em.com.br\/emfoco\/2025\/02\/15\/seu-beneficio-pode-atrasar-por-causa-do-carnaval-veja-como\/#breadcrumb","itemListElement":[{"@type":"ListItem","position":1,"name":"In\u00edcio","item":"https:\/\/www.em.com.br\/emfoco\/"},{"@type":"ListItem","position":2,"name":"Seu benef\u00edcio pode atrasar por causa do Carnaval? Descubra agora!"}]},{"@type":"WebSite","@id":"https:\/\/www.em.com.br\/emfoco\/#website","url":"https:\/\/www.em.com.br\/emfoco\/","name":"Estado de Minas - Em foco","description":"Acompanhe as \u00faltimas not\u00edcias e fique bem informado sobre tudo o que acontece em Minas Gerais, Brasil e no mundo.","potentialAction":[{"@type":"SearchAction","target":{"@type":"EntryPoint","urlTemplate":"https:\/\/www.em.com.br\/emfoco\/?s={search_term_string}"},"query-input":{"@type":"PropertyValueSpecification","valueRequired":true,"valueName":"search_term_string"}}],"inLanguage":"pt-BR"},{"@type":"Person","@id":"https:\/\/www.em.com.br\/emfoco\/#\/schema\/person\/fb0a7f48c6fbb94b83f413a80f61917d","name":"Kelvin","image":{"@type":"ImageObject","inLanguage":"pt-BR","@id":"https:\/\/www.em.com.br\/emfoco\/#\/schema\/person\/image\/","url":"https:\/\/secure.gravatar.com\/avatar\/e74f84337e6bf6c4c5e88fbdffa05270?s=96&d=mm&r=g","contentUrl":"https:\/\/secure.gravatar.com\/avatar\/e74f84337e6bf6c4c5e88fbdffa05270?s=96&d=mm&r=g","caption":"Kelvin"},"sameAs":["https:\/\/www.em.com.br\/emfoco"],"url":"https:\/\/www.em.com.br\/emfoco\/author\/kelvinmyth\/"}]}},"_links":{"self":[{"href":"https:\/\/www.em.com.br\/emfoco\/wp-json\/wp\/v2\/posts\/19713","targetHints":{"allow":["GET"]}}],"collection":[{"href":"https:\/\/www.em.com.br\/emfoco\/wp-json\/wp\/v2\/posts"}],"about":[{"href":"https:\/\/www.em.com.br\/emfoco\/wp-json\/wp\/v2\/types\/post"}],"author":[{"embeddable":true,"href":"https:\/\/www.em.com.br\/emfoco\/wp-json\/wp\/v2\/users\/7"}],"replies":[{"embeddable":true,"href":"https:\/\/www.em.com.br\/emfoco\/wp-json\/wp\/v2\/comments?post=19713"}],"version-history":[{"count":3,"href":"https:\/\/www.em.com.br\/emfoco\/wp-json\/wp\/v2\/posts\/19713\/revisions"}],"predecessor-version":[{"id":19953,"href":"https:\/\/www.em.com.br\/emfoco\/wp-json\/wp\/v2\/posts\/19713\/revisions\/19953"}],"wp:featuredmedia":[{"embeddable":true,"href":"https:\/\/www.em.com.br\/emfoco\/wp-json\/wp\/v2\/media\/19664"}],"wp:attachment":[{"href":"https:\/\/www.em.com.br\/emfoco\/wp-json\/wp\/v2\/media?parent=19713"}],"wp:term":[{"taxonomy":"category","embeddable":true,"href":"https:\/\/www.em.com.br\/emfoco\/wp-json\/wp\/v2\/categories?post=19713"},{"taxonomy":"post_tag","embeddable":true,"href":"https:\/\/www.em.com.br\/emfoco\/wp-json\/wp\/v2\/tags?post=19713"}],"curies":[{"name":"wp","href":"https:\/\/api.w.org\/{rel}","templated":true}]}}