{"id":197118,"date":"2026-04-24T14:15:00","date_gmt":"2026-04-24T17:15:00","guid":{"rendered":"https:\/\/www.em.com.br\/emfoco\/?p=197118"},"modified":"2026-04-23T14:00:27","modified_gmt":"2026-04-23T17:00:27","slug":"planta-flamingo-como-cuidar-e-fazer-florescer-mais-com-luz-poda-e-rega-no-ponto-certo","status":"publish","type":"post","link":"https:\/\/www.em.com.br\/emfoco\/2026\/04\/24\/planta-flamingo-como-cuidar-e-fazer-florescer-mais-com-luz-poda-e-rega-no-ponto-certo\/","title":{"rendered":"Planta flamingo como cuidar e fazer florescer mais com luz, poda e rega no ponto certo"},"content":{"rendered":"\n<p>A planta flamingo, conhecida popularmente como justi\u00e7a rosa e cientificamente como <em>Justicia carnea<\/em>, tem se tornado presen\u00e7a constante em jardins e varandas no Brasil. Origin\u00e1ria da <strong>Mata Atl\u00e2ntica<\/strong>, essa esp\u00e9cie arbustiva \u00e9 apreciada pelas flores em forma de espiga, em tons de rosa intenso, que se destacam mesmo em espa\u00e7os pequenos. Al\u00e9m do apelo est\u00e9tico, trata-se de uma planta relativamente simples de manter quando se entendem suas necessidades b\u00e1sicas de luz, \u00e1gua, solo e poda no dia a dia.<\/p>\n\n\n\n<h2 class=\"wp-block-heading\">Como cuidar da planta flamingo no dia a dia?<\/h2>\n\n\n\n<p>O cultivo da justi\u00e7a rosa come\u00e7a pela escolha do <strong>local<\/strong> adequado. Essa esp\u00e9cie prefere meia sombra com boa claridade, ou seja, ambientes iluminados, mas protegidos do sol forte nas horas mais quentes do dia. Lugares que recebem luz filtrada por \u00e1rvores, muros ou coberturas transl\u00facidas favorecem o florescimento e evitam queimaduras nas folhas.<\/p>\n\n\n\n<p>A irriga\u00e7\u00e3o \u00e9 outro ponto essencial entre os justicia carnea cuidados. A planta aprecia <strong>umidade<\/strong> constante, por\u00e9m n\u00e3o suporta solo encharcado. O ideal \u00e9 manter o substrato levemente \u00famido, regando novamente quando a primeira camada de terra come\u00e7ar a secar. Em regi\u00f5es muito quentes ou em vasos menores, essa <a href=\"https:\/\/www.em.com.br\/emfoco\/2026\/04\/21\/15-curiosidades-cientificas-com-respostas-simples-que-explicam-do-braco-formigando\/\" target=\"_blank\" rel=\"noreferrer noopener\">verifica\u00e7\u00e3o <\/a>deve ser mais frequente, ajustando sempre \u00e0 esta\u00e7\u00e3o do ano.<\/p>\n\n\n\n<figure class=\"wp-block-image size-large\"><img loading=\"lazy\" decoding=\"async\" width=\"1024\" height=\"576\" src=\"https:\/\/www.em.com.br\/emfoco\/wp-content\/uploads\/2026\/04\/Texto-do-seu-paragrafo-2026-04-22T083307.532-1024x576.jpg\" alt=\"Planta flamingo como cuidar e fazer florescer mais com luz, poda e rega no ponto certo\" class=\"wp-image-197120\" srcset=\"https:\/\/www.em.com.br\/emfoco\/wp-content\/uploads\/2026\/04\/Texto-do-seu-paragrafo-2026-04-22T083307.532-1024x576.jpg 1024w, https:\/\/www.em.com.br\/emfoco\/wp-content\/uploads\/2026\/04\/Texto-do-seu-paragrafo-2026-04-22T083307.532-300x169.jpg 300w, https:\/\/www.em.com.br\/emfoco\/wp-content\/uploads\/2026\/04\/Texto-do-seu-paragrafo-2026-04-22T083307.532-768x432.jpg 768w, https:\/\/www.em.com.br\/emfoco\/wp-content\/uploads\/2026\/04\/Texto-do-seu-paragrafo-2026-04-22T083307.532-750x422.jpg 750w, https:\/\/www.em.com.br\/emfoco\/wp-content\/uploads\/2026\/04\/Texto-do-seu-paragrafo-2026-04-22T083307.532-1140x641.jpg 1140w, https:\/\/www.em.com.br\/emfoco\/wp-content\/uploads\/2026\/04\/Texto-do-seu-paragrafo-2026-04-22T083307.532.jpg 1280w\" sizes=\"auto, (max-width: 1024px) 100vw, 1024px\" \/><figcaption class=\"wp-element-caption\">Planta flamingo pode florescer mais com manejo simples e cuidados bem ajustados no cultivo<\/figcaption><\/figure>\n\n\n\n<h2 class=\"wp-block-heading\">Como regar e adubar a justi\u00e7a rosa corretamente?<\/h2>\n\n\n\n<p>A rega da planta flamingo deve ser moderada e observada com aten\u00e7\u00e3o. Em per\u00edodos chuvosos, \u00e9 comum reduzir a frequ\u00eancia para evitar excesso de \u00e1gua nas ra\u00edzes, que pode causar <strong>apodrecimento<\/strong> e comprometer a flora\u00e7\u00e3o. J\u00e1 em dias muito secos ou ventosos, talvez seja necess\u00e1rio antecipar a irriga\u00e7\u00e3o para manter a umidade est\u00e1vel.<\/p>\n\n\n\n<p>O solo ideal para o cultivo da justi\u00e7a rosa \u00e9 bem drenado e rico em mat\u00e9ria org\u00e2nica, combinando nutri\u00e7\u00e3o e aera\u00e7\u00e3o. Misturas de terra de jardim com composto org\u00e2nico, h\u00famus de minhoca ou esterco bem curtido funcionam bem, principalmente quando associadas \u00e0 <strong>aduba\u00e7\u00e3o<\/strong> peri\u00f3dica com fertilizantes para flora\u00e7\u00e3o na primavera e no ver\u00e3o.<\/p>\n\n\n\n<h2 class=\"wp-block-heading\">Como fazer a flor flamingo florescer com mais frequ\u00eancia?<\/h2>\n\n\n\n<p>Para quem deseja entender como fazer a flor flamingo florescer de forma abundante, a <strong>poda<\/strong> \u00e9 uma pr\u00e1tica decisiva. Ap\u00f3s cada flora\u00e7\u00e3o, retirar as pontas dos ramos que sustentaram as espigas antigas estimula novos brotos laterais, que ser\u00e3o respons\u00e1veis pelas pr\u00f3ximas flores. Assim, a planta se mant\u00e9m mais cheia, equilibrada e com mais <a href=\"https:\/\/www.em.com.br\/emfoco\/2026\/04\/21\/6-frutas-que-entram-na-rotina-e-ajudam-a-proteger-o-coracao-de-forma-mais-inteligente\/\" target=\"_blank\" rel=\"noreferrer noopener\">infloresc\u00eancias <\/a>ao longo do ano.<\/p>\n\n\n\n<p>A <strong>luminosidade<\/strong> tamb\u00e9m interfere diretamente na produ\u00e7\u00e3o de flores. Em locais muito sombreados, a planta tende a alongar os ramos em busca de luz, ficando rala e com menos impacto visual. Por outro lado, ambientes com algumas horas de sol suave pela manh\u00e3 ou no fim da tarde costumam favorecer floradas intensas, desde que se evite o sol forte do meio-dia por muitas horas seguidas.<\/p>\n\n\n\n<p>Conte\u00fado do canal <strong>Spagnhol Plantas<\/strong>, com mais de 1.6 milh\u00f5es de inscritos e cerca de 5.7 mil de visualiza\u00e7\u00f5es:<\/p>\n\n\n\n<figure class=\"wp-block-embed is-type-video is-provider-youtube wp-block-embed-youtube wp-embed-aspect-16-9 wp-has-aspect-ratio\"><div class=\"wp-block-embed__wrapper\">\n<div class=\"jeg_video_container jeg_video_content\"><iframe loading=\"lazy\" title=\"Planta Flamingo (Justi\u00e7a Rosa): Como Cuidar e Fazer Florescer Mais\" width=\"500\" height=\"281\" src=\"https:\/\/www.youtube.com\/embed\/kMDMI6YGQOI?feature=oembed\" frameborder=\"0\" allow=\"accelerometer; autoplay; clipboard-write; encrypted-media; gyroscope; picture-in-picture; web-share\" referrerpolicy=\"strict-origin-when-cross-origin\" allowfullscreen><\/iframe><\/div>\n<\/div><\/figure>\n\n\n\n<h2 class=\"wp-block-heading\">Como cultivar planta flamingo em vaso?<\/h2>\n\n\n\n<p>O cultivo da planta flamingo em vaso \u00e9 muito comum em varandas, sacadas e \u00e1reas de servi\u00e7o bem iluminadas. Vasos com pelo menos 30 a 40 cent\u00edmetros de di\u00e2metro permitem a forma\u00e7\u00e3o de touceiras mais densas e um sistema <strong>radicular<\/strong> saud\u00e1vel. Em recipientes muito pequenos, a planta pode ficar mais sens\u00edvel \u00e0 falta de \u00e1gua e \u00e0 varia\u00e7\u00e3o de temperatura.<\/p>\n\n\n\n<p>Para manter a justi\u00e7a rosa saud\u00e1vel em recipientes, alguns cuidados espec\u00edficos ajudam a garantir o bom desenvolvimento da planta e a continuidade das floradas, mesmo em espa\u00e7os <strong>reduzidos<\/strong>.<\/p>\n\n\n\n<ul class=\"wp-block-list\">\n<li>Escolher vasos com boa <strong>drenagem<\/strong>, evitando ac\u00famulo de \u00e1gua nas ra\u00edzes.<\/li>\n\n\n\n<li>Utilizar substrato leve, f\u00e9rtil e bem aerado, com mat\u00e9ria org\u00e2nica.<\/li>\n\n\n\n<li>Monitorar a rega com mais aten\u00e7\u00e3o em dias quentes ou ventosos.<\/li>\n\n\n\n<li>Girar o vaso periodicamente para que todos os lados recebam claridade.<\/li>\n<\/ul>\n\n\n\n<h2 class=\"wp-block-heading\">Como fazer o cultivo da justi\u00e7a rosa em jardim e no paisagismo?<\/h2>\n\n\n\n<p>No jardim, o cultivo da justi\u00e7a rosa costuma ser feito em grupo, criando maci\u00e7os de cor intensa. Quando plantada em fileiras, pode funcionar como <strong>cerca-viva<\/strong> de meia sombra, delimitando caminhos e canteiros. Em condi\u00e7\u00f5es favor\u00e1veis, os arbustos podem atingir cerca de 1,5 a 1,8 metro de altura, com crescimento moderado e bom efeito ornamental.<\/p>\n\n\n\n<p>Para organizar um canteiro com flor flamingo em meia sombra, \u00e9 <a href=\"https:\/\/educapes.capes.gov.br\/bitstream\/capes\/599682\/2\/Cartilha%20Agroecologica.pdf\" target=\"_blank\" rel=\"noreferrer noopener\">importante <\/a>conciliar espa\u00e7o, luz e manuten\u00e7\u00e3o. A variedade de flores brancas, <strong>Justicia carnea alba<\/strong>, pode ser combinada \u00e0 vers\u00e3o rosada para criar contraste, al\u00e9m de atrair beija-flores e outras aves ao longo do ano, enriquecendo a biodiversidade do jardim.<\/p>\n\n\n\n<ol class=\"wp-block-list\">\n<li>Escolher um espa\u00e7o protegido do sol forte, mas com boa circula\u00e7\u00e3o de ar.<\/li>\n\n\n\n<li>Preparar o solo com mat\u00e9ria org\u00e2nica e boa drenagem.<\/li>\n\n\n\n<li>Respeitar espa\u00e7amento de cerca de 60 a 80 cm entre as <strong>mudas<\/strong>.<\/li>\n\n\n\n<li>Realizar podas leves ap\u00f3s cada flora\u00e7\u00e3o para estimular novos brotos.<\/li>\n\n\n\n<li>Manter aduba\u00e7\u00e3o regular, principalmente na primavera e no ver\u00e3o.<\/li>\n<\/ol>\n","protected":false},"excerpt":{"rendered":"<p>A planta flamingo, conhecida popularmente como justi\u00e7a rosa e cientificamente como Justicia carnea, tem se tornado presen\u00e7a constante em jardins e varandas no Brasil. Origin\u00e1ria da Mata Atl\u00e2ntica, essa esp\u00e9cie arbustiva \u00e9 apreciada pelas flores em forma de espiga, em tons de rosa intenso, que se destacam mesmo em espa\u00e7os pequenos. Al\u00e9m do apelo est\u00e9tico, [&hellip;]<\/p>\n","protected":false},"author":15,"featured_media":197900,"comment_status":"open","ping_status":"open","sticky":false,"template":"","format":"standard","meta":{"jnews-multi-image_gallery":[],"jnews_single_post":{"format":"standard"},"jnews_primary_category":[],"jnews_social_meta":[],"jnews_override_counter":[],"footnotes":""},"categories":[8819],"tags":[3357,3358],"class_list":["post-197118","post","type-post","status-publish","format-standard","has-post-thumbnail","hentry","category-curiosidades","tag-flores","tag-jardinagem"],"yoast_head":"<!-- This site is optimized with the Yoast SEO plugin v23.8 - https:\/\/yoast.com\/wordpress\/plugins\/seo\/ -->\n<title>Planta flamingo como cuidar e fazer florescer mais com luz, poda e rega no ponto certo - Estado de Minas - Em foco<\/title>\n<meta name=\"description\" content=\"A planta flamingo floresce melhor com meia sombra, regas regulares, poda ap\u00f3s a flora\u00e7\u00e3o e aduba\u00e7\u00e3o equilibrada, formando touceiras\" \/>\n<meta name=\"robots\" content=\"index, follow, max-snippet:-1, max-image-preview:large, max-video-preview:-1\" \/>\n<link rel=\"canonical\" href=\"https:\/\/www.em.com.br\/emfoco\/2026\/04\/24\/planta-flamingo-como-cuidar-e-fazer-florescer-mais-com-luz-poda-e-rega-no-ponto-certo\/\" \/>\n<meta property=\"og:locale\" content=\"pt_BR\" \/>\n<meta property=\"og:type\" content=\"article\" \/>\n<meta property=\"og:title\" content=\"Planta flamingo como cuidar e fazer florescer mais com luz, poda e rega no ponto certo - Estado de Minas - Em foco\" \/>\n<meta property=\"og:description\" content=\"A planta flamingo floresce melhor com meia sombra, regas regulares, poda ap\u00f3s a flora\u00e7\u00e3o e aduba\u00e7\u00e3o equilibrada, formando touceiras\" \/>\n<meta property=\"og:url\" content=\"https:\/\/www.em.com.br\/emfoco\/2026\/04\/24\/planta-flamingo-como-cuidar-e-fazer-florescer-mais-com-luz-poda-e-rega-no-ponto-certo\/\" \/>\n<meta property=\"og:site_name\" content=\"Estado de Minas - Em foco\" \/>\n<meta property=\"article:published_time\" content=\"2026-04-24T17:15:00+00:00\" \/>\n<meta property=\"article:modified_time\" content=\"2026-04-23T17:00:27+00:00\" \/>\n<meta property=\"og:image\" content=\"https:\/\/www.em.com.br\/emfoco\/wp-content\/uploads\/2026\/04\/EmFoco_14-6.jpg\" \/>\n\t<meta property=\"og:image:width\" content=\"1280\" \/>\n\t<meta property=\"og:image:height\" content=\"720\" \/>\n\t<meta property=\"og:image:type\" content=\"image\/jpeg\" \/>\n<meta name=\"author\" content=\"Douglas Myth\" \/>\n<meta name=\"twitter:card\" content=\"summary_large_image\" \/>\n<meta name=\"twitter:label1\" content=\"Escrito por\" \/>\n\t<meta name=\"twitter:data1\" content=\"Douglas Myth\" \/>\n\t<meta name=\"twitter:label2\" content=\"Est. tempo de leitura\" \/>\n\t<meta name=\"twitter:data2\" content=\"5 minutos\" \/>\n<!-- \/ Yoast SEO plugin. -->","yoast_head_json":{"title":"Planta flamingo como cuidar e fazer florescer mais com luz, poda e rega no ponto certo - Estado de Minas - Em foco","description":"A planta flamingo floresce melhor com meia sombra, regas regulares, poda ap\u00f3s a flora\u00e7\u00e3o e aduba\u00e7\u00e3o equilibrada, formando touceiras","robots":{"index":"index","follow":"follow","max-snippet":"max-snippet:-1","max-image-preview":"max-image-preview:large","max-video-preview":"max-video-preview:-1"},"canonical":"https:\/\/www.em.com.br\/emfoco\/2026\/04\/24\/planta-flamingo-como-cuidar-e-fazer-florescer-mais-com-luz-poda-e-rega-no-ponto-certo\/","og_locale":"pt_BR","og_type":"article","og_title":"Planta flamingo como cuidar e fazer florescer mais com luz, poda e rega no ponto certo - Estado de Minas - Em foco","og_description":"A planta flamingo floresce melhor com meia sombra, regas regulares, poda ap\u00f3s a flora\u00e7\u00e3o e aduba\u00e7\u00e3o equilibrada, formando touceiras","og_url":"https:\/\/www.em.com.br\/emfoco\/2026\/04\/24\/planta-flamingo-como-cuidar-e-fazer-florescer-mais-com-luz-poda-e-rega-no-ponto-certo\/","og_site_name":"Estado de Minas - Em foco","article_published_time":"2026-04-24T17:15:00+00:00","article_modified_time":"2026-04-23T17:00:27+00:00","og_image":[{"width":1280,"height":720,"url":"https:\/\/www.em.com.br\/emfoco\/wp-content\/uploads\/2026\/04\/EmFoco_14-6.jpg","type":"image\/jpeg"}],"author":"Douglas Myth","twitter_card":"summary_large_image","twitter_misc":{"Escrito por":"Douglas Myth","Est. tempo de leitura":"5 minutos"},"schema":{"@context":"https:\/\/schema.org","@graph":[{"@type":"WebPage","@id":"https:\/\/www.em.com.br\/emfoco\/2026\/04\/24\/planta-flamingo-como-cuidar-e-fazer-florescer-mais-com-luz-poda-e-rega-no-ponto-certo\/","url":"https:\/\/www.em.com.br\/emfoco\/2026\/04\/24\/planta-flamingo-como-cuidar-e-fazer-florescer-mais-com-luz-poda-e-rega-no-ponto-certo\/","name":"Planta flamingo como cuidar e fazer florescer mais com luz, poda e rega no ponto certo - Estado de Minas - Em foco","isPartOf":{"@id":"https:\/\/www.em.com.br\/emfoco\/#website"},"primaryImageOfPage":{"@id":"https:\/\/www.em.com.br\/emfoco\/2026\/04\/24\/planta-flamingo-como-cuidar-e-fazer-florescer-mais-com-luz-poda-e-rega-no-ponto-certo\/#primaryimage"},"image":{"@id":"https:\/\/www.em.com.br\/emfoco\/2026\/04\/24\/planta-flamingo-como-cuidar-e-fazer-florescer-mais-com-luz-poda-e-rega-no-ponto-certo\/#primaryimage"},"thumbnailUrl":"https:\/\/www.em.com.br\/emfoco\/wp-content\/uploads\/2026\/04\/EmFoco_14-6.jpg","datePublished":"2026-04-24T17:15:00+00:00","dateModified":"2026-04-23T17:00:27+00:00","author":{"@id":"https:\/\/www.em.com.br\/emfoco\/#\/schema\/person\/bba594b7eebe9b9885fec3a5c7837089"},"description":"A planta flamingo floresce melhor com meia sombra, regas regulares, poda ap\u00f3s a flora\u00e7\u00e3o e aduba\u00e7\u00e3o equilibrada, formando touceiras","breadcrumb":{"@id":"https:\/\/www.em.com.br\/emfoco\/2026\/04\/24\/planta-flamingo-como-cuidar-e-fazer-florescer-mais-com-luz-poda-e-rega-no-ponto-certo\/#breadcrumb"},"inLanguage":"pt-BR","potentialAction":[{"@type":"ReadAction","target":["https:\/\/www.em.com.br\/emfoco\/2026\/04\/24\/planta-flamingo-como-cuidar-e-fazer-florescer-mais-com-luz-poda-e-rega-no-ponto-certo\/"]}]},{"@type":"ImageObject","inLanguage":"pt-BR","@id":"https:\/\/www.em.com.br\/emfoco\/2026\/04\/24\/planta-flamingo-como-cuidar-e-fazer-florescer-mais-com-luz-poda-e-rega-no-ponto-certo\/#primaryimage","url":"https:\/\/www.em.com.br\/emfoco\/wp-content\/uploads\/2026\/04\/EmFoco_14-6.jpg","contentUrl":"https:\/\/www.em.com.br\/emfoco\/wp-content\/uploads\/2026\/04\/EmFoco_14-6.jpg","width":1280,"height":720,"caption":"Arbusto ornamental de meia sombra exige podas regulares para flora\u00e7\u00f5es rosadas intensas"},{"@type":"BreadcrumbList","@id":"https:\/\/www.em.com.br\/emfoco\/2026\/04\/24\/planta-flamingo-como-cuidar-e-fazer-florescer-mais-com-luz-poda-e-rega-no-ponto-certo\/#breadcrumb","itemListElement":[{"@type":"ListItem","position":1,"name":"In\u00edcio","item":"https:\/\/www.em.com.br\/emfoco\/"},{"@type":"ListItem","position":2,"name":"Planta flamingo como cuidar e fazer florescer mais com luz, poda e rega no ponto certo"}]},{"@type":"WebSite","@id":"https:\/\/www.em.com.br\/emfoco\/#website","url":"https:\/\/www.em.com.br\/emfoco\/","name":"Estado de Minas - Em foco","description":"Acompanhe as \u00faltimas not\u00edcias e fique bem informado sobre tudo o que acontece em Minas Gerais, Brasil e no mundo.","potentialAction":[{"@type":"SearchAction","target":{"@type":"EntryPoint","urlTemplate":"https:\/\/www.em.com.br\/emfoco\/?s={search_term_string}"},"query-input":{"@type":"PropertyValueSpecification","valueRequired":true,"valueName":"search_term_string"}}],"inLanguage":"pt-BR"},{"@type":"Person","@id":"https:\/\/www.em.com.br\/emfoco\/#\/schema\/person\/bba594b7eebe9b9885fec3a5c7837089","name":"Douglas Myth","image":{"@type":"ImageObject","inLanguage":"pt-BR","@id":"https:\/\/www.em.com.br\/emfoco\/#\/schema\/person\/image\/","url":"https:\/\/secure.gravatar.com\/avatar\/1ac3cf50d0e68642c697dc0c960c802f?s=96&d=mm&r=g","contentUrl":"https:\/\/secure.gravatar.com\/avatar\/1ac3cf50d0e68642c697dc0c960c802f?s=96&d=mm&r=g","caption":"Douglas Myth"},"url":"https:\/\/www.em.com.br\/emfoco\/author\/douglasmyth\/"}]}},"_links":{"self":[{"href":"https:\/\/www.em.com.br\/emfoco\/wp-json\/wp\/v2\/posts\/197118","targetHints":{"allow":["GET"]}}],"collection":[{"href":"https:\/\/www.em.com.br\/emfoco\/wp-json\/wp\/v2\/posts"}],"about":[{"href":"https:\/\/www.em.com.br\/emfoco\/wp-json\/wp\/v2\/types\/post"}],"author":[{"embeddable":true,"href":"https:\/\/www.em.com.br\/emfoco\/wp-json\/wp\/v2\/users\/15"}],"replies":[{"embeddable":true,"href":"https:\/\/www.em.com.br\/emfoco\/wp-json\/wp\/v2\/comments?post=197118"}],"version-history":[{"count":2,"href":"https:\/\/www.em.com.br\/emfoco\/wp-json\/wp\/v2\/posts\/197118\/revisions"}],"predecessor-version":[{"id":197121,"href":"https:\/\/www.em.com.br\/emfoco\/wp-json\/wp\/v2\/posts\/197118\/revisions\/197121"}],"wp:featuredmedia":[{"embeddable":true,"href":"https:\/\/www.em.com.br\/emfoco\/wp-json\/wp\/v2\/media\/197900"}],"wp:attachment":[{"href":"https:\/\/www.em.com.br\/emfoco\/wp-json\/wp\/v2\/media?parent=197118"}],"wp:term":[{"taxonomy":"category","embeddable":true,"href":"https:\/\/www.em.com.br\/emfoco\/wp-json\/wp\/v2\/categories?post=197118"},{"taxonomy":"post_tag","embeddable":true,"href":"https:\/\/www.em.com.br\/emfoco\/wp-json\/wp\/v2\/tags?post=197118"}],"curies":[{"name":"wp","href":"https:\/\/api.w.org\/{rel}","templated":true}]}}