{"id":197087,"date":"2026-04-28T09:45:00","date_gmt":"2026-04-28T12:45:00","guid":{"rendered":"https:\/\/www.em.com.br\/emfoco\/?p=197087"},"modified":"2026-04-28T09:13:41","modified_gmt":"2026-04-28T12:13:41","slug":"fgts-muda-em-2026-e-pega-muitos-trabalhadores-de-surpresa-no-saque-aniversario","status":"publish","type":"post","link":"https:\/\/www.em.com.br\/emfoco\/2026\/04\/28\/fgts-muda-em-2026-e-pega-muitos-trabalhadores-de-surpresa-no-saque-aniversario\/","title":{"rendered":"FGTS muda em 2026 e pega muitos trabalhadores de surpresa no Saque-anivers\u00e1rio"},"content":{"rendered":"\n<p>O <strong>FGTS<\/strong> passar\u00e1 por uma transforma\u00e7\u00e3o profunda em suas regras de resgate e antecipa\u00e7\u00e3o nos pr\u00f3ximos meses. As altera\u00e7\u00f5es, validadas pelo conselho gestor, visam reestruturar a forma como o trabalhador interage com o fundo, priorizando a reserva para momentos de desemprego.<\/p>\n\n\n\n<h2 class=\"wp-block-heading\">Como funciona o saque-anivers\u00e1rio atualmente?<\/h2>\n\n\n\n<p>Implementado originalmente em <strong>2019<\/strong>, o saque-anivers\u00e1rio permite que o cidad\u00e3o retire uma parcela do fundo anualmente no m\u00eas do seu nascimento. O c\u00e1lculo utiliza al\u00edquotas que variam de <strong>5%<\/strong> a <strong>50%<\/strong> do saldo total acumulado na conta vinculada.<\/p>\n\n\n\n<p>Entretanto, ao optar por essa modalidade, o trabalhador abre m\u00e3o do saque integral em caso de demiss\u00e3o sem justa causa. Para entender a origem e a fun\u00e7\u00e3o social desse fundo, \u00e9 recomend\u00e1vel consultar a hist\u00f3ria do FGTS no sistema trabalhista brasileiro.<\/p>\n\n\n<div class=\"wp-block-image\">\n<figure class=\"aligncenter size-large\"><img decoding=\"async\" src=\"https:\/\/terrabrasilnoticias.com\/wp-content\/uploads\/2025\/02\/FGTS-brazil_1739549785419-1024x576.jpg\" alt=\"FGTS e dinheiro - Cr\u00e9ditos: depositphotos.com \/ Etalbr\" class=\"wp-image-274472\"\/><figcaption class=\"wp-element-caption\">FGTS e dinheiro &#8211; Cr\u00e9ditos: depositphotos.com \/ Etalbr<\/figcaption><\/figure><\/div>\n\n\n<h2 class=\"wp-block-heading\">Quais s\u00e3o as novas travas para antecipa\u00e7\u00e3o em 2026?<\/h2>\n\n\n\n<p>A partir de novembro de 2026, as regras de cr\u00e9dito ficar\u00e3o significativamente mais rigorosas para quem deseja adiantar os valores. O n\u00famero m\u00e1ximo de parcelas permitidas para antecipa\u00e7\u00e3o ser\u00e1 reduzido para apenas <strong>3 parcelas<\/strong> por opera\u00e7\u00e3o contratada.<\/p>\n\n\n\n<p>Al\u00e9m da redu\u00e7\u00e3o no n\u00famero de anos antecipados, o governo estabeleceu um teto financeiro de <strong>R$ 1.500<\/strong> por opera\u00e7\u00e3o. Essa medida foi desenhada pela <strong>Caixa Econ\u00f4mica Federal<\/strong> para evitar o endividamento excessivo utilizando o patrim\u00f4nio do trabalhador como garantia banc\u00e1ria.<\/p>\n\n\n\n<h2 class=\"wp-block-heading\">Qual o impacto das mudan\u00e7as no or\u00e7amento do trabalhador?<\/h2>\n\n\n\n<p>As novas normas imp\u00f5em uma car\u00eancia obrigat\u00f3ria de <strong>90 dias<\/strong> ap\u00f3s a ades\u00e3o \u00e0 modalidade antes que qualquer empr\u00e9stimo seja solicitado. Essa trava temporal impede decis\u00f5es impulsivas e garante que o usu\u00e1rio compreenda as limita\u00e7\u00f5es do novo modelo de <strong>FGTS<\/strong>.<\/p>\n\n\n\n<p>Abaixo, detalhamos a evolu\u00e7\u00e3o dos limites de cr\u00e9dito conforme o cronograma oficial de implementa\u00e7\u00e3o:<\/p>\n\n\n<div class=\"wp-block-image\">\n<figure class=\"aligncenter size-large is-resized\"><img decoding=\"async\" src=\"https:\/\/terrabrasilnoticias.com\/wp-content\/uploads\/2026\/04\/image-585-1024x737.png\" alt=\"\" class=\"wp-image-453178\" style=\"aspect-ratio:1.3898066000965144;width:800px;height:auto\"\/><\/figure><\/div>\n\n\n<h2 class=\"wp-block-heading\">Por que o governo decidiu restringir os saques?<\/h2>\n\n\n\n<p>O <strong>Minist\u00e9rio do Trabalho e Emprego<\/strong> defende que a pulveriza\u00e7\u00e3o do saldo em pequenas antecipa\u00e7\u00f5es prejudica a fun\u00e7\u00e3o principal do fundo. Segundo a pasta, as restri\u00e7\u00f5es devem preservar cerca de <strong>R$ 84,6 bilh\u00f5es<\/strong> nas contas dos brasileiros at\u00e9 o ano de 2030.<\/p>\n\n\n\n<p>Essa reten\u00e7\u00e3o de valores \u00e9 vista como estrat\u00e9gica para financiar programas de habita\u00e7\u00e3o popular e infraestrutura urbana. Para acompanhar as diretrizes atualizadas e comunicados oficiais, o site do <a href=\"https:\/\/www.gov.br\/trabalho-e-emprego\/pt-br\" target=\"_blank\" rel=\"noreferrer noopener\">Minist\u00e9rio do Trabalho e Emprego<\/a> oferece suporte informativo completo sobre as novas portarias.<\/p>\n\n\n\n<h2 class=\"wp-block-heading\">Como fica o resgate para quem foi demitido e ainda vale a pena?<\/h2>\n\n\n\n<p>Uma medida provis\u00f3ria recente buscou corrigir distor\u00e7\u00f5es para quem estava com o saldo bloqueado devido a empr\u00e9stimos antigos. Cerca de <strong>14,1 milh\u00f5es<\/strong> de pessoas que foram demitidas desde 2020 ganharam o direito de reaver valores que antes estavam retidos por contratos banc\u00e1rios.<\/p>\n\n\n\n<p>A decis\u00e3o depende da necessidade imediata de liquidez versus a seguran\u00e7a de ter o montante total dispon\u00edvel em uma rescis\u00e3o. Atualmente, <strong>21,5 milh\u00f5es<\/strong> de trabalhadores aderiram ao sistema, o que representa mais da metade das contas ativas registradas hoje.<\/p>\n\n\n\n<h2 class=\"wp-block-heading\">Como consultar o novo saldo dispon\u00edvel?<\/h2>\n\n\n\n<p>O trabalhador deve utilizar os canais digitais oficiais para verificar como as novas al\u00edquotas e limites impactam sua conta individual. O aplicativo oficial do fundo permite simular os valores conforme a <strong>Tabela Fipe<\/strong> de juros e as novas regras de 2026.<\/p>\n\n\n\n<p>Mantenha seus dados cadastrais sempre atualizados para evitar problemas no processamento dos pagamentos autom\u00e1ticos no m\u00eas do seu anivers\u00e1rio. O acompanhamento constante garante que o cidad\u00e3o n\u00e3o seja pego de surpresa pelas novas travas de seguran\u00e7a que passam a vigorar plenamente no pr\u00f3ximo ciclo.<\/p>\n","protected":false},"excerpt":{"rendered":"<p>O FGTS passar\u00e1 por uma transforma\u00e7\u00e3o profunda em suas regras de resgate e antecipa\u00e7\u00e3o nos pr\u00f3ximos meses. As altera\u00e7\u00f5es, validadas pelo conselho gestor, visam reestruturar a forma como o trabalhador interage com o fundo, priorizando a reserva para momentos de desemprego. Como funciona o saque-anivers\u00e1rio atualmente? Implementado originalmente em 2019, o saque-anivers\u00e1rio permite que o [&hellip;]<\/p>\n","protected":false},"author":30,"featured_media":197525,"comment_status":"open","ping_status":"open","sticky":false,"template":"","format":"standard","meta":{"jnews-multi-image_gallery":[],"jnews_single_post":{"format":"standard"},"jnews_primary_category":[],"jnews_social_meta":[],"jnews_override_counter":[],"footnotes":""},"categories":[28],"tags":[255,1036,28541,3386],"class_list":["post-197087","post","type-post","status-publish","format-standard","has-post-thumbnail","hentry","category-economia","tag-aplicativo","tag-fgts","tag-saque-aniversairo","tag-smartphone"],"yoast_head":"<!-- This site is optimized with the Yoast SEO plugin v23.8 - https:\/\/yoast.com\/wordpress\/plugins\/seo\/ -->\n<title>FGTS muda em 2026 e pega muitos trabalhadores de surpresa no Saque-anivers\u00e1rio - Estado de Minas - Em foco<\/title>\n<meta name=\"description\" content=\"Entenda a mudan\u00e7a no FGTS para 2026 que pega muita gente de surpresa. Veja o que altera nas regras do Saque-anivers\u00e1rio agora.\" \/>\n<meta name=\"robots\" content=\"index, follow, max-snippet:-1, max-image-preview:large, max-video-preview:-1\" \/>\n<link rel=\"canonical\" href=\"https:\/\/www.em.com.br\/emfoco\/2026\/04\/28\/fgts-muda-em-2026-e-pega-muitos-trabalhadores-de-surpresa-no-saque-aniversario\/\" \/>\n<meta property=\"og:locale\" content=\"pt_BR\" \/>\n<meta property=\"og:type\" content=\"article\" \/>\n<meta property=\"og:title\" content=\"FGTS muda em 2026 e pega muitos trabalhadores de surpresa no Saque-anivers\u00e1rio - Estado de Minas - Em foco\" \/>\n<meta property=\"og:description\" content=\"Entenda a mudan\u00e7a no FGTS para 2026 que pega muita gente de surpresa. Veja o que altera nas regras do Saque-anivers\u00e1rio agora.\" \/>\n<meta property=\"og:url\" content=\"https:\/\/www.em.com.br\/emfoco\/2026\/04\/28\/fgts-muda-em-2026-e-pega-muitos-trabalhadores-de-surpresa-no-saque-aniversario\/\" \/>\n<meta property=\"og:site_name\" content=\"Estado de Minas - Em foco\" \/>\n<meta property=\"article:published_time\" content=\"2026-04-28T12:45:00+00:00\" \/>\n<meta property=\"article:modified_time\" content=\"2026-04-28T12:13:41+00:00\" \/>\n<meta property=\"og:image\" content=\"https:\/\/www.em.com.br\/emfoco\/wp-content\/uploads\/2026\/04\/EmFoco_29-4.jpg\" \/>\n\t<meta property=\"og:image:width\" content=\"1280\" \/>\n\t<meta property=\"og:image:height\" content=\"720\" \/>\n\t<meta property=\"og:image:type\" content=\"image\/jpeg\" \/>\n<meta name=\"author\" content=\"Guilherme Ara\u00fajo\" \/>\n<meta name=\"twitter:card\" content=\"summary_large_image\" \/>\n<meta name=\"twitter:label1\" content=\"Escrito por\" \/>\n\t<meta name=\"twitter:data1\" content=\"Guilherme Ara\u00fajo\" \/>\n\t<meta name=\"twitter:label2\" content=\"Est. tempo de leitura\" \/>\n\t<meta name=\"twitter:data2\" content=\"4 minutos\" \/>\n<!-- \/ Yoast SEO plugin. -->","yoast_head_json":{"title":"FGTS muda em 2026 e pega muitos trabalhadores de surpresa no Saque-anivers\u00e1rio - Estado de Minas - Em foco","description":"Entenda a mudan\u00e7a no FGTS para 2026 que pega muita gente de surpresa. Veja o que altera nas regras do Saque-anivers\u00e1rio agora.","robots":{"index":"index","follow":"follow","max-snippet":"max-snippet:-1","max-image-preview":"max-image-preview:large","max-video-preview":"max-video-preview:-1"},"canonical":"https:\/\/www.em.com.br\/emfoco\/2026\/04\/28\/fgts-muda-em-2026-e-pega-muitos-trabalhadores-de-surpresa-no-saque-aniversario\/","og_locale":"pt_BR","og_type":"article","og_title":"FGTS muda em 2026 e pega muitos trabalhadores de surpresa no Saque-anivers\u00e1rio - Estado de Minas - Em foco","og_description":"Entenda a mudan\u00e7a no FGTS para 2026 que pega muita gente de surpresa. Veja o que altera nas regras do Saque-anivers\u00e1rio agora.","og_url":"https:\/\/www.em.com.br\/emfoco\/2026\/04\/28\/fgts-muda-em-2026-e-pega-muitos-trabalhadores-de-surpresa-no-saque-aniversario\/","og_site_name":"Estado de Minas - Em foco","article_published_time":"2026-04-28T12:45:00+00:00","article_modified_time":"2026-04-28T12:13:41+00:00","og_image":[{"width":1280,"height":720,"url":"https:\/\/www.em.com.br\/emfoco\/wp-content\/uploads\/2026\/04\/EmFoco_29-4.jpg","type":"image\/jpeg"}],"author":"Guilherme Ara\u00fajo","twitter_card":"summary_large_image","twitter_misc":{"Escrito por":"Guilherme Ara\u00fajo","Est. tempo de leitura":"4 minutos"},"schema":{"@context":"https:\/\/schema.org","@graph":[{"@type":"WebPage","@id":"https:\/\/www.em.com.br\/emfoco\/2026\/04\/28\/fgts-muda-em-2026-e-pega-muitos-trabalhadores-de-surpresa-no-saque-aniversario\/","url":"https:\/\/www.em.com.br\/emfoco\/2026\/04\/28\/fgts-muda-em-2026-e-pega-muitos-trabalhadores-de-surpresa-no-saque-aniversario\/","name":"FGTS muda em 2026 e pega muitos trabalhadores de surpresa no Saque-anivers\u00e1rio - Estado de Minas - Em foco","isPartOf":{"@id":"https:\/\/www.em.com.br\/emfoco\/#website"},"primaryImageOfPage":{"@id":"https:\/\/www.em.com.br\/emfoco\/2026\/04\/28\/fgts-muda-em-2026-e-pega-muitos-trabalhadores-de-surpresa-no-saque-aniversario\/#primaryimage"},"image":{"@id":"https:\/\/www.em.com.br\/emfoco\/2026\/04\/28\/fgts-muda-em-2026-e-pega-muitos-trabalhadores-de-surpresa-no-saque-aniversario\/#primaryimage"},"thumbnailUrl":"https:\/\/www.em.com.br\/emfoco\/wp-content\/uploads\/2026\/04\/EmFoco_29-4.jpg","datePublished":"2026-04-28T12:45:00+00:00","dateModified":"2026-04-28T12:13:41+00:00","author":{"@id":"https:\/\/www.em.com.br\/emfoco\/#\/schema\/person\/5379e929a4b966c775d121e23f9bb421"},"description":"Entenda a mudan\u00e7a no FGTS para 2026 que pega muita gente de surpresa. Veja o que altera nas regras do Saque-anivers\u00e1rio agora.","breadcrumb":{"@id":"https:\/\/www.em.com.br\/emfoco\/2026\/04\/28\/fgts-muda-em-2026-e-pega-muitos-trabalhadores-de-surpresa-no-saque-aniversario\/#breadcrumb"},"inLanguage":"pt-BR","potentialAction":[{"@type":"ReadAction","target":["https:\/\/www.em.com.br\/emfoco\/2026\/04\/28\/fgts-muda-em-2026-e-pega-muitos-trabalhadores-de-surpresa-no-saque-aniversario\/"]}]},{"@type":"ImageObject","inLanguage":"pt-BR","@id":"https:\/\/www.em.com.br\/emfoco\/2026\/04\/28\/fgts-muda-em-2026-e-pega-muitos-trabalhadores-de-surpresa-no-saque-aniversario\/#primaryimage","url":"https:\/\/www.em.com.br\/emfoco\/wp-content\/uploads\/2026\/04\/EmFoco_29-4.jpg","contentUrl":"https:\/\/www.em.com.br\/emfoco\/wp-content\/uploads\/2026\/04\/EmFoco_29-4.jpg","width":1280,"height":720,"caption":"Novas regras de 2026 restringem antecipa\u00e7\u00e3o do saque-anivers\u00e1rio para preservar saldo"},{"@type":"BreadcrumbList","@id":"https:\/\/www.em.com.br\/emfoco\/2026\/04\/28\/fgts-muda-em-2026-e-pega-muitos-trabalhadores-de-surpresa-no-saque-aniversario\/#breadcrumb","itemListElement":[{"@type":"ListItem","position":1,"name":"In\u00edcio","item":"https:\/\/www.em.com.br\/emfoco\/"},{"@type":"ListItem","position":2,"name":"FGTS muda em 2026 e pega muitos trabalhadores de surpresa no Saque-anivers\u00e1rio"}]},{"@type":"WebSite","@id":"https:\/\/www.em.com.br\/emfoco\/#website","url":"https:\/\/www.em.com.br\/emfoco\/","name":"Estado de Minas - Em foco","description":"Acompanhe as \u00faltimas not\u00edcias e fique bem informado sobre tudo o que acontece em Minas Gerais, Brasil e no mundo.","potentialAction":[{"@type":"SearchAction","target":{"@type":"EntryPoint","urlTemplate":"https:\/\/www.em.com.br\/emfoco\/?s={search_term_string}"},"query-input":{"@type":"PropertyValueSpecification","valueRequired":true,"valueName":"search_term_string"}}],"inLanguage":"pt-BR"},{"@type":"Person","@id":"https:\/\/www.em.com.br\/emfoco\/#\/schema\/person\/5379e929a4b966c775d121e23f9bb421","name":"Guilherme Ara\u00fajo","image":{"@type":"ImageObject","inLanguage":"pt-BR","@id":"https:\/\/www.em.com.br\/emfoco\/#\/schema\/person\/image\/","url":"https:\/\/secure.gravatar.com\/avatar\/b8bf1fd0130e170bd8f5d7298dbafa25?s=96&d=mm&r=g","contentUrl":"https:\/\/secure.gravatar.com\/avatar\/b8bf1fd0130e170bd8f5d7298dbafa25?s=96&d=mm&r=g","caption":"Guilherme Ara\u00fajo"},"sameAs":["https:\/\/www.em.com.br\/emfoco"],"url":"https:\/\/www.em.com.br\/emfoco\/author\/guilhermeamyth\/"}]}},"_links":{"self":[{"href":"https:\/\/www.em.com.br\/emfoco\/wp-json\/wp\/v2\/posts\/197087","targetHints":{"allow":["GET"]}}],"collection":[{"href":"https:\/\/www.em.com.br\/emfoco\/wp-json\/wp\/v2\/posts"}],"about":[{"href":"https:\/\/www.em.com.br\/emfoco\/wp-json\/wp\/v2\/types\/post"}],"author":[{"embeddable":true,"href":"https:\/\/www.em.com.br\/emfoco\/wp-json\/wp\/v2\/users\/30"}],"replies":[{"embeddable":true,"href":"https:\/\/www.em.com.br\/emfoco\/wp-json\/wp\/v2\/comments?post=197087"}],"version-history":[{"count":1,"href":"https:\/\/www.em.com.br\/emfoco\/wp-json\/wp\/v2\/posts\/197087\/revisions"}],"predecessor-version":[{"id":197092,"href":"https:\/\/www.em.com.br\/emfoco\/wp-json\/wp\/v2\/posts\/197087\/revisions\/197092"}],"wp:featuredmedia":[{"embeddable":true,"href":"https:\/\/www.em.com.br\/emfoco\/wp-json\/wp\/v2\/media\/197525"}],"wp:attachment":[{"href":"https:\/\/www.em.com.br\/emfoco\/wp-json\/wp\/v2\/media?parent=197087"}],"wp:term":[{"taxonomy":"category","embeddable":true,"href":"https:\/\/www.em.com.br\/emfoco\/wp-json\/wp\/v2\/categories?post=197087"},{"taxonomy":"post_tag","embeddable":true,"href":"https:\/\/www.em.com.br\/emfoco\/wp-json\/wp\/v2\/tags?post=197087"}],"curies":[{"name":"wp","href":"https:\/\/api.w.org\/{rel}","templated":true}]}}