{"id":19624,"date":"2025-02-17T14:00:07","date_gmt":"2025-02-17T17:00:07","guid":{"rendered":"https:\/\/www.em.com.br\/emfoco\/?p=19624"},"modified":"2025-02-17T14:00:08","modified_gmt":"2025-02-17T17:00:08","slug":"se-voce-tem-18-anos-veja-como-obter-sua-cnh-totalmente-gratis","status":"publish","type":"post","link":"https:\/\/www.em.com.br\/emfoco\/2025\/02\/17\/se-voce-tem-18-anos-veja-como-obter-sua-cnh-totalmente-gratis\/","title":{"rendered":"Se voc\u00ea tem +18 anos veja como obter sua CNH totalmente GR\u00c1TIS!"},"content":{"rendered":"\n<p>O <strong>Programa CNH Social<\/strong> \u00e9 uma iniciativa governamental que visa facilitar o acesso \u00e0 <strong>Carteira Nacional de Habilita\u00e7\u00e3o (CNH)<\/strong> para pessoas de baixa renda. Este programa busca promover a inclus\u00e3o social, permitindo que indiv\u00edduos de grupos economicamente desfavorecidos obtenham a habilita\u00e7\u00e3o sem custos. Isso pode abrir portas para novas oportunidades de emprego e melhorar a mobilidade pessoal.<\/p>\n\n\n\n<p>Implementado em v\u00e1rios estados brasileiros, o programa possui regras espec\u00edficas que variam conforme a regi\u00e3o. O objetivo central \u00e9 democratizar o acesso \u00e0 habilita\u00e7\u00e3o, contribuindo para a melhoria da qualidade de vida dos participantes.<\/p>\n\n\n\n<h2 class=\"wp-block-heading\">Quem pode participar do Programa CNH Social?<\/h2>\n\n\n\n<p>Para se qualificar para o Programa CNH Social, os candidatos devem atender a determinados crit\u00e9rios socioecon\u00f4micos. Normalmente, \u00e9 necess\u00e1rio que a renda familiar n\u00e3o ultrapasse dois sal\u00e1rios m\u00ednimos. Al\u00e9m disso, o programa \u00e9 direcionado a:<\/p>\n\n\n\n<ul class=\"wp-block-list\">\n<li>Pessoas registradas no <strong>Cadastro \u00danico para Programas Sociais do Governo Federal (Cad\u00danico)<\/strong>.<\/li>\n\n\n\n<li>Estudantes de escolas p\u00fablicas que demonstram bom desempenho acad\u00eamico.<\/li>\n\n\n\n<li>Indiv\u00edduos com defici\u00eancia.<\/li>\n\n\n\n<li>Trabalhadores rurais e jovens de \u00e1reas agr\u00edcolas.<\/li>\n<\/ul>\n\n\n\n<p>Os candidatos precisam apresentar documenta\u00e7\u00e3o que comprove sua situa\u00e7\u00e3o econ\u00f4mica e podem ser submetidos a entrevistas ou visitas domiciliares para verifica\u00e7\u00e3o das informa\u00e7\u00f5es fornecidas.<\/p>\n\n\n\n<figure class=\"wp-block-image size-large\"><img loading=\"lazy\" decoding=\"async\" width=\"1024\" height=\"576\" src=\"https:\/\/www.em.com.br\/emfoco\/wp-content\/uploads\/2025\/01\/carros_1736619439471-1024x576.jpg\" alt=\"Carros Novos e Baratos em 2025? \u00c9 Poss\u00edvel! Descubra os Modelos Mais Acess\u00edveis\" class=\"wp-image-10016\" srcset=\"https:\/\/www.em.com.br\/emfoco\/wp-content\/uploads\/2025\/01\/carros_1736619439471-1024x576.jpg 1024w, https:\/\/www.em.com.br\/emfoco\/wp-content\/uploads\/2025\/01\/carros_1736619439471-300x169.jpg 300w, https:\/\/www.em.com.br\/emfoco\/wp-content\/uploads\/2025\/01\/carros_1736619439471-768x432.jpg 768w, https:\/\/www.em.com.br\/emfoco\/wp-content\/uploads\/2025\/01\/carros_1736619439471-750x422.jpg 750w, https:\/\/www.em.com.br\/emfoco\/wp-content\/uploads\/2025\/01\/carros_1736619439471-1140x641.jpg 1140w, https:\/\/www.em.com.br\/emfoco\/wp-content\/uploads\/2025\/01\/carros_1736619439471.jpg 1280w\" sizes=\"auto, (max-width: 1024px) 100vw, 1024px\" \/><figcaption class=\"wp-element-caption\">Imagem de Carros &#8211; Cr\u00e9ditos: depositphotos.com \/ welcomia<\/figcaption><\/figure>\n\n\n\n<h2 class=\"wp-block-heading\">Benef\u00edcios oferecidos pelo Programa CNH Social<\/h2>\n\n\n\n<p>Os participantes do Programa CNH Social t\u00eam acesso a diversos benef\u00edcios que tornam o processo de obten\u00e7\u00e3o da CNH mais acess\u00edvel. Entre os principais benef\u00edcios est\u00e3o:<\/p>\n\n\n\n<ol class=\"wp-block-list\">\n<li><strong>Isen\u00e7\u00e3o de taxas:<\/strong> Os participantes n\u00e3o precisam pagar pelas taxas relacionadas a exames m\u00e9dicos, aulas te\u00f3ricas e pr\u00e1ticas, al\u00e9m das taxas administrativas dos Detrans.<\/li>\n\n\n\n<li><strong>Aulas gratuitas:<\/strong> As aulas pr\u00e1ticas e te\u00f3ricas s\u00e3o oferecidas sem custo adicional em <strong>Centros de Forma\u00e7\u00e3o de Condutores (CFCs)<\/strong> credenciados.<\/li>\n\n\n\n<li><strong>Exames cobertos:<\/strong> Os custos dos exames te\u00f3ricos e pr\u00e1ticos necess\u00e1rios para a obten\u00e7\u00e3o da CNH s\u00e3o cobertos pelo programa.<\/li>\n<\/ol>\n\n\n\n<p>Esses benef\u00edcios n\u00e3o apenas aliviam o peso financeiro do processo de habilita\u00e7\u00e3o, mas tamb\u00e9m incentivam a forma\u00e7\u00e3o de motoristas mais conscientes e preparados, contribuindo para a seguran\u00e7a no tr\u00e2nsito.<\/p>\n\n\n\n<h2 class=\"wp-block-heading\">Como se inscrever no Programa CNH Social em 2025?<\/h2>\n\n\n\n<p>Para se inscrever no Programa CNH Social, \u00e9 importante seguir alguns passos b\u00e1sicos. Primeiramente, \u00e9 necess\u00e1rio verificar os crit\u00e9rios de elegibilidade no site do Detran do estado de resid\u00eancia. Cada estado pode ter requisitos espec\u00edficos e prazos diferentes.<\/p>\n\n\n\n<ul class=\"wp-block-list\">\n<li><strong>Documenta\u00e7\u00e3o:<\/strong> Re\u00fana documentos como RG, CPF, comprovante de resid\u00eancia e comprovante de renda ou inscri\u00e7\u00e3o no Cad\u00danico.<\/li>\n\n\n\n<li><strong>Inscri\u00e7\u00e3o:<\/strong> A inscri\u00e7\u00e3o geralmente \u00e9 feita online atrav\u00e9s do portal do Detran ou em postos de atendimento presenciais.<\/li>\n\n\n\n<li><strong>Acompanhamento:<\/strong> Ap\u00f3s a inscri\u00e7\u00e3o, \u00e9 importante acompanhar o processo para saber sobre a aprova\u00e7\u00e3o e as pr\u00f3ximas etapas.<\/li>\n<\/ul>\n\n\n\n<p>A disponibilidade do programa pode variar, portanto, \u00e9 essencial estar atento \u00e0s informa\u00e7\u00f5es locais para n\u00e3o perder a oportunidade.<\/p>\n\n\n\n<h2 class=\"wp-block-heading\">O que o futuro reserva para o Programa CNH Social?<\/h2>\n\n\n\n<p>O Programa CNH Social tem um futuro promissor, com potencial para expandir seu alcance e incluir mais benefici\u00e1rios. Governos estaduais est\u00e3o considerando ampliar o programa para cobrir mais regi\u00f5es e incluir novos perfis de participantes. Al\u00e9m disso, parcerias com empresas e institui\u00e7\u00f5es educacionais podem fortalecer o programa, oferecendo mais suporte e oportunidades de educa\u00e7\u00e3o aos participantes.<\/p>\n\n\n\n<p>Com a continuidade e expans\u00e3o dessas iniciativas, espera-se que o Programa CNH Social continue a promover a inclus\u00e3o social e econ\u00f4mica, permitindo que mais cidad\u00e3os obtenham sua habilita\u00e7\u00e3o e melhorem suas condi\u00e7\u00f5es de vida.<\/p>\n","protected":false},"excerpt":{"rendered":"<p>O Programa CNH Social \u00e9 uma iniciativa governamental que visa facilitar o acesso \u00e0 Carteira Nacional de Habilita\u00e7\u00e3o (CNH) para pessoas de baixa renda. Este programa busca promover a inclus\u00e3o social, permitindo que indiv\u00edduos de grupos economicamente desfavorecidos obtenham a habilita\u00e7\u00e3o sem custos. Isso pode abrir portas para novas oportunidades de emprego e melhorar a [&hellip;]<\/p>\n","protected":false},"author":5,"featured_media":6736,"comment_status":"open","ping_status":"open","sticky":false,"template":"","format":"standard","meta":{"jnews-multi-image_gallery":[],"jnews_single_post":{"format":"standard"},"jnews_primary_category":[],"jnews_social_meta":[],"jnews_override_counter":[],"footnotes":""},"categories":[27,28,1],"tags":[818,830,1056,3928],"class_list":["post-19624","post","type-post","status-publish","format-standard","has-post-thumbnail","hentry","category-carros","category-economia","category-noticias","tag-carro","tag-cnh","tag-jovens","tag-programa-cnh-social"],"yoast_head":"<!-- This site is optimized with the Yoast SEO plugin v23.8 - https:\/\/yoast.com\/wordpress\/plugins\/seo\/ -->\n<title>Se voc\u00ea tem +18 anos veja como obter sua CNH totalmente GR\u00c1TIS! - Estado de Minas - Em foco<\/title>\n<meta name=\"description\" content=\"Saiba tudo sobre o programa CNH Social em 2025 e como obter sua habilita\u00e7\u00e3o sem custos, com isen\u00e7\u00e3o de taxas e aulas gratuitas.\" \/>\n<meta name=\"robots\" content=\"index, follow, max-snippet:-1, max-image-preview:large, max-video-preview:-1\" \/>\n<link rel=\"canonical\" href=\"https:\/\/www.em.com.br\/emfoco\/2025\/02\/17\/se-voce-tem-18-anos-veja-como-obter-sua-cnh-totalmente-gratis\/\" \/>\n<meta property=\"og:locale\" content=\"pt_BR\" \/>\n<meta property=\"og:type\" content=\"article\" \/>\n<meta property=\"og:title\" content=\"Se voc\u00ea tem +18 anos veja como obter sua CNH totalmente GR\u00c1TIS! - Estado de Minas - Em foco\" \/>\n<meta property=\"og:description\" content=\"Saiba tudo sobre o programa CNH Social em 2025 e como obter sua habilita\u00e7\u00e3o sem custos, com isen\u00e7\u00e3o de taxas e aulas gratuitas.\" \/>\n<meta property=\"og:url\" content=\"https:\/\/www.em.com.br\/emfoco\/2025\/02\/17\/se-voce-tem-18-anos-veja-como-obter-sua-cnh-totalmente-gratis\/\" \/>\n<meta property=\"og:site_name\" content=\"Estado de Minas - Em foco\" \/>\n<meta property=\"article:published_time\" content=\"2025-02-17T17:00:07+00:00\" \/>\n<meta property=\"article:modified_time\" content=\"2025-02-17T17:00:08+00:00\" \/>\n<meta property=\"og:image\" content=\"https:\/\/www.em.com.br\/emfoco\/wp-content\/uploads\/2024\/12\/CNH_1735224744666.jpg\" \/>\n\t<meta property=\"og:image:width\" content=\"1280\" \/>\n\t<meta property=\"og:image:height\" content=\"720\" \/>\n\t<meta property=\"og:image:type\" content=\"image\/jpeg\" \/>\n<meta name=\"author\" content=\"N\u00fabia Rangel\" \/>\n<meta name=\"twitter:card\" content=\"summary_large_image\" \/>\n<meta name=\"twitter:label1\" content=\"Escrito por\" \/>\n\t<meta name=\"twitter:data1\" content=\"N\u00fabia Rangel\" \/>\n\t<meta name=\"twitter:label2\" content=\"Est. tempo de leitura\" \/>\n\t<meta name=\"twitter:data2\" content=\"4 minutos\" \/>\n<!-- \/ Yoast SEO plugin. -->","yoast_head_json":{"title":"Se voc\u00ea tem +18 anos veja como obter sua CNH totalmente GR\u00c1TIS! - Estado de Minas - Em foco","description":"Saiba tudo sobre o programa CNH Social em 2025 e como obter sua habilita\u00e7\u00e3o sem custos, com isen\u00e7\u00e3o de taxas e aulas gratuitas.","robots":{"index":"index","follow":"follow","max-snippet":"max-snippet:-1","max-image-preview":"max-image-preview:large","max-video-preview":"max-video-preview:-1"},"canonical":"https:\/\/www.em.com.br\/emfoco\/2025\/02\/17\/se-voce-tem-18-anos-veja-como-obter-sua-cnh-totalmente-gratis\/","og_locale":"pt_BR","og_type":"article","og_title":"Se voc\u00ea tem +18 anos veja como obter sua CNH totalmente GR\u00c1TIS! - Estado de Minas - Em foco","og_description":"Saiba tudo sobre o programa CNH Social em 2025 e como obter sua habilita\u00e7\u00e3o sem custos, com isen\u00e7\u00e3o de taxas e aulas gratuitas.","og_url":"https:\/\/www.em.com.br\/emfoco\/2025\/02\/17\/se-voce-tem-18-anos-veja-como-obter-sua-cnh-totalmente-gratis\/","og_site_name":"Estado de Minas - Em foco","article_published_time":"2025-02-17T17:00:07+00:00","article_modified_time":"2025-02-17T17:00:08+00:00","og_image":[{"width":1280,"height":720,"url":"https:\/\/www.em.com.br\/emfoco\/wp-content\/uploads\/2024\/12\/CNH_1735224744666.jpg","type":"image\/jpeg"}],"author":"N\u00fabia Rangel","twitter_card":"summary_large_image","twitter_misc":{"Escrito por":"N\u00fabia Rangel","Est. tempo de leitura":"4 minutos"},"schema":{"@context":"https:\/\/schema.org","@graph":[{"@type":"WebPage","@id":"https:\/\/www.em.com.br\/emfoco\/2025\/02\/17\/se-voce-tem-18-anos-veja-como-obter-sua-cnh-totalmente-gratis\/","url":"https:\/\/www.em.com.br\/emfoco\/2025\/02\/17\/se-voce-tem-18-anos-veja-como-obter-sua-cnh-totalmente-gratis\/","name":"Se voc\u00ea tem +18 anos veja como obter sua CNH totalmente GR\u00c1TIS! - Estado de Minas - Em foco","isPartOf":{"@id":"https:\/\/www.em.com.br\/emfoco\/#website"},"primaryImageOfPage":{"@id":"https:\/\/www.em.com.br\/emfoco\/2025\/02\/17\/se-voce-tem-18-anos-veja-como-obter-sua-cnh-totalmente-gratis\/#primaryimage"},"image":{"@id":"https:\/\/www.em.com.br\/emfoco\/2025\/02\/17\/se-voce-tem-18-anos-veja-como-obter-sua-cnh-totalmente-gratis\/#primaryimage"},"thumbnailUrl":"https:\/\/www.em.com.br\/emfoco\/wp-content\/uploads\/2024\/12\/CNH_1735224744666.jpg","datePublished":"2025-02-17T17:00:07+00:00","dateModified":"2025-02-17T17:00:08+00:00","author":{"@id":"https:\/\/www.em.com.br\/emfoco\/#\/schema\/person\/524437ef54f8a5d32591b143307f2e20"},"description":"Saiba tudo sobre o programa CNH Social em 2025 e como obter sua habilita\u00e7\u00e3o sem custos, com isen\u00e7\u00e3o de taxas e aulas gratuitas.","breadcrumb":{"@id":"https:\/\/www.em.com.br\/emfoco\/2025\/02\/17\/se-voce-tem-18-anos-veja-como-obter-sua-cnh-totalmente-gratis\/#breadcrumb"},"inLanguage":"pt-BR","potentialAction":[{"@type":"ReadAction","target":["https:\/\/www.em.com.br\/emfoco\/2025\/02\/17\/se-voce-tem-18-anos-veja-como-obter-sua-cnh-totalmente-gratis\/"]}]},{"@type":"ImageObject","inLanguage":"pt-BR","@id":"https:\/\/www.em.com.br\/emfoco\/2025\/02\/17\/se-voce-tem-18-anos-veja-como-obter-sua-cnh-totalmente-gratis\/#primaryimage","url":"https:\/\/www.em.com.br\/emfoco\/wp-content\/uploads\/2024\/12\/CNH_1735224744666.jpg","contentUrl":"https:\/\/www.em.com.br\/emfoco\/wp-content\/uploads\/2024\/12\/CNH_1735224744666.jpg","width":1280,"height":720,"caption":"Carteira de Habilita\u00e7\u00e3o - Cr\u00e9ditos: depositphotos.com \/ rafapress"},{"@type":"BreadcrumbList","@id":"https:\/\/www.em.com.br\/emfoco\/2025\/02\/17\/se-voce-tem-18-anos-veja-como-obter-sua-cnh-totalmente-gratis\/#breadcrumb","itemListElement":[{"@type":"ListItem","position":1,"name":"In\u00edcio","item":"https:\/\/www.em.com.br\/emfoco\/"},{"@type":"ListItem","position":2,"name":"Se voc\u00ea tem +18 anos veja como obter sua CNH totalmente GR\u00c1TIS!"}]},{"@type":"WebSite","@id":"https:\/\/www.em.com.br\/emfoco\/#website","url":"https:\/\/www.em.com.br\/emfoco\/","name":"Estado de Minas - Em foco","description":"Acompanhe as \u00faltimas not\u00edcias e fique bem informado sobre tudo o que acontece em Minas Gerais, Brasil e no mundo.","potentialAction":[{"@type":"SearchAction","target":{"@type":"EntryPoint","urlTemplate":"https:\/\/www.em.com.br\/emfoco\/?s={search_term_string}"},"query-input":{"@type":"PropertyValueSpecification","valueRequired":true,"valueName":"search_term_string"}}],"inLanguage":"pt-BR"},{"@type":"Person","@id":"https:\/\/www.em.com.br\/emfoco\/#\/schema\/person\/524437ef54f8a5d32591b143307f2e20","name":"N\u00fabia Rangel","image":{"@type":"ImageObject","inLanguage":"pt-BR","@id":"https:\/\/www.em.com.br\/emfoco\/#\/schema\/person\/image\/","url":"https:\/\/secure.gravatar.com\/avatar\/47cff2827a5ba23c37e8068c86817ea4?s=96&d=mm&r=g","contentUrl":"https:\/\/secure.gravatar.com\/avatar\/47cff2827a5ba23c37e8068c86817ea4?s=96&d=mm&r=g","caption":"N\u00fabia Rangel"},"sameAs":["https:\/\/www.em.com.br\/emfoco\/"],"url":"https:\/\/www.em.com.br\/emfoco\/author\/nubiamyth\/"}]}},"_links":{"self":[{"href":"https:\/\/www.em.com.br\/emfoco\/wp-json\/wp\/v2\/posts\/19624","targetHints":{"allow":["GET"]}}],"collection":[{"href":"https:\/\/www.em.com.br\/emfoco\/wp-json\/wp\/v2\/posts"}],"about":[{"href":"https:\/\/www.em.com.br\/emfoco\/wp-json\/wp\/v2\/types\/post"}],"author":[{"embeddable":true,"href":"https:\/\/www.em.com.br\/emfoco\/wp-json\/wp\/v2\/users\/5"}],"replies":[{"embeddable":true,"href":"https:\/\/www.em.com.br\/emfoco\/wp-json\/wp\/v2\/comments?post=19624"}],"version-history":[{"count":2,"href":"https:\/\/www.em.com.br\/emfoco\/wp-json\/wp\/v2\/posts\/19624\/revisions"}],"predecessor-version":[{"id":19626,"href":"https:\/\/www.em.com.br\/emfoco\/wp-json\/wp\/v2\/posts\/19624\/revisions\/19626"}],"wp:featuredmedia":[{"embeddable":true,"href":"https:\/\/www.em.com.br\/emfoco\/wp-json\/wp\/v2\/media\/6736"}],"wp:attachment":[{"href":"https:\/\/www.em.com.br\/emfoco\/wp-json\/wp\/v2\/media?parent=19624"}],"wp:term":[{"taxonomy":"category","embeddable":true,"href":"https:\/\/www.em.com.br\/emfoco\/wp-json\/wp\/v2\/categories?post=19624"},{"taxonomy":"post_tag","embeddable":true,"href":"https:\/\/www.em.com.br\/emfoco\/wp-json\/wp\/v2\/tags?post=19624"}],"curies":[{"name":"wp","href":"https:\/\/api.w.org\/{rel}","templated":true}]}}