{"id":19620,"date":"2025-02-17T08:40:07","date_gmt":"2025-02-17T11:40:07","guid":{"rendered":"https:\/\/www.em.com.br\/emfoco\/?p=19620"},"modified":"2025-02-17T08:40:08","modified_gmt":"2025-02-17T11:40:08","slug":"governo-federal-17-02-emite-comunicado-para-todos-os-idosos-acima-de-60-anos","status":"publish","type":"post","link":"https:\/\/www.em.com.br\/emfoco\/2025\/02\/17\/governo-federal-17-02-emite-comunicado-para-todos-os-idosos-acima-de-60-anos\/","title":{"rendered":"Governo Federal 17\/02 emite comunicado para todos os idosos acima de 60 anos"},"content":{"rendered":"\n<p>A <strong>Carteira de Idoso<\/strong> \u00e9 um documento emitido no <strong>Brasil<\/strong> para facilitar o acesso de pessoas com 60 anos ou mais a benef\u00edcios sociais, especialmente no transporte p\u00fablico. Este documento \u00e9 particularmente importante para aqueles que t\u00eam dificuldades em comprovar renda ou que recebem at\u00e9 dois sal\u00e1rios m\u00ednimos mensais. Atrav\u00e9s de tarifas reduzidas ou isen\u00e7\u00f5es, a carteira promove a inclus\u00e3o social dos idosos, permitindo-lhes uma participa\u00e7\u00e3o mais ativa na sociedade.<\/p>\n\n\n\n<p>O objetivo principal da Carteira de Idoso \u00e9 assegurar que os cidad\u00e3os dessa faixa et\u00e1ria possam usufruir de seus direitos de forma plena e digna. Ao garantir o acesso a servi\u00e7os essenciais, a carteira contribui significativamente para a melhoria da qualidade de vida dos idosos, fortalecendo pol\u00edticas p\u00fablicas voltadas para essa popula\u00e7\u00e3o.<\/p>\n\n\n\n<h2 class=\"wp-block-heading\">Como obter a Carteira de Idoso?<\/h2>\n\n\n\n<p>Para obter a Carteira de Idoso, \u00e9 necess\u00e1rio que o interessado esteja inscrito no <strong>Cadastro \u00danico para Programas Sociais do Governo Federal<\/strong>, conhecido como Cad\u00danico. Este cadastro \u00e9 utilizado para avaliar a situa\u00e7\u00e3o econ\u00f4mica do solicitante e determinar sua elegibilidade para a carteira. \u00c9 fundamental que a renda mensal do idoso n\u00e3o ultrapasse dois sal\u00e1rios m\u00ednimos para que ele possa obter o documento.<\/p>\n\n\n\n<p>O processo de inscri\u00e7\u00e3o e atualiza\u00e7\u00e3o no Cad\u00danico \u00e9 realizado nas prefeituras e centros de assist\u00eancia social, que oferecem suporte durante todo o procedimento. Manter as informa\u00e7\u00f5es atualizadas \u00e9 crucial para garantir o acesso cont\u00ednuo aos benef\u00edcios proporcionados pela carteira.<\/p>\n\n\n\n<figure class=\"wp-block-image size-large\"><img loading=\"lazy\" decoding=\"async\" width=\"1024\" height=\"576\" src=\"https:\/\/www.em.com.br\/emfoco\/wp-content\/uploads\/2024\/12\/idoso_1735315924635-1024x576.jpg\" alt=\"Transporte Gratuito, Descontos em Cultura e Muito Mais: Conhe\u00e7a os Benef\u00edcios da Carteira do Idoso!\" class=\"wp-image-7006\" srcset=\"https:\/\/www.em.com.br\/emfoco\/wp-content\/uploads\/2024\/12\/idoso_1735315924635-1024x576.jpg 1024w, https:\/\/www.em.com.br\/emfoco\/wp-content\/uploads\/2024\/12\/idoso_1735315924635-300x169.jpg 300w, https:\/\/www.em.com.br\/emfoco\/wp-content\/uploads\/2024\/12\/idoso_1735315924635-768x432.jpg 768w, https:\/\/www.em.com.br\/emfoco\/wp-content\/uploads\/2024\/12\/idoso_1735315924635-750x422.jpg 750w, https:\/\/www.em.com.br\/emfoco\/wp-content\/uploads\/2024\/12\/idoso_1735315924635-1140x641.jpg 1140w, https:\/\/www.em.com.br\/emfoco\/wp-content\/uploads\/2024\/12\/idoso_1735315924635.jpg 1280w\" sizes=\"auto, (max-width: 1024px) 100vw, 1024px\" \/><figcaption class=\"wp-element-caption\">Imagem Ilustrativa de Idosos &#8211; Cr\u00e9ditos: depositphotos.com \/ AndrewLozovyi<\/figcaption><\/figure>\n\n\n\n<h2 class=\"wp-block-heading\">Benef\u00edcios da Carteira de Idoso<\/h2>\n\n\n\n<p>Um dos principais benef\u00edcios da Carteira de Idoso \u00e9 o acesso ao transporte interestadual gratuito. As empresas de transporte s\u00e3o obrigadas a reservar duas vagas gratuitas para idosos em cada ve\u00edculo. Caso essas vagas estejam ocupadas, os idosos t\u00eam direito a um desconto m\u00ednimo de 50% no valor da passagem. Isso facilita a mobilidade dos idosos, permitindo que viajem com mais frequ\u00eancia e menor custo.<\/p>\n\n\n\n<p>Al\u00e9m do transporte, a carteira pode proporcionar acesso facilitado a eventos culturais e sociais, incentivando a participa\u00e7\u00e3o dos idosos em atividades que promovem um envelhecimento ativo e saud\u00e1vel. Esses benef\u00edcios s\u00e3o fundamentais para integrar os idosos \u00e0 comunidade e melhorar sua qualidade de vida.<\/p>\n\n\n\n<h2 class=\"wp-block-heading\">Passos para obter a Carteira de Idoso<\/h2>\n\n\n\n<p>Para obter a Carteira de Idoso, o primeiro passo \u00e9 verificar e atualizar os dados no Cad\u00danico. Em seguida, o idoso deve comparecer ao \u00f3rg\u00e3o municipal de assist\u00eancia social com documentos pessoais, como RG, CPF e comprovante de resid\u00eancia. A emiss\u00e3o do documento \u00e9 r\u00e1pida, desde que todas as informa\u00e7\u00f5es estejam corretas e atualizadas.<\/p>\n\n\n\n<p>A carteira tem validade de dois anos, ap\u00f3s os quais \u00e9 necess\u00e1rio renov\u00e1-la para continuar usufruindo dos benef\u00edcios. Este processo de renova\u00e7\u00e3o garante que as informa\u00e7\u00f5es estejam sempre atualizadas, permitindo que os idosos mantenham o acesso aos direitos garantidos pela carteira.<\/p>\n\n\n\n<h2 class=\"wp-block-heading\">O que fazer em caso de perda ou extravio?<\/h2>\n\n\n\n<p>Em caso de perda ou extravio da Carteira de Idoso, o idoso deve seguir o mesmo procedimento da emiss\u00e3o inicial para obter uma nova via. \u00c9 importante manter os documentos pessoais atualizados e informar qualquer altera\u00e7\u00e3o ao <strong>Centro de Refer\u00eancia de Assist\u00eancia Social (CRAS)<\/strong>. A Carteira de Idoso \u00e9 um instrumento valioso para garantir o exerc\u00edcio pleno dos direitos dos idosos, assegurando seu acesso cont\u00ednuo a servi\u00e7os essenciais e promovendo sua cidadania.<\/p>\n\n\n\n<p>Com a Carteira de Idoso, os cidad\u00e3os dessa faixa et\u00e1ria podem se sentir mais seguros e integrados, desfrutando de seus direitos de forma plena e digna, o que \u00e9 essencial para um envelhecimento com qualidade de vida.<\/p>\n","protected":false},"excerpt":{"rendered":"<p>A Carteira de Idoso \u00e9 um documento emitido no Brasil para facilitar o acesso de pessoas com 60 anos ou mais a benef\u00edcios sociais, especialmente no transporte p\u00fablico. Este documento \u00e9 particularmente importante para aqueles que t\u00eam dificuldades em comprovar renda ou que recebem at\u00e9 dois sal\u00e1rios m\u00ednimos mensais. Atrav\u00e9s de tarifas reduzidas ou isen\u00e7\u00f5es, [&hellip;]<\/p>\n","protected":false},"author":5,"featured_media":7199,"comment_status":"open","ping_status":"open","sticky":false,"template":"","format":"standard","meta":{"jnews-multi-image_gallery":[],"jnews_single_post":{"format":"standard"},"jnews_primary_category":[],"jnews_social_meta":[],"jnews_override_counter":[],"footnotes":""},"categories":[28,1],"tags":[259,158,1355,490],"class_list":["post-19620","post","type-post","status-publish","format-standard","has-post-thumbnail","hentry","category-economia","category-noticias","tag-beneficio","tag-brasil","tag-carteira-idoso","tag-idoso"],"yoast_head":"<!-- This site is optimized with the Yoast SEO plugin v23.8 - https:\/\/yoast.com\/wordpress\/plugins\/seo\/ -->\n<title>Governo Federal 17\/02 emite comunicado para todos os idosos acima de 60 anos - Estado de Minas - Em foco<\/title>\n<meta name=\"description\" content=\"A Carteira de Idoso \u00e9 fundamental para garantir a acessibilidade de cidad\u00e3os idosos aos servi\u00e7os de transporte e outros benef\u00edcios no Brasil.\" \/>\n<meta name=\"robots\" content=\"index, follow, max-snippet:-1, max-image-preview:large, max-video-preview:-1\" \/>\n<link rel=\"canonical\" href=\"https:\/\/www.em.com.br\/emfoco\/2025\/02\/17\/governo-federal-17-02-emite-comunicado-para-todos-os-idosos-acima-de-60-anos\/\" \/>\n<meta property=\"og:locale\" content=\"pt_BR\" \/>\n<meta property=\"og:type\" content=\"article\" \/>\n<meta property=\"og:title\" content=\"Governo Federal 17\/02 emite comunicado para todos os idosos acima de 60 anos - Estado de Minas - Em foco\" \/>\n<meta property=\"og:description\" content=\"A Carteira de Idoso \u00e9 fundamental para garantir a acessibilidade de cidad\u00e3os idosos aos servi\u00e7os de transporte e outros benef\u00edcios no Brasil.\" \/>\n<meta property=\"og:url\" content=\"https:\/\/www.em.com.br\/emfoco\/2025\/02\/17\/governo-federal-17-02-emite-comunicado-para-todos-os-idosos-acima-de-60-anos\/\" \/>\n<meta property=\"og:site_name\" content=\"Estado de Minas - Em foco\" \/>\n<meta property=\"article:published_time\" content=\"2025-02-17T11:40:07+00:00\" \/>\n<meta property=\"article:modified_time\" content=\"2025-02-17T11:40:08+00:00\" \/>\n<meta property=\"og:image\" content=\"https:\/\/www.em.com.br\/emfoco\/wp-content\/uploads\/2024\/12\/Luiz-Inacio_1735388182523.jpg\" \/>\n\t<meta property=\"og:image:width\" content=\"1280\" \/>\n\t<meta property=\"og:image:height\" content=\"720\" \/>\n\t<meta property=\"og:image:type\" content=\"image\/jpeg\" \/>\n<meta name=\"author\" content=\"N\u00fabia Rangel\" \/>\n<meta name=\"twitter:card\" content=\"summary_large_image\" \/>\n<meta name=\"twitter:label1\" content=\"Escrito por\" \/>\n\t<meta name=\"twitter:data1\" content=\"N\u00fabia Rangel\" \/>\n\t<meta name=\"twitter:label2\" content=\"Est. tempo de leitura\" \/>\n\t<meta name=\"twitter:data2\" content=\"4 minutos\" \/>\n<!-- \/ Yoast SEO plugin. -->","yoast_head_json":{"title":"Governo Federal 17\/02 emite comunicado para todos os idosos acima de 60 anos - Estado de Minas - Em foco","description":"A Carteira de Idoso \u00e9 fundamental para garantir a acessibilidade de cidad\u00e3os idosos aos servi\u00e7os de transporte e outros benef\u00edcios no Brasil.","robots":{"index":"index","follow":"follow","max-snippet":"max-snippet:-1","max-image-preview":"max-image-preview:large","max-video-preview":"max-video-preview:-1"},"canonical":"https:\/\/www.em.com.br\/emfoco\/2025\/02\/17\/governo-federal-17-02-emite-comunicado-para-todos-os-idosos-acima-de-60-anos\/","og_locale":"pt_BR","og_type":"article","og_title":"Governo Federal 17\/02 emite comunicado para todos os idosos acima de 60 anos - Estado de Minas - Em foco","og_description":"A Carteira de Idoso \u00e9 fundamental para garantir a acessibilidade de cidad\u00e3os idosos aos servi\u00e7os de transporte e outros benef\u00edcios no Brasil.","og_url":"https:\/\/www.em.com.br\/emfoco\/2025\/02\/17\/governo-federal-17-02-emite-comunicado-para-todos-os-idosos-acima-de-60-anos\/","og_site_name":"Estado de Minas - Em foco","article_published_time":"2025-02-17T11:40:07+00:00","article_modified_time":"2025-02-17T11:40:08+00:00","og_image":[{"width":1280,"height":720,"url":"https:\/\/www.em.com.br\/emfoco\/wp-content\/uploads\/2024\/12\/Luiz-Inacio_1735388182523.jpg","type":"image\/jpeg"}],"author":"N\u00fabia Rangel","twitter_card":"summary_large_image","twitter_misc":{"Escrito por":"N\u00fabia Rangel","Est. tempo de leitura":"4 minutos"},"schema":{"@context":"https:\/\/schema.org","@graph":[{"@type":"WebPage","@id":"https:\/\/www.em.com.br\/emfoco\/2025\/02\/17\/governo-federal-17-02-emite-comunicado-para-todos-os-idosos-acima-de-60-anos\/","url":"https:\/\/www.em.com.br\/emfoco\/2025\/02\/17\/governo-federal-17-02-emite-comunicado-para-todos-os-idosos-acima-de-60-anos\/","name":"Governo Federal 17\/02 emite comunicado para todos os idosos acima de 60 anos - Estado de Minas - Em foco","isPartOf":{"@id":"https:\/\/www.em.com.br\/emfoco\/#website"},"primaryImageOfPage":{"@id":"https:\/\/www.em.com.br\/emfoco\/2025\/02\/17\/governo-federal-17-02-emite-comunicado-para-todos-os-idosos-acima-de-60-anos\/#primaryimage"},"image":{"@id":"https:\/\/www.em.com.br\/emfoco\/2025\/02\/17\/governo-federal-17-02-emite-comunicado-para-todos-os-idosos-acima-de-60-anos\/#primaryimage"},"thumbnailUrl":"https:\/\/www.em.com.br\/emfoco\/wp-content\/uploads\/2024\/12\/Luiz-Inacio_1735388182523.jpg","datePublished":"2025-02-17T11:40:07+00:00","dateModified":"2025-02-17T11:40:08+00:00","author":{"@id":"https:\/\/www.em.com.br\/emfoco\/#\/schema\/person\/524437ef54f8a5d32591b143307f2e20"},"description":"A Carteira de Idoso \u00e9 fundamental para garantir a acessibilidade de cidad\u00e3os idosos aos servi\u00e7os de transporte e outros benef\u00edcios no Brasil.","breadcrumb":{"@id":"https:\/\/www.em.com.br\/emfoco\/2025\/02\/17\/governo-federal-17-02-emite-comunicado-para-todos-os-idosos-acima-de-60-anos\/#breadcrumb"},"inLanguage":"pt-BR","potentialAction":[{"@type":"ReadAction","target":["https:\/\/www.em.com.br\/emfoco\/2025\/02\/17\/governo-federal-17-02-emite-comunicado-para-todos-os-idosos-acima-de-60-anos\/"]}]},{"@type":"ImageObject","inLanguage":"pt-BR","@id":"https:\/\/www.em.com.br\/emfoco\/2025\/02\/17\/governo-federal-17-02-emite-comunicado-para-todos-os-idosos-acima-de-60-anos\/#primaryimage","url":"https:\/\/www.em.com.br\/emfoco\/wp-content\/uploads\/2024\/12\/Luiz-Inacio_1735388182523.jpg","contentUrl":"https:\/\/www.em.com.br\/emfoco\/wp-content\/uploads\/2024\/12\/Luiz-Inacio_1735388182523.jpg","width":1280,"height":720,"caption":"Luiz In\u00e1cio Lula - Cr\u00e9ditos: depositphotos.com \/ casadaphoto"},{"@type":"BreadcrumbList","@id":"https:\/\/www.em.com.br\/emfoco\/2025\/02\/17\/governo-federal-17-02-emite-comunicado-para-todos-os-idosos-acima-de-60-anos\/#breadcrumb","itemListElement":[{"@type":"ListItem","position":1,"name":"In\u00edcio","item":"https:\/\/www.em.com.br\/emfoco\/"},{"@type":"ListItem","position":2,"name":"Governo Federal 17\/02 emite comunicado para todos os idosos acima de 60 anos"}]},{"@type":"WebSite","@id":"https:\/\/www.em.com.br\/emfoco\/#website","url":"https:\/\/www.em.com.br\/emfoco\/","name":"Estado de Minas - Em foco","description":"Acompanhe as \u00faltimas not\u00edcias e fique bem informado sobre tudo o que acontece em Minas Gerais, Brasil e no mundo.","potentialAction":[{"@type":"SearchAction","target":{"@type":"EntryPoint","urlTemplate":"https:\/\/www.em.com.br\/emfoco\/?s={search_term_string}"},"query-input":{"@type":"PropertyValueSpecification","valueRequired":true,"valueName":"search_term_string"}}],"inLanguage":"pt-BR"},{"@type":"Person","@id":"https:\/\/www.em.com.br\/emfoco\/#\/schema\/person\/524437ef54f8a5d32591b143307f2e20","name":"N\u00fabia Rangel","image":{"@type":"ImageObject","inLanguage":"pt-BR","@id":"https:\/\/www.em.com.br\/emfoco\/#\/schema\/person\/image\/","url":"https:\/\/secure.gravatar.com\/avatar\/47cff2827a5ba23c37e8068c86817ea4?s=96&d=mm&r=g","contentUrl":"https:\/\/secure.gravatar.com\/avatar\/47cff2827a5ba23c37e8068c86817ea4?s=96&d=mm&r=g","caption":"N\u00fabia Rangel"},"sameAs":["https:\/\/www.em.com.br\/emfoco\/"],"url":"https:\/\/www.em.com.br\/emfoco\/author\/nubiamyth\/"}]}},"_links":{"self":[{"href":"https:\/\/www.em.com.br\/emfoco\/wp-json\/wp\/v2\/posts\/19620","targetHints":{"allow":["GET"]}}],"collection":[{"href":"https:\/\/www.em.com.br\/emfoco\/wp-json\/wp\/v2\/posts"}],"about":[{"href":"https:\/\/www.em.com.br\/emfoco\/wp-json\/wp\/v2\/types\/post"}],"author":[{"embeddable":true,"href":"https:\/\/www.em.com.br\/emfoco\/wp-json\/wp\/v2\/users\/5"}],"replies":[{"embeddable":true,"href":"https:\/\/www.em.com.br\/emfoco\/wp-json\/wp\/v2\/comments?post=19620"}],"version-history":[{"count":2,"href":"https:\/\/www.em.com.br\/emfoco\/wp-json\/wp\/v2\/posts\/19620\/revisions"}],"predecessor-version":[{"id":19623,"href":"https:\/\/www.em.com.br\/emfoco\/wp-json\/wp\/v2\/posts\/19620\/revisions\/19623"}],"wp:featuredmedia":[{"embeddable":true,"href":"https:\/\/www.em.com.br\/emfoco\/wp-json\/wp\/v2\/media\/7199"}],"wp:attachment":[{"href":"https:\/\/www.em.com.br\/emfoco\/wp-json\/wp\/v2\/media?parent=19620"}],"wp:term":[{"taxonomy":"category","embeddable":true,"href":"https:\/\/www.em.com.br\/emfoco\/wp-json\/wp\/v2\/categories?post=19620"},{"taxonomy":"post_tag","embeddable":true,"href":"https:\/\/www.em.com.br\/emfoco\/wp-json\/wp\/v2\/tags?post=19620"}],"curies":[{"name":"wp","href":"https:\/\/api.w.org\/{rel}","templated":true}]}}