{"id":1961,"date":"2024-11-30T07:20:00","date_gmt":"2024-11-30T10:20:00","guid":{"rendered":"https:\/\/www.em.com.br\/emfoco\/?p=1961"},"modified":"2024-11-29T17:17:55","modified_gmt":"2024-11-29T20:17:55","slug":"calendario-de-pagamento-do-bolsa-familia-de-dezembro-atualizado-veja-o-comunicado-do-governo","status":"publish","type":"post","link":"https:\/\/www.em.com.br\/emfoco\/2024\/11\/30\/calendario-de-pagamento-do-bolsa-familia-de-dezembro-atualizado-veja-o-comunicado-do-governo\/","title":{"rendered":"Calend\u00e1rio de Pagamento do Bolsa Fam\u00edlia de Dezembro Atualizado! Veja o Comunicado do Governo"},"content":{"rendered":"\n<p>O Bolsa Fam\u00edlia \u00e9 um <a href=\"https:\/\/www.em.com.br\/emfoco\/categoria\/economia\/\" target=\"_blank\" rel=\"noreferrer noopener\"><strong>programa <\/strong><\/a>essencial que visa garantir a seguran\u00e7a alimentar e melhorar as condi\u00e7\u00f5es de vida das <a href=\"https:\/\/www.em.com.br\/emfoco\/2024\/11\/28\/nova-isencao-do-imposto-de-renda-veja-se-voce-faz-parte\/\" target=\"_blank\" rel=\"noreferrer noopener\"><strong>fam\u00edlias <\/strong><\/a>em situa\u00e7\u00e3o de vulnerabilidade social no Brasil. Com sua import\u00e2ncia, \u00e9 crucial que os benefici\u00e1rios estejam atentos ao calend\u00e1rio de pagamentos para saber quando receber\u00e3o os valores que fazem diferen\u00e7a no dia a dia. Veja tamb\u00e9m o calend\u00e1rio de <a href=\"https:\/\/www.gov.br\/mds\/pt-br\/acoes-e-programas\/bolsa-familia\" target=\"_blank\" rel=\"noreferrer noopener\"><strong>pagamento <\/strong><\/a>do Bolsa Fam\u00edlia para dezembro de 2024 e compartilhar as \u00faltimas atualiza\u00e7\u00f5es e comunicados do governo.<\/p>\n\n\n\n<p>O Bolsa Fam\u00edlia, criado em 2003 e reformulado em 2023, integra diversas medidas de assist\u00eancia social, cujo foco principal \u00e9 o combate \u00e0 pobreza. O programa apresenta engrenagens que vinculam transfer\u00eancias financeiras a compromissos de sa\u00fade e educa\u00e7\u00e3o, incentivando a perman\u00eancia das crian\u00e7as na escola e assegurando acompanhamento m\u00e9dico.<\/p>\n\n\n\n<p>Recentemente, o governo brasileiro tem publicado comunicados importantes relacionados ao programa, ressaltando mudan\u00e7as, valores e o processo de pagamento. A import\u00e2ncia de se manter informado n\u00e3o pode ser subestimada, pois isso garante que as fam\u00edlias possam planejar suas finan\u00e7as de forma eficaz.<\/p>\n\n\n\n<h2 class=\"wp-block-heading\">Notas do Governo sobre o Programa<\/h2>\n\n\n\n<p>Recentemente, o Minist\u00e9rio do Desenvolvimento e Assist\u00eancia Social divulgou uma nota ressaltando que, em dezembro de 2024, o programa continuar\u00e1 com os mesmos valores para os benefici\u00e1rios, garantindo que as fam\u00edlias n\u00e3o enfrentem perdas financeiras em meio \u00e0 infla\u00e7\u00e3o e outras crises sociais.<\/p>\n\n\n\n<p>Outra informa\u00e7\u00e3o relevante \u00e9 que houve um esfor\u00e7o do governo para aumentar o n\u00famero de benefici\u00e1rios, facilitando o acesso ao programa e tornando o processo de cadastramento mais \u00e1gil. O comunicado tamb\u00e9m destacou que o pagamento ser\u00e1 efetuado de maneira a seguir o padr\u00e3o j\u00e1 estabelecido, garantindo que os recursos cheguem a quem mais precisa.<\/p>\n\n\n\n<h2 class=\"wp-block-heading\">Calend\u00e1rio de Pagamento do Bolsa Fam\u00edlia &#8211; Dezembro de 2024<\/h2>\n\n\n\n<p>O calend\u00e1rio de pagamentos do Bolsa Fam\u00edlia \u00e9 definido conforme o n\u00famero final do NIS (N\u00famero de Identifica\u00e7\u00e3o Social) de cada benefici\u00e1rio. O pagamento acontece entre os dias 10 e 23 de cada m\u00eas. Abaixo est\u00e1 a tabela com as datas de pagamento para dezembro de 2024:<\/p>\n\n\n\n<figure class=\"wp-block-table\"><table class=\"has-fixed-layout\"><thead><tr><th><strong>N\u00famero NIS<\/strong><\/th><th><strong>Data de Pagamento<\/strong><\/th><\/tr><\/thead><tbody><tr><td>1<\/td><td>10 de dezembro<\/td><\/tr><tr><td>2<\/td><td>11 de dezembro<\/td><\/tr><tr><td>3<\/td><td>12 de dezembro<\/td><\/tr><tr><td>4<\/td><td>13 de dezembro<\/td><\/tr><tr><td>5<\/td><td>16 de dezembro<\/td><\/tr><tr><td>6<\/td><td>17 de dezembro<\/td><\/tr><tr><td>7<\/td><td>18 de dezembro<\/td><\/tr><tr><td>8<\/td><td>19 de dezembro<\/td><\/tr><tr><td>9<\/td><td>20 de dezembro<\/td><\/tr><tr><td>0<\/td><td>23 de dezembro<\/td><\/tr><\/tbody><\/table><\/figure>\n\n\n\n<p>\u00c9 fundamental que os benefici\u00e1rios fiquem atentos a essas datas para n\u00e3o perderem o prazo e garantir que os valores sejam creditados em suas contas banc\u00e1rias.<\/p>\n\n\n\n<h2 class=\"wp-block-heading\">Como Acompanhar o Pagamento<\/h2>\n\n\n\n<figure class=\"wp-block-image size-large\"><img loading=\"lazy\" decoding=\"async\" width=\"1024\" height=\"576\" src=\"https:\/\/www.em.com.br\/emfoco\/wp-content\/uploads\/2024\/11\/calendario-bolsa-familia-Creditos-depositphotos.com-freedomtumz-1024x576.jpg\" alt=\"calend\u00e1rio bolsa fam\u00edlia - Cr\u00e9ditos depositphotos.com freedomtumz\" class=\"wp-image-2064\" srcset=\"https:\/\/www.em.com.br\/emfoco\/wp-content\/uploads\/2024\/11\/calendario-bolsa-familia-Creditos-depositphotos.com-freedomtumz-1024x576.jpg 1024w, https:\/\/www.em.com.br\/emfoco\/wp-content\/uploads\/2024\/11\/calendario-bolsa-familia-Creditos-depositphotos.com-freedomtumz-300x169.jpg 300w, https:\/\/www.em.com.br\/emfoco\/wp-content\/uploads\/2024\/11\/calendario-bolsa-familia-Creditos-depositphotos.com-freedomtumz-768x432.jpg 768w, https:\/\/www.em.com.br\/emfoco\/wp-content\/uploads\/2024\/11\/calendario-bolsa-familia-Creditos-depositphotos.com-freedomtumz-750x422.jpg 750w, https:\/\/www.em.com.br\/emfoco\/wp-content\/uploads\/2024\/11\/calendario-bolsa-familia-Creditos-depositphotos.com-freedomtumz-1140x641.jpg 1140w, https:\/\/www.em.com.br\/emfoco\/wp-content\/uploads\/2024\/11\/calendario-bolsa-familia-Creditos-depositphotos.com-freedomtumz.jpg 1280w\" sizes=\"auto, (max-width: 1024px) 100vw, 1024px\" \/><figcaption class=\"wp-element-caption\">calend\u00e1rio bolsa fam\u00edlia &#8211; Cr\u00e9ditos depositphotos.com freedomtumz<\/figcaption><\/figure>\n\n\n\n<p>Al\u00e9m de assegurar que o NIS esteja bem identificado, \u00e9 essencial que os benefici\u00e1rios acompanhem as not\u00edcias relacionadas ao programa. O governo brasileiro, atrav\u00e9s do Cadastro \u00danico, disponibiliza canais de comunica\u00e7\u00e3o onde \u00e9 poss\u00edvel verificar informa\u00e7\u00f5es sobre o pagamento e outros servi\u00e7os sociais.<\/p>\n\n\n\n<p>Os canais dispon\u00edveis incluem:<\/p>\n\n\n\n<ul class=\"wp-block-list\">\n<li><strong>Aplicativo do Bolsa Fam\u00edlia<\/strong>: onde \u00e9 poss\u00edvel acompanhar os pagamentos, consultar o saldo e fazer atualiza\u00e7\u00f5es cadastrais.<\/li>\n\n\n\n<li><strong>Site do Minist\u00e9rio do Desenvolvimento e Assist\u00eancia Social<\/strong>: que sempre fornece atualiza\u00e7\u00f5es e not\u00edcias sobre o programa.<\/li>\n\n\n\n<li><strong>Central de Atendimento<\/strong>: que pode ser contatada para tirar d\u00favidas sobre o Bolsa Fam\u00edlia.<\/li>\n<\/ul>\n\n\n\n<h2 class=\"wp-block-heading\">As Import\u00e2ncias dos Valores Recebidos do bolsa fam\u00edlia<\/h2>\n\n\n\n<p>Os valores do Bolsa Fam\u00edlia s\u00e3o de suma import\u00e2ncia para milh\u00f5es de brasileiros. Eles n\u00e3o apenas ajudam a garantir uma alimenta\u00e7\u00e3o adequada, mas tamb\u00e9m promovem a inclus\u00e3o social atrav\u00e9s de investimentos em educa\u00e7\u00e3o e sa\u00fade. \u00c9 por meio desse suporte que muitas fam\u00edlias conseguem acessar servi\u00e7os b\u00e1sicos e melhorar sua qualidade de vida.<\/p>\n\n\n\n<p>Outros comunicados recentes destacaram que as fam\u00edlias devem estar atentas \u00e0s suas obriga\u00e7\u00f5es. O n\u00e3o cumprimento de compromissos, como a frequ\u00eancia escolar das crian\u00e7as e acompanhamento de sa\u00fade, pode resultar na suspens\u00e3o do benef\u00edcio. Assim, o governo incentiva que os benefici\u00e1rios mantenham suas informa\u00e7\u00f5es atualizadas e se mantenham informados sobre seus direitos e deveres.<\/p>\n\n\n\n<p>Al\u00e9m disso, o governo est\u00e1 promovendo campanhas de conscientiza\u00e7\u00e3o sobre a import\u00e2ncia do programa, com o objetivo de assegurar que mais pessoas em situa\u00e7\u00e3o de vulnerabilidade tenham acesso ao Bolsa Fam\u00edlia.<\/p>\n\n\n\n<h2 class=\"wp-block-heading\">O m\u00eas de dezembro \u00e9 um momento cr\u00edtico para os benefici\u00e1rios do Bolsa Fam\u00edlia, com a chegada do pagamento das parcelas mensais. \u00c9 vital ficar atento ao calend\u00e1rio de pagamentos, al\u00e9m de aproveitar os recursos oferecidos pelo programa.<\/h2>\n\n\n\n<p>Com o compromisso do governo em garantir que esses fundos cheguem a quem mais precisa, os benefici\u00e1rios t\u00eam mais seguran\u00e7a para planejar suas finan\u00e7as e cuidar de suas fam\u00edlias. Para maximizar os benef\u00edcios oferecidos pelo programa, \u00e9 importante tamb\u00e9m se manter informado sobre as novas diretrizes e mudan\u00e7as, assim como respeitar as obriga\u00e7\u00f5es associadas ao recebimento dos valores.<\/p>\n","protected":false},"excerpt":{"rendered":"<p>O calend\u00e1rio de pagamento do Bolsa Fam\u00edlia para dezembro de 2024 foi atualizado. As datas de recebimento variam entre 10 e 23, conforme o \u00faltimo d\u00edgito do NIS.<\/p>\n","protected":false},"author":3,"featured_media":2063,"comment_status":"open","ping_status":"open","sticky":false,"template":"","format":"standard","meta":{"jnews-multi-image_gallery":[],"jnews_single_post":{"format":"standard"},"jnews_primary_category":[],"jnews_social_meta":[],"jnews_override_counter":[],"footnotes":""},"categories":[28],"tags":[184,209,702,304,465,345],"class_list":["post-1961","post","type-post","status-publish","format-standard","has-post-thumbnail","hentry","category-economia","tag-184","tag-bolsa-familia","tag-calendario-de-pagamento","tag-dezembro","tag-governo","tag-nis"],"yoast_head":"<!-- This site is optimized with the Yoast SEO plugin v23.8 - https:\/\/yoast.com\/wordpress\/plugins\/seo\/ -->\n<title>Calend\u00e1rio de Pagamento do Bolsa Fam\u00edlia de Dezembro Atualizado! Veja o Comunicado do Governo - Estado de Minas - Em foco<\/title>\n<meta name=\"description\" content=\"O calend\u00e1rio de pagamento do Bolsa Fam\u00edlia para dezembro de 2024 foi atualizado. As datas de recebimento variam entre 10 e 23, conforme\" \/>\n<meta name=\"robots\" content=\"index, follow, max-snippet:-1, max-image-preview:large, max-video-preview:-1\" \/>\n<link rel=\"canonical\" href=\"https:\/\/www.em.com.br\/emfoco\/2024\/11\/30\/calendario-de-pagamento-do-bolsa-familia-de-dezembro-atualizado-veja-o-comunicado-do-governo\/\" \/>\n<meta property=\"og:locale\" content=\"pt_BR\" \/>\n<meta property=\"og:type\" content=\"article\" \/>\n<meta property=\"og:title\" content=\"Calend\u00e1rio de Pagamento do Bolsa Fam\u00edlia de Dezembro Atualizado! Veja o Comunicado do Governo - Estado de Minas - Em foco\" \/>\n<meta property=\"og:description\" content=\"O calend\u00e1rio de pagamento do Bolsa Fam\u00edlia para dezembro de 2024 foi atualizado. As datas de recebimento variam entre 10 e 23, conforme\" \/>\n<meta property=\"og:url\" content=\"https:\/\/www.em.com.br\/emfoco\/2024\/11\/30\/calendario-de-pagamento-do-bolsa-familia-de-dezembro-atualizado-veja-o-comunicado-do-governo\/\" \/>\n<meta property=\"og:site_name\" content=\"Estado de Minas - Em foco\" \/>\n<meta property=\"article:published_time\" content=\"2024-11-30T10:20:00+00:00\" \/>\n<meta property=\"article:modified_time\" content=\"2024-11-29T20:17:55+00:00\" \/>\n<meta property=\"og:image\" content=\"https:\/\/www.em.com.br\/emfoco\/wp-content\/uploads\/2024\/11\/calendario-bolsa-familia-Creditos-depositphotos.com-rmcarvalhobsb.jpg\" \/>\n\t<meta property=\"og:image:width\" content=\"1280\" \/>\n\t<meta property=\"og:image:height\" content=\"720\" \/>\n\t<meta property=\"og:image:type\" content=\"image\/jpeg\" \/>\n<meta name=\"author\" content=\"Helen Palma\" \/>\n<meta name=\"twitter:card\" content=\"summary_large_image\" \/>\n<meta name=\"twitter:label1\" content=\"Escrito por\" \/>\n\t<meta name=\"twitter:data1\" content=\"Helen Palma\" \/>\n\t<meta name=\"twitter:label2\" content=\"Est. tempo de leitura\" \/>\n\t<meta name=\"twitter:data2\" content=\"5 minutos\" \/>\n<!-- \/ Yoast SEO plugin. -->","yoast_head_json":{"title":"Calend\u00e1rio de Pagamento do Bolsa Fam\u00edlia de Dezembro Atualizado! Veja o Comunicado do Governo - Estado de Minas - Em foco","description":"O calend\u00e1rio de pagamento do Bolsa Fam\u00edlia para dezembro de 2024 foi atualizado. As datas de recebimento variam entre 10 e 23, conforme","robots":{"index":"index","follow":"follow","max-snippet":"max-snippet:-1","max-image-preview":"max-image-preview:large","max-video-preview":"max-video-preview:-1"},"canonical":"https:\/\/www.em.com.br\/emfoco\/2024\/11\/30\/calendario-de-pagamento-do-bolsa-familia-de-dezembro-atualizado-veja-o-comunicado-do-governo\/","og_locale":"pt_BR","og_type":"article","og_title":"Calend\u00e1rio de Pagamento do Bolsa Fam\u00edlia de Dezembro Atualizado! Veja o Comunicado do Governo - Estado de Minas - Em foco","og_description":"O calend\u00e1rio de pagamento do Bolsa Fam\u00edlia para dezembro de 2024 foi atualizado. As datas de recebimento variam entre 10 e 23, conforme","og_url":"https:\/\/www.em.com.br\/emfoco\/2024\/11\/30\/calendario-de-pagamento-do-bolsa-familia-de-dezembro-atualizado-veja-o-comunicado-do-governo\/","og_site_name":"Estado de Minas - Em foco","article_published_time":"2024-11-30T10:20:00+00:00","article_modified_time":"2024-11-29T20:17:55+00:00","og_image":[{"width":1280,"height":720,"url":"https:\/\/www.em.com.br\/emfoco\/wp-content\/uploads\/2024\/11\/calendario-bolsa-familia-Creditos-depositphotos.com-rmcarvalhobsb.jpg","type":"image\/jpeg"}],"author":"Helen Palma","twitter_card":"summary_large_image","twitter_misc":{"Escrito por":"Helen Palma","Est. tempo de leitura":"5 minutos"},"schema":{"@context":"https:\/\/schema.org","@graph":[{"@type":"WebPage","@id":"https:\/\/www.em.com.br\/emfoco\/2024\/11\/30\/calendario-de-pagamento-do-bolsa-familia-de-dezembro-atualizado-veja-o-comunicado-do-governo\/","url":"https:\/\/www.em.com.br\/emfoco\/2024\/11\/30\/calendario-de-pagamento-do-bolsa-familia-de-dezembro-atualizado-veja-o-comunicado-do-governo\/","name":"Calend\u00e1rio de Pagamento do Bolsa Fam\u00edlia de Dezembro Atualizado! Veja o Comunicado do Governo - Estado de Minas - Em foco","isPartOf":{"@id":"https:\/\/www.em.com.br\/emfoco\/#website"},"primaryImageOfPage":{"@id":"https:\/\/www.em.com.br\/emfoco\/2024\/11\/30\/calendario-de-pagamento-do-bolsa-familia-de-dezembro-atualizado-veja-o-comunicado-do-governo\/#primaryimage"},"image":{"@id":"https:\/\/www.em.com.br\/emfoco\/2024\/11\/30\/calendario-de-pagamento-do-bolsa-familia-de-dezembro-atualizado-veja-o-comunicado-do-governo\/#primaryimage"},"thumbnailUrl":"https:\/\/www.em.com.br\/emfoco\/wp-content\/uploads\/2024\/11\/calendario-bolsa-familia-Creditos-depositphotos.com-rmcarvalhobsb.jpg","datePublished":"2024-11-30T10:20:00+00:00","dateModified":"2024-11-29T20:17:55+00:00","author":{"@id":"https:\/\/www.em.com.br\/emfoco\/#\/schema\/person\/d79d5c83ee37ab7ca6781d92bd406eac"},"description":"O calend\u00e1rio de pagamento do Bolsa Fam\u00edlia para dezembro de 2024 foi atualizado. As datas de recebimento variam entre 10 e 23, conforme","breadcrumb":{"@id":"https:\/\/www.em.com.br\/emfoco\/2024\/11\/30\/calendario-de-pagamento-do-bolsa-familia-de-dezembro-atualizado-veja-o-comunicado-do-governo\/#breadcrumb"},"inLanguage":"pt-BR","potentialAction":[{"@type":"ReadAction","target":["https:\/\/www.em.com.br\/emfoco\/2024\/11\/30\/calendario-de-pagamento-do-bolsa-familia-de-dezembro-atualizado-veja-o-comunicado-do-governo\/"]}]},{"@type":"ImageObject","inLanguage":"pt-BR","@id":"https:\/\/www.em.com.br\/emfoco\/2024\/11\/30\/calendario-de-pagamento-do-bolsa-familia-de-dezembro-atualizado-veja-o-comunicado-do-governo\/#primaryimage","url":"https:\/\/www.em.com.br\/emfoco\/wp-content\/uploads\/2024\/11\/calendario-bolsa-familia-Creditos-depositphotos.com-rmcarvalhobsb.jpg","contentUrl":"https:\/\/www.em.com.br\/emfoco\/wp-content\/uploads\/2024\/11\/calendario-bolsa-familia-Creditos-depositphotos.com-rmcarvalhobsb.jpg","width":1280,"height":720,"caption":"calend\u00e1rio bolsa fam\u00edlia - Cr\u00e9ditos depositphotos.com rmcarvalhobsb"},{"@type":"BreadcrumbList","@id":"https:\/\/www.em.com.br\/emfoco\/2024\/11\/30\/calendario-de-pagamento-do-bolsa-familia-de-dezembro-atualizado-veja-o-comunicado-do-governo\/#breadcrumb","itemListElement":[{"@type":"ListItem","position":1,"name":"In\u00edcio","item":"https:\/\/www.em.com.br\/emfoco\/"},{"@type":"ListItem","position":2,"name":"Calend\u00e1rio de Pagamento do Bolsa Fam\u00edlia de Dezembro Atualizado! Veja o Comunicado do Governo"}]},{"@type":"WebSite","@id":"https:\/\/www.em.com.br\/emfoco\/#website","url":"https:\/\/www.em.com.br\/emfoco\/","name":"Estado de Minas - Em foco","description":"Acompanhe as \u00faltimas not\u00edcias e fique bem informado sobre tudo o que acontece em Minas Gerais, Brasil e no mundo.","potentialAction":[{"@type":"SearchAction","target":{"@type":"EntryPoint","urlTemplate":"https:\/\/www.em.com.br\/emfoco\/?s={search_term_string}"},"query-input":{"@type":"PropertyValueSpecification","valueRequired":true,"valueName":"search_term_string"}}],"inLanguage":"pt-BR"},{"@type":"Person","@id":"https:\/\/www.em.com.br\/emfoco\/#\/schema\/person\/d79d5c83ee37ab7ca6781d92bd406eac","name":"Helen Palma","image":{"@type":"ImageObject","inLanguage":"pt-BR","@id":"https:\/\/www.em.com.br\/emfoco\/#\/schema\/person\/image\/","url":"https:\/\/secure.gravatar.com\/avatar\/c657d9266c25fd5b35a8a6274fb730cd?s=96&d=mm&r=g","contentUrl":"https:\/\/secure.gravatar.com\/avatar\/c657d9266c25fd5b35a8a6274fb730cd?s=96&d=mm&r=g","caption":"Helen Palma"},"url":"https:\/\/www.em.com.br\/emfoco\/author\/helenmyth\/"}]}},"_links":{"self":[{"href":"https:\/\/www.em.com.br\/emfoco\/wp-json\/wp\/v2\/posts\/1961","targetHints":{"allow":["GET"]}}],"collection":[{"href":"https:\/\/www.em.com.br\/emfoco\/wp-json\/wp\/v2\/posts"}],"about":[{"href":"https:\/\/www.em.com.br\/emfoco\/wp-json\/wp\/v2\/types\/post"}],"author":[{"embeddable":true,"href":"https:\/\/www.em.com.br\/emfoco\/wp-json\/wp\/v2\/users\/3"}],"replies":[{"embeddable":true,"href":"https:\/\/www.em.com.br\/emfoco\/wp-json\/wp\/v2\/comments?post=1961"}],"version-history":[{"count":2,"href":"https:\/\/www.em.com.br\/emfoco\/wp-json\/wp\/v2\/posts\/1961\/revisions"}],"predecessor-version":[{"id":2065,"href":"https:\/\/www.em.com.br\/emfoco\/wp-json\/wp\/v2\/posts\/1961\/revisions\/2065"}],"wp:featuredmedia":[{"embeddable":true,"href":"https:\/\/www.em.com.br\/emfoco\/wp-json\/wp\/v2\/media\/2063"}],"wp:attachment":[{"href":"https:\/\/www.em.com.br\/emfoco\/wp-json\/wp\/v2\/media?parent=1961"}],"wp:term":[{"taxonomy":"category","embeddable":true,"href":"https:\/\/www.em.com.br\/emfoco\/wp-json\/wp\/v2\/categories?post=1961"},{"taxonomy":"post_tag","embeddable":true,"href":"https:\/\/www.em.com.br\/emfoco\/wp-json\/wp\/v2\/tags?post=1961"}],"curies":[{"name":"wp","href":"https:\/\/api.w.org\/{rel}","templated":true}]}}