{"id":19579,"date":"2025-02-16T08:40:09","date_gmt":"2025-02-16T11:40:09","guid":{"rendered":"https:\/\/www.em.com.br\/emfoco\/?p=19579"},"modified":"2025-02-16T08:40:10","modified_gmt":"2025-02-16T11:40:10","slug":"cai-na-quinta-o-novo-feriado-nacional-aprovado-pelo-lula","status":"publish","type":"post","link":"https:\/\/www.em.com.br\/emfoco\/2025\/02\/16\/cai-na-quinta-o-novo-feriado-nacional-aprovado-pelo-lula\/","title":{"rendered":"Cai na Quinta o Novo Feriado Nacional aprovado pelo Lula!"},"content":{"rendered":"\n<p>Em 2024, o <strong>Brasil<\/strong> deu um passo importante ao oficializar o <strong>Dia da Consci\u00eancia Negra<\/strong> como feriado nacional. Celebrado em 20 de novembro, a data homenageia <strong>Zumbi dos Palmares<\/strong>, um dos maiores l\u00edderes na luta contra a escravid\u00e3o. Este reconhecimento \u00e9 um marco na valoriza\u00e7\u00e3o da cultura afro-brasileira e na promo\u00e7\u00e3o da igualdade racial.<\/p>\n\n\n\n<p>Mais do que uma celebra\u00e7\u00e3o, o feriado \u00e9 um convite \u00e0 reflex\u00e3o sobre as desigualdades raciais que ainda existem no pa\u00eds. \u00c9 uma oportunidade para reconhecer as contribui\u00e7\u00f5es dos afro-brasileiros na forma\u00e7\u00e3o da identidade nacional e para promover discuss\u00f5es sobre justi\u00e7a social e inclus\u00e3o.<\/p>\n\n\n\n<h2 class=\"wp-block-heading\">Por que o Dia da Consci\u00eancia Negra \u00e9 importante?<\/h2>\n\n\n\n<p>O Dia da Consci\u00eancia Negra \u00e9 uma data para reconhecer as lutas e conquistas dos afro-brasileiros ao longo da hist\u00f3ria. A data destaca figuras hist\u00f3ricas como Zumbi dos Palmares e <strong>Dandara<\/strong>, que foram fundamentais na resist\u00eancia contra a opress\u00e3o. Zumbi, como l\u00edder do <strong>Quilombo dos Palmares<\/strong>, simboliza a luta pela liberdade e justi\u00e7a, enquanto Dandara \u00e9 lembrada por sua lideran\u00e7a e coragem.<\/p>\n\n\n\n<p>O Quilombo dos Palmares foi um dos maiores s\u00edmbolos de resist\u00eancia durante o per\u00edodo colonial, oferecendo ref\u00fagio e esperan\u00e7a para muitos escravizados. A hist\u00f3ria desse quilombo \u00e9 um testemunho da for\u00e7a e resili\u00eancia dos afro-brasileiros, e a celebra\u00e7\u00e3o deste dia refor\u00e7a a import\u00e2ncia de manter viva essa mem\u00f3ria.<\/p>\n\n\n\n<figure class=\"wp-block-image size-large\"><img loading=\"lazy\" decoding=\"async\" width=\"1024\" height=\"576\" src=\"https:\/\/www.em.com.br\/emfoco\/wp-content\/uploads\/2025\/02\/Consciencia-Negra_1738415816466-1024x576.jpg\" alt=\"Cai na Quinta o Novo Feriado Nacional aprovado por Lula!\" class=\"wp-image-15774\" srcset=\"https:\/\/www.em.com.br\/emfoco\/wp-content\/uploads\/2025\/02\/Consciencia-Negra_1738415816466-1024x576.jpg 1024w, https:\/\/www.em.com.br\/emfoco\/wp-content\/uploads\/2025\/02\/Consciencia-Negra_1738415816466-300x169.jpg 300w, https:\/\/www.em.com.br\/emfoco\/wp-content\/uploads\/2025\/02\/Consciencia-Negra_1738415816466-768x432.jpg 768w, https:\/\/www.em.com.br\/emfoco\/wp-content\/uploads\/2025\/02\/Consciencia-Negra_1738415816466-750x422.jpg 750w, https:\/\/www.em.com.br\/emfoco\/wp-content\/uploads\/2025\/02\/Consciencia-Negra_1738415816466-1140x641.jpg 1140w, https:\/\/www.em.com.br\/emfoco\/wp-content\/uploads\/2025\/02\/Consciencia-Negra_1738415816466.jpg 1280w\" sizes=\"auto, (max-width: 1024px) 100vw, 1024px\" \/><figcaption class=\"wp-element-caption\">Consci\u00eancia Negra &#8211; Cr\u00e9ditos: depositphotos.com \/ Gelpi<\/figcaption><\/figure>\n\n\n\n<h2 class=\"wp-block-heading\">Impactos do feriado na sociedade brasileira<\/h2>\n\n\n\n<p>A oficializa\u00e7\u00e3o do Dia da Consci\u00eancia Negra como feriado nacional \u00e9 um passo significativo para promover a igualdade racial no Brasil. Este reconhecimento formal ajuda a destacar a diversidade cultural do pa\u00eds e a import\u00e2ncia das contribui\u00e7\u00f5es afro-brasileiras. Al\u00e9m disso, o feriado serve como um catalisador para discuss\u00f5es sobre a heran\u00e7a cultural e hist\u00f3rica das comunidades negras.<\/p>\n\n\n\n<ul class=\"wp-block-list\">\n<li>Incentivar a educa\u00e7\u00e3o sobre a hist\u00f3ria e cultura afro-brasileira.<\/li>\n\n\n\n<li>Promover a\u00e7\u00f5es que visem reduzir as desigualdades raciais e sociais.<\/li>\n\n\n\n<li>Estimular pol\u00edticas p\u00fablicas voltadas para a inclus\u00e3o e equidade.<\/li>\n<\/ul>\n\n\n\n<h2 class=\"wp-block-heading\">O que o futuro reserva para a Consci\u00eancia Negra no Brasil?<\/h2>\n\n\n\n<p>Com a oficializa\u00e7\u00e3o do feriado, espera-se que haja um aumento na conscientiza\u00e7\u00e3o sobre as quest\u00f5es raciais no Brasil. A data \u00e9 vista como um ponto de partida para mudan\u00e7as sociais significativas, promovendo uma sociedade mais inclusiva e justa. A longo prazo, o objetivo \u00e9 que essa conscientiza\u00e7\u00e3o leve a uma transforma\u00e7\u00e3o nas atitudes e pol\u00edticas em rela\u00e7\u00e3o \u00e0 igualdade racial.<\/p>\n\n\n\n<p>O Dia da Consci\u00eancia Negra \u00e9 um marco para celebrar as conquistas alcan\u00e7adas, mas tamb\u00e9m para lembrar que ainda h\u00e1 muito a ser feito. Com o feriado proporcionando mais oportunidades para reflex\u00e3o e celebra\u00e7\u00e3o, espera-se que o Brasil continue avan\u00e7ando em dire\u00e7\u00e3o a uma sociedade mais igualit\u00e1ria e respeitosa.<\/p>\n","protected":false},"excerpt":{"rendered":"<p>Em 2024, o Brasil deu um passo importante ao oficializar o Dia da Consci\u00eancia Negra como feriado nacional. Celebrado em 20 de novembro, a data homenageia Zumbi dos Palmares, um dos maiores l\u00edderes na luta contra a escravid\u00e3o. Este reconhecimento \u00e9 um marco na valoriza\u00e7\u00e3o da cultura afro-brasileira e na promo\u00e7\u00e3o da igualdade racial. Mais [&hellip;]<\/p>\n","protected":false},"author":5,"featured_media":8757,"comment_status":"open","ping_status":"open","sticky":false,"template":"","format":"standard","meta":{"jnews-multi-image_gallery":[],"jnews_single_post":{"format":"standard"},"jnews_primary_category":[],"jnews_social_meta":[],"jnews_override_counter":[],"footnotes":""},"categories":[28,138,1],"tags":[158,1523,263,216],"class_list":["post-19579","post","type-post","status-publish","format-standard","has-post-thumbnail","hentry","category-economia","category-mundo","category-noticias","tag-brasil","tag-brasileiros","tag-feriado","tag-feriado-nacional"],"yoast_head":"<!-- This site is optimized with the Yoast SEO plugin v23.8 - https:\/\/yoast.com\/wordpress\/plugins\/seo\/ -->\n<title>Cai na Quinta o Novo Feriado Nacional aprovado pelo Lula! - Estado de Minas - Em foco<\/title>\n<meta name=\"description\" content=\"Feriado no meio da semana? Prepare-se para esse feriado nacional que cai numa quinta-feira em 2025! Saiba mais.\" \/>\n<meta name=\"robots\" content=\"index, follow, max-snippet:-1, max-image-preview:large, max-video-preview:-1\" \/>\n<link rel=\"canonical\" href=\"https:\/\/www.em.com.br\/emfoco\/2025\/02\/16\/cai-na-quinta-o-novo-feriado-nacional-aprovado-pelo-lula\/\" \/>\n<meta property=\"og:locale\" content=\"pt_BR\" \/>\n<meta property=\"og:type\" content=\"article\" \/>\n<meta property=\"og:title\" content=\"Cai na Quinta o Novo Feriado Nacional aprovado pelo Lula! - Estado de Minas - Em foco\" \/>\n<meta property=\"og:description\" content=\"Feriado no meio da semana? Prepare-se para esse feriado nacional que cai numa quinta-feira em 2025! Saiba mais.\" \/>\n<meta property=\"og:url\" content=\"https:\/\/www.em.com.br\/emfoco\/2025\/02\/16\/cai-na-quinta-o-novo-feriado-nacional-aprovado-pelo-lula\/\" \/>\n<meta property=\"og:site_name\" content=\"Estado de Minas - Em foco\" \/>\n<meta property=\"article:published_time\" content=\"2025-02-16T11:40:09+00:00\" \/>\n<meta property=\"article:modified_time\" content=\"2025-02-16T11:40:10+00:00\" \/>\n<meta property=\"og:image\" content=\"https:\/\/www.em.com.br\/emfoco\/wp-content\/uploads\/2025\/01\/Luiz-Inacio-Lula-da-Silva_1736163016935.jpg\" \/>\n\t<meta property=\"og:image:width\" content=\"1280\" \/>\n\t<meta property=\"og:image:height\" content=\"720\" \/>\n\t<meta property=\"og:image:type\" content=\"image\/jpeg\" \/>\n<meta name=\"author\" content=\"N\u00fabia Rangel\" \/>\n<meta name=\"twitter:card\" content=\"summary_large_image\" \/>\n<meta name=\"twitter:label1\" content=\"Escrito por\" \/>\n\t<meta name=\"twitter:data1\" content=\"N\u00fabia Rangel\" \/>\n\t<meta name=\"twitter:label2\" content=\"Est. tempo de leitura\" \/>\n\t<meta name=\"twitter:data2\" content=\"3 minutos\" \/>\n<!-- \/ Yoast SEO plugin. -->","yoast_head_json":{"title":"Cai na Quinta o Novo Feriado Nacional aprovado pelo Lula! - Estado de Minas - Em foco","description":"Feriado no meio da semana? Prepare-se para esse feriado nacional que cai numa quinta-feira em 2025! Saiba mais.","robots":{"index":"index","follow":"follow","max-snippet":"max-snippet:-1","max-image-preview":"max-image-preview:large","max-video-preview":"max-video-preview:-1"},"canonical":"https:\/\/www.em.com.br\/emfoco\/2025\/02\/16\/cai-na-quinta-o-novo-feriado-nacional-aprovado-pelo-lula\/","og_locale":"pt_BR","og_type":"article","og_title":"Cai na Quinta o Novo Feriado Nacional aprovado pelo Lula! - Estado de Minas - Em foco","og_description":"Feriado no meio da semana? Prepare-se para esse feriado nacional que cai numa quinta-feira em 2025! Saiba mais.","og_url":"https:\/\/www.em.com.br\/emfoco\/2025\/02\/16\/cai-na-quinta-o-novo-feriado-nacional-aprovado-pelo-lula\/","og_site_name":"Estado de Minas - Em foco","article_published_time":"2025-02-16T11:40:09+00:00","article_modified_time":"2025-02-16T11:40:10+00:00","og_image":[{"width":1280,"height":720,"url":"https:\/\/www.em.com.br\/emfoco\/wp-content\/uploads\/2025\/01\/Luiz-Inacio-Lula-da-Silva_1736163016935.jpg","type":"image\/jpeg"}],"author":"N\u00fabia Rangel","twitter_card":"summary_large_image","twitter_misc":{"Escrito por":"N\u00fabia Rangel","Est. tempo de leitura":"3 minutos"},"schema":{"@context":"https:\/\/schema.org","@graph":[{"@type":"WebPage","@id":"https:\/\/www.em.com.br\/emfoco\/2025\/02\/16\/cai-na-quinta-o-novo-feriado-nacional-aprovado-pelo-lula\/","url":"https:\/\/www.em.com.br\/emfoco\/2025\/02\/16\/cai-na-quinta-o-novo-feriado-nacional-aprovado-pelo-lula\/","name":"Cai na Quinta o Novo Feriado Nacional aprovado pelo Lula! - Estado de Minas - Em foco","isPartOf":{"@id":"https:\/\/www.em.com.br\/emfoco\/#website"},"primaryImageOfPage":{"@id":"https:\/\/www.em.com.br\/emfoco\/2025\/02\/16\/cai-na-quinta-o-novo-feriado-nacional-aprovado-pelo-lula\/#primaryimage"},"image":{"@id":"https:\/\/www.em.com.br\/emfoco\/2025\/02\/16\/cai-na-quinta-o-novo-feriado-nacional-aprovado-pelo-lula\/#primaryimage"},"thumbnailUrl":"https:\/\/www.em.com.br\/emfoco\/wp-content\/uploads\/2025\/01\/Luiz-Inacio-Lula-da-Silva_1736163016935.jpg","datePublished":"2025-02-16T11:40:09+00:00","dateModified":"2025-02-16T11:40:10+00:00","author":{"@id":"https:\/\/www.em.com.br\/emfoco\/#\/schema\/person\/524437ef54f8a5d32591b143307f2e20"},"description":"Feriado no meio da semana? Prepare-se para esse feriado nacional que cai numa quinta-feira em 2025! Saiba mais.","breadcrumb":{"@id":"https:\/\/www.em.com.br\/emfoco\/2025\/02\/16\/cai-na-quinta-o-novo-feriado-nacional-aprovado-pelo-lula\/#breadcrumb"},"inLanguage":"pt-BR","potentialAction":[{"@type":"ReadAction","target":["https:\/\/www.em.com.br\/emfoco\/2025\/02\/16\/cai-na-quinta-o-novo-feriado-nacional-aprovado-pelo-lula\/"]}]},{"@type":"ImageObject","inLanguage":"pt-BR","@id":"https:\/\/www.em.com.br\/emfoco\/2025\/02\/16\/cai-na-quinta-o-novo-feriado-nacional-aprovado-pelo-lula\/#primaryimage","url":"https:\/\/www.em.com.br\/emfoco\/wp-content\/uploads\/2025\/01\/Luiz-Inacio-Lula-da-Silva_1736163016935.jpg","contentUrl":"https:\/\/www.em.com.br\/emfoco\/wp-content\/uploads\/2025\/01\/Luiz-Inacio-Lula-da-Silva_1736163016935.jpg","width":1280,"height":720,"caption":"Luiz In\u00e1cio Lula da Silva (Lula) - Cr\u00e9ditos: depositphotos.com \/ casadaphoto"},{"@type":"BreadcrumbList","@id":"https:\/\/www.em.com.br\/emfoco\/2025\/02\/16\/cai-na-quinta-o-novo-feriado-nacional-aprovado-pelo-lula\/#breadcrumb","itemListElement":[{"@type":"ListItem","position":1,"name":"In\u00edcio","item":"https:\/\/www.em.com.br\/emfoco\/"},{"@type":"ListItem","position":2,"name":"Cai na Quinta o Novo Feriado Nacional aprovado pelo Lula!"}]},{"@type":"WebSite","@id":"https:\/\/www.em.com.br\/emfoco\/#website","url":"https:\/\/www.em.com.br\/emfoco\/","name":"Estado de Minas - Em foco","description":"Acompanhe as \u00faltimas not\u00edcias e fique bem informado sobre tudo o que acontece em Minas Gerais, Brasil e no mundo.","potentialAction":[{"@type":"SearchAction","target":{"@type":"EntryPoint","urlTemplate":"https:\/\/www.em.com.br\/emfoco\/?s={search_term_string}"},"query-input":{"@type":"PropertyValueSpecification","valueRequired":true,"valueName":"search_term_string"}}],"inLanguage":"pt-BR"},{"@type":"Person","@id":"https:\/\/www.em.com.br\/emfoco\/#\/schema\/person\/524437ef54f8a5d32591b143307f2e20","name":"N\u00fabia Rangel","image":{"@type":"ImageObject","inLanguage":"pt-BR","@id":"https:\/\/www.em.com.br\/emfoco\/#\/schema\/person\/image\/","url":"https:\/\/secure.gravatar.com\/avatar\/47cff2827a5ba23c37e8068c86817ea4?s=96&d=mm&r=g","contentUrl":"https:\/\/secure.gravatar.com\/avatar\/47cff2827a5ba23c37e8068c86817ea4?s=96&d=mm&r=g","caption":"N\u00fabia Rangel"},"sameAs":["https:\/\/www.em.com.br\/emfoco\/"],"url":"https:\/\/www.em.com.br\/emfoco\/author\/nubiamyth\/"}]}},"_links":{"self":[{"href":"https:\/\/www.em.com.br\/emfoco\/wp-json\/wp\/v2\/posts\/19579","targetHints":{"allow":["GET"]}}],"collection":[{"href":"https:\/\/www.em.com.br\/emfoco\/wp-json\/wp\/v2\/posts"}],"about":[{"href":"https:\/\/www.em.com.br\/emfoco\/wp-json\/wp\/v2\/types\/post"}],"author":[{"embeddable":true,"href":"https:\/\/www.em.com.br\/emfoco\/wp-json\/wp\/v2\/users\/5"}],"replies":[{"embeddable":true,"href":"https:\/\/www.em.com.br\/emfoco\/wp-json\/wp\/v2\/comments?post=19579"}],"version-history":[{"count":5,"href":"https:\/\/www.em.com.br\/emfoco\/wp-json\/wp\/v2\/posts\/19579\/revisions"}],"predecessor-version":[{"id":19584,"href":"https:\/\/www.em.com.br\/emfoco\/wp-json\/wp\/v2\/posts\/19579\/revisions\/19584"}],"wp:featuredmedia":[{"embeddable":true,"href":"https:\/\/www.em.com.br\/emfoco\/wp-json\/wp\/v2\/media\/8757"}],"wp:attachment":[{"href":"https:\/\/www.em.com.br\/emfoco\/wp-json\/wp\/v2\/media?parent=19579"}],"wp:term":[{"taxonomy":"category","embeddable":true,"href":"https:\/\/www.em.com.br\/emfoco\/wp-json\/wp\/v2\/categories?post=19579"},{"taxonomy":"post_tag","embeddable":true,"href":"https:\/\/www.em.com.br\/emfoco\/wp-json\/wp\/v2\/tags?post=19579"}],"curies":[{"name":"wp","href":"https:\/\/api.w.org\/{rel}","templated":true}]}}