{"id":195638,"date":"2026-05-01T10:00:00","date_gmt":"2026-05-01T13:00:00","guid":{"rendered":"https:\/\/www.em.com.br\/emfoco\/?p=195638"},"modified":"2026-05-01T04:54:37","modified_gmt":"2026-05-01T07:54:37","slug":"comunicado-para-quem-informa-o-cpf-na-nota-no-supermercado-em-05-2026","status":"publish","type":"post","link":"https:\/\/www.em.com.br\/emfoco\/2026\/05\/01\/comunicado-para-quem-informa-o-cpf-na-nota-no-supermercado-em-05-2026\/","title":{"rendered":"Comunicado para quem informa o CPF na nota no supermercado em 05\/2026"},"content":{"rendered":"\n<p>Digitar o CPF no caixa do supermercado leva menos de cinco segundos, mas a decis\u00e3o carrega muito mais do que aparenta. Em 2026, quem faz isso regularmente pode acumular cr\u00e9ditos fiscais, abater impostos como IPVA e IPTU, e ainda participar de sorteios com pr\u00eamios que chegam a sete d\u00edgitos em alguns estados. Ao mesmo tempo, esse n\u00famero silenciosamente alimenta sistemas de an\u00e1lise de consumo cada vez mais sofisticados, o que torna a escolha mais estrat\u00e9gica do que nunca. Entender o que realmente acontece com os seus dados, e como usar isso a seu favor, faz toda a diferen\u00e7a para quem quer economizar com consci\u00eancia.<\/p>\n\n\n\n<h2 class=\"wp-block-heading\">Por que tantos estados brasileiros incentivam o CPF na nota fiscal?<\/h2>\n\n\n\n<p>A resposta est\u00e1 na arrecada\u00e7\u00e3o. Quando o consumidor exige a nota fiscal e vincula o CPF ao documento, o governo consegue cruzar informa\u00e7\u00f5es e verificar se os impostos est\u00e3o sendo recolhidos corretamente pelos estabelecimentos. \u00c9 uma forma de fiscaliza\u00e7\u00e3o descentralizada, que coloca o cidad\u00e3o como aliado no combate \u00e0 sonega\u00e7\u00e3o tribut\u00e1ria.<\/p>\n\n\n\n<p>Em troca dessa colabora\u00e7\u00e3o, os estados criaram programas de cidadania fiscal que distribuem parte do imposto arrecadado de volta ao consumidor. O modelo funciona h\u00e1 d\u00e9cadas: a&nbsp;<a href=\"https:\/\/www.casaereceitas.com\/2026\/01\/nota-fiscal-paulista-2026-creditos-sorteios-guia-completo.html\" target=\"_blank\" rel=\"noreferrer noopener\"><strong>Nota Fiscal Paulista<\/strong><\/a>, criada em 2007, j\u00e1 devolveu mais de R$ 18,6 bilh\u00f5es aos participantes at\u00e9 2026, tornando-se refer\u00eancia nacional para programas similares.<\/p>\n\n\n\n<figure class=\"wp-block-image size-large\"><img loading=\"lazy\" decoding=\"async\" width=\"1024\" height=\"572\" src=\"https:\/\/www.em.com.br\/emfoco\/wp-content\/uploads\/2026\/04\/magnific_caixa-de-supermercado-com_2900953603-1024x572.jpeg\" alt=\"\" class=\"wp-image-202336\" srcset=\"https:\/\/www.em.com.br\/emfoco\/wp-content\/uploads\/2026\/04\/magnific_caixa-de-supermercado-com_2900953603-1024x572.jpeg 1024w, https:\/\/www.em.com.br\/emfoco\/wp-content\/uploads\/2026\/04\/magnific_caixa-de-supermercado-com_2900953603-300x167.jpeg 300w, https:\/\/www.em.com.br\/emfoco\/wp-content\/uploads\/2026\/04\/magnific_caixa-de-supermercado-com_2900953603-768x429.jpeg 768w, https:\/\/www.em.com.br\/emfoco\/wp-content\/uploads\/2026\/04\/magnific_caixa-de-supermercado-com_2900953603-750x419.jpeg 750w, https:\/\/www.em.com.br\/emfoco\/wp-content\/uploads\/2026\/04\/magnific_caixa-de-supermercado-com_2900953603-1140x636.jpeg 1140w, https:\/\/www.em.com.br\/emfoco\/wp-content\/uploads\/2026\/04\/magnific_caixa-de-supermercado-com_2900953603.jpeg 1376w\" sizes=\"auto, (max-width: 1024px) 100vw, 1024px\" \/><figcaption class=\"wp-element-caption\">Informar CPF no caixa do supermercado pode transformar compras em benef\u00edcios fiscais e pr\u00eamios em dinheiro<\/figcaption><\/figure>\n\n\n\n<h2 class=\"wp-block-heading\">Quais s\u00e3o os benef\u00edcios concretos de informar o CPF na compra?<\/h2>\n\n\n\n<p>Os ganhos variam conforme o estado, mas seguem uma l\u00f3gica comum: quanto mais notas com CPF, mais bilhetes eletr\u00f4nicos ou cr\u00e9ditos s\u00e3o gerados. Confira as principais vantagens dispon\u00edveis em 2026:<\/p>\n\n\n\n<ul class=\"wp-block-list\">\n<li><strong>Devolu\u00e7\u00e3o de ICMS:<\/strong>&nbsp;programas como o paulista devolvem at\u00e9 30% do imposto recolhido na compra, creditado diretamente em conta ou aplic\u00e1vel ao IPVA.<\/li>\n\n\n\n<li><strong>Sorteios em dinheiro:<\/strong>&nbsp;estados como Paran\u00e1 e Bahia realizam sorteios mensais com pr\u00eamios que chegam a R$ 1 milh\u00e3o em edi\u00e7\u00f5es especiais.<\/li>\n\n\n\n<li><strong>Abatimento de impostos:<\/strong>&nbsp;Rio de Janeiro permite usar cr\u00e9ditos para quitar at\u00e9 100% do IPTU; Minas Gerais e Rio Grande do Sul oferecem desconto no IPVA.<\/li>\n\n\n\n<li><strong>Pr\u00eamios instant\u00e2neos:<\/strong>&nbsp;o aplicativo da Nota Fiscal Ga\u00facha, por exemplo, oferece premia\u00e7\u00f5es di\u00e1rias direto no celular.<\/li>\n\n\n\n<li><strong>Doa\u00e7\u00e3o a entidades sociais:<\/strong>&nbsp;alguns programas permitem transferir os cr\u00e9ditos acumulados para ONGs e institui\u00e7\u00f5es cadastradas.<\/li>\n<\/ul>\n\n\n\n<p>Mais de 20 estados brasileiros mant\u00eam programas ativos em 2026, entre eles S\u00e3o Paulo, Rio de Janeiro, Minas Gerais, Paran\u00e1, Rio Grande do Sul, Bahia, Cear\u00e1, Distrito Federal e Goi\u00e1s. Para participar, basta se cadastrar no portal da Secretaria da Fazenda do seu estado e come\u00e7ar a informar o CPF em toda compra.<\/p>\n\n\n\n<h2 class=\"wp-block-heading\">O que os supermercados fazem com o seu CPF al\u00e9m dos descontos?<\/h2>\n\n\n\n<p>Aqui a conversa muda de tom. Quando o CPF \u00e9 informado no caixa de um supermercado, ele n\u00e3o serve apenas para gerar bilhetes de sorteio ou cr\u00e9ditos fiscais. Ele se torna uma chave que conecta todas as suas compras em um hist\u00f3rico cont\u00ednuo, cruzando produtos, valores, frequ\u00eancia de visitas, hor\u00e1rios e formas de pagamento.<\/p>\n\n\n\n<p>Os principais usos que os supermercados fazem desse dado s\u00e3o:<\/p>\n\n\n\n<ul class=\"wp-block-list\">\n<li><strong>Programas de fidelidade:<\/strong>&nbsp;ac\u00famulo de pontos, cupons personalizados e descontos atrelados ao perfil de consumo registrado.<\/li>\n\n\n\n<li><strong>Segmenta\u00e7\u00e3o de ofertas:<\/strong>&nbsp;campanhas direcionadas com base nos itens que aparecem com mais frequ\u00eancia no seu carrinho.<\/li>\n\n\n\n<li><strong>Planejamento interno:<\/strong>&nbsp;dados agregados para ajustar estoques, antecipar demandas e decidir abertura de novas lojas.<\/li>\n\n\n\n<li><strong>Integra\u00e7\u00e3o entre canais:<\/strong>&nbsp;em 2026, um \u00fanico CPF pode concentrar compras feitas na loja f\u00edsica, no aplicativo e em plataformas de entrega.<\/li>\n<\/ul>\n\n\n\n<p>Essa rastreabilidade tende a se tornar ainda mais precisa com o uso de intelig\u00eancia artificial. O perfil de consumo formado ao longo de meses pode influenciar os pre\u00e7os que voc\u00ea v\u00ea no aplicativo, as notifica\u00e7\u00f5es recebidas e at\u00e9 an\u00fancios em outras plataformas digitais.<\/p>\n\n\n\n<h2 class=\"wp-block-heading\">Como a LGPD protege quem informa o CPF nas compras?<\/h2>\n\n\n\n<p>A&nbsp;<strong>Lei Geral de Prote\u00e7\u00e3o de Dados<\/strong>&nbsp;(Lei n\u00ba 13.709\/2018) garante ao consumidor uma s\u00e9rie de direitos sobre as informa\u00e7\u00f5es que fornece. Segundo informa\u00e7\u00f5es do&nbsp;<a href=\"https:\/\/www.tse.jus.br\/transparencia-e-prestacao-de-contas\/informacoes-exigidas-por-lei\/protecao-de-dados-pessoais-1\" target=\"_blank\" rel=\"noreferrer noopener\"><strong>Tribunal Superior Eleitoral<\/strong><\/a>, o CPF \u00e9 classificado como dado pessoal identific\u00e1vel, e seu tratamento exige base legal clara e finalidade espec\u00edfica informada ao titular.<\/p>\n\n\n\n<p>Na pr\u00e1tica, isso significa que o consumidor que informa o CPF no supermercado tem direito a:<\/p>\n\n\n\n<ul class=\"wp-block-list\">\n<li>Saber quais dados s\u00e3o coletados, como s\u00e3o usados e com quem s\u00e3o compartilhados.<\/li>\n\n\n\n<li>Solicitar acesso, corre\u00e7\u00e3o ou exclus\u00e3o das informa\u00e7\u00f5es armazenadas sobre si.<\/li>\n\n\n\n<li>Revogar o consentimento dado a programas de fidelidade a qualquer momento, de forma gratuita.<\/li>\n\n\n\n<li>Opor-se ao uso do CPF para fins de marketing ou perfiliza\u00e7\u00e3o comportamental.<\/li>\n\n\n\n<li>Concluir a compra mesmo sem informar o n\u00famero, quando n\u00e3o houver exig\u00eancia fiscal espec\u00edfica.<\/li>\n<\/ul>\n\n\n\n<p>A fiscaliza\u00e7\u00e3o desses direitos compete \u00e0&nbsp;<strong>Autoridade Nacional de Prote\u00e7\u00e3o de Dados (ANPD)<\/strong>, que desde 2025 intensificou auditorias no setor varejista. Empresas que descumprirem as normas est\u00e3o sujeitas a multas e a\u00e7\u00f5es de responsabiliza\u00e7\u00e3o civil.<\/p>\n\n\n\n<figure class=\"wp-block-image size-large\"><img loading=\"lazy\" decoding=\"async\" width=\"1024\" height=\"572\" src=\"https:\/\/www.em.com.br\/emfoco\/wp-content\/uploads\/2026\/04\/magnific_celular-com-aplicativo-de_2900963568-1024x572.jpeg\" alt=\"\" class=\"wp-image-202337\" srcset=\"https:\/\/www.em.com.br\/emfoco\/wp-content\/uploads\/2026\/04\/magnific_celular-com-aplicativo-de_2900963568-1024x572.jpeg 1024w, https:\/\/www.em.com.br\/emfoco\/wp-content\/uploads\/2026\/04\/magnific_celular-com-aplicativo-de_2900963568-300x167.jpeg 300w, https:\/\/www.em.com.br\/emfoco\/wp-content\/uploads\/2026\/04\/magnific_celular-com-aplicativo-de_2900963568-768x429.jpeg 768w, https:\/\/www.em.com.br\/emfoco\/wp-content\/uploads\/2026\/04\/magnific_celular-com-aplicativo-de_2900963568-750x419.jpeg 750w, https:\/\/www.em.com.br\/emfoco\/wp-content\/uploads\/2026\/04\/magnific_celular-com-aplicativo-de_2900963568-1140x636.jpeg 1140w, https:\/\/www.em.com.br\/emfoco\/wp-content\/uploads\/2026\/04\/magnific_celular-com-aplicativo-de_2900963568.jpeg 1376w\" sizes=\"auto, (max-width: 1024px) 100vw, 1024px\" \/><figcaption class=\"wp-element-caption\">Uso do CPF na nota fiscal fortalece a fiscaliza\u00e7\u00e3o e pode gerar economia direta nos impostos do dia a dia<\/figcaption><\/figure>\n\n\n\n<h2 class=\"wp-block-heading\">Vale mesmo a pena colocar o CPF na nota a cada compra?<\/h2>\n\n\n\n<p>Para quem mora em estado com programa fiscal ativo e faz compras regulares em supermercados, a resposta tende a ser sim. Os cr\u00e9ditos se acumulam com o tempo e podem representar uma economia real no final do ano. O cuidado necess\u00e1rio est\u00e1 em separar os dois cen\u00e1rios: informar o CPF para participar de programa governamental oficial \u00e9 diferente de vincular o n\u00famero a cadastros de redes varejistas privadas sem clareza sobre o uso dos dados.<\/p>\n\n\n\n<p>Uma boa pr\u00e1tica \u00e9 digitar o CPF diretamente no terminal, em vez de falar em voz alta na fila, consultar os extratos de cr\u00e9dito periodicamente nos portais estaduais e manter o cadastro atualizado para n\u00e3o perder pr\u00eamios por falta de contato v\u00e1lido. O controle dos dados come\u00e7a com escolhas simples no momento da compra, e em 2026 o consumidor brasileiro tem todas as ferramentas legais para exerc\u00ea-lo com seguran\u00e7a.<\/p>\n\n\n\n<h2 class=\"wp-block-heading\">Pronto para aproveitar o que esse h\u00e1bito pode render?<\/h2>\n\n\n\n<p>Informar o CPF na nota do supermercado pode ser uma das decis\u00f5es mais rent\u00e1veis da sua rotina de consumo, desde que feita com clareza sobre o que est\u00e1 sendo trocado. Acesse hoje o portal da Secretaria da Fazenda do seu estado, confirme se h\u00e1 cr\u00e9ditos acumulados esperando por resgate e ajuste suas prefer\u00eancias de privacidade nas redes onde voc\u00ea compra. O dinheiro j\u00e1 est\u00e1 l\u00e1, s\u00f3 precisa ser buscado.<\/p>\n","protected":false},"excerpt":{"rendered":"<p>Digitar o CPF no caixa do supermercado leva menos de cinco segundos, mas a decis\u00e3o carrega muito mais do que aparenta. Em 2026, quem faz isso regularmente pode acumular cr\u00e9ditos fiscais, abater impostos como IPVA e IPTU, e ainda participar de sorteios com pr\u00eamios que chegam a sete d\u00edgitos em alguns estados. Ao mesmo tempo, [&hellip;]<\/p>\n","protected":false},"author":19,"featured_media":202335,"comment_status":"open","ping_status":"open","sticky":false,"template":"","format":"standard","meta":{"jnews-multi-image_gallery":[],"jnews_single_post":{"format":"standard"},"jnews_primary_category":[],"jnews_social_meta":[],"jnews_override_counter":[],"footnotes":""},"categories":[1],"tags":[848,398,901],"class_list":["post-195638","post","type-post","status-publish","format-standard","has-post-thumbnail","hentry","category-noticias","tag-cpf","tag-cpf-na-nota","tag-nota-fiscal"],"yoast_head":"<!-- This site is optimized with the Yoast SEO plugin v23.8 - https:\/\/yoast.com\/wordpress\/plugins\/seo\/ -->\n<title>Comunicado para quem informa o CPF na nota no supermercado em 05\/2026 - Estado de Minas - Em foco<\/title>\n<meta name=\"description\" content=\"CPF na nota do supermercado em 2026 pode gerar cr\u00e9ditos fiscais, sorteios de at\u00e9 R$ 1 milh\u00e3o e descontos no IPVA. Entenda os benef\u00edcios e como a LGPD protege seus dados.\" \/>\n<meta name=\"robots\" content=\"index, follow, max-snippet:-1, max-image-preview:large, max-video-preview:-1\" \/>\n<link rel=\"canonical\" href=\"https:\/\/www.em.com.br\/emfoco\/2026\/05\/01\/comunicado-para-quem-informa-o-cpf-na-nota-no-supermercado-em-05-2026\/\" \/>\n<meta property=\"og:locale\" content=\"pt_BR\" \/>\n<meta property=\"og:type\" content=\"article\" \/>\n<meta property=\"og:title\" content=\"Comunicado para quem informa o CPF na nota no supermercado em 05\/2026 - Estado de Minas - Em foco\" \/>\n<meta property=\"og:description\" content=\"CPF na nota do supermercado em 2026 pode gerar cr\u00e9ditos fiscais, sorteios de at\u00e9 R$ 1 milh\u00e3o e descontos no IPVA. Entenda os benef\u00edcios e como a LGPD protege seus dados.\" \/>\n<meta property=\"og:url\" content=\"https:\/\/www.em.com.br\/emfoco\/2026\/05\/01\/comunicado-para-quem-informa-o-cpf-na-nota-no-supermercado-em-05-2026\/\" \/>\n<meta property=\"og:site_name\" content=\"Estado de Minas - Em foco\" \/>\n<meta property=\"article:published_time\" content=\"2026-05-01T13:00:00+00:00\" \/>\n<meta property=\"article:modified_time\" content=\"2026-05-01T07:54:37+00:00\" \/>\n<meta property=\"og:image\" content=\"https:\/\/www.em.com.br\/emfoco\/wp-content\/uploads\/2026\/04\/magnific_caixa-de-supermercado-com_2900962288.jpeg\" \/>\n\t<meta property=\"og:image:width\" content=\"1376\" \/>\n\t<meta property=\"og:image:height\" content=\"768\" \/>\n\t<meta property=\"og:image:type\" content=\"image\/jpeg\" \/>\n<meta name=\"author\" content=\"Vanessa Tavares\" \/>\n<meta name=\"twitter:card\" content=\"summary_large_image\" \/>\n<meta name=\"twitter:label1\" content=\"Escrito por\" \/>\n\t<meta name=\"twitter:data1\" content=\"Vanessa Tavares\" \/>\n\t<meta name=\"twitter:label2\" content=\"Est. tempo de leitura\" \/>\n\t<meta name=\"twitter:data2\" content=\"7 minutos\" \/>\n<!-- \/ Yoast SEO plugin. -->","yoast_head_json":{"title":"Comunicado para quem informa o CPF na nota no supermercado em 05\/2026 - Estado de Minas - Em foco","description":"CPF na nota do supermercado em 2026 pode gerar cr\u00e9ditos fiscais, sorteios de at\u00e9 R$ 1 milh\u00e3o e descontos no IPVA. Entenda os benef\u00edcios e como a LGPD protege seus dados.","robots":{"index":"index","follow":"follow","max-snippet":"max-snippet:-1","max-image-preview":"max-image-preview:large","max-video-preview":"max-video-preview:-1"},"canonical":"https:\/\/www.em.com.br\/emfoco\/2026\/05\/01\/comunicado-para-quem-informa-o-cpf-na-nota-no-supermercado-em-05-2026\/","og_locale":"pt_BR","og_type":"article","og_title":"Comunicado para quem informa o CPF na nota no supermercado em 05\/2026 - Estado de Minas - Em foco","og_description":"CPF na nota do supermercado em 2026 pode gerar cr\u00e9ditos fiscais, sorteios de at\u00e9 R$ 1 milh\u00e3o e descontos no IPVA. Entenda os benef\u00edcios e como a LGPD protege seus dados.","og_url":"https:\/\/www.em.com.br\/emfoco\/2026\/05\/01\/comunicado-para-quem-informa-o-cpf-na-nota-no-supermercado-em-05-2026\/","og_site_name":"Estado de Minas - Em foco","article_published_time":"2026-05-01T13:00:00+00:00","article_modified_time":"2026-05-01T07:54:37+00:00","og_image":[{"width":1376,"height":768,"url":"https:\/\/www.em.com.br\/emfoco\/wp-content\/uploads\/2026\/04\/magnific_caixa-de-supermercado-com_2900962288.jpeg","type":"image\/jpeg"}],"author":"Vanessa Tavares","twitter_card":"summary_large_image","twitter_misc":{"Escrito por":"Vanessa Tavares","Est. tempo de leitura":"7 minutos"},"schema":{"@context":"https:\/\/schema.org","@graph":[{"@type":"WebPage","@id":"https:\/\/www.em.com.br\/emfoco\/2026\/05\/01\/comunicado-para-quem-informa-o-cpf-na-nota-no-supermercado-em-05-2026\/","url":"https:\/\/www.em.com.br\/emfoco\/2026\/05\/01\/comunicado-para-quem-informa-o-cpf-na-nota-no-supermercado-em-05-2026\/","name":"Comunicado para quem informa o CPF na nota no supermercado em 05\/2026 - Estado de Minas - Em foco","isPartOf":{"@id":"https:\/\/www.em.com.br\/emfoco\/#website"},"primaryImageOfPage":{"@id":"https:\/\/www.em.com.br\/emfoco\/2026\/05\/01\/comunicado-para-quem-informa-o-cpf-na-nota-no-supermercado-em-05-2026\/#primaryimage"},"image":{"@id":"https:\/\/www.em.com.br\/emfoco\/2026\/05\/01\/comunicado-para-quem-informa-o-cpf-na-nota-no-supermercado-em-05-2026\/#primaryimage"},"thumbnailUrl":"https:\/\/www.em.com.br\/emfoco\/wp-content\/uploads\/2026\/04\/magnific_caixa-de-supermercado-com_2900962288.jpeg","datePublished":"2026-05-01T13:00:00+00:00","dateModified":"2026-05-01T07:54:37+00:00","author":{"@id":"https:\/\/www.em.com.br\/emfoco\/#\/schema\/person\/4a7a157aac450b98edc86f15a7434f0b"},"description":"CPF na nota do supermercado em 2026 pode gerar cr\u00e9ditos fiscais, sorteios de at\u00e9 R$ 1 milh\u00e3o e descontos no IPVA. Entenda os benef\u00edcios e como a LGPD protege seus dados.","breadcrumb":{"@id":"https:\/\/www.em.com.br\/emfoco\/2026\/05\/01\/comunicado-para-quem-informa-o-cpf-na-nota-no-supermercado-em-05-2026\/#breadcrumb"},"inLanguage":"pt-BR","potentialAction":[{"@type":"ReadAction","target":["https:\/\/www.em.com.br\/emfoco\/2026\/05\/01\/comunicado-para-quem-informa-o-cpf-na-nota-no-supermercado-em-05-2026\/"]}]},{"@type":"ImageObject","inLanguage":"pt-BR","@id":"https:\/\/www.em.com.br\/emfoco\/2026\/05\/01\/comunicado-para-quem-informa-o-cpf-na-nota-no-supermercado-em-05-2026\/#primaryimage","url":"https:\/\/www.em.com.br\/emfoco\/wp-content\/uploads\/2026\/04\/magnific_caixa-de-supermercado-com_2900962288.jpeg","contentUrl":"https:\/\/www.em.com.br\/emfoco\/wp-content\/uploads\/2026\/04\/magnific_caixa-de-supermercado-com_2900962288.jpeg","width":1376,"height":768,"caption":"CPF na nota pode gerar cr\u00e9ditos fiscais e ajudar a abater IPVA e IPTU al\u00e9m de participar de sorteios"},{"@type":"BreadcrumbList","@id":"https:\/\/www.em.com.br\/emfoco\/2026\/05\/01\/comunicado-para-quem-informa-o-cpf-na-nota-no-supermercado-em-05-2026\/#breadcrumb","itemListElement":[{"@type":"ListItem","position":1,"name":"In\u00edcio","item":"https:\/\/www.em.com.br\/emfoco\/"},{"@type":"ListItem","position":2,"name":"Comunicado para quem informa o CPF na nota no supermercado em 05\/2026"}]},{"@type":"WebSite","@id":"https:\/\/www.em.com.br\/emfoco\/#website","url":"https:\/\/www.em.com.br\/emfoco\/","name":"Estado de Minas - Em foco","description":"Acompanhe as \u00faltimas not\u00edcias e fique bem informado sobre tudo o que acontece em Minas Gerais, Brasil e no mundo.","potentialAction":[{"@type":"SearchAction","target":{"@type":"EntryPoint","urlTemplate":"https:\/\/www.em.com.br\/emfoco\/?s={search_term_string}"},"query-input":{"@type":"PropertyValueSpecification","valueRequired":true,"valueName":"search_term_string"}}],"inLanguage":"pt-BR"},{"@type":"Person","@id":"https:\/\/www.em.com.br\/emfoco\/#\/schema\/person\/4a7a157aac450b98edc86f15a7434f0b","name":"Vanessa Tavares","image":{"@type":"ImageObject","inLanguage":"pt-BR","@id":"https:\/\/www.em.com.br\/emfoco\/#\/schema\/person\/image\/","url":"https:\/\/secure.gravatar.com\/avatar\/088c9372da58da00f00f8e508f13d635?s=96&d=mm&r=g","contentUrl":"https:\/\/secure.gravatar.com\/avatar\/088c9372da58da00f00f8e508f13d635?s=96&d=mm&r=g","caption":"Vanessa Tavares"},"sameAs":["https:\/\/www.em.com.br\/emfoco"],"url":"https:\/\/www.em.com.br\/emfoco\/author\/vanessamyth\/"}]}},"_links":{"self":[{"href":"https:\/\/www.em.com.br\/emfoco\/wp-json\/wp\/v2\/posts\/195638","targetHints":{"allow":["GET"]}}],"collection":[{"href":"https:\/\/www.em.com.br\/emfoco\/wp-json\/wp\/v2\/posts"}],"about":[{"href":"https:\/\/www.em.com.br\/emfoco\/wp-json\/wp\/v2\/types\/post"}],"author":[{"embeddable":true,"href":"https:\/\/www.em.com.br\/emfoco\/wp-json\/wp\/v2\/users\/19"}],"replies":[{"embeddable":true,"href":"https:\/\/www.em.com.br\/emfoco\/wp-json\/wp\/v2\/comments?post=195638"}],"version-history":[{"count":2,"href":"https:\/\/www.em.com.br\/emfoco\/wp-json\/wp\/v2\/posts\/195638\/revisions"}],"predecessor-version":[{"id":202338,"href":"https:\/\/www.em.com.br\/emfoco\/wp-json\/wp\/v2\/posts\/195638\/revisions\/202338"}],"wp:featuredmedia":[{"embeddable":true,"href":"https:\/\/www.em.com.br\/emfoco\/wp-json\/wp\/v2\/media\/202335"}],"wp:attachment":[{"href":"https:\/\/www.em.com.br\/emfoco\/wp-json\/wp\/v2\/media?parent=195638"}],"wp:term":[{"taxonomy":"category","embeddable":true,"href":"https:\/\/www.em.com.br\/emfoco\/wp-json\/wp\/v2\/categories?post=195638"},{"taxonomy":"post_tag","embeddable":true,"href":"https:\/\/www.em.com.br\/emfoco\/wp-json\/wp\/v2\/tags?post=195638"}],"curies":[{"name":"wp","href":"https:\/\/api.w.org\/{rel}","templated":true}]}}