{"id":19530,"date":"2025-02-13T19:30:00","date_gmt":"2025-02-13T22:30:00","guid":{"rendered":"https:\/\/www.em.com.br\/emfoco\/?p=19530"},"modified":"2025-02-13T17:39:50","modified_gmt":"2025-02-13T20:39:50","slug":"voce-nunca-mais-vai-jogar-caixas-de-leite-fora-depois-de-ver-isso","status":"publish","type":"post","link":"https:\/\/www.em.com.br\/emfoco\/2025\/02\/13\/voce-nunca-mais-vai-jogar-caixas-de-leite-fora-depois-de-ver-isso\/","title":{"rendered":"Voc\u00ea nunca mais vai jogar caixas de leite fora depois de ver isso!"},"content":{"rendered":"\n<p>Caixas de leite, frequentemente descartadas ap\u00f3s o uso, possuem um potencial surpreendente para reutiliza\u00e7\u00e3o. Com um pouco de criatividade, essas embalagens podem ganhar novas fun\u00e7\u00f5es, contribuindo para um estilo de vida mais sustent\u00e1vel. Transform\u00e1-las em vasos para plantas, por exemplo, n\u00e3o s\u00f3 economiza dinheiro, mas tamb\u00e9m reduz a necessidade de recipientes de pl\u00e1stico.<\/p>\n\n\n\n<p>Al\u00e9m disso, as caixas de leite podem ser convertidas em organizadores pr\u00e1ticos para gavetas e prateleiras, ajudando a manter pequenos objetos arrumados. Para as crian\u00e7as, essas caixas podem se tornar a base de projetos de arte e artesanato, estimulando a criatividade e proporcionando divers\u00e3o. Quando cortadas e decoradas, podem se transformar em lumin\u00e1rias, bolsas e at\u00e9 casas para p\u00e1ssaros, segundo as dicas do site <a href=\"https:\/\/receitasdepesos.com.br\/transformando-caixas-de-leite-em-tesouros-reciclaveis.html\/\" target=\"_blank\" rel=\"noreferrer noopener\">Receitas de Peso.<\/a><\/p>\n\n\n\n<h2 class=\"wp-block-heading\">Como transformar caixas de leite em itens \u00fateis?<\/h2>\n\n\n\n<p>Reutilizar caixas de leite \u00e9 uma maneira eficaz de reduzir o desperd\u00edcio e adotar pr\u00e1ticas mais ecol\u00f3gicas. Aqui est\u00e3o algumas ideias de como transformar essas embalagens em itens \u00fateis para o dia a dia:<\/p>\n\n\n\n<ul class=\"wp-block-list\">\n<li><strong>Vasos para plantas:<\/strong>\u00a0Lave bem a caixa de leite, corte-a ao meio e use-a como vaso. Elas s\u00e3o resistentes \u00e0 \u00e1gua e podem ser decoradas para um toque pessoal.<\/li>\n\n\n\n<li><strong>Organizadores de gavetas:<\/strong>\u00a0Corte as caixas em tamanhos apropriados e use-as como divis\u00f3rias para manter pequenos objetos organizados.<\/li>\n\n\n\n<li><strong>Comedouros para p\u00e1ssaros:<\/strong>\u00a0Corte uma abertura na caixa, adicione uma corda para pendur\u00e1-la e coloque sementes para atrair aves.<\/li>\n\n\n\n<li><strong>Bolsas e carteiras:<\/strong>\u00a0Transforme caixas de leite em bolsas dur\u00e1veis, decorando-as com tecido ou tinta.<\/li>\n<\/ul>\n\n\n\n<h2 class=\"wp-block-heading\">Quais s\u00e3o as vantagens de reutilizar caixas de leite?<\/h2>\n\n\n\n<p><a href=\"https:\/\/www.em.com.br\/emfoco\/2025\/02\/12\/truque-infalivel-para-eliminar-o-cheiro-de-cachorro-molhado-das-roupas\/\" target=\"_blank\" rel=\"noreferrer noopener\">Reutilizar <\/a>caixas de leite traz diversas vantagens, tanto para o meio ambiente quanto para o cotidiano. Primeiramente, ao reaproveitar essas embalagens, contribui-se para a redu\u00e7\u00e3o do volume de res\u00edduos enviados aos aterros sanit\u00e1rios. Al\u00e9m disso, a reutiliza\u00e7\u00e3o promove a economia de recursos, j\u00e1 que diminui a necessidade de comprar novos produtos para fun\u00e7\u00f5es que podem ser supridas pelas caixas recicladas.<\/p>\n\n\n\n<p>Outra vantagem significativa \u00e9 o incentivo \u00e0 criatividade e \u00e0 personaliza\u00e7\u00e3o. Projetos de reutiliza\u00e7\u00e3o permitem que as pessoas expressem seu estilo pessoal e criem itens \u00fanicos, adaptados \u00e0s suas necessidades espec\u00edficas. Por fim, essas pr\u00e1ticas tamb\u00e9m podem ser educativas, especialmente para crian\u00e7as, ao ensinar sobre sustentabilidade e a import\u00e2ncia de cuidar do meio ambiente.<\/p>\n\n\n<div class=\"wp-block-image\">\n<figure class=\"aligncenter size-large\"><img loading=\"lazy\" decoding=\"async\" width=\"1024\" height=\"576\" src=\"https:\/\/www.em.com.br\/emfoco\/wp-content\/uploads\/2025\/02\/caixas-de-leite_1739478767355-1024x576.jpg\" alt=\"Voc\u00ea nunca mais vai jogar caixas de leite fora depois de ver isso!\" class=\"wp-image-19532\" srcset=\"https:\/\/www.em.com.br\/emfoco\/wp-content\/uploads\/2025\/02\/caixas-de-leite_1739478767355-1024x576.jpg 1024w, https:\/\/www.em.com.br\/emfoco\/wp-content\/uploads\/2025\/02\/caixas-de-leite_1739478767355-300x169.jpg 300w, https:\/\/www.em.com.br\/emfoco\/wp-content\/uploads\/2025\/02\/caixas-de-leite_1739478767355-768x432.jpg 768w, https:\/\/www.em.com.br\/emfoco\/wp-content\/uploads\/2025\/02\/caixas-de-leite_1739478767355-750x422.jpg 750w, https:\/\/www.em.com.br\/emfoco\/wp-content\/uploads\/2025\/02\/caixas-de-leite_1739478767355-1140x641.jpg 1140w, https:\/\/www.em.com.br\/emfoco\/wp-content\/uploads\/2025\/02\/caixas-de-leite_1739478767355.jpg 1280w\" sizes=\"auto, (max-width: 1024px) 100vw, 1024px\" \/><figcaption class=\"wp-element-caption\">Caixas de leite (Cr\u00e9ditos: depositphotos.com \/ AleksVF)<\/figcaption><\/figure><\/div>\n\n\n<h2 class=\"wp-block-heading\">Como iniciar a reutiliza\u00e7\u00e3o de caixas de leite?<\/h2>\n\n\n\n<p>Para come\u00e7ar a reutilizar caixas de leite, \u00e9 importante garantir que estejam limpas e secas. A partir da\u00ed, basta escolher um projeto que atenda \u00e0s suas necessidades ou interesses. Por exemplo, se o objetivo \u00e9 organizar a casa, as caixas podem ser cortadas e utilizadas como divis\u00f3rias em gavetas ou prateleiras.<\/p>\n\n\n\n<p>Para aqueles interessados em jardinagem, as caixas podem ser transformadas em vasos ou mini-hortas, ideais para o cultivo de ervas ou pequenos vegetais. J\u00e1 para projetos de artesanato, as caixas podem ser cortadas e decoradas, tornando-se a base para uma variedade de cria\u00e7\u00f5es art\u00edsticas.<\/p>\n\n\n\n<h2 class=\"wp-block-heading\">Considera\u00e7\u00f5es sobre a reutiliza\u00e7\u00e3o de caixas de leite<\/h2>\n\n\n\n<p>Reutilizar caixas de leite \u00e9 uma pr\u00e1tica simples, mas poderosa, que pode ter um impacto positivo significativo no meio ambiente. Ao adotar essa abordagem, n\u00e3o apenas se reduz o desperd\u00edcio, mas tamb\u00e9m se promove a criatividade e a inova\u00e7\u00e3o no uso de materiais do dia a dia.<\/p>\n\n\n\n<p>\u00c9 importante lembrar que, quando as caixas n\u00e3o puderem mais ser reutilizadas, devem ser recicladas de acordo com as diretrizes locais. Dessa forma, contribui-se para um ciclo de consumo mais sustent\u00e1vel e respons\u00e1vel.<\/p>\n","protected":false},"excerpt":{"rendered":"<p>Caixas de leite, frequentemente descartadas ap\u00f3s o uso, possuem um potencial surpreendente para reutiliza\u00e7\u00e3o. Com um pouco de criatividade, essas embalagens podem ganhar novas fun\u00e7\u00f5es, contribuindo para um estilo de vida mais sustent\u00e1vel. Transform\u00e1-las em vasos para plantas, por exemplo, n\u00e3o s\u00f3 economiza dinheiro, mas tamb\u00e9m reduz a necessidade de recipientes de pl\u00e1stico. Al\u00e9m disso, [&hellip;]<\/p>\n","protected":false},"author":10,"featured_media":19531,"comment_status":"open","ping_status":"open","sticky":false,"template":"","format":"standard","meta":{"jnews-multi-image_gallery":[],"jnews_single_post":{"format":"standard"},"jnews_primary_category":[],"jnews_social_meta":[],"jnews_override_counter":[],"footnotes":""},"categories":[29],"tags":[5013,5014,5015],"class_list":["post-19530","post","type-post","status-publish","format-standard","has-post-thumbnail","hentry","category-entretenimento","tag-caixas-de-leite","tag-reaproveitamento","tag-usos"],"yoast_head":"<!-- This site is optimized with the Yoast SEO plugin v23.8 - https:\/\/yoast.com\/wordpress\/plugins\/seo\/ -->\n<title>Voc\u00ea nunca mais vai jogar caixas de leite fora depois de ver isso! - Estado de Minas - Em foco<\/title>\n<meta name=\"description\" content=\"N\u00e3o jogue suas caixas de leite fora! Veja ideias criativas para reaproveit\u00e1-las e transformar seu dia a dia.\" \/>\n<meta name=\"robots\" content=\"index, follow, max-snippet:-1, max-image-preview:large, max-video-preview:-1\" \/>\n<link rel=\"canonical\" href=\"https:\/\/www.em.com.br\/emfoco\/2025\/02\/13\/voce-nunca-mais-vai-jogar-caixas-de-leite-fora-depois-de-ver-isso\/\" \/>\n<meta property=\"og:locale\" content=\"pt_BR\" \/>\n<meta property=\"og:type\" content=\"article\" \/>\n<meta property=\"og:title\" content=\"Voc\u00ea nunca mais vai jogar caixas de leite fora depois de ver isso! - Estado de Minas - Em foco\" \/>\n<meta property=\"og:description\" content=\"N\u00e3o jogue suas caixas de leite fora! Veja ideias criativas para reaproveit\u00e1-las e transformar seu dia a dia.\" \/>\n<meta property=\"og:url\" content=\"https:\/\/www.em.com.br\/emfoco\/2025\/02\/13\/voce-nunca-mais-vai-jogar-caixas-de-leite-fora-depois-de-ver-isso\/\" \/>\n<meta property=\"og:site_name\" content=\"Estado de Minas - Em foco\" \/>\n<meta property=\"article:published_time\" content=\"2025-02-13T22:30:00+00:00\" \/>\n<meta property=\"article:modified_time\" content=\"2025-02-13T20:39:50+00:00\" \/>\n<meta property=\"og:image\" content=\"https:\/\/www.em.com.br\/emfoco\/wp-content\/uploads\/2025\/02\/caixas-de-leite_1739478677134.jpg\" \/>\n\t<meta property=\"og:image:width\" content=\"1280\" \/>\n\t<meta property=\"og:image:height\" content=\"720\" \/>\n\t<meta property=\"og:image:type\" content=\"image\/jpeg\" \/>\n<meta name=\"author\" content=\"Patryck Reinehr\" \/>\n<meta name=\"twitter:card\" content=\"summary_large_image\" \/>\n<meta name=\"twitter:label1\" content=\"Escrito por\" \/>\n\t<meta name=\"twitter:data1\" content=\"Patryck Reinehr\" \/>\n<!-- \/ Yoast SEO plugin. -->","yoast_head_json":{"title":"Voc\u00ea nunca mais vai jogar caixas de leite fora depois de ver isso! - Estado de Minas - Em foco","description":"N\u00e3o jogue suas caixas de leite fora! Veja ideias criativas para reaproveit\u00e1-las e transformar seu dia a dia.","robots":{"index":"index","follow":"follow","max-snippet":"max-snippet:-1","max-image-preview":"max-image-preview:large","max-video-preview":"max-video-preview:-1"},"canonical":"https:\/\/www.em.com.br\/emfoco\/2025\/02\/13\/voce-nunca-mais-vai-jogar-caixas-de-leite-fora-depois-de-ver-isso\/","og_locale":"pt_BR","og_type":"article","og_title":"Voc\u00ea nunca mais vai jogar caixas de leite fora depois de ver isso! - Estado de Minas - Em foco","og_description":"N\u00e3o jogue suas caixas de leite fora! Veja ideias criativas para reaproveit\u00e1-las e transformar seu dia a dia.","og_url":"https:\/\/www.em.com.br\/emfoco\/2025\/02\/13\/voce-nunca-mais-vai-jogar-caixas-de-leite-fora-depois-de-ver-isso\/","og_site_name":"Estado de Minas - Em foco","article_published_time":"2025-02-13T22:30:00+00:00","article_modified_time":"2025-02-13T20:39:50+00:00","og_image":[{"width":1280,"height":720,"url":"https:\/\/www.em.com.br\/emfoco\/wp-content\/uploads\/2025\/02\/caixas-de-leite_1739478677134.jpg","type":"image\/jpeg"}],"author":"Patryck Reinehr","twitter_card":"summary_large_image","twitter_misc":{"Escrito por":"Patryck Reinehr"},"schema":{"@context":"https:\/\/schema.org","@graph":[{"@type":"WebPage","@id":"https:\/\/www.em.com.br\/emfoco\/2025\/02\/13\/voce-nunca-mais-vai-jogar-caixas-de-leite-fora-depois-de-ver-isso\/","url":"https:\/\/www.em.com.br\/emfoco\/2025\/02\/13\/voce-nunca-mais-vai-jogar-caixas-de-leite-fora-depois-de-ver-isso\/","name":"Voc\u00ea nunca mais vai jogar caixas de leite fora depois de ver isso! - Estado de Minas - Em foco","isPartOf":{"@id":"https:\/\/www.em.com.br\/emfoco\/#website"},"primaryImageOfPage":{"@id":"https:\/\/www.em.com.br\/emfoco\/2025\/02\/13\/voce-nunca-mais-vai-jogar-caixas-de-leite-fora-depois-de-ver-isso\/#primaryimage"},"image":{"@id":"https:\/\/www.em.com.br\/emfoco\/2025\/02\/13\/voce-nunca-mais-vai-jogar-caixas-de-leite-fora-depois-de-ver-isso\/#primaryimage"},"thumbnailUrl":"https:\/\/www.em.com.br\/emfoco\/wp-content\/uploads\/2025\/02\/caixas-de-leite_1739478677134.jpg","datePublished":"2025-02-13T22:30:00+00:00","dateModified":"2025-02-13T20:39:50+00:00","author":{"@id":"https:\/\/www.em.com.br\/emfoco\/#\/schema\/person\/43407752bebcbbb4d0ec79deedc0d7ce"},"description":"N\u00e3o jogue suas caixas de leite fora! Veja ideias criativas para reaproveit\u00e1-las e transformar seu dia a dia.","breadcrumb":{"@id":"https:\/\/www.em.com.br\/emfoco\/2025\/02\/13\/voce-nunca-mais-vai-jogar-caixas-de-leite-fora-depois-de-ver-isso\/#breadcrumb"},"inLanguage":"pt-BR","potentialAction":[{"@type":"ReadAction","target":["https:\/\/www.em.com.br\/emfoco\/2025\/02\/13\/voce-nunca-mais-vai-jogar-caixas-de-leite-fora-depois-de-ver-isso\/"]}]},{"@type":"ImageObject","inLanguage":"pt-BR","@id":"https:\/\/www.em.com.br\/emfoco\/2025\/02\/13\/voce-nunca-mais-vai-jogar-caixas-de-leite-fora-depois-de-ver-isso\/#primaryimage","url":"https:\/\/www.em.com.br\/emfoco\/wp-content\/uploads\/2025\/02\/caixas-de-leite_1739478677134.jpg","contentUrl":"https:\/\/www.em.com.br\/emfoco\/wp-content\/uploads\/2025\/02\/caixas-de-leite_1739478677134.jpg","width":1280,"height":720,"caption":"Caixas de leite (Cr\u00e9ditos: depositphotos.com \/ defotoberg)"},{"@type":"BreadcrumbList","@id":"https:\/\/www.em.com.br\/emfoco\/2025\/02\/13\/voce-nunca-mais-vai-jogar-caixas-de-leite-fora-depois-de-ver-isso\/#breadcrumb","itemListElement":[{"@type":"ListItem","position":1,"name":"In\u00edcio","item":"https:\/\/www.em.com.br\/emfoco\/"},{"@type":"ListItem","position":2,"name":"Voc\u00ea nunca mais vai jogar caixas de leite fora depois de ver isso!"}]},{"@type":"WebSite","@id":"https:\/\/www.em.com.br\/emfoco\/#website","url":"https:\/\/www.em.com.br\/emfoco\/","name":"Estado de Minas - Em foco","description":"Acompanhe as \u00faltimas not\u00edcias e fique bem informado sobre tudo o que acontece em Minas Gerais, Brasil e no mundo.","potentialAction":[{"@type":"SearchAction","target":{"@type":"EntryPoint","urlTemplate":"https:\/\/www.em.com.br\/emfoco\/?s={search_term_string}"},"query-input":{"@type":"PropertyValueSpecification","valueRequired":true,"valueName":"search_term_string"}}],"inLanguage":"pt-BR"},{"@type":"Person","@id":"https:\/\/www.em.com.br\/emfoco\/#\/schema\/person\/43407752bebcbbb4d0ec79deedc0d7ce","name":"Patryck Reinehr","image":{"@type":"ImageObject","inLanguage":"pt-BR","@id":"https:\/\/www.em.com.br\/emfoco\/#\/schema\/person\/image\/","url":"https:\/\/secure.gravatar.com\/avatar\/570c7fb2898c0e2df0823196891bea88?s=96&d=mm&r=g","contentUrl":"https:\/\/secure.gravatar.com\/avatar\/570c7fb2898c0e2df0823196891bea88?s=96&d=mm&r=g","caption":"Patryck Reinehr"},"url":"https:\/\/www.em.com.br\/emfoco\/author\/patryckmyth\/"}]}},"_links":{"self":[{"href":"https:\/\/www.em.com.br\/emfoco\/wp-json\/wp\/v2\/posts\/19530","targetHints":{"allow":["GET"]}}],"collection":[{"href":"https:\/\/www.em.com.br\/emfoco\/wp-json\/wp\/v2\/posts"}],"about":[{"href":"https:\/\/www.em.com.br\/emfoco\/wp-json\/wp\/v2\/types\/post"}],"author":[{"embeddable":true,"href":"https:\/\/www.em.com.br\/emfoco\/wp-json\/wp\/v2\/users\/10"}],"replies":[{"embeddable":true,"href":"https:\/\/www.em.com.br\/emfoco\/wp-json\/wp\/v2\/comments?post=19530"}],"version-history":[{"count":2,"href":"https:\/\/www.em.com.br\/emfoco\/wp-json\/wp\/v2\/posts\/19530\/revisions"}],"predecessor-version":[{"id":19534,"href":"https:\/\/www.em.com.br\/emfoco\/wp-json\/wp\/v2\/posts\/19530\/revisions\/19534"}],"wp:featuredmedia":[{"embeddable":true,"href":"https:\/\/www.em.com.br\/emfoco\/wp-json\/wp\/v2\/media\/19531"}],"wp:attachment":[{"href":"https:\/\/www.em.com.br\/emfoco\/wp-json\/wp\/v2\/media?parent=19530"}],"wp:term":[{"taxonomy":"category","embeddable":true,"href":"https:\/\/www.em.com.br\/emfoco\/wp-json\/wp\/v2\/categories?post=19530"},{"taxonomy":"post_tag","embeddable":true,"href":"https:\/\/www.em.com.br\/emfoco\/wp-json\/wp\/v2\/tags?post=19530"}],"curies":[{"name":"wp","href":"https:\/\/api.w.org\/{rel}","templated":true}]}}