{"id":19402,"date":"2025-02-14T09:20:06","date_gmt":"2025-02-14T12:20:06","guid":{"rendered":"https:\/\/www.em.com.br\/emfoco\/?p=19402"},"modified":"2025-02-13T21:25:57","modified_gmt":"2025-02-14T00:25:57","slug":"como-solicitar-o-seguro-desemprego-em-2025-passo-a-passo","status":"publish","type":"post","link":"https:\/\/www.em.com.br\/emfoco\/2025\/02\/14\/como-solicitar-o-seguro-desemprego-em-2025-passo-a-passo\/","title":{"rendered":"Como solicitar o Seguro-Desemprego em 2025? Confira o passo a passo"},"content":{"rendered":"\n<p>O seguro-desemprego \u00e9 um benef\u00edcio essencial para trabalhadores que perderam o <a href=\"https:\/\/www.em.com.br\/emfoco\/2025\/02\/12\/mercado-de-trabalho-em-ebulicao-entenda-a-relacao-com-o-seguro-desemprego\/\" target=\"_blank\" rel=\"noreferrer noopener\">emprego <\/a>sem justa causa. Em 2024, o Brasil registrou um aumento significativo nos pedidos desse benef\u00edcio, alcan\u00e7ando o maior n\u00famero dos \u00faltimos oito anos. Segundo dados do <strong>Minist\u00e9rio do Trabalho<\/strong> e Emprego (<a href=\"https:\/\/www.gov.br\/trabalho-e-emprego\/pt-br\" target=\"_blank\" rel=\"noreferrer noopener\">MTE<\/a>), foram 7,44 milh\u00f5es de solicita\u00e7\u00f5es ao longo do ano, um crescimento de 4% em rela\u00e7\u00e3o a 2023.<\/p>\n\n\n\n<p>Esse aumento no n\u00famero de pedidos de seguro-desemprego em 2024 superou at\u00e9 mesmo os anos mais cr\u00edticos da pandemia. Em 2016, por exemplo, 7,56 milh\u00f5es de brasileiros recorreram ao benef\u00edcio devido a um cen\u00e1rio econ\u00f4mico desafiador. A oscila\u00e7\u00e3o nos n\u00fameros ao longo dos anos reflete a din\u00e2mica do mercado de trabalho e a rotatividade nas contrata\u00e7\u00f5es formais.<\/p>\n\n\n\n<h2 class=\"wp-block-heading\">Por que os pedidos de Seguro-Desemprego aumentaram?<\/h2>\n\n\n\n<p>O aumento recente nos pedidos de seguro-desemprego pode ser atribu\u00eddo a diversos fatores. Em primeiro lugar, a rotatividade no mercado de trabalho tem crescido, com mais contrata\u00e7\u00f5es formais sendo realizadas. Isso significa que mais trabalhadores est\u00e3o aptos a solicitar o benef\u00edcio quando necess\u00e1rio. Al\u00e9m disso, o Brasil registrou a menor taxa de desemprego da s\u00e9rie hist\u00f3rica do <strong>IBGE<\/strong>, fechando 2024 em 6,6%.<\/p>\n\n\n<div class=\"wp-block-image\">\n<figure class=\"aligncenter size-large\"><img loading=\"lazy\" decoding=\"async\" width=\"1024\" height=\"576\" src=\"https:\/\/www.em.com.br\/emfoco\/wp-content\/uploads\/2024\/12\/Banco-do-Brasil_1734461359873-1024x576.jpg\" alt=\"Como solicitar o Seguro-Desemprego em 2025? passo a passo\" class=\"wp-image-5452\" srcset=\"https:\/\/www.em.com.br\/emfoco\/wp-content\/uploads\/2024\/12\/Banco-do-Brasil_1734461359873-1024x576.jpg 1024w, https:\/\/www.em.com.br\/emfoco\/wp-content\/uploads\/2024\/12\/Banco-do-Brasil_1734461359873-300x169.jpg 300w, https:\/\/www.em.com.br\/emfoco\/wp-content\/uploads\/2024\/12\/Banco-do-Brasil_1734461359873-768x432.jpg 768w, https:\/\/www.em.com.br\/emfoco\/wp-content\/uploads\/2024\/12\/Banco-do-Brasil_1734461359873-750x422.jpg 750w, https:\/\/www.em.com.br\/emfoco\/wp-content\/uploads\/2024\/12\/Banco-do-Brasil_1734461359873-1140x641.jpg 1140w, https:\/\/www.em.com.br\/emfoco\/wp-content\/uploads\/2024\/12\/Banco-do-Brasil_1734461359873.jpg 1280w\" sizes=\"auto, (max-width: 1024px) 100vw, 1024px\" \/><figcaption class=\"wp-element-caption\">Dinheiro Extra &#8211; Cr\u00e9ditos: depositphotos.com \/ rmcarvalhobsb<\/figcaption><\/figure><\/div>\n\n\n<p>Outro fator importante \u00e9 a queda na taxa de informalidade. Dados da <strong>Pnad <\/strong>indicam que, em 2024, a informalidade caiu de 39,2% em 2023 para 39,0%. Com mais trabalhadores formalizados, o n\u00famero de pessoas eleg\u00edveis para o seguro-desemprego tamb\u00e9m aumenta. Essa combina\u00e7\u00e3o de fatores contribui para o crescimento no n\u00famero de solicita\u00e7\u00f5es do benef\u00edcio.<\/p>\n\n\n\n<h2 class=\"wp-block-heading\">Como solicitar o Seguro-Desemprego?<\/h2>\n\n\n\n<p>Para aqueles que precisam solicitar o seguro-desemprego, o processo \u00e9 relativamente simples e pode ser feito de forma digital. Abaixo est\u00e3o os passos necess\u00e1rios para realizar a solicita\u00e7\u00e3o:<\/p>\n\n\n\n<ol class=\"wp-block-list\">\n<li>Baixar o aplicativo Carteira de Trabalho Digital no dispositivo m\u00f3vel.<\/li>\n\n\n\n<li>Acessar \u201cEntrar com gov.br\u201d.<\/li>\n\n\n\n<li>Fazer o login com a conta Gov.br.<\/li>\n\n\n\n<li>Acessar a aba \u201cBenef\u00edcios\u201d, localizada na parte inferior da tela.<\/li>\n\n\n\n<li>Na categoria \u201cSeguro-Desemprego\u201d, selecionar \u201cSolicitar\u201d.<\/li>\n\n\n\n<li>Escolher a modalidade do benef\u00edcio.<\/li>\n\n\n\n<li>Informar o n\u00famero do requerimento.<\/li>\n\n\n\n<li>Aceitar os termos apresentados e iniciar a solicita\u00e7\u00e3o.<\/li>\n<\/ol>\n\n\n\n<h2 class=\"wp-block-heading\">Quais s\u00e3o os desafios para o futuro?<\/h2>\n\n\n\n<p>Apesar do aumento nos pedidos de seguro-desemprego, o Brasil enfrenta desafios significativos no mercado de trabalho. A necessidade de criar mais empregos formais e reduzir a informalidade continua sendo uma prioridade. Al\u00e9m disso, \u00e9 crucial garantir que o sistema de seguro-desemprego seja sustent\u00e1vel e capaz de atender a todos que dele necessitam.<\/p>\n\n\n\n<p>O governo e as empresas precisam trabalhar juntos para promover um ambiente econ\u00f4mico est\u00e1vel e favor\u00e1vel ao crescimento. Isso inclui pol\u00edticas que incentivem a contrata\u00e7\u00e3o formal e a capacita\u00e7\u00e3o dos trabalhadores, preparando-os para as demandas do mercado de trabalho moderno.<\/p>\n\n\n\n<h2 class=\"wp-block-heading\">O impacto do Seguro-Desemprego na economia<\/h2>\n\n\n\n<p>O seguro-desemprego desempenha um papel vital na economia, oferecendo uma rede de seguran\u00e7a para trabalhadores em transi\u00e7\u00e3o entre empregos. Ele ajuda a manter a estabilidade financeira das fam\u00edlias e a sustentar o consumo, que \u00e9 um motor importante para a economia. Al\u00e9m disso, o benef\u00edcio permite que os trabalhadores busquem novas oportunidades de emprego sem a press\u00e3o imediata de aceitar qualquer posi\u00e7\u00e3o dispon\u00edvel.<\/p>\n\n\n\n<p>Em suma, o seguro-desemprego \u00e9 uma ferramenta crucial para o bem-estar dos trabalhadores e para a sa\u00fade econ\u00f4mica do pa\u00eds. \u00c0 medida que o Brasil continua a enfrentar desafios econ\u00f4micos, o papel desse benef\u00edcio se torna ainda mais relevante, destacando a import\u00e2ncia de pol\u00edticas p\u00fablicas eficazes para apoiar o mercado de trabalho.<\/p>\n","protected":false},"excerpt":{"rendered":"<p>O seguro-desemprego \u00e9 um benef\u00edcio essencial para trabalhadores que perderam o emprego sem justa causa. Em 2024, o Brasil registrou um aumento significativo nos pedidos desse benef\u00edcio, alcan\u00e7ando o maior n\u00famero dos \u00faltimos oito anos. Segundo dados do Minist\u00e9rio do Trabalho e Emprego (MTE), foram 7,44 milh\u00f5es de solicita\u00e7\u00f5es ao longo do ano, um crescimento [&hellip;]<\/p>\n","protected":false},"author":7,"featured_media":1978,"comment_status":"open","ping_status":"open","sticky":false,"template":"","format":"standard","meta":{"jnews-multi-image_gallery":[],"jnews_single_post":{"format":"standard"},"jnews_primary_category":[],"jnews_social_meta":[],"jnews_override_counter":[],"footnotes":""},"categories":[28],"tags":[259,158,1832,508],"class_list":["post-19402","post","type-post","status-publish","format-standard","has-post-thumbnail","hentry","category-economia","tag-beneficio","tag-brasil","tag-seguro-desemprego","tag-trabalho"],"yoast_head":"<!-- This site is optimized with the Yoast SEO plugin v23.8 - https:\/\/yoast.com\/wordpress\/plugins\/seo\/ -->\n<title>Como solicitar o Seguro-Desemprego em 2025? Confira o passo a passo - Estado de Minas - Em foco<\/title>\n<meta name=\"description\" content=\"Descubra como solicitar o seguro-desemprego, os valores e as novas regras. Garanta seus direitos e planeje seu futuro.\" \/>\n<meta name=\"robots\" content=\"index, follow, max-snippet:-1, max-image-preview:large, max-video-preview:-1\" \/>\n<link rel=\"canonical\" href=\"https:\/\/www.em.com.br\/emfoco\/2025\/02\/14\/como-solicitar-o-seguro-desemprego-em-2025-passo-a-passo\/\" \/>\n<meta property=\"og:locale\" content=\"pt_BR\" \/>\n<meta property=\"og:type\" content=\"article\" \/>\n<meta property=\"og:title\" content=\"Como solicitar o Seguro-Desemprego em 2025? Confira o passo a passo - Estado de Minas - Em foco\" \/>\n<meta property=\"og:description\" content=\"Descubra como solicitar o seguro-desemprego, os valores e as novas regras. Garanta seus direitos e planeje seu futuro.\" \/>\n<meta property=\"og:url\" content=\"https:\/\/www.em.com.br\/emfoco\/2025\/02\/14\/como-solicitar-o-seguro-desemprego-em-2025-passo-a-passo\/\" \/>\n<meta property=\"og:site_name\" content=\"Estado de Minas - Em foco\" \/>\n<meta property=\"article:published_time\" content=\"2025-02-14T12:20:06+00:00\" \/>\n<meta property=\"article:modified_time\" content=\"2025-02-14T00:25:57+00:00\" \/>\n<meta property=\"og:image\" content=\"https:\/\/www.em.com.br\/emfoco\/wp-content\/uploads\/2024\/11\/Real-Brasileiro_1732816663324.jpg\" \/>\n\t<meta property=\"og:image:width\" content=\"1280\" \/>\n\t<meta property=\"og:image:height\" content=\"720\" \/>\n\t<meta property=\"og:image:type\" content=\"image\/jpeg\" \/>\n<meta name=\"author\" content=\"Kelvin\" \/>\n<meta name=\"twitter:card\" content=\"summary_large_image\" \/>\n<meta name=\"twitter:label1\" content=\"Escrito por\" \/>\n\t<meta name=\"twitter:data1\" content=\"Kelvin\" \/>\n\t<meta name=\"twitter:label2\" content=\"Est. tempo de leitura\" \/>\n\t<meta name=\"twitter:data2\" content=\"4 minutos\" \/>\n<!-- \/ Yoast SEO plugin. -->","yoast_head_json":{"title":"Como solicitar o Seguro-Desemprego em 2025? Confira o passo a passo - Estado de Minas - Em foco","description":"Descubra como solicitar o seguro-desemprego, os valores e as novas regras. Garanta seus direitos e planeje seu futuro.","robots":{"index":"index","follow":"follow","max-snippet":"max-snippet:-1","max-image-preview":"max-image-preview:large","max-video-preview":"max-video-preview:-1"},"canonical":"https:\/\/www.em.com.br\/emfoco\/2025\/02\/14\/como-solicitar-o-seguro-desemprego-em-2025-passo-a-passo\/","og_locale":"pt_BR","og_type":"article","og_title":"Como solicitar o Seguro-Desemprego em 2025? Confira o passo a passo - Estado de Minas - Em foco","og_description":"Descubra como solicitar o seguro-desemprego, os valores e as novas regras. Garanta seus direitos e planeje seu futuro.","og_url":"https:\/\/www.em.com.br\/emfoco\/2025\/02\/14\/como-solicitar-o-seguro-desemprego-em-2025-passo-a-passo\/","og_site_name":"Estado de Minas - Em foco","article_published_time":"2025-02-14T12:20:06+00:00","article_modified_time":"2025-02-14T00:25:57+00:00","og_image":[{"width":1280,"height":720,"url":"https:\/\/www.em.com.br\/emfoco\/wp-content\/uploads\/2024\/11\/Real-Brasileiro_1732816663324.jpg","type":"image\/jpeg"}],"author":"Kelvin","twitter_card":"summary_large_image","twitter_misc":{"Escrito por":"Kelvin","Est. tempo de leitura":"4 minutos"},"schema":{"@context":"https:\/\/schema.org","@graph":[{"@type":"WebPage","@id":"https:\/\/www.em.com.br\/emfoco\/2025\/02\/14\/como-solicitar-o-seguro-desemprego-em-2025-passo-a-passo\/","url":"https:\/\/www.em.com.br\/emfoco\/2025\/02\/14\/como-solicitar-o-seguro-desemprego-em-2025-passo-a-passo\/","name":"Como solicitar o Seguro-Desemprego em 2025? Confira o passo a passo - Estado de Minas - Em foco","isPartOf":{"@id":"https:\/\/www.em.com.br\/emfoco\/#website"},"primaryImageOfPage":{"@id":"https:\/\/www.em.com.br\/emfoco\/2025\/02\/14\/como-solicitar-o-seguro-desemprego-em-2025-passo-a-passo\/#primaryimage"},"image":{"@id":"https:\/\/www.em.com.br\/emfoco\/2025\/02\/14\/como-solicitar-o-seguro-desemprego-em-2025-passo-a-passo\/#primaryimage"},"thumbnailUrl":"https:\/\/www.em.com.br\/emfoco\/wp-content\/uploads\/2024\/11\/Real-Brasileiro_1732816663324.jpg","datePublished":"2025-02-14T12:20:06+00:00","dateModified":"2025-02-14T00:25:57+00:00","author":{"@id":"https:\/\/www.em.com.br\/emfoco\/#\/schema\/person\/fb0a7f48c6fbb94b83f413a80f61917d"},"description":"Descubra como solicitar o seguro-desemprego, os valores e as novas regras. Garanta seus direitos e planeje seu futuro.","breadcrumb":{"@id":"https:\/\/www.em.com.br\/emfoco\/2025\/02\/14\/como-solicitar-o-seguro-desemprego-em-2025-passo-a-passo\/#breadcrumb"},"inLanguage":"pt-BR","potentialAction":[{"@type":"ReadAction","target":["https:\/\/www.em.com.br\/emfoco\/2025\/02\/14\/como-solicitar-o-seguro-desemprego-em-2025-passo-a-passo\/"]}]},{"@type":"ImageObject","inLanguage":"pt-BR","@id":"https:\/\/www.em.com.br\/emfoco\/2025\/02\/14\/como-solicitar-o-seguro-desemprego-em-2025-passo-a-passo\/#primaryimage","url":"https:\/\/www.em.com.br\/emfoco\/wp-content\/uploads\/2024\/11\/Real-Brasileiro_1732816663324.jpg","contentUrl":"https:\/\/www.em.com.br\/emfoco\/wp-content\/uploads\/2024\/11\/Real-Brasileiro_1732816663324.jpg","width":1280,"height":720,"caption":"Dinheiro de Beneficio - Cr\u00e9ditos: depositphotos.com \/ joasouza"},{"@type":"BreadcrumbList","@id":"https:\/\/www.em.com.br\/emfoco\/2025\/02\/14\/como-solicitar-o-seguro-desemprego-em-2025-passo-a-passo\/#breadcrumb","itemListElement":[{"@type":"ListItem","position":1,"name":"In\u00edcio","item":"https:\/\/www.em.com.br\/emfoco\/"},{"@type":"ListItem","position":2,"name":"Como solicitar o Seguro-Desemprego em 2025? Confira o passo a passo"}]},{"@type":"WebSite","@id":"https:\/\/www.em.com.br\/emfoco\/#website","url":"https:\/\/www.em.com.br\/emfoco\/","name":"Estado de Minas - Em foco","description":"Acompanhe as \u00faltimas not\u00edcias e fique bem informado sobre tudo o que acontece em Minas Gerais, Brasil e no mundo.","potentialAction":[{"@type":"SearchAction","target":{"@type":"EntryPoint","urlTemplate":"https:\/\/www.em.com.br\/emfoco\/?s={search_term_string}"},"query-input":{"@type":"PropertyValueSpecification","valueRequired":true,"valueName":"search_term_string"}}],"inLanguage":"pt-BR"},{"@type":"Person","@id":"https:\/\/www.em.com.br\/emfoco\/#\/schema\/person\/fb0a7f48c6fbb94b83f413a80f61917d","name":"Kelvin","image":{"@type":"ImageObject","inLanguage":"pt-BR","@id":"https:\/\/www.em.com.br\/emfoco\/#\/schema\/person\/image\/","url":"https:\/\/secure.gravatar.com\/avatar\/e74f84337e6bf6c4c5e88fbdffa05270?s=96&d=mm&r=g","contentUrl":"https:\/\/secure.gravatar.com\/avatar\/e74f84337e6bf6c4c5e88fbdffa05270?s=96&d=mm&r=g","caption":"Kelvin"},"sameAs":["https:\/\/www.em.com.br\/emfoco"],"url":"https:\/\/www.em.com.br\/emfoco\/author\/kelvinmyth\/"}]}},"_links":{"self":[{"href":"https:\/\/www.em.com.br\/emfoco\/wp-json\/wp\/v2\/posts\/19402","targetHints":{"allow":["GET"]}}],"collection":[{"href":"https:\/\/www.em.com.br\/emfoco\/wp-json\/wp\/v2\/posts"}],"about":[{"href":"https:\/\/www.em.com.br\/emfoco\/wp-json\/wp\/v2\/types\/post"}],"author":[{"embeddable":true,"href":"https:\/\/www.em.com.br\/emfoco\/wp-json\/wp\/v2\/users\/7"}],"replies":[{"embeddable":true,"href":"https:\/\/www.em.com.br\/emfoco\/wp-json\/wp\/v2\/comments?post=19402"}],"version-history":[{"count":3,"href":"https:\/\/www.em.com.br\/emfoco\/wp-json\/wp\/v2\/posts\/19402\/revisions"}],"predecessor-version":[{"id":19547,"href":"https:\/\/www.em.com.br\/emfoco\/wp-json\/wp\/v2\/posts\/19402\/revisions\/19547"}],"wp:featuredmedia":[{"embeddable":true,"href":"https:\/\/www.em.com.br\/emfoco\/wp-json\/wp\/v2\/media\/1978"}],"wp:attachment":[{"href":"https:\/\/www.em.com.br\/emfoco\/wp-json\/wp\/v2\/media?parent=19402"}],"wp:term":[{"taxonomy":"category","embeddable":true,"href":"https:\/\/www.em.com.br\/emfoco\/wp-json\/wp\/v2\/categories?post=19402"},{"taxonomy":"post_tag","embeddable":true,"href":"https:\/\/www.em.com.br\/emfoco\/wp-json\/wp\/v2\/tags?post=19402"}],"curies":[{"name":"wp","href":"https:\/\/api.w.org\/{rel}","templated":true}]}}