{"id":192728,"date":"2026-04-15T12:05:00","date_gmt":"2026-04-15T15:05:00","guid":{"rendered":"https:\/\/www.em.com.br\/emfoco\/?p=192728"},"modified":"2026-04-14T13:03:25","modified_gmt":"2026-04-14T16:03:25","slug":"esse-cha-antigo-pode-ser-a-solucao-rapida-para-estomago-pesado-apos-refeicoes","status":"publish","type":"post","link":"https:\/\/www.em.com.br\/emfoco\/2026\/04\/15\/esse-cha-antigo-pode-ser-a-solucao-rapida-para-estomago-pesado-apos-refeicoes\/","title":{"rendered":"Esse ch\u00e1 antigo pode ser a solu\u00e7\u00e3o r\u00e1pida para est\u00f4mago pesado ap\u00f3s refei\u00e7\u00f5es"},"content":{"rendered":"\n<p>O uso de infus\u00f5es herbais para tratar problemas estomacais \u00e9 uma tradi\u00e7\u00e3o milenar que encontra respaldo na ci\u00eancia moderna atrav\u00e9s de propriedades fitoter\u00e1picas espec\u00edficas. O <strong>ch\u00e1 de boldo<\/strong> destaca-se como o recurso mais eficiente para quem busca al\u00edvio imediato ap\u00f3s refei\u00e7\u00f5es pesadas, agindo diretamente na regula\u00e7\u00e3o das fun\u00e7\u00f5es digestivas e hep\u00e1ticas.<\/p>\n\n\n\n<h2 class=\"wp-block-heading\">Como os compostos do boldo aceleram o processo digestivo<\/h2>\n\n\n\n<p>A presen\u00e7a da <strong>boldina<\/strong>, um alcaloide exclusivo dessa planta, estimula a secre\u00e7\u00e3o da bile pela ves\u00edcula biliar, o que facilita significativamente a quebra de gorduras no intestino. Ao consumir o <strong>ch\u00e1 de boldo<\/strong>, o organismo consegue processar alimentos complexos com maior rapidez, evitando aquela sensa\u00e7\u00e3o de estufamento e peso que compromete o bem-estar di\u00e1rio.<\/p>\n\n\n\n<p>Al\u00e9m da a\u00e7\u00e3o coler\u00e9tica, o <strong>Peumus boldus<\/strong> possui propriedades antiespasm\u00f3dicas que relaxam a musculatura lisa do trato gastrointestinal, reduzindo c\u00f3licas e gases. Para moradores de grandes centros no <strong>Brasil<\/strong>, que muitas vezes possuem uma rotina de alimenta\u00e7\u00e3o r\u00e1pida e irregular, essa bebida atua como um t\u00f4nico regenerador para a mucosa estomacal.<\/p>\n\n\n<div class=\"wp-block-image\">\n<figure class=\"aligncenter size-large\"><img loading=\"lazy\" decoding=\"async\" width=\"1024\" height=\"576\" src=\"https:\/\/www.em.com.br\/emfoco\/wp-content\/uploads\/2026\/02\/Gemini_Generated_Image_vcyolhvcyolhvcyo-2-1-1024x576.png\" alt=\"boldo\" class=\"wp-image-166738\" srcset=\"https:\/\/www.em.com.br\/emfoco\/wp-content\/uploads\/2026\/02\/Gemini_Generated_Image_vcyolhvcyolhvcyo-2-1-1024x576.png 1024w, https:\/\/www.em.com.br\/emfoco\/wp-content\/uploads\/2026\/02\/Gemini_Generated_Image_vcyolhvcyolhvcyo-2-1-300x169.png 300w, https:\/\/www.em.com.br\/emfoco\/wp-content\/uploads\/2026\/02\/Gemini_Generated_Image_vcyolhvcyolhvcyo-2-1-768x432.png 768w, https:\/\/www.em.com.br\/emfoco\/wp-content\/uploads\/2026\/02\/Gemini_Generated_Image_vcyolhvcyolhvcyo-2-1-750x422.png 750w, https:\/\/www.em.com.br\/emfoco\/wp-content\/uploads\/2026\/02\/Gemini_Generated_Image_vcyolhvcyolhvcyo-2-1-1140x641.png 1140w, https:\/\/www.em.com.br\/emfoco\/wp-content\/uploads\/2026\/02\/Gemini_Generated_Image_vcyolhvcyolhvcyo-2-1.png 1280w\" sizes=\"auto, (max-width: 1024px) 100vw, 1024px\" \/><figcaption class=\"wp-element-caption\">No dia a dia, o boldo costuma ser usado em pequenas quantidades e por pouco tempo,<\/figcaption><\/figure><\/div>\n\n\n<p>Leia tamb\u00e9m:\u00a0<a href=\"https:\/\/www.em.com.br\/emfoco\/2026\/04\/11\/aprenda-a-como-plantar-cravo-da-india-e-cultivar-flores-aromaticas-em-casa\/\" target=\"_blank\" rel=\"noopener\">Aprenda a como plantar cravo-da-\u00edndia e cultivar flores arom\u00e1ticas em casa<\/a><\/p>\n\n\n\n<h2 class=\"wp-block-heading\">Dicas para preparar a infus\u00e3o perfeita sem perder as propriedades<\/h2>\n\n\n\n<p>O m\u00e9todo de preparo influencia diretamente na concentra\u00e7\u00e3o dos \u00f3leos essenciais, por isso, nunca ferva as folhas da <strong>planta de boldo<\/strong> junto com a \u00e1gua para n\u00e3o evaporar os ativos. O correto \u00e9 despejar a \u00e1gua quente sobre as folhas secas ou frescas, abafando o recipiente por cerca de dez minutos antes de ingerir o l\u00edquido ainda morno.<\/p>\n\n\n\n<p>Evite o uso de a\u00e7\u00facar ou ado\u00e7antes artificiais, pois essas subst\u00e2ncias podem fermentar no est\u00f4mago e anular o efeito medicinal do <strong>ch\u00e1 de boldo para digest\u00e3o<\/strong>. Beber a infus\u00e3o pura, preferencialmente 20 minutos antes ou ap\u00f3s as principais refei\u00e7\u00f5es, garante que o <strong>boldo-do-chile<\/strong> ou o <strong>boldo brasileiro<\/strong> entreguem o m\u00e1ximo de efic\u00e1cia terap\u00eautica.<\/p>\n\n\n\n<ul class=\"wp-block-list\">\n<li><strong>Lavar bem as folhas<\/strong> frescas antes do uso para eliminar impurezas e res\u00edduos ambientais.<\/li>\n\n\n\n<li><strong>Utilizar \u00e1gua filtrada<\/strong> para garantir que o sabor e a pureza da infus\u00e3o n\u00e3o sejam alterados.<\/li>\n\n\n\n<li><strong>Respeitar o tempo de infus\u00e3o<\/strong> de no m\u00e1ximo 10 minutos para evitar que o sabor se torne excessivamente amargo.<\/li>\n\n\n\n<li><strong>Consumir logo ap\u00f3s o preparo<\/strong> para evitar a oxida\u00e7\u00e3o dos flavonoides presentes na planta.<\/li>\n<\/ul>\n\n\n\n<h2 class=\"wp-block-heading\">Qual a diferen\u00e7a entre o boldo-do-chile e o boldo brasileiro<\/h2>\n\n\n\n<p>No <strong>Brasil<\/strong>, \u00e9 muito comum encontrar o <strong>boldo-da-terra<\/strong> nos jardins, que possui folhas aveludadas e um crescimento arbustivo muito vigoroso. Embora ambos auxiliem na digest\u00e3o, o <strong>boldo-do-chile<\/strong> \u00e9 mais concentrado em alcaloides medicinais, sendo a vers\u00e3o mais encontrada em farm\u00e1cias de manipula\u00e7\u00e3o e lojas de produtos naturais especializados.<\/p>\n\n\n\n<p>Se voc\u00ea gosta de ouvir dicas de especialistas, separamos esse v\u00eddeo do <a href=\"https:\/\/www.youtube.com\/@DrJulianoTeles\">Dr Julian<\/a><a href=\"https:\/\/www.youtube.com\/@DrJulianoTeles\" target=\"_blank\" rel=\"noreferrer noopener\">o<\/a><a href=\"https:\/\/www.youtube.com\/@DrJulianoTeles\"> Teles<\/a> falando com mais detalhes os benef\u00edcios do ch\u00e1 de boldo para o corpo:<\/p>\n\n\n\n<figure class=\"wp-block-embed is-type-video is-provider-youtube wp-block-embed-youtube wp-embed-aspect-16-9 wp-has-aspect-ratio\"><div class=\"wp-block-embed__wrapper\">\n<div class=\"jeg_video_container jeg_video_content\"><iframe loading=\"lazy\" title=\"Ch\u00e1 de boldo \u00e9 bom para qu\u00ea | Dr Juliano Teles\" width=\"500\" height=\"281\" src=\"https:\/\/www.youtube.com\/embed\/LkL1Uy_Q6w8?start=1&#038;feature=oembed\" frameborder=\"0\" allow=\"accelerometer; autoplay; clipboard-write; encrypted-media; gyroscope; picture-in-picture; web-share\" referrerpolicy=\"strict-origin-when-cross-origin\" allowfullscreen><\/iframe><\/div>\n<\/div><\/figure>\n\n\n\n<p>O uso do <strong>boldo brasileiro<\/strong> \u00e9 excelente para quadros de azia leve e gastrite, enquanto a variedade chilena \u00e9 frequentemente indicada para desintoxica\u00e7\u00e3o hep\u00e1tica profunda. Escolher a varia\u00e7\u00e3o correta da <strong>folha de boldo<\/strong> depende da intensidade dos sintomas, mas ambas oferecem uma solu\u00e7\u00e3o org\u00e2nica e acess\u00edvel para manter o equil\u00edbrio do sistema digest\u00f3rio.<\/p>\n\n\n\n<h2 class=\"wp-block-heading\">Aten\u00e7\u00e3o aos limites de consumo e contraindica\u00e7\u00f5es importantes<\/h2>\n\n\n\n<p>Apesar de natural, o excesso de <strong>boldina<\/strong> pode ser t\u00f3xico se consumido por per\u00edodos prolongados, sendo recomendado o uso apenas em epis\u00f3dios pontuais de m\u00e1 digest\u00e3o. Gestantes e lactantes devem evitar o <strong>ch\u00e1 de boldo<\/strong>, pois a planta possui propriedades que podem interferir na forma\u00e7\u00e3o do feto ou alterar a composi\u00e7\u00e3o do leite materno.<\/p>\n\n\n\n<p>Pessoas com obstru\u00e7\u00e3o das vias biliares ou doen\u00e7as hep\u00e1ticas graves devem consultar um m\u00e9dico antes de adotar a infus\u00e3o como h\u00e1bito regular em <strong>Portugal<\/strong> ou no <strong>Brasil<\/strong>. Manter o equil\u00edbrio no consumo \u00e9 a chave para usufruir dos benef\u00edcios sem sobrecarregar o organismo, garantindo que o rem\u00e9dio natural cumpra sua fun\u00e7\u00e3o protetora com seguran\u00e7a.<\/p>\n\n\n<div class=\"wp-block-image\">\n<figure class=\"aligncenter size-large\"><img loading=\"lazy\" decoding=\"async\" width=\"1024\" height=\"576\" src=\"https:\/\/www.em.com.br\/emfoco\/wp-content\/uploads\/2026\/04\/cha-de-boldo-1024x576.jpg\" alt=\"ch\u00e1 de boldo\" class=\"wp-image-189221\" srcset=\"https:\/\/www.em.com.br\/emfoco\/wp-content\/uploads\/2026\/04\/cha-de-boldo-1024x576.jpg 1024w, https:\/\/www.em.com.br\/emfoco\/wp-content\/uploads\/2026\/04\/cha-de-boldo-300x169.jpg 300w, https:\/\/www.em.com.br\/emfoco\/wp-content\/uploads\/2026\/04\/cha-de-boldo-768x432.jpg 768w, https:\/\/www.em.com.br\/emfoco\/wp-content\/uploads\/2026\/04\/cha-de-boldo-750x422.jpg 750w, https:\/\/www.em.com.br\/emfoco\/wp-content\/uploads\/2026\/04\/cha-de-boldo-1140x641.jpg 1140w, https:\/\/www.em.com.br\/emfoco\/wp-content\/uploads\/2026\/04\/cha-de-boldo.jpg 1280w\" sizes=\"auto, (max-width: 1024px) 100vw, 1024px\" \/><figcaption class=\"wp-element-caption\">Depois de um fim de semana de exageros \u00e0 mesa, muita gente lembra de um velho conhecido, o ch\u00e1 de boldo<\/figcaption><\/figure><\/div>\n\n\n<h2 class=\"wp-block-heading\">Adotar solu\u00e7\u00f5es naturais promove uma rotina de sa\u00fade mais consciente<\/h2>\n\n\n\n<p>Integrar o <strong>ch\u00e1 de boldo<\/strong> na rotina de cuidados pessoais representa um passo importante para diminuir a depend\u00eancia de anti\u00e1cidos qu\u00edmicos e industrializados. Essa escolha n\u00e3o apenas melhora a resposta do corpo aos alimentos, mas tamb\u00e9m fortalece o f\u00edgado, o \u00f3rg\u00e3o respons\u00e1vel por filtrar todas as toxinas que ingerimos diariamente.<\/p>\n\n\n\n<p>A efic\u00e1cia do <strong>boldo para o est\u00f4mago<\/strong> \u00e9 comprovada por gera\u00e7\u00f5es e continua sendo uma das formas mais baratas de prevenir complica\u00e7\u00f5es digestivas severas. Experimente manter algumas folhas sempre \u00e0 m\u00e3o e sinta a diferen\u00e7a na leveza do seu corpo ap\u00f3s os jantares, priorizando sempre o que a natureza oferece de melhor para sua sa\u00fade.<\/p>\n","protected":false},"excerpt":{"rendered":"<p>O uso de infus\u00f5es herbais para tratar problemas estomacais \u00e9 uma tradi\u00e7\u00e3o milenar que encontra respaldo na ci\u00eancia moderna atrav\u00e9s de propriedades fitoter\u00e1picas espec\u00edficas. O ch\u00e1 de boldo destaca-se como o recurso mais eficiente para quem busca al\u00edvio imediato ap\u00f3s refei\u00e7\u00f5es pesadas, agindo diretamente na regula\u00e7\u00e3o das fun\u00e7\u00f5es digestivas e hep\u00e1ticas. Como os compostos do [&hellip;]<\/p>\n","protected":false},"author":9,"featured_media":192788,"comment_status":"open","ping_status":"open","sticky":false,"template":"","format":"standard","meta":{"jnews-multi-image_gallery":[],"jnews_single_post":{"format":"standard"},"jnews_primary_category":[],"jnews_social_meta":[],"jnews_override_counter":[],"footnotes":""},"categories":[8691],"tags":[7188,8660,28075],"class_list":["post-192728","post","type-post","status-publish","format-standard","has-post-thumbnail","hentry","category-bem-estar","tag-boldo","tag-cha-de-boldo","tag-desconforto-gastrico"],"yoast_head":"<!-- This site is optimized with the Yoast SEO plugin v23.8 - https:\/\/yoast.com\/wordpress\/plugins\/seo\/ -->\n<title>Esse ch\u00e1 antigo pode ser a solu\u00e7\u00e3o r\u00e1pida para est\u00f4mago pesado ap\u00f3s refei\u00e7\u00f5es - Estado de Minas - Em foco<\/title>\n<meta name=\"description\" content=\"Ch\u00e1 de boldo ajuda na digest\u00e3o, alivia gases e estimula o f\u00edgado; veja como preparar corretamente e quando evitar o consumo.\" \/>\n<meta name=\"robots\" content=\"index, follow, max-snippet:-1, max-image-preview:large, max-video-preview:-1\" \/>\n<link rel=\"canonical\" href=\"https:\/\/www.em.com.br\/emfoco\/2026\/04\/15\/esse-cha-antigo-pode-ser-a-solucao-rapida-para-estomago-pesado-apos-refeicoes\/\" \/>\n<meta property=\"og:locale\" content=\"pt_BR\" \/>\n<meta property=\"og:type\" content=\"article\" \/>\n<meta property=\"og:title\" content=\"Esse ch\u00e1 antigo pode ser a solu\u00e7\u00e3o r\u00e1pida para est\u00f4mago pesado ap\u00f3s refei\u00e7\u00f5es - Estado de Minas - Em foco\" \/>\n<meta property=\"og:description\" content=\"Ch\u00e1 de boldo ajuda na digest\u00e3o, alivia gases e estimula o f\u00edgado; veja como preparar corretamente e quando evitar o consumo.\" \/>\n<meta property=\"og:url\" content=\"https:\/\/www.em.com.br\/emfoco\/2026\/04\/15\/esse-cha-antigo-pode-ser-a-solucao-rapida-para-estomago-pesado-apos-refeicoes\/\" \/>\n<meta property=\"og:site_name\" content=\"Estado de Minas - Em foco\" \/>\n<meta property=\"article:published_time\" content=\"2026-04-15T15:05:00+00:00\" \/>\n<meta property=\"article:modified_time\" content=\"2026-04-14T16:03:25+00:00\" \/>\n<meta property=\"og:image\" content=\"https:\/\/www.em.com.br\/emfoco\/wp-content\/uploads\/2026\/04\/Fresh_boldo_tea_202604141258.jpg\" \/>\n\t<meta property=\"og:image:width\" content=\"1280\" \/>\n\t<meta property=\"og:image:height\" content=\"720\" \/>\n\t<meta property=\"og:image:type\" content=\"image\/jpeg\" \/>\n<meta name=\"author\" content=\"Daniely Cardoso\" \/>\n<meta name=\"twitter:card\" content=\"summary_large_image\" \/>\n<meta name=\"twitter:label1\" content=\"Escrito por\" \/>\n\t<meta name=\"twitter:data1\" content=\"Daniely Cardoso\" \/>\n\t<meta name=\"twitter:label2\" content=\"Est. tempo de leitura\" \/>\n\t<meta name=\"twitter:data2\" content=\"5 minutos\" \/>\n<!-- \/ Yoast SEO plugin. -->","yoast_head_json":{"title":"Esse ch\u00e1 antigo pode ser a solu\u00e7\u00e3o r\u00e1pida para est\u00f4mago pesado ap\u00f3s refei\u00e7\u00f5es - Estado de Minas - Em foco","description":"Ch\u00e1 de boldo ajuda na digest\u00e3o, alivia gases e estimula o f\u00edgado; veja como preparar corretamente e quando evitar o consumo.","robots":{"index":"index","follow":"follow","max-snippet":"max-snippet:-1","max-image-preview":"max-image-preview:large","max-video-preview":"max-video-preview:-1"},"canonical":"https:\/\/www.em.com.br\/emfoco\/2026\/04\/15\/esse-cha-antigo-pode-ser-a-solucao-rapida-para-estomago-pesado-apos-refeicoes\/","og_locale":"pt_BR","og_type":"article","og_title":"Esse ch\u00e1 antigo pode ser a solu\u00e7\u00e3o r\u00e1pida para est\u00f4mago pesado ap\u00f3s refei\u00e7\u00f5es - Estado de Minas - Em foco","og_description":"Ch\u00e1 de boldo ajuda na digest\u00e3o, alivia gases e estimula o f\u00edgado; veja como preparar corretamente e quando evitar o consumo.","og_url":"https:\/\/www.em.com.br\/emfoco\/2026\/04\/15\/esse-cha-antigo-pode-ser-a-solucao-rapida-para-estomago-pesado-apos-refeicoes\/","og_site_name":"Estado de Minas - Em foco","article_published_time":"2026-04-15T15:05:00+00:00","article_modified_time":"2026-04-14T16:03:25+00:00","og_image":[{"width":1280,"height":720,"url":"https:\/\/www.em.com.br\/emfoco\/wp-content\/uploads\/2026\/04\/Fresh_boldo_tea_202604141258.jpg","type":"image\/jpeg"}],"author":"Daniely Cardoso","twitter_card":"summary_large_image","twitter_misc":{"Escrito por":"Daniely Cardoso","Est. tempo de leitura":"5 minutos"},"schema":{"@context":"https:\/\/schema.org","@graph":[{"@type":"WebPage","@id":"https:\/\/www.em.com.br\/emfoco\/2026\/04\/15\/esse-cha-antigo-pode-ser-a-solucao-rapida-para-estomago-pesado-apos-refeicoes\/","url":"https:\/\/www.em.com.br\/emfoco\/2026\/04\/15\/esse-cha-antigo-pode-ser-a-solucao-rapida-para-estomago-pesado-apos-refeicoes\/","name":"Esse ch\u00e1 antigo pode ser a solu\u00e7\u00e3o r\u00e1pida para est\u00f4mago pesado ap\u00f3s refei\u00e7\u00f5es - Estado de Minas - Em foco","isPartOf":{"@id":"https:\/\/www.em.com.br\/emfoco\/#website"},"primaryImageOfPage":{"@id":"https:\/\/www.em.com.br\/emfoco\/2026\/04\/15\/esse-cha-antigo-pode-ser-a-solucao-rapida-para-estomago-pesado-apos-refeicoes\/#primaryimage"},"image":{"@id":"https:\/\/www.em.com.br\/emfoco\/2026\/04\/15\/esse-cha-antigo-pode-ser-a-solucao-rapida-para-estomago-pesado-apos-refeicoes\/#primaryimage"},"thumbnailUrl":"https:\/\/www.em.com.br\/emfoco\/wp-content\/uploads\/2026\/04\/Fresh_boldo_tea_202604141258.jpg","datePublished":"2026-04-15T15:05:00+00:00","dateModified":"2026-04-14T16:03:25+00:00","author":{"@id":"https:\/\/www.em.com.br\/emfoco\/#\/schema\/person\/0a8186d72f2c3a5c6276d90b41f271a0"},"description":"Ch\u00e1 de boldo ajuda na digest\u00e3o, alivia gases e estimula o f\u00edgado; veja como preparar corretamente e quando evitar o consumo.","breadcrumb":{"@id":"https:\/\/www.em.com.br\/emfoco\/2026\/04\/15\/esse-cha-antigo-pode-ser-a-solucao-rapida-para-estomago-pesado-apos-refeicoes\/#breadcrumb"},"inLanguage":"pt-BR","potentialAction":[{"@type":"ReadAction","target":["https:\/\/www.em.com.br\/emfoco\/2026\/04\/15\/esse-cha-antigo-pode-ser-a-solucao-rapida-para-estomago-pesado-apos-refeicoes\/"]}]},{"@type":"ImageObject","inLanguage":"pt-BR","@id":"https:\/\/www.em.com.br\/emfoco\/2026\/04\/15\/esse-cha-antigo-pode-ser-a-solucao-rapida-para-estomago-pesado-apos-refeicoes\/#primaryimage","url":"https:\/\/www.em.com.br\/emfoco\/wp-content\/uploads\/2026\/04\/Fresh_boldo_tea_202604141258.jpg","contentUrl":"https:\/\/www.em.com.br\/emfoco\/wp-content\/uploads\/2026\/04\/Fresh_boldo_tea_202604141258.jpg","width":1280,"height":720,"caption":"Bebida medicinal que estimula a digest\u00e3o e auxilia na desintoxica\u00e7\u00e3o do f\u00edgado"},{"@type":"BreadcrumbList","@id":"https:\/\/www.em.com.br\/emfoco\/2026\/04\/15\/esse-cha-antigo-pode-ser-a-solucao-rapida-para-estomago-pesado-apos-refeicoes\/#breadcrumb","itemListElement":[{"@type":"ListItem","position":1,"name":"In\u00edcio","item":"https:\/\/www.em.com.br\/emfoco\/"},{"@type":"ListItem","position":2,"name":"Esse ch\u00e1 antigo pode ser a solu\u00e7\u00e3o r\u00e1pida para est\u00f4mago pesado ap\u00f3s refei\u00e7\u00f5es"}]},{"@type":"WebSite","@id":"https:\/\/www.em.com.br\/emfoco\/#website","url":"https:\/\/www.em.com.br\/emfoco\/","name":"Estado de Minas - Em foco","description":"Acompanhe as \u00faltimas not\u00edcias e fique bem informado sobre tudo o que acontece em Minas Gerais, Brasil e no mundo.","potentialAction":[{"@type":"SearchAction","target":{"@type":"EntryPoint","urlTemplate":"https:\/\/www.em.com.br\/emfoco\/?s={search_term_string}"},"query-input":{"@type":"PropertyValueSpecification","valueRequired":true,"valueName":"search_term_string"}}],"inLanguage":"pt-BR"},{"@type":"Person","@id":"https:\/\/www.em.com.br\/emfoco\/#\/schema\/person\/0a8186d72f2c3a5c6276d90b41f271a0","name":"Daniely Cardoso","image":{"@type":"ImageObject","inLanguage":"pt-BR","@id":"https:\/\/www.em.com.br\/emfoco\/#\/schema\/person\/image\/","url":"https:\/\/secure.gravatar.com\/avatar\/4b80ddbd124d1f071b626d52d62e5dff?s=96&d=mm&r=g","contentUrl":"https:\/\/secure.gravatar.com\/avatar\/4b80ddbd124d1f071b626d52d62e5dff?s=96&d=mm&r=g","caption":"Daniely Cardoso"},"url":"https:\/\/www.em.com.br\/emfoco\/author\/danielymyth\/"}]}},"_links":{"self":[{"href":"https:\/\/www.em.com.br\/emfoco\/wp-json\/wp\/v2\/posts\/192728","targetHints":{"allow":["GET"]}}],"collection":[{"href":"https:\/\/www.em.com.br\/emfoco\/wp-json\/wp\/v2\/posts"}],"about":[{"href":"https:\/\/www.em.com.br\/emfoco\/wp-json\/wp\/v2\/types\/post"}],"author":[{"embeddable":true,"href":"https:\/\/www.em.com.br\/emfoco\/wp-json\/wp\/v2\/users\/9"}],"replies":[{"embeddable":true,"href":"https:\/\/www.em.com.br\/emfoco\/wp-json\/wp\/v2\/comments?post=192728"}],"version-history":[{"count":1,"href":"https:\/\/www.em.com.br\/emfoco\/wp-json\/wp\/v2\/posts\/192728\/revisions"}],"predecessor-version":[{"id":192730,"href":"https:\/\/www.em.com.br\/emfoco\/wp-json\/wp\/v2\/posts\/192728\/revisions\/192730"}],"wp:featuredmedia":[{"embeddable":true,"href":"https:\/\/www.em.com.br\/emfoco\/wp-json\/wp\/v2\/media\/192788"}],"wp:attachment":[{"href":"https:\/\/www.em.com.br\/emfoco\/wp-json\/wp\/v2\/media?parent=192728"}],"wp:term":[{"taxonomy":"category","embeddable":true,"href":"https:\/\/www.em.com.br\/emfoco\/wp-json\/wp\/v2\/categories?post=192728"},{"taxonomy":"post_tag","embeddable":true,"href":"https:\/\/www.em.com.br\/emfoco\/wp-json\/wp\/v2\/tags?post=192728"}],"curies":[{"name":"wp","href":"https:\/\/api.w.org\/{rel}","templated":true}]}}