{"id":19203,"date":"2025-02-13T15:00:02","date_gmt":"2025-02-13T18:00:02","guid":{"rendered":"https:\/\/www.em.com.br\/emfoco\/?p=19203"},"modified":"2025-02-12T15:09:57","modified_gmt":"2025-02-12T18:09:57","slug":"menos-e-mais-descubra-o-poder-do-skincare-minimalista","status":"publish","type":"post","link":"https:\/\/www.em.com.br\/emfoco\/2025\/02\/13\/menos-e-mais-descubra-o-poder-do-skincare-minimalista\/","title":{"rendered":"Menos \u00e9 mais! Descubra o poder do skincare minimalista"},"content":{"rendered":"\n<p>Nos \u00faltimos anos, o conceito de <strong>skincare minimalista<\/strong> tem ganhado destaque no universo da beleza. Em um cen\u00e1rio repleto de produtos e rotinas complexas, essa abordagem prop\u00f5e uma simplifica\u00e7\u00e3o dos cuidados com a pele. <strong>O objetivo \u00e9 utilizar apenas produtos essenciais, focando na sa\u00fade da pele sem exageros<\/strong>. Essa pr\u00e1tica vem como uma resposta \u00e0 busca por solu\u00e7\u00f5es r\u00e1pidas e produtos milagrosos, oferecendo uma alternativa mais natural e equilibrada.<\/p>\n\n\n\n<p>O <a href=\"https:\/\/www.belezanaweb.com.br\/cuidados-para-pele\/\" target=\"_blank\" rel=\"noreferrer noopener\">skincare <\/a>minimalista se baseia na ideia de que menos pode ser mais. Em vez de seguir tend\u00eancias passageiras ou buscar resultados imediatos, essa abordagem prioriza a consist\u00eancia e a simplicidade. A proposta \u00e9 entender as necessidades espec\u00edficas da <a href=\"https:\/\/www.em.com.br\/emfoco\/2025\/01\/31\/quer-emagrecer-e-ter-uma-pele-radiante-coma-mais-morangos\/\" target=\"_blank\" rel=\"noreferrer noopener\">pele <\/a>e utilizar apenas o que \u00e9 realmente necess\u00e1rio para mant\u00ea-la saud\u00e1vel e equilibrada.<\/p>\n\n\n\n<h2 class=\"wp-block-heading\">Quais s\u00e3o os benef\u00edcios do skincare minimalista?<\/h2>\n\n\n\n<p>Optar por uma rotina de skincare minimalista traz diversos benef\u00edcios. Um dos principais \u00e9 a <strong>redu\u00e7\u00e3o de irrita\u00e7\u00f5es e alergias<\/strong>. Com menos produtos, a pele \u00e9 menos exposta a ingredientes que podem causar rea\u00e7\u00f5es adversas. Muitos cosm\u00e9ticos cont\u00eam fragr\u00e2ncias e conservantes que podem ser irritantes, especialmente para peles sens\u00edveis.<\/p>\n\n\n\n<p>Al\u00e9m disso, essa abordagem ajuda a manter a <strong>pele equilibrada<\/strong>. Evitar excessos que alteram a produ\u00e7\u00e3o de oleosidade e ressecam a derme \u00e9 fundamental. Com poucos produtos focados nas necessidades reais da pele, \u00e9 poss\u00edvel manter a hidrata\u00e7\u00e3o e nutri\u00e7\u00e3o adequadas.<\/p>\n\n\n\n<p>Outro ponto positivo \u00e9 a <strong>economia de tempo e dinheiro<\/strong>. Ao escolher produtos multifuncionais e adequados ao tipo de pele, \u00e9 poss\u00edvel obter resultados sem precisar de uma extensa cole\u00e7\u00e3o de cosm\u00e9ticos. Isso tamb\u00e9m reduz o tempo gasto na aplica\u00e7\u00e3o de v\u00e1rios produtos.<\/p>\n\n\n<div class=\"wp-block-image\">\n<figure class=\"aligncenter size-large\"><img loading=\"lazy\" decoding=\"async\" width=\"1024\" height=\"576\" src=\"https:\/\/www.em.com.br\/emfoco\/wp-content\/uploads\/2025\/02\/skincare_1739382830127-1024x576.jpg\" alt=\"Menos \u00e9 mais! Descubra o poder do skincare minimalista\" class=\"wp-image-19206\" srcset=\"https:\/\/www.em.com.br\/emfoco\/wp-content\/uploads\/2025\/02\/skincare_1739382830127-1024x576.jpg 1024w, https:\/\/www.em.com.br\/emfoco\/wp-content\/uploads\/2025\/02\/skincare_1739382830127-300x169.jpg 300w, https:\/\/www.em.com.br\/emfoco\/wp-content\/uploads\/2025\/02\/skincare_1739382830127-768x432.jpg 768w, https:\/\/www.em.com.br\/emfoco\/wp-content\/uploads\/2025\/02\/skincare_1739382830127-750x422.jpg 750w, https:\/\/www.em.com.br\/emfoco\/wp-content\/uploads\/2025\/02\/skincare_1739382830127-1140x641.jpg 1140w, https:\/\/www.em.com.br\/emfoco\/wp-content\/uploads\/2025\/02\/skincare_1739382830127.jpg 1280w\" sizes=\"auto, (max-width: 1024px) 100vw, 1024px\" \/><figcaption class=\"wp-element-caption\">Imagem ilustrativa de mulher fazendo skincare &#8211; Cr\u00e9ditos: depositphotos.com \/ Milkos<\/figcaption><\/figure><\/div>\n\n\n<h2 class=\"wp-block-heading\">Como adotar o skincare minimalista?<\/h2>\n\n\n\n<p>Adotar uma rotina de skincare minimalista n\u00e3o significa abrir m\u00e3o de cuidados essenciais, mas sim simplificar as etapas e focar em produtos eficazes. O primeiro passo \u00e9 <strong>identificar as necessidades da pele<\/strong>. Conhecer o tipo de pele (seca, oleosa, mista, sens\u00edvel) e suas necessidades espec\u00edficas ajuda na escolha dos produtos certos.<\/p>\n\n\n\n<p>Uma caracter\u00edstica importante do skincare minimalista \u00e9 a escolha de <strong>produtos multifuncionais<\/strong>. Um hidratante que tamb\u00e9m oferece prote\u00e7\u00e3o solar ou um \u00f3leo facial com propriedades de nutri\u00e7\u00e3o e rejuvenescimento s\u00e3o exemplos de como reduzir o n\u00famero de produtos sem abrir m\u00e3o de benef\u00edcios.<\/p>\n\n\n\n<p>\u00c9 importante <strong>evitar exageros com ingredientes ativos<\/strong>. Ingredientes como retinol e vitamina C s\u00e3o eficazes, mas seu uso excessivo pode sobrecarregar a pele. Selecionar um ou dois ativos essenciais \u00e9 ideal para atender \u00e0s necessidades sem sobrecarregar a pele.<\/p>\n\n\n\n<h2 class=\"wp-block-heading\">Quais produtos s\u00e3o essenciais em uma rotina minimalista?<\/h2>\n\n\n\n<p>Uma rotina de skincare minimalista pode ser reduzida a tr\u00eas a cinco passos b\u00e1sicos. A <strong>limpeza<\/strong> \u00e9 fundamental, devendo-se escolher um produto <strong>suave que remova impurezas sem agredir a pele<\/strong>. A <strong>hidrata\u00e7\u00e3o<\/strong> \u00e9 outro passo essencial, com um <strong>hidratante<\/strong> adequado ao tipo de pele para manter a barreira cut\u00e2nea intacta.<\/p>\n\n\n\n<p>A <strong>prote\u00e7\u00e3o solar<\/strong> \u00e9 indispens\u00e1vel para prevenir <strong>danos causados pelos raios UV<\/strong> e o envelhecimento precoce. Se necess\u00e1rio, pode-se adicionar um t\u00f4nico ou tratamento espec\u00edfico, mas o ideal \u00e9 manter a simplicidade.<\/p>\n\n\n\n<p>Optar por <strong>ingredientes naturais e suaves<\/strong> \u00e9 uma boa pr\u00e1tica. Produtos com <strong>f\u00f3rmulas simples e menos processadas <\/strong>s\u00e3o ideais para quem busca uma rotina mais limpa e saud\u00e1vel.<\/p>\n\n\n<div class=\"wp-block-image\">\n<figure class=\"aligncenter size-large\"><img loading=\"lazy\" decoding=\"async\" width=\"1024\" height=\"576\" src=\"https:\/\/www.em.com.br\/emfoco\/wp-content\/uploads\/2025\/02\/skincare_1739381889890-1024x576.jpg\" alt=\"Menos \u00e9 mais! Descubra o poder do skincare minimalista\" class=\"wp-image-19192\" srcset=\"https:\/\/www.em.com.br\/emfoco\/wp-content\/uploads\/2025\/02\/skincare_1739381889890-1024x576.jpg 1024w, https:\/\/www.em.com.br\/emfoco\/wp-content\/uploads\/2025\/02\/skincare_1739381889890-300x169.jpg 300w, https:\/\/www.em.com.br\/emfoco\/wp-content\/uploads\/2025\/02\/skincare_1739381889890-768x432.jpg 768w, https:\/\/www.em.com.br\/emfoco\/wp-content\/uploads\/2025\/02\/skincare_1739381889890-750x422.jpg 750w, https:\/\/www.em.com.br\/emfoco\/wp-content\/uploads\/2025\/02\/skincare_1739381889890-1140x641.jpg 1140w, https:\/\/www.em.com.br\/emfoco\/wp-content\/uploads\/2025\/02\/skincare_1739381889890.jpg 1280w\" sizes=\"auto, (max-width: 1024px) 100vw, 1024px\" \/><figcaption class=\"wp-element-caption\">Imagem ilustrativas de mulheres em rotina de skincare &#8211; Cr\u00e9ditos: depositphotos.com \/ OlgaZakrevskaya<\/figcaption><\/figure><\/div>\n\n\n<h2 class=\"wp-block-heading\">Por que o skincare minimalista est\u00e1 em alta?<\/h2>\n\n\n\n<p>O<strong> skincare minimalista est\u00e1 em alta por sua proposta pr\u00e1tica, eficiente e sustent\u00e1vel<\/strong>. Ao adotar uma rotina mais simples e consciente, n\u00e3o s\u00f3 se melhora a sa\u00fade da pele, mas tamb\u00e9m se contribui para uma abordagem mais natural e equilibrada dos cuidados com o corpo. A chave para uma pele saud\u00e1vel est\u00e1 em entender e respeitar suas necessidades, com uma abordagem mais suave e menos invasiva.<\/p>\n\n\n\n<p>Al\u00e9m disso, o impacto ambiental positivo \u00e9 um fator importante. O uso de produtos com embalagens menores ou recicl\u00e1veis e de marcas que se preocupam com a sustentabilidade contribui para a redu\u00e7\u00e3o do desperd\u00edcio. Dessa forma, o skincare minimalista se alinha com um estilo de vida mais consciente e respons\u00e1vel.<\/p>\n","protected":false},"excerpt":{"rendered":"<p>Nos \u00faltimos anos, o conceito de skincare minimalista tem ganhado destaque no universo da beleza. Em um cen\u00e1rio repleto de produtos e rotinas complexas, essa abordagem prop\u00f5e uma simplifica\u00e7\u00e3o dos cuidados com a pele. O objetivo \u00e9 utilizar apenas produtos essenciais, focando na sa\u00fade da pele sem exageros. Essa pr\u00e1tica vem como uma resposta \u00e0 [&hellip;]<\/p>\n","protected":false},"author":9,"featured_media":19190,"comment_status":"open","ping_status":"open","sticky":false,"template":"","format":"standard","meta":{"jnews-multi-image_gallery":[],"jnews_single_post":{"format":"standard"},"jnews_primary_category":[],"jnews_social_meta":[],"jnews_override_counter":[],"footnotes":""},"categories":[29,1],"tags":[2616,4945,4216,4948],"class_list":["post-19203","post","type-post","status-publish","format-standard","has-post-thumbnail","hentry","category-entretenimento","category-noticias","tag-beleza","tag-minimalismo","tag-rotina","tag-skincare"],"yoast_head":"<!-- This site is optimized with the Yoast SEO plugin v23.8 - https:\/\/yoast.com\/wordpress\/plugins\/seo\/ -->\n<title>Menos \u00e9 mais! Descubra o poder do skincare minimalista<\/title>\n<meta name=\"description\" content=\"Descubra os benef\u00edcios do skincare minimalista com produtos essenciais e uma rotina pr\u00e1tica para uma pele saud\u00e1vel e equilibrada.\" \/>\n<meta name=\"robots\" content=\"index, follow, max-snippet:-1, max-image-preview:large, max-video-preview:-1\" \/>\n<link rel=\"canonical\" href=\"https:\/\/www.em.com.br\/emfoco\/2025\/02\/13\/menos-e-mais-descubra-o-poder-do-skincare-minimalista\/\" \/>\n<meta property=\"og:locale\" content=\"pt_BR\" \/>\n<meta property=\"og:type\" content=\"article\" \/>\n<meta property=\"og:title\" content=\"Menos \u00e9 mais! Descubra o poder do skincare minimalista\" \/>\n<meta property=\"og:description\" content=\"Descubra os benef\u00edcios do skincare minimalista com produtos essenciais e uma rotina pr\u00e1tica para uma pele saud\u00e1vel e equilibrada.\" \/>\n<meta property=\"og:url\" content=\"https:\/\/www.em.com.br\/emfoco\/2025\/02\/13\/menos-e-mais-descubra-o-poder-do-skincare-minimalista\/\" \/>\n<meta property=\"og:site_name\" content=\"Estado de Minas - Em foco\" \/>\n<meta property=\"article:published_time\" content=\"2025-02-13T18:00:02+00:00\" \/>\n<meta property=\"article:modified_time\" content=\"2025-02-12T18:09:57+00:00\" \/>\n<meta property=\"og:image\" content=\"https:\/\/www.em.com.br\/emfoco\/wp-content\/uploads\/2025\/02\/skincare_1739381841719.jpg\" \/>\n\t<meta property=\"og:image:width\" content=\"1280\" \/>\n\t<meta property=\"og:image:height\" content=\"720\" \/>\n\t<meta property=\"og:image:type\" content=\"image\/jpeg\" \/>\n<meta name=\"author\" content=\"Daniely Cardoso\" \/>\n<meta name=\"twitter:card\" content=\"summary_large_image\" \/>\n<meta name=\"twitter:label1\" content=\"Escrito por\" \/>\n\t<meta name=\"twitter:data1\" content=\"Daniely Cardoso\" \/>\n\t<meta name=\"twitter:label2\" content=\"Est. tempo de leitura\" \/>\n\t<meta name=\"twitter:data2\" content=\"5 minutos\" \/>\n<!-- \/ Yoast SEO plugin. -->","yoast_head_json":{"title":"Menos \u00e9 mais! Descubra o poder do skincare minimalista","description":"Descubra os benef\u00edcios do skincare minimalista com produtos essenciais e uma rotina pr\u00e1tica para uma pele saud\u00e1vel e equilibrada.","robots":{"index":"index","follow":"follow","max-snippet":"max-snippet:-1","max-image-preview":"max-image-preview:large","max-video-preview":"max-video-preview:-1"},"canonical":"https:\/\/www.em.com.br\/emfoco\/2025\/02\/13\/menos-e-mais-descubra-o-poder-do-skincare-minimalista\/","og_locale":"pt_BR","og_type":"article","og_title":"Menos \u00e9 mais! Descubra o poder do skincare minimalista","og_description":"Descubra os benef\u00edcios do skincare minimalista com produtos essenciais e uma rotina pr\u00e1tica para uma pele saud\u00e1vel e equilibrada.","og_url":"https:\/\/www.em.com.br\/emfoco\/2025\/02\/13\/menos-e-mais-descubra-o-poder-do-skincare-minimalista\/","og_site_name":"Estado de Minas - Em foco","article_published_time":"2025-02-13T18:00:02+00:00","article_modified_time":"2025-02-12T18:09:57+00:00","og_image":[{"width":1280,"height":720,"url":"https:\/\/www.em.com.br\/emfoco\/wp-content\/uploads\/2025\/02\/skincare_1739381841719.jpg","type":"image\/jpeg"}],"author":"Daniely Cardoso","twitter_card":"summary_large_image","twitter_misc":{"Escrito por":"Daniely Cardoso","Est. tempo de leitura":"5 minutos"},"schema":{"@context":"https:\/\/schema.org","@graph":[{"@type":"WebPage","@id":"https:\/\/www.em.com.br\/emfoco\/2025\/02\/13\/menos-e-mais-descubra-o-poder-do-skincare-minimalista\/","url":"https:\/\/www.em.com.br\/emfoco\/2025\/02\/13\/menos-e-mais-descubra-o-poder-do-skincare-minimalista\/","name":"Menos \u00e9 mais! Descubra o poder do skincare minimalista","isPartOf":{"@id":"https:\/\/www.em.com.br\/emfoco\/#website"},"primaryImageOfPage":{"@id":"https:\/\/www.em.com.br\/emfoco\/2025\/02\/13\/menos-e-mais-descubra-o-poder-do-skincare-minimalista\/#primaryimage"},"image":{"@id":"https:\/\/www.em.com.br\/emfoco\/2025\/02\/13\/menos-e-mais-descubra-o-poder-do-skincare-minimalista\/#primaryimage"},"thumbnailUrl":"https:\/\/www.em.com.br\/emfoco\/wp-content\/uploads\/2025\/02\/skincare_1739381841719.jpg","datePublished":"2025-02-13T18:00:02+00:00","dateModified":"2025-02-12T18:09:57+00:00","author":{"@id":"https:\/\/www.em.com.br\/emfoco\/#\/schema\/person\/0a8186d72f2c3a5c6276d90b41f271a0"},"description":"Descubra os benef\u00edcios do skincare minimalista com produtos essenciais e uma rotina pr\u00e1tica para uma pele saud\u00e1vel e equilibrada.","breadcrumb":{"@id":"https:\/\/www.em.com.br\/emfoco\/2025\/02\/13\/menos-e-mais-descubra-o-poder-do-skincare-minimalista\/#breadcrumb"},"inLanguage":"pt-BR","potentialAction":[{"@type":"ReadAction","target":["https:\/\/www.em.com.br\/emfoco\/2025\/02\/13\/menos-e-mais-descubra-o-poder-do-skincare-minimalista\/"]}]},{"@type":"ImageObject","inLanguage":"pt-BR","@id":"https:\/\/www.em.com.br\/emfoco\/2025\/02\/13\/menos-e-mais-descubra-o-poder-do-skincare-minimalista\/#primaryimage","url":"https:\/\/www.em.com.br\/emfoco\/wp-content\/uploads\/2025\/02\/skincare_1739381841719.jpg","contentUrl":"https:\/\/www.em.com.br\/emfoco\/wp-content\/uploads\/2025\/02\/skincare_1739381841719.jpg","width":1280,"height":720,"caption":"Imagem ilustrativa de produtos de pele - Cr\u00e9ditos: depositphotos.com \/ AntonMatyukha"},{"@type":"BreadcrumbList","@id":"https:\/\/www.em.com.br\/emfoco\/2025\/02\/13\/menos-e-mais-descubra-o-poder-do-skincare-minimalista\/#breadcrumb","itemListElement":[{"@type":"ListItem","position":1,"name":"In\u00edcio","item":"https:\/\/www.em.com.br\/emfoco\/"},{"@type":"ListItem","position":2,"name":"Menos \u00e9 mais! Descubra o poder do skincare minimalista"}]},{"@type":"WebSite","@id":"https:\/\/www.em.com.br\/emfoco\/#website","url":"https:\/\/www.em.com.br\/emfoco\/","name":"Estado de Minas - Em foco","description":"Acompanhe as \u00faltimas not\u00edcias e fique bem informado sobre tudo o que acontece em Minas Gerais, Brasil e no mundo.","potentialAction":[{"@type":"SearchAction","target":{"@type":"EntryPoint","urlTemplate":"https:\/\/www.em.com.br\/emfoco\/?s={search_term_string}"},"query-input":{"@type":"PropertyValueSpecification","valueRequired":true,"valueName":"search_term_string"}}],"inLanguage":"pt-BR"},{"@type":"Person","@id":"https:\/\/www.em.com.br\/emfoco\/#\/schema\/person\/0a8186d72f2c3a5c6276d90b41f271a0","name":"Daniely Cardoso","image":{"@type":"ImageObject","inLanguage":"pt-BR","@id":"https:\/\/www.em.com.br\/emfoco\/#\/schema\/person\/image\/","url":"https:\/\/secure.gravatar.com\/avatar\/4b80ddbd124d1f071b626d52d62e5dff?s=96&d=mm&r=g","contentUrl":"https:\/\/secure.gravatar.com\/avatar\/4b80ddbd124d1f071b626d52d62e5dff?s=96&d=mm&r=g","caption":"Daniely Cardoso"},"url":"https:\/\/www.em.com.br\/emfoco\/author\/danielymyth\/"}]}},"_links":{"self":[{"href":"https:\/\/www.em.com.br\/emfoco\/wp-json\/wp\/v2\/posts\/19203","targetHints":{"allow":["GET"]}}],"collection":[{"href":"https:\/\/www.em.com.br\/emfoco\/wp-json\/wp\/v2\/posts"}],"about":[{"href":"https:\/\/www.em.com.br\/emfoco\/wp-json\/wp\/v2\/types\/post"}],"author":[{"embeddable":true,"href":"https:\/\/www.em.com.br\/emfoco\/wp-json\/wp\/v2\/users\/9"}],"replies":[{"embeddable":true,"href":"https:\/\/www.em.com.br\/emfoco\/wp-json\/wp\/v2\/comments?post=19203"}],"version-history":[{"count":5,"href":"https:\/\/www.em.com.br\/emfoco\/wp-json\/wp\/v2\/posts\/19203\/revisions"}],"predecessor-version":[{"id":19220,"href":"https:\/\/www.em.com.br\/emfoco\/wp-json\/wp\/v2\/posts\/19203\/revisions\/19220"}],"wp:featuredmedia":[{"embeddable":true,"href":"https:\/\/www.em.com.br\/emfoco\/wp-json\/wp\/v2\/media\/19190"}],"wp:attachment":[{"href":"https:\/\/www.em.com.br\/emfoco\/wp-json\/wp\/v2\/media?parent=19203"}],"wp:term":[{"taxonomy":"category","embeddable":true,"href":"https:\/\/www.em.com.br\/emfoco\/wp-json\/wp\/v2\/categories?post=19203"},{"taxonomy":"post_tag","embeddable":true,"href":"https:\/\/www.em.com.br\/emfoco\/wp-json\/wp\/v2\/tags?post=19203"}],"curies":[{"name":"wp","href":"https:\/\/api.w.org\/{rel}","templated":true}]}}