{"id":19119,"date":"2025-02-13T17:00:25","date_gmt":"2025-02-13T20:00:25","guid":{"rendered":"https:\/\/www.em.com.br\/emfoco\/?p=19119"},"modified":"2025-02-12T18:38:18","modified_gmt":"2025-02-12T21:38:18","slug":"beneficiarios-do-bpc-atencao-as-novas-regras-de-2025","status":"publish","type":"post","link":"https:\/\/www.em.com.br\/emfoco\/2025\/02\/13\/beneficiarios-do-bpc-atencao-as-novas-regras-de-2025\/","title":{"rendered":"Benefici\u00e1rios do BPC: Aten\u00e7\u00e3o \u00e0s novas regras em 2025"},"content":{"rendered":"\n<p>O <strong>Benef\u00edcio de Presta\u00e7\u00e3o Continuada<\/strong> (<a href=\"https:\/\/www.gov.br\/mds\/pt-br\/acoes-e-programas\/suas\/beneficios-assistenciais\/beneficio-assistencial-ao-idoso-e-a-pessoa-com-deficiencia-bpc\" target=\"_blank\" rel=\"noreferrer noopener\"><strong>BPC<\/strong><\/a>) \u00e9 um aux\u00edlio vital para muitos idosos e pessoas com defici\u00eancia no <strong>Brasil<\/strong>. Com a chegada de 2025, o programa passou por mudan\u00e7as significativas que impactam diretamente seus benefici\u00e1rios. As altera\u00e7\u00f5es visam garantir que o benef\u00edcio chegue apenas \u00e0queles que realmente necessitam, atrav\u00e9s de crit\u00e9rios mais rigorosos e um monitoramento mais intenso.<\/p>\n\n\n\n<p>O <strong>Instituto Nacional do Seguro Social<\/strong> (<strong><a href=\"https:\/\/www.em.com.br\/emfoco\/2025\/02\/12\/inss-12-02-emite-comunicado-para-todos-os-aposentados\/\" target=\"_blank\" rel=\"noreferrer noopener\">INSS<\/a><\/strong>) intensificou a fiscaliza\u00e7\u00e3o, utilizando cruzamento de dados para assegurar que os benefici\u00e1rios atendam \u00e0s novas exig\u00eancias. Essa medida busca evitar fraudes e garantir que o aux\u00edlio seja destinado a quem realmente precisa. Com essas mudan\u00e7as, \u00e9 crucial que os benefici\u00e1rios compreendam as novas regras para evitar a suspens\u00e3o ou cancelamento do benef\u00edcio.<\/p>\n\n\n\n<h2 class=\"wp-block-heading\">Quais s\u00e3o os novos crit\u00e9rios de renda do BPC 2025?<\/h2>\n\n\n\n<p>Uma das principais mudan\u00e7as no BPC 2025 \u00e9 a atualiza\u00e7\u00e3o dos crit\u00e9rios de renda per capita familiar. O novo valor do sal\u00e1rio m\u00ednimo, R$ 1.518, define que a renda por membro da fam\u00edlia n\u00e3o pode ultrapassar R$ 379,50, que corresponde a 1\/4 do sal\u00e1rio m\u00ednimo. Essa regra \u00e9 essencial para garantir que o benef\u00edcio seja direcionado as fam\u00edlias em situa\u00e7\u00e3o de maior vulnerabilidade.<\/p>\n\n\n\n<p>Al\u00e9m disso, o BPC 2025 permite flexibiliza\u00e7\u00f5es em casos especiais. Quando a renda familiar ultrapassa o limite, mas h\u00e1 despesas significativas com sa\u00fade ou outras necessidades essenciais, o benefici\u00e1rio pode solicitar uma reavalia\u00e7\u00e3o. Para isso, \u00e9 necess\u00e1rio apresentar documentos que comprovem a situa\u00e7\u00e3o de vulnerabilidade, como laudos m\u00e9dicos e recibos de despesas.<\/p>\n\n\n<div class=\"wp-block-image\">\n<figure class=\"aligncenter size-large\"><img loading=\"lazy\" decoding=\"async\" width=\"1024\" height=\"576\" src=\"https:\/\/www.em.com.br\/emfoco\/wp-content\/uploads\/2024\/12\/INSS_1733878427423-1024x576.jpg\" alt=\"Benefici\u00e1rios do BPC aten\u00e7\u00e3o \u00e0s novas regras de 2025\" class=\"wp-image-4315\" srcset=\"https:\/\/www.em.com.br\/emfoco\/wp-content\/uploads\/2024\/12\/INSS_1733878427423-1024x576.jpg 1024w, https:\/\/www.em.com.br\/emfoco\/wp-content\/uploads\/2024\/12\/INSS_1733878427423-300x169.jpg 300w, https:\/\/www.em.com.br\/emfoco\/wp-content\/uploads\/2024\/12\/INSS_1733878427423-768x432.jpg 768w, https:\/\/www.em.com.br\/emfoco\/wp-content\/uploads\/2024\/12\/INSS_1733878427423-750x422.jpg 750w, https:\/\/www.em.com.br\/emfoco\/wp-content\/uploads\/2024\/12\/INSS_1733878427423-1140x641.jpg 1140w, https:\/\/www.em.com.br\/emfoco\/wp-content\/uploads\/2024\/12\/INSS_1733878427423.jpg 1280w\" sizes=\"auto, (max-width: 1024px) 100vw, 1024px\" \/><figcaption class=\"wp-element-caption\">Reprodu\u00e7\u00e3o do novo cart\u00e3o INSS- Cr\u00e9ditos: depositphotos.com \/ rafapress<\/figcaption><\/figure><\/div>\n\n\n<h2 class=\"wp-block-heading\">Por que a inscri\u00e7\u00e3o no Cad\u00danico \u00e9 essencial?<\/h2>\n\n\n\n<p>Outra mudan\u00e7a importante no BPC 2025 \u00e9 a obrigatoriedade da inscri\u00e7\u00e3o no Cadastro \u00danico (Cad\u00danico) para todos os benefici\u00e1rios. O Cad\u00danico \u00e9 uma plataforma que centraliza dados sobre fam\u00edlias de baixa renda no Brasil, sendo fundamental para a concess\u00e3o de diversos programas sociais. A inscri\u00e7\u00e3o deve ser feita em um Centro de Refer\u00eancia de Assist\u00eancia Social (CRAS) e atualizada a cada dois anos ou quando houver mudan\u00e7as significativas.<\/p>\n\n\n\n<p>Benefici\u00e1rios que n\u00e3o estiverem regularizados no Cad\u00danico correm o risco de ter o pagamento suspenso at\u00e9 que a situa\u00e7\u00e3o seja corrigida. Essa medida visa garantir que o governo tenha um controle mais preciso sobre a situa\u00e7\u00e3o socioecon\u00f4mica das fam\u00edlias beneficiadas.<\/p>\n\n\n\n<h2 class=\"wp-block-heading\">Como funciona a revis\u00e3o cadastral do BPC 2025?<\/h2>\n\n\n\n<p>O BPC 2025 tamb\u00e9m introduziu uma revis\u00e3o cadastral em grande escala. O INSS est\u00e1 convocando mais de 120 mil benefici\u00e1rios para atualizar suas informa\u00e7\u00f5es. Essa a\u00e7\u00e3o tem como objetivo corrigir poss\u00edveis falhas no pagamento e assegurar que o aux\u00edlio chegue apenas a quem realmente cumpre os requisitos exigidos.<\/p>\n\n\n\n<p>As notifica\u00e7\u00f5es para a revis\u00e3o cadastral s\u00e3o enviadas por diversos meios, como extrato de pagamento, aplicativo Meu INSS, correspond\u00eancia pelos Correios e liga\u00e7\u00f5es da Central 135. Os benefici\u00e1rios devem atualizar seus dados dentro do prazo de 30 dias corridos ap\u00f3s a notifica\u00e7\u00e3o para evitar a suspens\u00e3o do benef\u00edcio.<\/p>\n\n\n\n<h2 class=\"wp-block-heading\">Quais s\u00e3o as consequ\u00eancias do n\u00e3o cumprimento das novas regras?<\/h2>\n\n\n\n<p>Com as novas diretrizes do BPC 2025, o n\u00e3o cumprimento das exig\u00eancias pode resultar na suspens\u00e3o ou at\u00e9 no cancelamento definitivo do benef\u00edcio. O refor\u00e7o na fiscaliza\u00e7\u00e3o busca garantir que o aux\u00edlio chegue a quem realmente precisa, evitando fraudes e pagamentos indevidos.<\/p>\n\n\n\n<p>\u00c9 essencial que os benefici\u00e1rios fiquem atentos \u00e0s novas regras, compreendam as exig\u00eancias e mantenham seus dados atualizados. Dessa forma, podem evitar transtornos na coleta do benef\u00edcio e garantir que o aux\u00edlio continue a ser uma fonte de apoio para suas necessidades.<\/p>\n\n\n\n<p><\/p>\n","protected":false},"excerpt":{"rendered":"<p>O Benef\u00edcio de Presta\u00e7\u00e3o Continuada (BPC) \u00e9 um aux\u00edlio vital para muitos idosos e pessoas com defici\u00eancia no Brasil. Com a chegada de 2025, o programa passou por mudan\u00e7as significativas que impactam diretamente seus benefici\u00e1rios. As altera\u00e7\u00f5es visam garantir que o benef\u00edcio chegue apenas \u00e0queles que realmente necessitam, atrav\u00e9s de crit\u00e9rios mais rigorosos e um [&hellip;]<\/p>\n","protected":false},"author":7,"featured_media":4316,"comment_status":"open","ping_status":"open","sticky":false,"template":"","format":"standard","meta":{"jnews-multi-image_gallery":[],"jnews_single_post":{"format":"standard"},"jnews_primary_category":[],"jnews_social_meta":[],"jnews_override_counter":[],"footnotes":""},"categories":[28],"tags":[1311,257,614,174],"class_list":["post-19119","post","type-post","status-publish","format-standard","has-post-thumbnail","hentry","category-economia","tag-auxilio","tag-bpc","tag-cadunico","tag-inss"],"yoast_head":"<!-- This site is optimized with the Yoast SEO plugin v23.8 - https:\/\/yoast.com\/wordpress\/plugins\/seo\/ -->\n<title>Benefici\u00e1rios do BPC: Aten\u00e7\u00e3o \u00e0s novas regras em 2025 - Estado de Minas - Em foco<\/title>\n<meta name=\"description\" content=\"Se voc\u00ea recebe o BPC, precisa saber das mudan\u00e7as! Descubra o que muda nas regras e como garantir a continuidade do seu benef\u00edcio.\" \/>\n<meta name=\"robots\" content=\"index, follow, max-snippet:-1, max-image-preview:large, max-video-preview:-1\" \/>\n<link rel=\"canonical\" href=\"https:\/\/www.em.com.br\/emfoco\/2025\/02\/13\/beneficiarios-do-bpc-atencao-as-novas-regras-de-2025\/\" \/>\n<meta property=\"og:locale\" content=\"pt_BR\" \/>\n<meta property=\"og:type\" content=\"article\" \/>\n<meta property=\"og:title\" content=\"Benefici\u00e1rios do BPC: Aten\u00e7\u00e3o \u00e0s novas regras em 2025 - Estado de Minas - Em foco\" \/>\n<meta property=\"og:description\" content=\"Se voc\u00ea recebe o BPC, precisa saber das mudan\u00e7as! Descubra o que muda nas regras e como garantir a continuidade do seu benef\u00edcio.\" \/>\n<meta property=\"og:url\" content=\"https:\/\/www.em.com.br\/emfoco\/2025\/02\/13\/beneficiarios-do-bpc-atencao-as-novas-regras-de-2025\/\" \/>\n<meta property=\"og:site_name\" content=\"Estado de Minas - Em foco\" \/>\n<meta property=\"article:published_time\" content=\"2025-02-13T20:00:25+00:00\" \/>\n<meta property=\"article:modified_time\" content=\"2025-02-12T21:38:18+00:00\" \/>\n<meta property=\"og:image\" content=\"https:\/\/www.em.com.br\/emfoco\/wp-content\/uploads\/2024\/12\/INSS_1733878558676.jpg\" \/>\n\t<meta property=\"og:image:width\" content=\"1280\" \/>\n\t<meta property=\"og:image:height\" content=\"720\" \/>\n\t<meta property=\"og:image:type\" content=\"image\/jpeg\" \/>\n<meta name=\"author\" content=\"Kelvin\" \/>\n<meta name=\"twitter:card\" content=\"summary_large_image\" \/>\n<meta name=\"twitter:label1\" content=\"Escrito por\" \/>\n\t<meta name=\"twitter:data1\" content=\"Kelvin\" \/>\n\t<meta name=\"twitter:label2\" content=\"Est. tempo de leitura\" \/>\n\t<meta name=\"twitter:data2\" content=\"4 minutos\" \/>\n<!-- \/ Yoast SEO plugin. -->","yoast_head_json":{"title":"Benefici\u00e1rios do BPC: Aten\u00e7\u00e3o \u00e0s novas regras em 2025 - Estado de Minas - Em foco","description":"Se voc\u00ea recebe o BPC, precisa saber das mudan\u00e7as! Descubra o que muda nas regras e como garantir a continuidade do seu benef\u00edcio.","robots":{"index":"index","follow":"follow","max-snippet":"max-snippet:-1","max-image-preview":"max-image-preview:large","max-video-preview":"max-video-preview:-1"},"canonical":"https:\/\/www.em.com.br\/emfoco\/2025\/02\/13\/beneficiarios-do-bpc-atencao-as-novas-regras-de-2025\/","og_locale":"pt_BR","og_type":"article","og_title":"Benefici\u00e1rios do BPC: Aten\u00e7\u00e3o \u00e0s novas regras em 2025 - Estado de Minas - Em foco","og_description":"Se voc\u00ea recebe o BPC, precisa saber das mudan\u00e7as! Descubra o que muda nas regras e como garantir a continuidade do seu benef\u00edcio.","og_url":"https:\/\/www.em.com.br\/emfoco\/2025\/02\/13\/beneficiarios-do-bpc-atencao-as-novas-regras-de-2025\/","og_site_name":"Estado de Minas - Em foco","article_published_time":"2025-02-13T20:00:25+00:00","article_modified_time":"2025-02-12T21:38:18+00:00","og_image":[{"width":1280,"height":720,"url":"https:\/\/www.em.com.br\/emfoco\/wp-content\/uploads\/2024\/12\/INSS_1733878558676.jpg","type":"image\/jpeg"}],"author":"Kelvin","twitter_card":"summary_large_image","twitter_misc":{"Escrito por":"Kelvin","Est. tempo de leitura":"4 minutos"},"schema":{"@context":"https:\/\/schema.org","@graph":[{"@type":"WebPage","@id":"https:\/\/www.em.com.br\/emfoco\/2025\/02\/13\/beneficiarios-do-bpc-atencao-as-novas-regras-de-2025\/","url":"https:\/\/www.em.com.br\/emfoco\/2025\/02\/13\/beneficiarios-do-bpc-atencao-as-novas-regras-de-2025\/","name":"Benefici\u00e1rios do BPC: Aten\u00e7\u00e3o \u00e0s novas regras em 2025 - Estado de Minas - Em foco","isPartOf":{"@id":"https:\/\/www.em.com.br\/emfoco\/#website"},"primaryImageOfPage":{"@id":"https:\/\/www.em.com.br\/emfoco\/2025\/02\/13\/beneficiarios-do-bpc-atencao-as-novas-regras-de-2025\/#primaryimage"},"image":{"@id":"https:\/\/www.em.com.br\/emfoco\/2025\/02\/13\/beneficiarios-do-bpc-atencao-as-novas-regras-de-2025\/#primaryimage"},"thumbnailUrl":"https:\/\/www.em.com.br\/emfoco\/wp-content\/uploads\/2024\/12\/INSS_1733878558676.jpg","datePublished":"2025-02-13T20:00:25+00:00","dateModified":"2025-02-12T21:38:18+00:00","author":{"@id":"https:\/\/www.em.com.br\/emfoco\/#\/schema\/person\/fb0a7f48c6fbb94b83f413a80f61917d"},"description":"Se voc\u00ea recebe o BPC, precisa saber das mudan\u00e7as! Descubra o que muda nas regras e como garantir a continuidade do seu benef\u00edcio.","breadcrumb":{"@id":"https:\/\/www.em.com.br\/emfoco\/2025\/02\/13\/beneficiarios-do-bpc-atencao-as-novas-regras-de-2025\/#breadcrumb"},"inLanguage":"pt-BR","potentialAction":[{"@type":"ReadAction","target":["https:\/\/www.em.com.br\/emfoco\/2025\/02\/13\/beneficiarios-do-bpc-atencao-as-novas-regras-de-2025\/"]}]},{"@type":"ImageObject","inLanguage":"pt-BR","@id":"https:\/\/www.em.com.br\/emfoco\/2025\/02\/13\/beneficiarios-do-bpc-atencao-as-novas-regras-de-2025\/#primaryimage","url":"https:\/\/www.em.com.br\/emfoco\/wp-content\/uploads\/2024\/12\/INSS_1733878558676.jpg","contentUrl":"https:\/\/www.em.com.br\/emfoco\/wp-content\/uploads\/2024\/12\/INSS_1733878558676.jpg","width":1280,"height":720,"caption":"MEU INSS- Cr\u00e9ditos: depositphotos.com \/ rafapress"},{"@type":"BreadcrumbList","@id":"https:\/\/www.em.com.br\/emfoco\/2025\/02\/13\/beneficiarios-do-bpc-atencao-as-novas-regras-de-2025\/#breadcrumb","itemListElement":[{"@type":"ListItem","position":1,"name":"In\u00edcio","item":"https:\/\/www.em.com.br\/emfoco\/"},{"@type":"ListItem","position":2,"name":"Benefici\u00e1rios do BPC: Aten\u00e7\u00e3o \u00e0s novas regras em 2025"}]},{"@type":"WebSite","@id":"https:\/\/www.em.com.br\/emfoco\/#website","url":"https:\/\/www.em.com.br\/emfoco\/","name":"Estado de Minas - Em foco","description":"Acompanhe as \u00faltimas not\u00edcias e fique bem informado sobre tudo o que acontece em Minas Gerais, Brasil e no mundo.","potentialAction":[{"@type":"SearchAction","target":{"@type":"EntryPoint","urlTemplate":"https:\/\/www.em.com.br\/emfoco\/?s={search_term_string}"},"query-input":{"@type":"PropertyValueSpecification","valueRequired":true,"valueName":"search_term_string"}}],"inLanguage":"pt-BR"},{"@type":"Person","@id":"https:\/\/www.em.com.br\/emfoco\/#\/schema\/person\/fb0a7f48c6fbb94b83f413a80f61917d","name":"Kelvin","image":{"@type":"ImageObject","inLanguage":"pt-BR","@id":"https:\/\/www.em.com.br\/emfoco\/#\/schema\/person\/image\/","url":"https:\/\/secure.gravatar.com\/avatar\/e74f84337e6bf6c4c5e88fbdffa05270?s=96&d=mm&r=g","contentUrl":"https:\/\/secure.gravatar.com\/avatar\/e74f84337e6bf6c4c5e88fbdffa05270?s=96&d=mm&r=g","caption":"Kelvin"},"sameAs":["https:\/\/www.em.com.br\/emfoco"],"url":"https:\/\/www.em.com.br\/emfoco\/author\/kelvinmyth\/"}]}},"_links":{"self":[{"href":"https:\/\/www.em.com.br\/emfoco\/wp-json\/wp\/v2\/posts\/19119","targetHints":{"allow":["GET"]}}],"collection":[{"href":"https:\/\/www.em.com.br\/emfoco\/wp-json\/wp\/v2\/posts"}],"about":[{"href":"https:\/\/www.em.com.br\/emfoco\/wp-json\/wp\/v2\/types\/post"}],"author":[{"embeddable":true,"href":"https:\/\/www.em.com.br\/emfoco\/wp-json\/wp\/v2\/users\/7"}],"replies":[{"embeddable":true,"href":"https:\/\/www.em.com.br\/emfoco\/wp-json\/wp\/v2\/comments?post=19119"}],"version-history":[{"count":4,"href":"https:\/\/www.em.com.br\/emfoco\/wp-json\/wp\/v2\/posts\/19119\/revisions"}],"predecessor-version":[{"id":19271,"href":"https:\/\/www.em.com.br\/emfoco\/wp-json\/wp\/v2\/posts\/19119\/revisions\/19271"}],"wp:featuredmedia":[{"embeddable":true,"href":"https:\/\/www.em.com.br\/emfoco\/wp-json\/wp\/v2\/media\/4316"}],"wp:attachment":[{"href":"https:\/\/www.em.com.br\/emfoco\/wp-json\/wp\/v2\/media?parent=19119"}],"wp:term":[{"taxonomy":"category","embeddable":true,"href":"https:\/\/www.em.com.br\/emfoco\/wp-json\/wp\/v2\/categories?post=19119"},{"taxonomy":"post_tag","embeddable":true,"href":"https:\/\/www.em.com.br\/emfoco\/wp-json\/wp\/v2\/tags?post=19119"}],"curies":[{"name":"wp","href":"https:\/\/api.w.org\/{rel}","templated":true}]}}