{"id":19049,"date":"2025-02-13T07:20:55","date_gmt":"2025-02-13T10:20:55","guid":{"rendered":"https:\/\/www.em.com.br\/emfoco\/?p=19049"},"modified":"2025-02-12T16:44:09","modified_gmt":"2025-02-12T19:44:09","slug":"descubra-como-o-bolsa-familia-transformou-a-vida-de-milhoes-de-brasileiros","status":"publish","type":"post","link":"https:\/\/www.em.com.br\/emfoco\/2025\/02\/13\/descubra-como-o-bolsa-familia-transformou-a-vida-de-milhoes-de-brasileiros\/","title":{"rendered":"Descubra como o Bolsa Fam\u00edlia transformou a vida de milh\u00f5es de brasileiros"},"content":{"rendered":"\n<p>O <strong><a href=\"https:\/\/www.gov.br\/mds\/pt-br\/acoes-e-programas\/bolsa-familia\" target=\"_blank\" rel=\"noreferrer noopener\">Bolsa Fam\u00edlia<\/a><\/strong>, um dos programas sociais mais emblem\u00e1ticos do <strong><a href=\"https:\/\/www.em.com.br\/emfoco\/2025\/02\/12\/cidade-brasileira-recebe-premios-e-se-torna-referencia-em-turismo-global\/\" target=\"_blank\" rel=\"noreferrer noopener\">Brasil<\/a><\/strong>, completa 22 anos em 2025. Desde sua cria\u00e7\u00e3o, o programa tem sido uma ferramenta crucial no combate \u00e0 pobreza e \u00e0 fome, oferecendo suporte financeiro \u00e0s fam\u00edlias mais necessitadas. Apesar de seus objetivos ambiciosos, o programa enfrenta desafios significativos, especialmente no que diz respeito \u00e0 interrup\u00e7\u00e3o da transmiss\u00e3o intergeracional da pobreza.<\/p>\n\n\n\n<p>Economistas destacam que, embora o Bolsa Fam\u00edlia tenha alcan\u00e7ado avan\u00e7os not\u00e1veis na redu\u00e7\u00e3o da pobreza, ele ainda n\u00e3o conseguiu romper completamente o ciclo de pobreza entre gera\u00e7\u00f5es. A economia brasileira, com seu crescimento lento nas \u00faltimas d\u00e9cadas, tem sido um fator limitante para a efic\u00e1cia do programa. A gera\u00e7\u00e3o de empregos \u00e9 vista como a solu\u00e7\u00e3o mais eficaz para a erradica\u00e7\u00e3o da pobreza, mas o Bolsa Fam\u00edlia ainda desempenha um papel vital na sobreviv\u00eancia de muitas fam\u00edlias.<\/p>\n\n\n\n<h2 class=\"wp-block-heading\">Como o Bolsa Fam\u00edlia evoluiu ao longo dos anos?<\/h2>\n\n\n\n<p>Desde sua implementa\u00e7\u00e3o, o Bolsa Fam\u00edlia passou por diversas transforma\u00e7\u00f5es. Durante a pandemia de Covid-19, o programa foi temporariamente substitu\u00eddo pelo Aux\u00edlio Brasil, que aumentou significativamente o valor dos benef\u00edcios. Essa mudan\u00e7a permitiu que mais fam\u00edlias aderissem ao programa, mas tamb\u00e9m levantou preocupa\u00e7\u00f5es sobre a sustentabilidade fiscal do Brasil.<\/p>\n\n\n<div class=\"wp-block-image\">\n<figure class=\"aligncenter size-large\"><img loading=\"lazy\" decoding=\"async\" width=\"1024\" height=\"576\" src=\"https:\/\/www.em.com.br\/emfoco\/wp-content\/uploads\/2024\/12\/Brazil-Money_1733948646731-1024x576.jpg\" alt=\"Descubra como o Bolsa Fam\u00edlia transformou a vida de milh\u00f5es de brasileiros\" class=\"wp-image-4410\" srcset=\"https:\/\/www.em.com.br\/emfoco\/wp-content\/uploads\/2024\/12\/Brazil-Money_1733948646731-1024x576.jpg 1024w, https:\/\/www.em.com.br\/emfoco\/wp-content\/uploads\/2024\/12\/Brazil-Money_1733948646731-300x169.jpg 300w, https:\/\/www.em.com.br\/emfoco\/wp-content\/uploads\/2024\/12\/Brazil-Money_1733948646731-768x432.jpg 768w, https:\/\/www.em.com.br\/emfoco\/wp-content\/uploads\/2024\/12\/Brazil-Money_1733948646731-750x422.jpg 750w, https:\/\/www.em.com.br\/emfoco\/wp-content\/uploads\/2024\/12\/Brazil-Money_1733948646731-1140x641.jpg 1140w, https:\/\/www.em.com.br\/emfoco\/wp-content\/uploads\/2024\/12\/Brazil-Money_1733948646731.jpg 1280w\" sizes=\"auto, (max-width: 1024px) 100vw, 1024px\" \/><figcaption class=\"wp-element-caption\">Muito dinheiro pra um ex presidente? &#8211; Cr\u00e9ditos: depositphotos.com \/ rodrigobellizzi<\/figcaption><\/figure><\/div>\n\n\n<p>Entre 2008 e 2023, os gastos com o Bolsa Fam\u00edlia aumentaram de 0,3% para 1,5% do Produto Interno Bruto (PIB) do pa\u00eds. Esse aumento substancial nos gastos gerou debates sobre o impacto do programa nas contas p\u00fablicas brasileiras. Economistas alertam que, sem ajustes, o programa pode contribuir para um desequil\u00edbrio fiscal insustent\u00e1vel.<\/p>\n\n\n\n<h2 class=\"wp-block-heading\">Quais s\u00e3o os desafios atuais do Bolsa Fam\u00edlia?<\/h2>\n\n\n\n<p>Um dos principais desafios enfrentados pelo Bolsa Fam\u00edlia \u00e9 garantir que o programa atinja seu potencial m\u00e1ximo de efici\u00eancia. Apesar de ter reduzido significativamente a pobreza, o programa ainda atende a fam\u00edlias que poderiam, em teoria, se sustentar sem o benef\u00edcio. Isso sugere a necessidade de uma revis\u00e3o criteriosa dos crit\u00e9rios de elegibilidade e da implementa\u00e7\u00e3o de pol\u00edticas complementares.<\/p>\n\n\n\n<p>Al\u00e9m disso, h\u00e1 uma preocupa\u00e7\u00e3o crescente de que o Bolsa Fam\u00edlia possa desestimular a busca por emprego. Estudos indicam que, em alguns casos, os valores do benef\u00edcio podem ser mais atraentes do que os sal\u00e1rios oferecidos no mercado de trabalho. Para mitigar esse risco, \u00e9 crucial que o programa seja ajustado para incentivar a transi\u00e7\u00e3o das fam\u00edlias para a independ\u00eancia financeira.<\/p>\n\n\n\n<h2 class=\"wp-block-heading\">Como melhorar a efici\u00eancia do Bolsa Fam\u00edlia?<\/h2>\n\n\n\n<p>Para aumentar a efic\u00e1cia do Bolsa Fam\u00edlia, \u00e9 necess\u00e1rio integr\u00e1-lo a outras pol\u00edticas p\u00fablicas que promovam o desenvolvimento socioecon\u00f4mico. A educa\u00e7\u00e3o de qualidade, o acesso \u00e0 sa\u00fade e o saneamento b\u00e1sico s\u00e3o componentes essenciais para garantir que as fam\u00edlias beneficiadas possam sair do ciclo de pobreza.<\/p>\n\n\n\n<p>Economistas sugerem que o programa deve ser estruturado de forma a n\u00e3o desincentivar a busca por emprego. Isso pode ser alcan\u00e7ado mantendo o benef\u00edcio por um per\u00edodo ap\u00f3s a inser\u00e7\u00e3o no mercado de trabalho, permitindo uma transi\u00e7\u00e3o suave para a independ\u00eancia financeira. Al\u00e9m disso, \u00e9 fundamental focar nos grupos que mais necessitam do aux\u00edlio, garantindo que os recursos sejam alocados de maneira eficiente.<\/p>\n\n\n\n<h2 class=\"wp-block-heading\">O futuro do Bolsa Fam\u00edlia: sustentabilidade e impacto social<\/h2>\n\n\n\n<p>O futuro do Bolsa Fam\u00edlia depende de sua capacidade de se adaptar \u00e0s necessidades econ\u00f4micas e sociais do Brasil. A sustentabilidade fiscal do programa \u00e9 uma preocupa\u00e7\u00e3o central, e ajustes ser\u00e3o necess\u00e1rios para garantir que ele continue a beneficiar as fam\u00edlias mais vulner\u00e1veis sem comprometer as finan\u00e7as p\u00fablicas.<\/p>\n\n\n\n<p>Com uma abordagem mais integrada e focada na gera\u00e7\u00e3o de empregos, o Bolsa Fam\u00edlia pode se tornar uma ferramenta ainda mais poderosa na luta contra a pobreza. Ao promover a inclus\u00e3o social e econ\u00f4mica, o programa tem o potencial de transformar vidas e contribuir para um Brasil mais justo e igualit\u00e1rio.<\/p>\n\n\n\n<p><\/p>\n","protected":false},"excerpt":{"rendered":"<p>O Bolsa Fam\u00edlia, um dos programas sociais mais emblem\u00e1ticos do Brasil, completa 22 anos em 2025. Desde sua cria\u00e7\u00e3o, o programa tem sido uma ferramenta crucial no combate \u00e0 pobreza e \u00e0 fome, oferecendo suporte financeiro \u00e0s fam\u00edlias mais necessitadas. Apesar de seus objetivos ambiciosos, o programa enfrenta desafios significativos, especialmente no que diz respeito [&hellip;]<\/p>\n","protected":false},"author":7,"featured_media":7522,"comment_status":"open","ping_status":"open","sticky":false,"template":"","format":"standard","meta":{"jnews-multi-image_gallery":[],"jnews_single_post":{"format":"standard"},"jnews_primary_category":[],"jnews_social_meta":[],"jnews_override_counter":[],"footnotes":""},"categories":[28],"tags":[209,158,4897,496],"class_list":["post-19049","post","type-post","status-publish","format-standard","has-post-thumbnail","hentry","category-economia","tag-bolsa-familia","tag-brasil","tag-cash-transfer","tag-pobreza"],"yoast_head":"<!-- This site is optimized with the Yoast SEO plugin v23.8 - https:\/\/yoast.com\/wordpress\/plugins\/seo\/ -->\n<title>Descubra como o Bolsa Fam\u00edlia transformou a vida de milh\u00f5es de brasileiros - Estado de Minas - Em foco<\/title>\n<meta name=\"description\" content=\"Descubra como o Bolsa Fam\u00edlia transformou a vida de milh\u00f5es de brasileiros, reduzindo a pobreza e promovendo a inclus\u00e3o social. Saiba mais!\" \/>\n<meta name=\"robots\" content=\"index, follow, max-snippet:-1, max-image-preview:large, max-video-preview:-1\" \/>\n<link rel=\"canonical\" href=\"https:\/\/www.em.com.br\/emfoco\/2025\/02\/13\/descubra-como-o-bolsa-familia-transformou-a-vida-de-milhoes-de-brasileiros\/\" \/>\n<meta property=\"og:locale\" content=\"pt_BR\" \/>\n<meta property=\"og:type\" content=\"article\" \/>\n<meta property=\"og:title\" content=\"Descubra como o Bolsa Fam\u00edlia transformou a vida de milh\u00f5es de brasileiros - Estado de Minas - Em foco\" \/>\n<meta property=\"og:description\" content=\"Descubra como o Bolsa Fam\u00edlia transformou a vida de milh\u00f5es de brasileiros, reduzindo a pobreza e promovendo a inclus\u00e3o social. Saiba mais!\" \/>\n<meta property=\"og:url\" content=\"https:\/\/www.em.com.br\/emfoco\/2025\/02\/13\/descubra-como-o-bolsa-familia-transformou-a-vida-de-milhoes-de-brasileiros\/\" \/>\n<meta property=\"og:site_name\" content=\"Estado de Minas - Em foco\" \/>\n<meta property=\"article:published_time\" content=\"2025-02-13T10:20:55+00:00\" \/>\n<meta property=\"article:modified_time\" content=\"2025-02-12T19:44:09+00:00\" \/>\n<meta property=\"og:image\" content=\"https:\/\/www.em.com.br\/emfoco\/wp-content\/uploads\/2024\/12\/Bolsa-Familia_1735505944372.jpg\" \/>\n\t<meta property=\"og:image:width\" content=\"1280\" \/>\n\t<meta property=\"og:image:height\" content=\"720\" \/>\n\t<meta property=\"og:image:type\" content=\"image\/jpeg\" \/>\n<meta name=\"author\" content=\"Kelvin\" \/>\n<meta name=\"twitter:card\" content=\"summary_large_image\" \/>\n<meta name=\"twitter:label1\" content=\"Escrito por\" \/>\n\t<meta name=\"twitter:data1\" content=\"Kelvin\" \/>\n\t<meta name=\"twitter:label2\" content=\"Est. tempo de leitura\" \/>\n\t<meta name=\"twitter:data2\" content=\"4 minutos\" \/>\n<!-- \/ Yoast SEO plugin. -->","yoast_head_json":{"title":"Descubra como o Bolsa Fam\u00edlia transformou a vida de milh\u00f5es de brasileiros - Estado de Minas - Em foco","description":"Descubra como o Bolsa Fam\u00edlia transformou a vida de milh\u00f5es de brasileiros, reduzindo a pobreza e promovendo a inclus\u00e3o social. Saiba mais!","robots":{"index":"index","follow":"follow","max-snippet":"max-snippet:-1","max-image-preview":"max-image-preview:large","max-video-preview":"max-video-preview:-1"},"canonical":"https:\/\/www.em.com.br\/emfoco\/2025\/02\/13\/descubra-como-o-bolsa-familia-transformou-a-vida-de-milhoes-de-brasileiros\/","og_locale":"pt_BR","og_type":"article","og_title":"Descubra como o Bolsa Fam\u00edlia transformou a vida de milh\u00f5es de brasileiros - Estado de Minas - Em foco","og_description":"Descubra como o Bolsa Fam\u00edlia transformou a vida de milh\u00f5es de brasileiros, reduzindo a pobreza e promovendo a inclus\u00e3o social. Saiba mais!","og_url":"https:\/\/www.em.com.br\/emfoco\/2025\/02\/13\/descubra-como-o-bolsa-familia-transformou-a-vida-de-milhoes-de-brasileiros\/","og_site_name":"Estado de Minas - Em foco","article_published_time":"2025-02-13T10:20:55+00:00","article_modified_time":"2025-02-12T19:44:09+00:00","og_image":[{"width":1280,"height":720,"url":"https:\/\/www.em.com.br\/emfoco\/wp-content\/uploads\/2024\/12\/Bolsa-Familia_1735505944372.jpg","type":"image\/jpeg"}],"author":"Kelvin","twitter_card":"summary_large_image","twitter_misc":{"Escrito por":"Kelvin","Est. tempo de leitura":"4 minutos"},"schema":{"@context":"https:\/\/schema.org","@graph":[{"@type":"WebPage","@id":"https:\/\/www.em.com.br\/emfoco\/2025\/02\/13\/descubra-como-o-bolsa-familia-transformou-a-vida-de-milhoes-de-brasileiros\/","url":"https:\/\/www.em.com.br\/emfoco\/2025\/02\/13\/descubra-como-o-bolsa-familia-transformou-a-vida-de-milhoes-de-brasileiros\/","name":"Descubra como o Bolsa Fam\u00edlia transformou a vida de milh\u00f5es de brasileiros - Estado de Minas - Em foco","isPartOf":{"@id":"https:\/\/www.em.com.br\/emfoco\/#website"},"primaryImageOfPage":{"@id":"https:\/\/www.em.com.br\/emfoco\/2025\/02\/13\/descubra-como-o-bolsa-familia-transformou-a-vida-de-milhoes-de-brasileiros\/#primaryimage"},"image":{"@id":"https:\/\/www.em.com.br\/emfoco\/2025\/02\/13\/descubra-como-o-bolsa-familia-transformou-a-vida-de-milhoes-de-brasileiros\/#primaryimage"},"thumbnailUrl":"https:\/\/www.em.com.br\/emfoco\/wp-content\/uploads\/2024\/12\/Bolsa-Familia_1735505944372.jpg","datePublished":"2025-02-13T10:20:55+00:00","dateModified":"2025-02-12T19:44:09+00:00","author":{"@id":"https:\/\/www.em.com.br\/emfoco\/#\/schema\/person\/fb0a7f48c6fbb94b83f413a80f61917d"},"description":"Descubra como o Bolsa Fam\u00edlia transformou a vida de milh\u00f5es de brasileiros, reduzindo a pobreza e promovendo a inclus\u00e3o social. Saiba mais!","breadcrumb":{"@id":"https:\/\/www.em.com.br\/emfoco\/2025\/02\/13\/descubra-como-o-bolsa-familia-transformou-a-vida-de-milhoes-de-brasileiros\/#breadcrumb"},"inLanguage":"pt-BR","potentialAction":[{"@type":"ReadAction","target":["https:\/\/www.em.com.br\/emfoco\/2025\/02\/13\/descubra-como-o-bolsa-familia-transformou-a-vida-de-milhoes-de-brasileiros\/"]}]},{"@type":"ImageObject","inLanguage":"pt-BR","@id":"https:\/\/www.em.com.br\/emfoco\/2025\/02\/13\/descubra-como-o-bolsa-familia-transformou-a-vida-de-milhoes-de-brasileiros\/#primaryimage","url":"https:\/\/www.em.com.br\/emfoco\/wp-content\/uploads\/2024\/12\/Bolsa-Familia_1735505944372.jpg","contentUrl":"https:\/\/www.em.com.br\/emfoco\/wp-content\/uploads\/2024\/12\/Bolsa-Familia_1735505944372.jpg","width":1280,"height":720,"caption":"Bolsa Familia - Cr\u00e9ditos: depositphotos.com \/ joasouza"},{"@type":"BreadcrumbList","@id":"https:\/\/www.em.com.br\/emfoco\/2025\/02\/13\/descubra-como-o-bolsa-familia-transformou-a-vida-de-milhoes-de-brasileiros\/#breadcrumb","itemListElement":[{"@type":"ListItem","position":1,"name":"In\u00edcio","item":"https:\/\/www.em.com.br\/emfoco\/"},{"@type":"ListItem","position":2,"name":"Descubra como o Bolsa Fam\u00edlia transformou a vida de milh\u00f5es de brasileiros"}]},{"@type":"WebSite","@id":"https:\/\/www.em.com.br\/emfoco\/#website","url":"https:\/\/www.em.com.br\/emfoco\/","name":"Estado de Minas - Em foco","description":"Acompanhe as \u00faltimas not\u00edcias e fique bem informado sobre tudo o que acontece em Minas Gerais, Brasil e no mundo.","potentialAction":[{"@type":"SearchAction","target":{"@type":"EntryPoint","urlTemplate":"https:\/\/www.em.com.br\/emfoco\/?s={search_term_string}"},"query-input":{"@type":"PropertyValueSpecification","valueRequired":true,"valueName":"search_term_string"}}],"inLanguage":"pt-BR"},{"@type":"Person","@id":"https:\/\/www.em.com.br\/emfoco\/#\/schema\/person\/fb0a7f48c6fbb94b83f413a80f61917d","name":"Kelvin","image":{"@type":"ImageObject","inLanguage":"pt-BR","@id":"https:\/\/www.em.com.br\/emfoco\/#\/schema\/person\/image\/","url":"https:\/\/secure.gravatar.com\/avatar\/e74f84337e6bf6c4c5e88fbdffa05270?s=96&d=mm&r=g","contentUrl":"https:\/\/secure.gravatar.com\/avatar\/e74f84337e6bf6c4c5e88fbdffa05270?s=96&d=mm&r=g","caption":"Kelvin"},"sameAs":["https:\/\/www.em.com.br\/emfoco"],"url":"https:\/\/www.em.com.br\/emfoco\/author\/kelvinmyth\/"}]}},"_links":{"self":[{"href":"https:\/\/www.em.com.br\/emfoco\/wp-json\/wp\/v2\/posts\/19049","targetHints":{"allow":["GET"]}}],"collection":[{"href":"https:\/\/www.em.com.br\/emfoco\/wp-json\/wp\/v2\/posts"}],"about":[{"href":"https:\/\/www.em.com.br\/emfoco\/wp-json\/wp\/v2\/types\/post"}],"author":[{"embeddable":true,"href":"https:\/\/www.em.com.br\/emfoco\/wp-json\/wp\/v2\/users\/7"}],"replies":[{"embeddable":true,"href":"https:\/\/www.em.com.br\/emfoco\/wp-json\/wp\/v2\/comments?post=19049"}],"version-history":[{"count":2,"href":"https:\/\/www.em.com.br\/emfoco\/wp-json\/wp\/v2\/posts\/19049\/revisions"}],"predecessor-version":[{"id":19052,"href":"https:\/\/www.em.com.br\/emfoco\/wp-json\/wp\/v2\/posts\/19049\/revisions\/19052"}],"wp:featuredmedia":[{"embeddable":true,"href":"https:\/\/www.em.com.br\/emfoco\/wp-json\/wp\/v2\/media\/7522"}],"wp:attachment":[{"href":"https:\/\/www.em.com.br\/emfoco\/wp-json\/wp\/v2\/media?parent=19049"}],"wp:term":[{"taxonomy":"category","embeddable":true,"href":"https:\/\/www.em.com.br\/emfoco\/wp-json\/wp\/v2\/categories?post=19049"},{"taxonomy":"post_tag","embeddable":true,"href":"https:\/\/www.em.com.br\/emfoco\/wp-json\/wp\/v2\/tags?post=19049"}],"curies":[{"name":"wp","href":"https:\/\/api.w.org\/{rel}","templated":true}]}}