{"id":19046,"date":"2025-02-13T07:00:03","date_gmt":"2025-02-13T10:00:03","guid":{"rendered":"https:\/\/www.em.com.br\/emfoco\/?p=19046"},"modified":"2025-06-14T21:45:09","modified_gmt":"2025-06-15T00:45:09","slug":"aumento-nas-vendas-de-carros-eletricos-o-que-esta-por-tras-desse-crescimento","status":"publish","type":"post","link":"https:\/\/www.em.com.br\/emfoco\/2025\/02\/13\/aumento-nas-vendas-de-carros-eletricos-o-que-esta-por-tras-desse-crescimento\/","title":{"rendered":"Aumento nas vendas de Carros El\u00e9tricos, o que est\u00e1 por tr\u00e1s desse crescimento?"},"content":{"rendered":"\n<p>O mercado de carros que plugam na tomada explodiu no <strong>Brasil<\/strong>. Em janeiro de 2024, mais de 10 mil carros el\u00e9tricos e h\u00edbridos plug-in foram vendidos. E adivinha quem est\u00e1 dominando essa festa? As marcas chinesas.<\/p>\n\n\n\n<p>A <a href=\"https:\/\/www.byd.com\/br\" target=\"_blank\" rel=\"noreferrer noopener\"><strong>BYD<\/strong> <\/a>e a <strong>GWM<\/strong> juntas vendem mais de 8 em cada 10 carros el\u00e9tricos no pa\u00eds. \u00c9 um dom\u00ednio impressionante que mostra como essas empresas chegaram para ficar. Elas entenderam o mercado brasileiro melhor que muita marca tradicional.<\/p>\n\n\n\n<h2 class=\"wp-block-heading\">Qual \u00e9 o segredo das marcas chinesas?<\/h2>\n\n\n\n<p>O segredo n\u00e3o \u00e9 t\u00e3o secreto assim: pre\u00e7os competitivos e tecnologia boa. Enquanto as marcas tradicionais ainda vendiam carros el\u00e9tricos por valores astron\u00f4micos, as chinesas chegaram com propostas mais acess\u00edveis.<\/p>\n\n\n\n<p>A <strong>BYD<\/strong> sozinha vendeu mais de 6.500 <a href=\"https:\/\/www.em.com.br\/emfoco\/2024\/12\/03\/qual-o-carro-popular-ideal-para-o-brasileiro-em-2024\/\" target=\"_blank\" rel=\"noreferrer noopener\">carros <\/a>em janeiro. \u00c9 um n\u00famero que deixa qualquer montadora com inveja. Eles trouxeram carros modernos, eficientes e com pre\u00e7os que cabem no bolso de mais gente.<\/p>\n\n\n\n<h2 class=\"wp-block-heading\">Como as marcas tradicionais est\u00e3o reagindo?<\/h2>\n\n\n\n<p>As marcas europeias est\u00e3o passando aperto. <strong>BMW<\/strong>, <strong>Mercedes<\/strong> e <strong>Audi<\/strong> juntas venderam menos que a <strong>Volvo<\/strong> sozinha. \u00c9 uma virada de mesa impressionante no mercado premium.<\/p>\n\n\n\n<p>A <strong>Volvo<\/strong> conseguiu se destacar porque apostou cedo nos carros el\u00e9tricos. Enquanto as alem\u00e3s ainda hesitavam, a marca sueca j\u00e1 estava investindo pesado em tecnologia limpa. Resultado: terceiro lugar no ranking brasileiro.<\/p>\n\n\n\n<h2 class=\"wp-block-heading\">Por que os brasileiros est\u00e3o comprando mais carros el\u00e9tricos?<\/h2>\n\n\n\n<p>A resposta tem v\u00e1rios motivos. Primeiro, o pre\u00e7o da gasolina n\u00e3o para de subir. Segundo, as pessoas est\u00e3o mais preocupadas com o meio ambiente. Terceiro, os carros el\u00e9tricos ficaram mais confi\u00e1veis e pr\u00e1ticos.<\/p>\n\n\n\n<p>A infraestrutura de recarga tamb\u00e9m melhorou muito. Hoje voc\u00ea encontra pontos de carregamento em shoppings, postos e at\u00e9 em casa. O medo de ficar sem bateria no meio do caminho diminuiu bastante.<\/p>\n\n\n\n<h2 class=\"wp-block-heading\">Quais n\u00fameros impressionam no mercado atual?<\/h2>\n\n\n\n<p>Os n\u00fameros de janeiro mostram um mercado em transforma\u00e7\u00e3o. A <strong>BYD<\/strong> vendeu 6.587 carros, a <strong>GWM<\/strong> emplacou 1.979 unidades. S\u00e3o n\u00fameros que superam muitas marcas tradicionais inteiras.<\/p>\n\n\n\n<p>\u00c9 interessante ver como marcas como <strong>Toyota<\/strong> e <strong>Renault<\/strong> aparecem no final da lista. Empresas que sempre dominaram o mercado brasileiro agora correm atr\u00e1s das chinesas no segmento el\u00e9trico.<\/p>\n\n\n\n<h2 class=\"wp-block-heading\">O que esperar para os pr\u00f3ximos anos?<\/h2>\n\n\n<div class=\"wp-block-image\">\n<figure class=\"aligncenter size-large\"><img loading=\"lazy\" decoding=\"async\" width=\"1024\" height=\"576\" src=\"https:\/\/www.em.com.br\/emfoco\/wp-content\/uploads\/2025\/02\/BYD-CARS_1739290526454-1024x576.jpg\" alt=\"Aumento nas vendas de Carros El\u00e9tricos, o que est\u00e1 por tr\u00e1s desse crescimento?\" class=\"wp-image-18730\" srcset=\"https:\/\/www.em.com.br\/emfoco\/wp-content\/uploads\/2025\/02\/BYD-CARS_1739290526454-1024x576.jpg 1024w, https:\/\/www.em.com.br\/emfoco\/wp-content\/uploads\/2025\/02\/BYD-CARS_1739290526454-300x169.jpg 300w, https:\/\/www.em.com.br\/emfoco\/wp-content\/uploads\/2025\/02\/BYD-CARS_1739290526454-768x432.jpg 768w, https:\/\/www.em.com.br\/emfoco\/wp-content\/uploads\/2025\/02\/BYD-CARS_1739290526454-750x422.jpg 750w, https:\/\/www.em.com.br\/emfoco\/wp-content\/uploads\/2025\/02\/BYD-CARS_1739290526454-1140x642.jpg 1140w, https:\/\/www.em.com.br\/emfoco\/wp-content\/uploads\/2025\/02\/BYD-CARS_1739290526454.jpg 1279w\" sizes=\"auto, (max-width: 1024px) 100vw, 1024px\" \/><figcaption class=\"wp-element-caption\">BYD &#8211; Cr\u00e9ditos: depositphotos.com \/ MingPhoto <\/figcaption><\/figure><\/div>\n\n\n<p>A tend\u00eancia \u00e9 que esse crescimento continue forte. Mais marcas est\u00e3o chegando, mais modelos sendo lan\u00e7ados e mais incentivos do governo. O brasileiro est\u00e1 perdendo o medo do carro el\u00e9trico.<\/p>\n\n\n\n<p>A infraestrutura tamb\u00e9m vai continuar crescendo. Cidades como <strong>S\u00e3o Paulo<\/strong> e <strong>Rio de Janeiro<\/strong> j\u00e1 t\u00eam uma rede boa de carregadores. O interior est\u00e1 melhorando devagar, mas melhorando.<\/p>\n\n\n\n<h2 class=\"wp-block-heading\">E as motos el\u00e9tricas, como est\u00e3o evoluindo?<\/h2>\n\n\n\n<p>As motos el\u00e9tricas tamb\u00e9m est\u00e3o crescendo, especialmente para delivery. Modelos como a <strong>Voltz EVS<\/strong> e outras marcas chinesas oferecem autonomia boa para trabalho urbano. S\u00e3o mais baratas que os carros e ideais para quem trabalha com entregas.<\/p>\n\n\n\n<p>O crescimento das motos el\u00e9tricas segue o mesmo padr\u00e3o dos carros. Marcas chinesas chegando com pre\u00e7os baixos e tecnologia boa. Para muita gente, a moto el\u00e9trica pode ser a porta de entrada no mundo da mobilidade limpa.<\/p>\n","protected":false},"excerpt":{"rendered":"<p>O mercado de carros que plugam na tomada explodiu no Brasil. Em janeiro de 2024, mais de 10 mil carros el\u00e9tricos e h\u00edbridos plug-in foram vendidos. E adivinha quem est\u00e1 dominando essa festa? As marcas chinesas. A BYD e a GWM juntas vendem mais de 8 em cada 10 carros el\u00e9tricos no pa\u00eds. \u00c9 um [&hellip;]<\/p>\n","protected":false},"author":7,"featured_media":5722,"comment_status":"open","ping_status":"open","sticky":false,"template":"","format":"standard","meta":{"jnews-multi-image_gallery":[],"jnews_single_post":{"format":"standard"},"jnews_primary_category":[],"jnews_social_meta":[],"jnews_override_counter":[],"footnotes":""},"categories":[27],"tags":[2044,4896,2075,1160],"class_list":["post-19046","post","type-post","status-publish","format-standard","has-post-thumbnail","hentry","category-carros","tag-byd","tag-carros-plugaveis","tag-hibrido","tag-veiculos-eletricos"],"yoast_head":"<!-- This site is optimized with the Yoast SEO plugin v23.8 - https:\/\/yoast.com\/wordpress\/plugins\/seo\/ -->\n<title>Aumento nas vendas de Carros El\u00e9tricos, o que est\u00e1 por tr\u00e1s desse crescimento? - Estado de Minas - Em foco<\/title>\n<meta name=\"description\" content=\"Descubra por que os carros el\u00e9tricos est\u00e3o cada vez mais populares no Brasil. Conhe\u00e7a os benef\u00edcios tudo o que voc\u00ea precisa saber.\" \/>\n<meta name=\"robots\" content=\"index, follow, max-snippet:-1, max-image-preview:large, max-video-preview:-1\" \/>\n<link rel=\"canonical\" href=\"https:\/\/www.em.com.br\/emfoco\/2025\/02\/13\/aumento-nas-vendas-de-carros-eletricos-o-que-esta-por-tras-desse-crescimento\/\" \/>\n<meta property=\"og:locale\" content=\"pt_BR\" \/>\n<meta property=\"og:type\" content=\"article\" \/>\n<meta property=\"og:title\" content=\"Aumento nas vendas de Carros El\u00e9tricos, o que est\u00e1 por tr\u00e1s desse crescimento? - Estado de Minas - Em foco\" \/>\n<meta property=\"og:description\" content=\"Descubra por que os carros el\u00e9tricos est\u00e3o cada vez mais populares no Brasil. Conhe\u00e7a os benef\u00edcios tudo o que voc\u00ea precisa saber.\" \/>\n<meta property=\"og:url\" content=\"https:\/\/www.em.com.br\/emfoco\/2025\/02\/13\/aumento-nas-vendas-de-carros-eletricos-o-que-esta-por-tras-desse-crescimento\/\" \/>\n<meta property=\"og:site_name\" content=\"Estado de Minas - Em foco\" \/>\n<meta property=\"article:published_time\" content=\"2025-02-13T10:00:03+00:00\" \/>\n<meta property=\"article:modified_time\" content=\"2025-06-15T00:45:09+00:00\" \/>\n<meta property=\"og:image\" content=\"https:\/\/www.em.com.br\/emfoco\/wp-content\/uploads\/2024\/12\/Carro-Eletrico_1734624268705.jpg\" \/>\n\t<meta property=\"og:image:width\" content=\"1280\" \/>\n\t<meta property=\"og:image:height\" content=\"720\" \/>\n\t<meta property=\"og:image:type\" content=\"image\/jpeg\" \/>\n<meta name=\"author\" content=\"Kelvin\" \/>\n<meta name=\"twitter:card\" content=\"summary_large_image\" \/>\n<meta name=\"twitter:label1\" content=\"Escrito por\" \/>\n\t<meta name=\"twitter:data1\" content=\"Kelvin\" \/>\n\t<meta name=\"twitter:label2\" content=\"Est. tempo de leitura\" \/>\n\t<meta name=\"twitter:data2\" content=\"4 minutos\" \/>\n<!-- \/ Yoast SEO plugin. -->","yoast_head_json":{"title":"Aumento nas vendas de Carros El\u00e9tricos, o que est\u00e1 por tr\u00e1s desse crescimento? - Estado de Minas - Em foco","description":"Descubra por que os carros el\u00e9tricos est\u00e3o cada vez mais populares no Brasil. Conhe\u00e7a os benef\u00edcios tudo o que voc\u00ea precisa saber.","robots":{"index":"index","follow":"follow","max-snippet":"max-snippet:-1","max-image-preview":"max-image-preview:large","max-video-preview":"max-video-preview:-1"},"canonical":"https:\/\/www.em.com.br\/emfoco\/2025\/02\/13\/aumento-nas-vendas-de-carros-eletricos-o-que-esta-por-tras-desse-crescimento\/","og_locale":"pt_BR","og_type":"article","og_title":"Aumento nas vendas de Carros El\u00e9tricos, o que est\u00e1 por tr\u00e1s desse crescimento? - Estado de Minas - Em foco","og_description":"Descubra por que os carros el\u00e9tricos est\u00e3o cada vez mais populares no Brasil. Conhe\u00e7a os benef\u00edcios tudo o que voc\u00ea precisa saber.","og_url":"https:\/\/www.em.com.br\/emfoco\/2025\/02\/13\/aumento-nas-vendas-de-carros-eletricos-o-que-esta-por-tras-desse-crescimento\/","og_site_name":"Estado de Minas - Em foco","article_published_time":"2025-02-13T10:00:03+00:00","article_modified_time":"2025-06-15T00:45:09+00:00","og_image":[{"width":1280,"height":720,"url":"https:\/\/www.em.com.br\/emfoco\/wp-content\/uploads\/2024\/12\/Carro-Eletrico_1734624268705.jpg","type":"image\/jpeg"}],"author":"Kelvin","twitter_card":"summary_large_image","twitter_misc":{"Escrito por":"Kelvin","Est. tempo de leitura":"4 minutos"},"schema":{"@context":"https:\/\/schema.org","@graph":[{"@type":"WebPage","@id":"https:\/\/www.em.com.br\/emfoco\/2025\/02\/13\/aumento-nas-vendas-de-carros-eletricos-o-que-esta-por-tras-desse-crescimento\/","url":"https:\/\/www.em.com.br\/emfoco\/2025\/02\/13\/aumento-nas-vendas-de-carros-eletricos-o-que-esta-por-tras-desse-crescimento\/","name":"Aumento nas vendas de Carros El\u00e9tricos, o que est\u00e1 por tr\u00e1s desse crescimento? - Estado de Minas - Em foco","isPartOf":{"@id":"https:\/\/www.em.com.br\/emfoco\/#website"},"primaryImageOfPage":{"@id":"https:\/\/www.em.com.br\/emfoco\/2025\/02\/13\/aumento-nas-vendas-de-carros-eletricos-o-que-esta-por-tras-desse-crescimento\/#primaryimage"},"image":{"@id":"https:\/\/www.em.com.br\/emfoco\/2025\/02\/13\/aumento-nas-vendas-de-carros-eletricos-o-que-esta-por-tras-desse-crescimento\/#primaryimage"},"thumbnailUrl":"https:\/\/www.em.com.br\/emfoco\/wp-content\/uploads\/2024\/12\/Carro-Eletrico_1734624268705.jpg","datePublished":"2025-02-13T10:00:03+00:00","dateModified":"2025-06-15T00:45:09+00:00","author":{"@id":"https:\/\/www.em.com.br\/emfoco\/#\/schema\/person\/fb0a7f48c6fbb94b83f413a80f61917d"},"description":"Descubra por que os carros el\u00e9tricos est\u00e3o cada vez mais populares no Brasil. Conhe\u00e7a os benef\u00edcios tudo o que voc\u00ea precisa saber.","breadcrumb":{"@id":"https:\/\/www.em.com.br\/emfoco\/2025\/02\/13\/aumento-nas-vendas-de-carros-eletricos-o-que-esta-por-tras-desse-crescimento\/#breadcrumb"},"inLanguage":"pt-BR","potentialAction":[{"@type":"ReadAction","target":["https:\/\/www.em.com.br\/emfoco\/2025\/02\/13\/aumento-nas-vendas-de-carros-eletricos-o-que-esta-por-tras-desse-crescimento\/"]}]},{"@type":"ImageObject","inLanguage":"pt-BR","@id":"https:\/\/www.em.com.br\/emfoco\/2025\/02\/13\/aumento-nas-vendas-de-carros-eletricos-o-que-esta-por-tras-desse-crescimento\/#primaryimage","url":"https:\/\/www.em.com.br\/emfoco\/wp-content\/uploads\/2024\/12\/Carro-Eletrico_1734624268705.jpg","contentUrl":"https:\/\/www.em.com.br\/emfoco\/wp-content\/uploads\/2024\/12\/Carro-Eletrico_1734624268705.jpg","width":1280,"height":720,"caption":"Carro Eletrico - Cr\u00e9ditos: depositphotos.com \/ zenjung"},{"@type":"BreadcrumbList","@id":"https:\/\/www.em.com.br\/emfoco\/2025\/02\/13\/aumento-nas-vendas-de-carros-eletricos-o-que-esta-por-tras-desse-crescimento\/#breadcrumb","itemListElement":[{"@type":"ListItem","position":1,"name":"In\u00edcio","item":"https:\/\/www.em.com.br\/emfoco\/"},{"@type":"ListItem","position":2,"name":"Aumento nas vendas de Carros El\u00e9tricos, o que est\u00e1 por tr\u00e1s desse crescimento?"}]},{"@type":"WebSite","@id":"https:\/\/www.em.com.br\/emfoco\/#website","url":"https:\/\/www.em.com.br\/emfoco\/","name":"Estado de Minas - Em foco","description":"Acompanhe as \u00faltimas not\u00edcias e fique bem informado sobre tudo o que acontece em Minas Gerais, Brasil e no mundo.","potentialAction":[{"@type":"SearchAction","target":{"@type":"EntryPoint","urlTemplate":"https:\/\/www.em.com.br\/emfoco\/?s={search_term_string}"},"query-input":{"@type":"PropertyValueSpecification","valueRequired":true,"valueName":"search_term_string"}}],"inLanguage":"pt-BR"},{"@type":"Person","@id":"https:\/\/www.em.com.br\/emfoco\/#\/schema\/person\/fb0a7f48c6fbb94b83f413a80f61917d","name":"Kelvin","image":{"@type":"ImageObject","inLanguage":"pt-BR","@id":"https:\/\/www.em.com.br\/emfoco\/#\/schema\/person\/image\/","url":"https:\/\/secure.gravatar.com\/avatar\/e74f84337e6bf6c4c5e88fbdffa05270?s=96&d=mm&r=g","contentUrl":"https:\/\/secure.gravatar.com\/avatar\/e74f84337e6bf6c4c5e88fbdffa05270?s=96&d=mm&r=g","caption":"Kelvin"},"sameAs":["https:\/\/www.em.com.br\/emfoco"],"url":"https:\/\/www.em.com.br\/emfoco\/author\/kelvinmyth\/"}]}},"_links":{"self":[{"href":"https:\/\/www.em.com.br\/emfoco\/wp-json\/wp\/v2\/posts\/19046","targetHints":{"allow":["GET"]}}],"collection":[{"href":"https:\/\/www.em.com.br\/emfoco\/wp-json\/wp\/v2\/posts"}],"about":[{"href":"https:\/\/www.em.com.br\/emfoco\/wp-json\/wp\/v2\/types\/post"}],"author":[{"embeddable":true,"href":"https:\/\/www.em.com.br\/emfoco\/wp-json\/wp\/v2\/users\/7"}],"replies":[{"embeddable":true,"href":"https:\/\/www.em.com.br\/emfoco\/wp-json\/wp\/v2\/comments?post=19046"}],"version-history":[{"count":3,"href":"https:\/\/www.em.com.br\/emfoco\/wp-json\/wp\/v2\/posts\/19046\/revisions"}],"predecessor-version":[{"id":60995,"href":"https:\/\/www.em.com.br\/emfoco\/wp-json\/wp\/v2\/posts\/19046\/revisions\/60995"}],"wp:featuredmedia":[{"embeddable":true,"href":"https:\/\/www.em.com.br\/emfoco\/wp-json\/wp\/v2\/media\/5722"}],"wp:attachment":[{"href":"https:\/\/www.em.com.br\/emfoco\/wp-json\/wp\/v2\/media?parent=19046"}],"wp:term":[{"taxonomy":"category","embeddable":true,"href":"https:\/\/www.em.com.br\/emfoco\/wp-json\/wp\/v2\/categories?post=19046"},{"taxonomy":"post_tag","embeddable":true,"href":"https:\/\/www.em.com.br\/emfoco\/wp-json\/wp\/v2\/tags?post=19046"}],"curies":[{"name":"wp","href":"https:\/\/api.w.org\/{rel}","templated":true}]}}