{"id":19035,"date":"2025-02-13T06:20:13","date_gmt":"2025-02-13T09:20:13","guid":{"rendered":"https:\/\/www.em.com.br\/emfoco\/?p=19035"},"modified":"2025-02-12T17:54:51","modified_gmt":"2025-02-12T20:54:51","slug":"qual-sera-o-tempo-em-belo-horizonte-amanha-descubra","status":"publish","type":"post","link":"https:\/\/www.em.com.br\/emfoco\/2025\/02\/13\/qual-sera-o-tempo-em-belo-horizonte-amanha-descubra\/","title":{"rendered":"Qual ser\u00e1 o tempo em Belo Horizonte hoje(13\/02) ? Descubra!"},"content":{"rendered":"\n<p>No dia 13 de fevereiro de 2025, a cidade de <strong>Belo Horizonte<\/strong>, localizada no cora\u00e7\u00e3o do <strong>Brasil<\/strong>, deve experimentar <a href=\"https:\/\/www.em.com.br\/emfoco\/2025\/02\/12\/mercado-de-trabalho-em-ebulicao-entenda-a-relacao-com-o-seguro-desemprego\/\" target=\"_blank\" rel=\"noreferrer noopener\">condi\u00e7\u00f5es <\/a>clim\u00e1ticas t\u00edpicas para essa parte do ano. Entender as previs\u00f5es do tempo \u00e9 crucial para o planejamento di\u00e1rio dos cidad\u00e3os e visitantes, especialmente em uma cidade que mistura quest\u00f5es urbanas e belezas naturais.<\/p>\n\n\n\n<p>A temperatura \u00e9 sempre um dos principais fatores a serem considerados quando se olha para previs\u00f5es meteorol\u00f3gicas. Em <a href=\"https:\/\/pt.wikipedia.org\/wiki\/Belo_Horizonte\" target=\"_blank\" rel=\"noreferrer noopener\">Belo Horizonte<\/a>, nesta data espec\u00edfica, espera-se que as varia\u00e7\u00f5es de temperatura sigam o padr\u00e3o desta \u00e9poca do ano, proporcionando um clima agrad\u00e1vel para atividades ao ar livre.<\/p>\n\n\n\n<h2 class=\"wp-block-heading\">Como estar\u00e1 a temperatura?<\/h2>\n\n\n\n<p>No in\u00edcio da segunda quinzena de fevereiro, a cidade deve experimentar temperaturas amenas. Espera-se que as m\u00ednimas fiquem em torno dos 18\u00b0C, enquanto as m\u00e1ximas podem alcan\u00e7ar os 27\u00b0C. Essa varia\u00e7\u00e3o \u00e9 t\u00edpica de um ver\u00e3o em Belo Horizonte, oferecendo manh\u00e3s frescas e tardes mais quentes.<\/p>\n\n\n\n<h2 class=\"wp-block-heading\">Existir\u00e1 possibilidade de chuva?<\/h2>\n\n\n\n<p>O ver\u00e3o em Belo Horizonte \u00e9 conhecido por suas chuvas concentradas principalmente no final da tarde. Para o dia 13 de fevereiro de 2025, a previs\u00e3o indica uma possibilidade moderada de precipita\u00e7\u00e3o, podendo ocorrer pancadas de chuva isoladas ao longo do dia. Portanto, \u00e9 aconselh\u00e1vel que os habitantes e turistas tenham guarda-chuvas e capas \u00e0 m\u00e3o.<\/p>\n\n\n<div class=\"wp-block-image\">\n<figure class=\"aligncenter size-large\"><img loading=\"lazy\" decoding=\"async\" width=\"1024\" height=\"576\" src=\"https:\/\/www.em.com.br\/emfoco\/wp-content\/uploads\/2024\/12\/Chuva-Cidade_1733626449419-1024x576.jpg\" alt=\"Qual ser\u00e1 o tempo em Belo Horizonte amanh\u00e3? Descubra!\" class=\"wp-image-3763\" srcset=\"https:\/\/www.em.com.br\/emfoco\/wp-content\/uploads\/2024\/12\/Chuva-Cidade_1733626449419-1024x576.jpg 1024w, https:\/\/www.em.com.br\/emfoco\/wp-content\/uploads\/2024\/12\/Chuva-Cidade_1733626449419-300x169.jpg 300w, https:\/\/www.em.com.br\/emfoco\/wp-content\/uploads\/2024\/12\/Chuva-Cidade_1733626449419-768x432.jpg 768w, https:\/\/www.em.com.br\/emfoco\/wp-content\/uploads\/2024\/12\/Chuva-Cidade_1733626449419-750x422.jpg 750w, https:\/\/www.em.com.br\/emfoco\/wp-content\/uploads\/2024\/12\/Chuva-Cidade_1733626449419-1140x641.jpg 1140w, https:\/\/www.em.com.br\/emfoco\/wp-content\/uploads\/2024\/12\/Chuva-Cidade_1733626449419.jpg 1280w\" sizes=\"auto, (max-width: 1024px) 100vw, 1024px\" \/><figcaption class=\"wp-element-caption\">Chuva na Cidade &#8211; Cr\u00e9ditos: depositphotos.com \/ ABCDK<\/figcaption><\/figure><\/div>\n\n\n<h2 class=\"wp-block-heading\">Quais s\u00e3o os efeitos do clima nos deslocamentos?<\/h2>\n\n\n\n<p>As condi\u00e7\u00f5es clim\u00e1ticas podem ter um impacto significativo nos deslocamentos em toda a cidade. Com a chance de chuvas, especialmente nas horas de pico, \u00e9 importante que motoristas e passageiros planejarem suas rotas com anteced\u00eancia. Alagamentos em algumas \u00e1reas tamb\u00e9m podem ocorrer, ent\u00e3o monitorar atualiza\u00e7\u00f5es em tempo real pode ser essencial.<\/p>\n\n\n\n<ul class=\"wp-block-list\">\n<li>Verificar o tr\u00e2nsito e rotas alternativas<\/li>\n\n\n\n<li>Evitar \u00e1reas suscet\u00edveis a alagamentos<\/li>\n\n\n\n<li>Planejar sair com anteced\u00eancia para compromissos importantes<\/li>\n<\/ul>\n\n\n\n<h2 class=\"wp-block-heading\">O que fazer em dias nublados em Belo Horizonte?<\/h2>\n\n\n\n<p>Mesmo com o c\u00e9u encoberto ou durante uma leve garoa, Belo Horizonte oferece uma vasta gama de atividades para seus habitantes e visitantes. Lugares como o famoso Mercado Central ou o Museu de Artes e Of\u00edcios permanecem como boas op\u00e7\u00f5es de lazer.<\/p>\n\n\n\n<ol class=\"wp-block-list\">\n<li>Visitar museus indoor e galerias de arte<\/li>\n\n\n\n<li>Aproveitar a gastronomia local nos diversos restaurantes e caf\u00e9s<\/li>\n\n\n\n<li>Explorar \u00e1reas culturais e hist\u00f3ricas da cidade<\/li>\n<\/ol>\n\n\n\n<p>A previs\u00e3o do tempo para Belo Horizonte em 13 de fevereiro de 2025 sugere um dia de clima variado, com temperaturas agrad\u00e1veis e potencial para chuvas passageiras. Com essas informa\u00e7\u00f5es em m\u00e3os, os habitantes e visitantes podem desfrutar ao m\u00e1ximo do dia na capital mineira.<\/p>\n","protected":false},"excerpt":{"rendered":"<p>No dia 13 de fevereiro de 2025, a cidade de Belo Horizonte, localizada no cora\u00e7\u00e3o do Brasil, deve experimentar condi\u00e7\u00f5es clim\u00e1ticas t\u00edpicas para essa parte do ano. Entender as previs\u00f5es do tempo \u00e9 crucial para o planejamento di\u00e1rio dos cidad\u00e3os e visitantes, especialmente em uma cidade que mistura quest\u00f5es urbanas e belezas naturais. A temperatura [&hellip;]<\/p>\n","protected":false},"author":7,"featured_media":8880,"comment_status":"open","ping_status":"open","sticky":false,"template":"","format":"standard","meta":{"jnews-multi-image_gallery":[],"jnews_single_post":{"format":"standard"},"jnews_primary_category":[],"jnews_social_meta":[],"jnews_override_counter":[],"footnotes":""},"categories":[30],"tags":[154,152,251,249],"class_list":["post-19035","post","type-post","status-publish","format-standard","has-post-thumbnail","hentry","category-clima","tag-belo-horizonte","tag-clima","tag-previsao-do-tempo","tag-temperatura"],"yoast_head":"<!-- This site is optimized with the Yoast SEO plugin v23.8 - https:\/\/yoast.com\/wordpress\/plugins\/seo\/ -->\n<title>Qual ser\u00e1 o tempo em Belo Horizonte hoje(13\/02) ? Descubra! - Estado de Minas - Em foco<\/title>\n<meta name=\"description\" content=\"Descubra se precisa do guarda-chuva! Previs\u00e3o completa do tempo para Belo Horizonte no dia 13 de fevereiro de 2025. Temperatura e umidade.\" \/>\n<meta name=\"robots\" content=\"index, follow, max-snippet:-1, max-image-preview:large, max-video-preview:-1\" \/>\n<link rel=\"canonical\" href=\"https:\/\/www.em.com.br\/emfoco\/2025\/02\/13\/qual-sera-o-tempo-em-belo-horizonte-amanha-descubra\/\" \/>\n<meta property=\"og:locale\" content=\"pt_BR\" \/>\n<meta property=\"og:type\" content=\"article\" \/>\n<meta property=\"og:title\" content=\"Qual ser\u00e1 o tempo em Belo Horizonte hoje(13\/02) ? Descubra! - Estado de Minas - Em foco\" \/>\n<meta property=\"og:description\" content=\"Descubra se precisa do guarda-chuva! Previs\u00e3o completa do tempo para Belo Horizonte no dia 13 de fevereiro de 2025. Temperatura e umidade.\" \/>\n<meta property=\"og:url\" content=\"https:\/\/www.em.com.br\/emfoco\/2025\/02\/13\/qual-sera-o-tempo-em-belo-horizonte-amanha-descubra\/\" \/>\n<meta property=\"og:site_name\" content=\"Estado de Minas - Em foco\" \/>\n<meta property=\"article:published_time\" content=\"2025-02-13T09:20:13+00:00\" \/>\n<meta property=\"article:modified_time\" content=\"2025-02-12T20:54:51+00:00\" \/>\n<meta property=\"og:image\" content=\"https:\/\/www.em.com.br\/emfoco\/wp-content\/uploads\/2025\/01\/Chuva_1736220662509.jpg\" \/>\n\t<meta property=\"og:image:width\" content=\"1280\" \/>\n\t<meta property=\"og:image:height\" content=\"720\" \/>\n\t<meta property=\"og:image:type\" content=\"image\/jpeg\" \/>\n<meta name=\"author\" content=\"Kelvin\" \/>\n<meta name=\"twitter:card\" content=\"summary_large_image\" \/>\n<meta name=\"twitter:label1\" content=\"Escrito por\" \/>\n\t<meta name=\"twitter:data1\" content=\"Kelvin\" \/>\n\t<meta name=\"twitter:label2\" content=\"Est. tempo de leitura\" \/>\n\t<meta name=\"twitter:data2\" content=\"3 minutos\" \/>\n<!-- \/ Yoast SEO plugin. -->","yoast_head_json":{"title":"Qual ser\u00e1 o tempo em Belo Horizonte hoje(13\/02) ? Descubra! - Estado de Minas - Em foco","description":"Descubra se precisa do guarda-chuva! Previs\u00e3o completa do tempo para Belo Horizonte no dia 13 de fevereiro de 2025. Temperatura e umidade.","robots":{"index":"index","follow":"follow","max-snippet":"max-snippet:-1","max-image-preview":"max-image-preview:large","max-video-preview":"max-video-preview:-1"},"canonical":"https:\/\/www.em.com.br\/emfoco\/2025\/02\/13\/qual-sera-o-tempo-em-belo-horizonte-amanha-descubra\/","og_locale":"pt_BR","og_type":"article","og_title":"Qual ser\u00e1 o tempo em Belo Horizonte hoje(13\/02) ? Descubra! - Estado de Minas - Em foco","og_description":"Descubra se precisa do guarda-chuva! Previs\u00e3o completa do tempo para Belo Horizonte no dia 13 de fevereiro de 2025. Temperatura e umidade.","og_url":"https:\/\/www.em.com.br\/emfoco\/2025\/02\/13\/qual-sera-o-tempo-em-belo-horizonte-amanha-descubra\/","og_site_name":"Estado de Minas - Em foco","article_published_time":"2025-02-13T09:20:13+00:00","article_modified_time":"2025-02-12T20:54:51+00:00","og_image":[{"width":1280,"height":720,"url":"https:\/\/www.em.com.br\/emfoco\/wp-content\/uploads\/2025\/01\/Chuva_1736220662509.jpg","type":"image\/jpeg"}],"author":"Kelvin","twitter_card":"summary_large_image","twitter_misc":{"Escrito por":"Kelvin","Est. tempo de leitura":"3 minutos"},"schema":{"@context":"https:\/\/schema.org","@graph":[{"@type":"WebPage","@id":"https:\/\/www.em.com.br\/emfoco\/2025\/02\/13\/qual-sera-o-tempo-em-belo-horizonte-amanha-descubra\/","url":"https:\/\/www.em.com.br\/emfoco\/2025\/02\/13\/qual-sera-o-tempo-em-belo-horizonte-amanha-descubra\/","name":"Qual ser\u00e1 o tempo em Belo Horizonte hoje(13\/02) ? Descubra! - Estado de Minas - Em foco","isPartOf":{"@id":"https:\/\/www.em.com.br\/emfoco\/#website"},"primaryImageOfPage":{"@id":"https:\/\/www.em.com.br\/emfoco\/2025\/02\/13\/qual-sera-o-tempo-em-belo-horizonte-amanha-descubra\/#primaryimage"},"image":{"@id":"https:\/\/www.em.com.br\/emfoco\/2025\/02\/13\/qual-sera-o-tempo-em-belo-horizonte-amanha-descubra\/#primaryimage"},"thumbnailUrl":"https:\/\/www.em.com.br\/emfoco\/wp-content\/uploads\/2025\/01\/Chuva_1736220662509.jpg","datePublished":"2025-02-13T09:20:13+00:00","dateModified":"2025-02-12T20:54:51+00:00","author":{"@id":"https:\/\/www.em.com.br\/emfoco\/#\/schema\/person\/fb0a7f48c6fbb94b83f413a80f61917d"},"description":"Descubra se precisa do guarda-chuva! Previs\u00e3o completa do tempo para Belo Horizonte no dia 13 de fevereiro de 2025. Temperatura e umidade.","breadcrumb":{"@id":"https:\/\/www.em.com.br\/emfoco\/2025\/02\/13\/qual-sera-o-tempo-em-belo-horizonte-amanha-descubra\/#breadcrumb"},"inLanguage":"pt-BR","potentialAction":[{"@type":"ReadAction","target":["https:\/\/www.em.com.br\/emfoco\/2025\/02\/13\/qual-sera-o-tempo-em-belo-horizonte-amanha-descubra\/"]}]},{"@type":"ImageObject","inLanguage":"pt-BR","@id":"https:\/\/www.em.com.br\/emfoco\/2025\/02\/13\/qual-sera-o-tempo-em-belo-horizonte-amanha-descubra\/#primaryimage","url":"https:\/\/www.em.com.br\/emfoco\/wp-content\/uploads\/2025\/01\/Chuva_1736220662509.jpg","contentUrl":"https:\/\/www.em.com.br\/emfoco\/wp-content\/uploads\/2025\/01\/Chuva_1736220662509.jpg","width":1280,"height":720,"caption":"Chuva - Cr\u00e9ditos: depositphotos.com \/ VitalikRadko"},{"@type":"BreadcrumbList","@id":"https:\/\/www.em.com.br\/emfoco\/2025\/02\/13\/qual-sera-o-tempo-em-belo-horizonte-amanha-descubra\/#breadcrumb","itemListElement":[{"@type":"ListItem","position":1,"name":"In\u00edcio","item":"https:\/\/www.em.com.br\/emfoco\/"},{"@type":"ListItem","position":2,"name":"Qual ser\u00e1 o tempo em Belo Horizonte hoje(13\/02) ? Descubra!"}]},{"@type":"WebSite","@id":"https:\/\/www.em.com.br\/emfoco\/#website","url":"https:\/\/www.em.com.br\/emfoco\/","name":"Estado de Minas - Em foco","description":"Acompanhe as \u00faltimas not\u00edcias e fique bem informado sobre tudo o que acontece em Minas Gerais, Brasil e no mundo.","potentialAction":[{"@type":"SearchAction","target":{"@type":"EntryPoint","urlTemplate":"https:\/\/www.em.com.br\/emfoco\/?s={search_term_string}"},"query-input":{"@type":"PropertyValueSpecification","valueRequired":true,"valueName":"search_term_string"}}],"inLanguage":"pt-BR"},{"@type":"Person","@id":"https:\/\/www.em.com.br\/emfoco\/#\/schema\/person\/fb0a7f48c6fbb94b83f413a80f61917d","name":"Kelvin","image":{"@type":"ImageObject","inLanguage":"pt-BR","@id":"https:\/\/www.em.com.br\/emfoco\/#\/schema\/person\/image\/","url":"https:\/\/secure.gravatar.com\/avatar\/e74f84337e6bf6c4c5e88fbdffa05270?s=96&d=mm&r=g","contentUrl":"https:\/\/secure.gravatar.com\/avatar\/e74f84337e6bf6c4c5e88fbdffa05270?s=96&d=mm&r=g","caption":"Kelvin"},"sameAs":["https:\/\/www.em.com.br\/emfoco"],"url":"https:\/\/www.em.com.br\/emfoco\/author\/kelvinmyth\/"}]}},"_links":{"self":[{"href":"https:\/\/www.em.com.br\/emfoco\/wp-json\/wp\/v2\/posts\/19035","targetHints":{"allow":["GET"]}}],"collection":[{"href":"https:\/\/www.em.com.br\/emfoco\/wp-json\/wp\/v2\/posts"}],"about":[{"href":"https:\/\/www.em.com.br\/emfoco\/wp-json\/wp\/v2\/types\/post"}],"author":[{"embeddable":true,"href":"https:\/\/www.em.com.br\/emfoco\/wp-json\/wp\/v2\/users\/7"}],"replies":[{"embeddable":true,"href":"https:\/\/www.em.com.br\/emfoco\/wp-json\/wp\/v2\/comments?post=19035"}],"version-history":[{"count":3,"href":"https:\/\/www.em.com.br\/emfoco\/wp-json\/wp\/v2\/posts\/19035\/revisions"}],"predecessor-version":[{"id":19251,"href":"https:\/\/www.em.com.br\/emfoco\/wp-json\/wp\/v2\/posts\/19035\/revisions\/19251"}],"wp:featuredmedia":[{"embeddable":true,"href":"https:\/\/www.em.com.br\/emfoco\/wp-json\/wp\/v2\/media\/8880"}],"wp:attachment":[{"href":"https:\/\/www.em.com.br\/emfoco\/wp-json\/wp\/v2\/media?parent=19035"}],"wp:term":[{"taxonomy":"category","embeddable":true,"href":"https:\/\/www.em.com.br\/emfoco\/wp-json\/wp\/v2\/categories?post=19035"},{"taxonomy":"post_tag","embeddable":true,"href":"https:\/\/www.em.com.br\/emfoco\/wp-json\/wp\/v2\/tags?post=19035"}],"curies":[{"name":"wp","href":"https:\/\/api.w.org\/{rel}","templated":true}]}}