{"id":19030,"date":"2025-02-20T21:20:00","date_gmt":"2025-02-21T00:20:00","guid":{"rendered":"https:\/\/www.em.com.br\/emfoco\/?p=19030"},"modified":"2025-02-19T15:56:01","modified_gmt":"2025-02-19T18:56:01","slug":"como-superar-a-inseguranca-e-se-amar-mais-aos-50-dicas-para-uma-autoestima-renovada","status":"publish","type":"post","link":"https:\/\/www.em.com.br\/emfoco\/2025\/02\/20\/como-superar-a-inseguranca-e-se-amar-mais-aos-50-dicas-para-uma-autoestima-renovada\/","title":{"rendered":"Como superar a inseguran\u00e7a e se amar mais aos 50? Dicas para uma autoestima renovada!"},"content":{"rendered":"\n<p>Alcan\u00e7ar os 50 anos pode ser um per\u00edodo de grandes mudan\u00e7as para muitas mulheres. Essa fase da vida traz consigo transforma\u00e7\u00f5es f\u00edsicas e emocionais que podem impactar a maneira como se percebem. No entanto, tamb\u00e9m oferece uma oportunidade para reavaliar e fortalecer a autoestima, olhando al\u00e9m dos padr\u00f5es tradicionais de beleza.<\/p>\n\n\n\n<p>\u00c9 um momento prop\u00edcio para se concentrar na pr\u00f3pria identidade e valorizar a individualidade. Em vez de se prender a expectativas externas, as mulheres podem explorar novas formas de se aceitar e celebrar quem realmente s\u00e3o.<\/p>\n\n\n\n<h2 class=\"wp-block-heading\">Como os padr\u00f5es de beleza afetam a percep\u00e7\u00e3o pessoal?<\/h2>\n\n\n\n<p>Os <strong><a href=\"https:\/\/blog.opinionbox.com\/padroes-de-beleza\/\" target=\"_blank\" rel=\"noreferrer noopener\">padr\u00f5es de beleza<\/a><\/strong> frequentemente promovidos pela m\u00eddia podem criar uma vis\u00e3o distorcida do que \u00e9 considerado atraente. Essas imagens podem levar a sentimentos de inadequa\u00e7\u00e3o, afetando a forma como as mulheres se veem. \u00c9 importante lembrar que a beleza \u00e9 subjetiva e que cada pessoa possui caracter\u00edsticas \u00fanicas que devem ser apreciadas.<\/p>\n\n\n\n<p>Adotar uma vis\u00e3o mais inclusiva e realista pode <strong><a href=\"https:\/\/www.em.com.br\/emfoco\/2025\/01\/25\/saiba-como-o-peixe-pode-te-ajudar-a-emagrecer-e-ter-mais-saude\/\" target=\"_blank\" rel=\"noreferrer noopener\">ajudar<\/a><\/strong> a construir uma autoimagem mais positiva. Isso envolve aceitar que os padr\u00f5es convencionais n\u00e3o definem o valor de uma pessoa.<\/p>\n\n\n\n<h2 class=\"wp-block-heading\">Estrat\u00e9gias para refor\u00e7ar a autoestima na meia-idade<\/h2>\n\n\n\n<p>Existem v\u00e1rias maneiras de melhorar a autoestima durante a meia-idade. Algumas pr\u00e1ticas eficazes incluem:<\/p>\n\n\n\n<ul class=\"wp-block-list\">\n<li><strong>Reconhecimento Pessoal:<\/strong> Celebrar as pr\u00f3prias conquistas e habilidades pode aumentar a confian\u00e7a.<\/li>\n\n\n\n<li><strong>Di\u00e1logo Interno Positivo:<\/strong> Substituir pensamentos negativos por afirma\u00e7\u00f5es positivas pode ajudar a melhorar a autoimagem.<\/li>\n\n\n\n<li><strong>Foco no Crescimento Pessoal:<\/strong> Em vez de se comparar com os outros, concentrar-se no pr\u00f3prio desenvolvimento e em novas paix\u00f5es.<\/li>\n\n\n\n<li><strong>Aceita\u00e7\u00e3o das Mudan\u00e7as Naturais:<\/strong> Ver as mudan\u00e7as do corpo como parte do processo de envelhecimento pode trazer tranquilidade.<\/li>\n<\/ul>\n\n\n\n<figure class=\"wp-block-image size-large\"><img loading=\"lazy\" decoding=\"async\" width=\"1024\" height=\"576\" src=\"https:\/\/www.em.com.br\/emfoco\/wp-content\/uploads\/2025\/02\/mulher-50-anos_1739370630807-1024x576.jpg\" alt=\"Como superar a inseguran\u00e7a e se amar mais aos 50? Dicas para uma autoestima renovada!\" class=\"wp-image-19033\" srcset=\"https:\/\/www.em.com.br\/emfoco\/wp-content\/uploads\/2025\/02\/mulher-50-anos_1739370630807-1024x576.jpg 1024w, https:\/\/www.em.com.br\/emfoco\/wp-content\/uploads\/2025\/02\/mulher-50-anos_1739370630807-300x169.jpg 300w, https:\/\/www.em.com.br\/emfoco\/wp-content\/uploads\/2025\/02\/mulher-50-anos_1739370630807-768x432.jpg 768w, https:\/\/www.em.com.br\/emfoco\/wp-content\/uploads\/2025\/02\/mulher-50-anos_1739370630807-750x422.jpg 750w, https:\/\/www.em.com.br\/emfoco\/wp-content\/uploads\/2025\/02\/mulher-50-anos_1739370630807-1140x641.jpg 1140w, https:\/\/www.em.com.br\/emfoco\/wp-content\/uploads\/2025\/02\/mulher-50-anos_1739370630807.jpg 1280w\" sizes=\"auto, (max-width: 1024px) 100vw, 1024px\" \/><figcaption class=\"wp-element-caption\">Mulher &#8211; Cr\u00e9ditos: depositphotos.com \/ Ivanko1980<\/figcaption><\/figure>\n\n\n\n<h2 class=\"wp-block-heading\">Qual a import\u00e2ncia da terapia na autoestima?<\/h2>\n\n\n\n<p>A terapia pode ser uma ferramenta poderosa para reconstruir a autoestima. Com o apoio de profissionais, \u00e9 poss\u00edvel explorar e desafiar cren\u00e7as limitantes que podem estar impedindo o crescimento pessoal. Em um ambiente seguro, as mulheres podem desenvolver habilidades para melhorar sua compreens\u00e3o emocional e aumentar sua resili\u00eancia.<\/p>\n\n\n\n<p>Esse processo pode ser crucial para aquelas que buscam viver de forma mais plena e segura, especialmente durante a meia-idade.<\/p>\n\n\n\n<h2 class=\"wp-block-heading\">Come\u00e7ando uma nova jornada de autodescoberta!<\/h2>\n\n\n\n<p>Superar as press\u00f5es dos padr\u00f5es de beleza exige um compromisso com a aceita\u00e7\u00e3o pessoal e a valoriza\u00e7\u00e3o das qualidades \u00fanicas de cada indiv\u00edduo. Ao focar em pr\u00e1ticas de amor-pr\u00f3prio e aceita\u00e7\u00e3o, \u00e9 poss\u00edvel abrir m\u00e3o das expectativas externas e embarcar em uma jornada de autodescoberta.<\/p>\n\n\n\n<p>Essa abordagem pode transformar a experi\u00eancia da meia-idade, promovendo bem-estar e satisfa\u00e7\u00e3o genu\u00ednos que v\u00e3o al\u00e9m das apar\u00eancias e revelam o verdadeiro valor interior.<\/p>\n","protected":false},"excerpt":{"rendered":"<p>Alcan\u00e7ar os 50 anos pode ser um per\u00edodo de grandes mudan\u00e7as para muitas mulheres. Essa fase da vida traz consigo transforma\u00e7\u00f5es f\u00edsicas e emocionais que podem impactar a maneira como se percebem. No entanto, tamb\u00e9m oferece uma oportunidade para reavaliar e fortalecer a autoestima, olhando al\u00e9m dos padr\u00f5es tradicionais de beleza. \u00c9 um momento prop\u00edcio [&hellip;]<\/p>\n","protected":false},"author":5,"featured_media":19032,"comment_status":"open","ping_status":"open","sticky":false,"template":"","format":"standard","meta":{"jnews-multi-image_gallery":[],"jnews_single_post":{"format":"standard"},"jnews_primary_category":[],"jnews_social_meta":[],"jnews_override_counter":[],"footnotes":""},"categories":[29,1],"tags":[4889,627,4891,4892],"class_list":["post-19030","post","type-post","status-publish","format-standard","has-post-thumbnail","hentry","category-entretenimento","category-noticias","tag-autoestima","tag-envelhecimento","tag-meia-idade","tag-mulheres"],"yoast_head":"<!-- This site is optimized with the Yoast SEO plugin v23.8 - https:\/\/yoast.com\/wordpress\/plugins\/seo\/ -->\n<title>Como superar a inseguran\u00e7a e se amar mais aos 50? Dicas para uma autoestima renovada! - Estado de Minas - Em foco<\/title>\n<meta name=\"description\" content=\"Como superar as press\u00f5es sociais e construir uma autoestima s\u00f3lida na meia-idade? Descubra como no nosso artigo.\" \/>\n<meta name=\"robots\" content=\"index, follow, max-snippet:-1, max-image-preview:large, max-video-preview:-1\" \/>\n<link rel=\"canonical\" href=\"https:\/\/www.em.com.br\/emfoco\/2025\/02\/20\/como-superar-a-inseguranca-e-se-amar-mais-aos-50-dicas-para-uma-autoestima-renovada\/\" \/>\n<meta property=\"og:locale\" content=\"pt_BR\" \/>\n<meta property=\"og:type\" content=\"article\" \/>\n<meta property=\"og:title\" content=\"Como superar a inseguran\u00e7a e se amar mais aos 50? Dicas para uma autoestima renovada! - Estado de Minas - Em foco\" \/>\n<meta property=\"og:description\" content=\"Como superar as press\u00f5es sociais e construir uma autoestima s\u00f3lida na meia-idade? Descubra como no nosso artigo.\" \/>\n<meta property=\"og:url\" content=\"https:\/\/www.em.com.br\/emfoco\/2025\/02\/20\/como-superar-a-inseguranca-e-se-amar-mais-aos-50-dicas-para-uma-autoestima-renovada\/\" \/>\n<meta property=\"og:site_name\" content=\"Estado de Minas - Em foco\" \/>\n<meta property=\"article:published_time\" content=\"2025-02-21T00:20:00+00:00\" \/>\n<meta property=\"article:modified_time\" content=\"2025-02-19T18:56:01+00:00\" \/>\n<meta property=\"og:image\" content=\"https:\/\/www.em.com.br\/emfoco\/wp-content\/uploads\/2025\/02\/mulher-50-anos_1739370479227.jpg\" \/>\n\t<meta property=\"og:image:width\" content=\"1279\" \/>\n\t<meta property=\"og:image:height\" content=\"720\" \/>\n\t<meta property=\"og:image:type\" content=\"image\/jpeg\" \/>\n<meta name=\"author\" content=\"N\u00fabia Rangel\" \/>\n<meta name=\"twitter:card\" content=\"summary_large_image\" \/>\n<meta name=\"twitter:label1\" content=\"Escrito por\" \/>\n\t<meta name=\"twitter:data1\" content=\"N\u00fabia Rangel\" \/>\n\t<meta name=\"twitter:label2\" content=\"Est. tempo de leitura\" \/>\n\t<meta name=\"twitter:data2\" content=\"3 minutos\" \/>\n<!-- \/ Yoast SEO plugin. -->","yoast_head_json":{"title":"Como superar a inseguran\u00e7a e se amar mais aos 50? Dicas para uma autoestima renovada! - Estado de Minas - Em foco","description":"Como superar as press\u00f5es sociais e construir uma autoestima s\u00f3lida na meia-idade? Descubra como no nosso artigo.","robots":{"index":"index","follow":"follow","max-snippet":"max-snippet:-1","max-image-preview":"max-image-preview:large","max-video-preview":"max-video-preview:-1"},"canonical":"https:\/\/www.em.com.br\/emfoco\/2025\/02\/20\/como-superar-a-inseguranca-e-se-amar-mais-aos-50-dicas-para-uma-autoestima-renovada\/","og_locale":"pt_BR","og_type":"article","og_title":"Como superar a inseguran\u00e7a e se amar mais aos 50? Dicas para uma autoestima renovada! - Estado de Minas - Em foco","og_description":"Como superar as press\u00f5es sociais e construir uma autoestima s\u00f3lida na meia-idade? Descubra como no nosso artigo.","og_url":"https:\/\/www.em.com.br\/emfoco\/2025\/02\/20\/como-superar-a-inseguranca-e-se-amar-mais-aos-50-dicas-para-uma-autoestima-renovada\/","og_site_name":"Estado de Minas - Em foco","article_published_time":"2025-02-21T00:20:00+00:00","article_modified_time":"2025-02-19T18:56:01+00:00","og_image":[{"width":1279,"height":720,"url":"https:\/\/www.em.com.br\/emfoco\/wp-content\/uploads\/2025\/02\/mulher-50-anos_1739370479227.jpg","type":"image\/jpeg"}],"author":"N\u00fabia Rangel","twitter_card":"summary_large_image","twitter_misc":{"Escrito por":"N\u00fabia Rangel","Est. tempo de leitura":"3 minutos"},"schema":{"@context":"https:\/\/schema.org","@graph":[{"@type":"WebPage","@id":"https:\/\/www.em.com.br\/emfoco\/2025\/02\/20\/como-superar-a-inseguranca-e-se-amar-mais-aos-50-dicas-para-uma-autoestima-renovada\/","url":"https:\/\/www.em.com.br\/emfoco\/2025\/02\/20\/como-superar-a-inseguranca-e-se-amar-mais-aos-50-dicas-para-uma-autoestima-renovada\/","name":"Como superar a inseguran\u00e7a e se amar mais aos 50? Dicas para uma autoestima renovada! - Estado de Minas - Em foco","isPartOf":{"@id":"https:\/\/www.em.com.br\/emfoco\/#website"},"primaryImageOfPage":{"@id":"https:\/\/www.em.com.br\/emfoco\/2025\/02\/20\/como-superar-a-inseguranca-e-se-amar-mais-aos-50-dicas-para-uma-autoestima-renovada\/#primaryimage"},"image":{"@id":"https:\/\/www.em.com.br\/emfoco\/2025\/02\/20\/como-superar-a-inseguranca-e-se-amar-mais-aos-50-dicas-para-uma-autoestima-renovada\/#primaryimage"},"thumbnailUrl":"https:\/\/www.em.com.br\/emfoco\/wp-content\/uploads\/2025\/02\/mulher-50-anos_1739370479227.jpg","datePublished":"2025-02-21T00:20:00+00:00","dateModified":"2025-02-19T18:56:01+00:00","author":{"@id":"https:\/\/www.em.com.br\/emfoco\/#\/schema\/person\/524437ef54f8a5d32591b143307f2e20"},"description":"Como superar as press\u00f5es sociais e construir uma autoestima s\u00f3lida na meia-idade? Descubra como no nosso artigo.","breadcrumb":{"@id":"https:\/\/www.em.com.br\/emfoco\/2025\/02\/20\/como-superar-a-inseguranca-e-se-amar-mais-aos-50-dicas-para-uma-autoestima-renovada\/#breadcrumb"},"inLanguage":"pt-BR","potentialAction":[{"@type":"ReadAction","target":["https:\/\/www.em.com.br\/emfoco\/2025\/02\/20\/como-superar-a-inseguranca-e-se-amar-mais-aos-50-dicas-para-uma-autoestima-renovada\/"]}]},{"@type":"ImageObject","inLanguage":"pt-BR","@id":"https:\/\/www.em.com.br\/emfoco\/2025\/02\/20\/como-superar-a-inseguranca-e-se-amar-mais-aos-50-dicas-para-uma-autoestima-renovada\/#primaryimage","url":"https:\/\/www.em.com.br\/emfoco\/wp-content\/uploads\/2025\/02\/mulher-50-anos_1739370479227.jpg","contentUrl":"https:\/\/www.em.com.br\/emfoco\/wp-content\/uploads\/2025\/02\/mulher-50-anos_1739370479227.jpg","width":1279,"height":720,"caption":"Mulher - Cr\u00e9ditos: depositphotos.com \/ stockyimages"},{"@type":"BreadcrumbList","@id":"https:\/\/www.em.com.br\/emfoco\/2025\/02\/20\/como-superar-a-inseguranca-e-se-amar-mais-aos-50-dicas-para-uma-autoestima-renovada\/#breadcrumb","itemListElement":[{"@type":"ListItem","position":1,"name":"In\u00edcio","item":"https:\/\/www.em.com.br\/emfoco\/"},{"@type":"ListItem","position":2,"name":"Como superar a inseguran\u00e7a e se amar mais aos 50? Dicas para uma autoestima renovada!"}]},{"@type":"WebSite","@id":"https:\/\/www.em.com.br\/emfoco\/#website","url":"https:\/\/www.em.com.br\/emfoco\/","name":"Estado de Minas - Em foco","description":"Acompanhe as \u00faltimas not\u00edcias e fique bem informado sobre tudo o que acontece em Minas Gerais, Brasil e no mundo.","potentialAction":[{"@type":"SearchAction","target":{"@type":"EntryPoint","urlTemplate":"https:\/\/www.em.com.br\/emfoco\/?s={search_term_string}"},"query-input":{"@type":"PropertyValueSpecification","valueRequired":true,"valueName":"search_term_string"}}],"inLanguage":"pt-BR"},{"@type":"Person","@id":"https:\/\/www.em.com.br\/emfoco\/#\/schema\/person\/524437ef54f8a5d32591b143307f2e20","name":"N\u00fabia Rangel","image":{"@type":"ImageObject","inLanguage":"pt-BR","@id":"https:\/\/www.em.com.br\/emfoco\/#\/schema\/person\/image\/","url":"https:\/\/secure.gravatar.com\/avatar\/47cff2827a5ba23c37e8068c86817ea4?s=96&d=mm&r=g","contentUrl":"https:\/\/secure.gravatar.com\/avatar\/47cff2827a5ba23c37e8068c86817ea4?s=96&d=mm&r=g","caption":"N\u00fabia Rangel"},"sameAs":["https:\/\/www.em.com.br\/emfoco\/"],"url":"https:\/\/www.em.com.br\/emfoco\/author\/nubiamyth\/"}]}},"_links":{"self":[{"href":"https:\/\/www.em.com.br\/emfoco\/wp-json\/wp\/v2\/posts\/19030","targetHints":{"allow":["GET"]}}],"collection":[{"href":"https:\/\/www.em.com.br\/emfoco\/wp-json\/wp\/v2\/posts"}],"about":[{"href":"https:\/\/www.em.com.br\/emfoco\/wp-json\/wp\/v2\/types\/post"}],"author":[{"embeddable":true,"href":"https:\/\/www.em.com.br\/emfoco\/wp-json\/wp\/v2\/users\/5"}],"replies":[{"embeddable":true,"href":"https:\/\/www.em.com.br\/emfoco\/wp-json\/wp\/v2\/comments?post=19030"}],"version-history":[{"count":2,"href":"https:\/\/www.em.com.br\/emfoco\/wp-json\/wp\/v2\/posts\/19030\/revisions"}],"predecessor-version":[{"id":19038,"href":"https:\/\/www.em.com.br\/emfoco\/wp-json\/wp\/v2\/posts\/19030\/revisions\/19038"}],"wp:featuredmedia":[{"embeddable":true,"href":"https:\/\/www.em.com.br\/emfoco\/wp-json\/wp\/v2\/media\/19032"}],"wp:attachment":[{"href":"https:\/\/www.em.com.br\/emfoco\/wp-json\/wp\/v2\/media?parent=19030"}],"wp:term":[{"taxonomy":"category","embeddable":true,"href":"https:\/\/www.em.com.br\/emfoco\/wp-json\/wp\/v2\/categories?post=19030"},{"taxonomy":"post_tag","embeddable":true,"href":"https:\/\/www.em.com.br\/emfoco\/wp-json\/wp\/v2\/tags?post=19030"}],"curies":[{"name":"wp","href":"https:\/\/api.w.org\/{rel}","templated":true}]}}