{"id":18913,"date":"2025-02-11T21:30:00","date_gmt":"2025-02-12T00:30:00","guid":{"rendered":"https:\/\/www.em.com.br\/emfoco\/?p=18913"},"modified":"2025-02-11T18:57:12","modified_gmt":"2025-02-11T21:57:12","slug":"marte-retrogrado-traz-reviravoltas-inesperadas-veja-como-seu-signo-sera-afetado","status":"publish","type":"post","link":"https:\/\/www.em.com.br\/emfoco\/2025\/02\/11\/marte-retrogrado-traz-reviravoltas-inesperadas-veja-como-seu-signo-sera-afetado\/","title":{"rendered":"Marte retr\u00f3grado traz reviravoltas inesperadas! Veja como seu signo ser\u00e1 afetado"},"content":{"rendered":"\n<p>Em 2025, o fen\u00f4meno astrol\u00f3gico de Marte retr\u00f3grado promete trazer quest\u00f5es significativas para muitas pessoas. Este evento, conhecido por influenciar nossa energia e motiva\u00e7\u00e3o, \u00e9 aguardado com grande expectativa no mundo da astrologia. Durante este per\u00edodo, a energia t\u00edpica de Marte, associada \u00e0 a\u00e7\u00e3o e ao impulso, pode parecer menos acess\u00edvel, tornando-se essencial entender como isso poder\u00e1 afetar cada signo do zod\u00edaco.<\/p>\n\n\n\n<p>Marte \u00e9 o planeta vinculado \u00e0 coragem, \u00e0 assertividade e \u00e0 paix\u00e3o. Quando entra em seu movimento retr\u00f3grado \u2014 aproximadamente a cada dois anos \u2014 essas \u00e1reas da vida podem ser desafiadas. Em 2025, Marte estar\u00e1 retr\u00f3grado de outubro a dezembro, impactando todos os signos, por\u00e9m de formas distintas. Vamos explorar como este evento pode influenciar diferentes aspectos da vida astrol\u00f3gica, com informa\u00e7\u00f5es fornecidas pelo site <a href=\"https:\/\/paisefilhos.com.br\/astrologia-e-signos\/o-que-esperar-do-marte-retrogrado-em-2025\/\" target=\"_blank\" rel=\"noreferrer noopener\">Pais e Filhos.<\/a><\/p>\n\n\n\n<h2 class=\"wp-block-heading\">O que \u00e9 marte retr\u00f3grado?<\/h2>\n\n\n\n<p>Marte retr\u00f3grado ocorre quando o planeta parece mover-se para tr\u00e1s em sua \u00f3rbita, visto da Terra. Este movimento \u00e9, na verdade, uma ilus\u00e3o causada pela diferen\u00e7a de velocidade entre Terra e Marte, resultante de uma perspectiva \u00fanica que nos d\u00e1 a impress\u00e3o de estarmos olhando o movimento de Marte ao contr\u00e1rio. No mundo da astrologia, essa apar\u00eancia de retrocesso tem seus pr\u00f3prios significados interpretativos. Quando retr\u00f3grado, Marte pode inibir a a\u00e7\u00e3o direta e crispada, pedindo que se revisite decis\u00f5es e estrat\u00e9gias antes de agir.<\/p>\n\n\n\n<p>Durante este per\u00edodo, pode haver dificuldades em direcionar a <a href=\"https:\/\/www.em.com.br\/emfoco\/2025\/02\/09\/cansado-de-ficar-doente-essas-frutas-podem-ser-a-solucao\/\" target=\"_blank\" rel=\"noreferrer noopener\">energia<\/a> de forma eficaz. \u00c9 um momento prop\u00edcio para reflex\u00e3o e reavalia\u00e7\u00e3o das motiva\u00e7\u00f5es pessoais. Este fen\u00f4meno desafia a tomada de decis\u00f5es impulsivas, favorecendo abordagens mais calculadas e intuitivas \u00e0 medida que Marte recupera seu movimento direto.<\/p>\n\n\n\n<h2 class=\"wp-block-heading\">Como marte retr\u00f3grado em 2025 afetar\u00e1 cada signo?<\/h2>\n\n\n\n<p>Os impactos de Marte retr\u00f3grado em 2025 variar\u00e3o de acordo com as caracter\u00edsticas de cada signo. A energia e dinamismo de \u00c1ries, por exemplo, poder\u00e3o se sentir restringidos, exigindo paci\u00eancia. Taurinos poder\u00e3o ser impulsionados a revisar metas financeiras ou de carreira, enquanto Geminianos poder\u00e3o enfrentar desafios na comunica\u00e7\u00e3o e planejamento.<\/p>\n\n\n\n<ul class=\"wp-block-list\">\n<li><strong>\u00c1ries:<\/strong>\u00a0A energia pode parecer diminu\u00edda, levando a uma necessidade de recarregar e refletir sobre o rumo atual.<\/li>\n\n\n\n<li><strong>Touro:<\/strong>\u00a0Quest\u00f5es financeiras ou ligadas \u00e0 seguran\u00e7a podem surgir, incitando uma an\u00e1lise cuidadosa desses campos.<\/li>\n\n\n\n<li><strong>G\u00eameos:<\/strong>\u00a0Desafios em torno da comunica\u00e7\u00e3o e clareza nos projetos podem ser esperados.<\/li>\n\n\n\n<li><strong>C\u00e2ncer:<\/strong>\u00a0Quest\u00f5es ligadas ao lar e \u00e0 fam\u00edlia podem requisitar aten\u00e7\u00e3o redobrada.<\/li>\n\n\n\n<li><strong>Le\u00e3o:<\/strong>\u00a0\u00c9 um bom momento para avaliar cren\u00e7as pessoais e caminhos espirituais.<\/li>\n\n\n\n<li><strong>Virgem:<\/strong>\u00a0As amizades e alian\u00e7as profissionais poder\u00e3o ser reavaliadas.<\/li>\n\n\n\n<li><strong>Libra:<\/strong>\u00a0A busca por equil\u00edbrio em parcerias poder\u00e1 enfrentar obst\u00e1culos que exigem diplomacia.<\/li>\n\n\n\n<li><strong>Escorpi\u00e3o:<\/strong>\u00a0Retra\u00e7\u00f5es em ambi\u00e7\u00f5es profissionais podem ocorrer, levando \u00e0 necessidade de ajuste de rotas.<\/li>\n\n\n\n<li><strong>Sagit\u00e1rio:<\/strong>\u00a0Viagens ou planos de expans\u00e3o podem encontrar atrasos, pedindo replanejamento.<\/li>\n\n\n\n<li><strong>Capric\u00f3rnio:<\/strong>\u00a0Assuntos financeiros ou investimentos podem requerer uma aten\u00e7\u00e3o cuidadosa.<\/li>\n\n\n\n<li><strong>Aqu\u00e1rio:<\/strong>\u00a0Projetos de inova\u00e7\u00e3o ou nova dire\u00e7\u00e3o profissional podem ser retidos para reavalia\u00e7\u00e3o.<\/li>\n\n\n\n<li><strong>Peixes:<\/strong>\u00a0Reflex\u00f5es internas sobre motiva\u00e7\u00f5es pessoais podem surgir, pedindo introspec\u00e7\u00e3o.<\/li>\n<\/ul>\n\n\n<div class=\"wp-block-image\">\n<figure class=\"aligncenter size-large\"><img loading=\"lazy\" decoding=\"async\" width=\"1024\" height=\"576\" src=\"https:\/\/www.em.com.br\/emfoco\/wp-content\/uploads\/2025\/02\/signos-do-zodiaco_1739310835737-1024x576.jpg\" alt=\"Marte retr\u00f3grado traz reviravoltas inesperadas! Veja como seu signo ser\u00e1 afetado\" class=\"wp-image-18915\" srcset=\"https:\/\/www.em.com.br\/emfoco\/wp-content\/uploads\/2025\/02\/signos-do-zodiaco_1739310835737-1024x576.jpg 1024w, https:\/\/www.em.com.br\/emfoco\/wp-content\/uploads\/2025\/02\/signos-do-zodiaco_1739310835737-300x169.jpg 300w, https:\/\/www.em.com.br\/emfoco\/wp-content\/uploads\/2025\/02\/signos-do-zodiaco_1739310835737-768x432.jpg 768w, https:\/\/www.em.com.br\/emfoco\/wp-content\/uploads\/2025\/02\/signos-do-zodiaco_1739310835737-750x422.jpg 750w, https:\/\/www.em.com.br\/emfoco\/wp-content\/uploads\/2025\/02\/signos-do-zodiaco_1739310835737-1140x641.jpg 1140w, https:\/\/www.em.com.br\/emfoco\/wp-content\/uploads\/2025\/02\/signos-do-zodiaco_1739310835737.jpg 1280w\" sizes=\"auto, (max-width: 1024px) 100vw, 1024px\" \/><figcaption class=\"wp-element-caption\">Zod\u00edaco (Cr\u00e9ditos: depositphotos.com \/ ple_sunisa@hotmail.com)<\/figcaption><\/figure><\/div>\n\n\n<h2 class=\"wp-block-heading\">Quais precau\u00e7\u00f5es podem ser tomadas durante marte retr\u00f3grado?<\/h2>\n\n\n\n<p>Adotar algumas precau\u00e7\u00f5es pr\u00e1ticas pode ajudar a navegar esse per\u00edodo de forma mais tranquila. Primeiro, \u00e9 importante evitar decis\u00f5es impulsivas, que costumam ser menos eficazes quando Marte est\u00e1 retr\u00f3grado. Revisitar planos e estrat\u00e9gias pode trazer benef\u00edcios a longo prazo.<\/p>\n\n\n\n<ol class=\"wp-block-list\">\n<li><strong>Reflita antes de agir:<\/strong>\u00a0Tome tempo para pensar cuidadosamente sobre grandes decis\u00f5es.<\/li>\n\n\n\n<li><strong>Reveja projetos antigos:<\/strong>\u00a0\u00c9 um per\u00edodo excelente para revisitar e finalizar projetos inacabados.<\/li>\n\n\n\n<li><strong>Pratique paci\u00eancia:<\/strong>\u00a0As coisas podem n\u00e3o se mover t\u00e3o r\u00e1pido quanto esperado, e entender isso ajuda a reduzir frustra\u00e7\u00f5es.<\/li>\n<\/ol>\n\n\n\n<h2 class=\"wp-block-heading\">Como maximizar o potencial de marte retr\u00f3grado em 2025?<\/h2>\n\n\n\n<p>Apesar das dificuldades percebidas, Marte retr\u00f3grado tamb\u00e9m oferece uma valiosa oportunidade para reavalia\u00e7\u00e3o e mudan\u00e7a. Este momento convida \u00e0 introspec\u00e7\u00e3o e ao ajuste de planos que podem n\u00e3o estar alinhados com os verdadeiros desejos pessoais. Blindar a comunica\u00e7\u00e3o e as rela\u00e7\u00f5es durante esse tempo pode evitar mal-entendidos desnecess\u00e1rios.<\/p>\n\n\n\n<p>Navegar por um per\u00edodo de Marte retr\u00f3grado pode ser desafiador, mas com prepara\u00e7\u00e3o adequada, tamb\u00e9m pode servir como um poderoso catalisador para crescimento pessoal e renova\u00e7\u00e3o espiritual.<\/p>\n","protected":false},"excerpt":{"rendered":"<p>Em 2025, o fen\u00f4meno astrol\u00f3gico de Marte retr\u00f3grado promete trazer quest\u00f5es significativas para muitas pessoas. Este evento, conhecido por influenciar nossa energia e motiva\u00e7\u00e3o, \u00e9 aguardado com grande expectativa no mundo da astrologia. Durante este per\u00edodo, a energia t\u00edpica de Marte, associada \u00e0 a\u00e7\u00e3o e ao impulso, pode parecer menos acess\u00edvel, tornando-se essencial entender como [&hellip;]<\/p>\n","protected":false},"author":10,"featured_media":18914,"comment_status":"open","ping_status":"open","sticky":false,"template":"","format":"standard","meta":{"jnews-multi-image_gallery":[],"jnews_single_post":{"format":"standard"},"jnews_primary_category":[],"jnews_social_meta":[],"jnews_override_counter":[],"footnotes":""},"categories":[25],"tags":[4877,4878,168],"class_list":["post-18913","post","type-post","status-publish","format-standard","has-post-thumbnail","hentry","category-signos","tag-marte-retrogrado","tag-reviravoltas","tag-signos"],"yoast_head":"<!-- This site is optimized with the Yoast SEO plugin v23.8 - https:\/\/yoast.com\/wordpress\/plugins\/seo\/ -->\n<title>Marte retr\u00f3grado traz reviravoltas inesperadas! Veja como seu signo ser\u00e1 afetado - Estado de Minas - Em foco<\/title>\n<meta name=\"description\" content=\"Seu signo pode ser um dos mais afetados por Marte retr\u00f3grado. Veja o que esse tr\u00e2nsito astrol\u00f3gico reserva para voc\u00ea.\" \/>\n<meta name=\"robots\" content=\"index, follow, max-snippet:-1, max-image-preview:large, max-video-preview:-1\" \/>\n<link rel=\"canonical\" href=\"https:\/\/www.em.com.br\/emfoco\/2025\/02\/11\/marte-retrogrado-traz-reviravoltas-inesperadas-veja-como-seu-signo-sera-afetado\/\" \/>\n<meta property=\"og:locale\" content=\"pt_BR\" \/>\n<meta property=\"og:type\" content=\"article\" \/>\n<meta property=\"og:title\" content=\"Marte retr\u00f3grado traz reviravoltas inesperadas! Veja como seu signo ser\u00e1 afetado - Estado de Minas - Em foco\" \/>\n<meta property=\"og:description\" content=\"Seu signo pode ser um dos mais afetados por Marte retr\u00f3grado. Veja o que esse tr\u00e2nsito astrol\u00f3gico reserva para voc\u00ea.\" \/>\n<meta property=\"og:url\" content=\"https:\/\/www.em.com.br\/emfoco\/2025\/02\/11\/marte-retrogrado-traz-reviravoltas-inesperadas-veja-como-seu-signo-sera-afetado\/\" \/>\n<meta property=\"og:site_name\" content=\"Estado de Minas - Em foco\" \/>\n<meta property=\"article:published_time\" content=\"2025-02-12T00:30:00+00:00\" \/>\n<meta property=\"article:modified_time\" content=\"2025-02-11T21:57:12+00:00\" \/>\n<meta property=\"og:image\" content=\"https:\/\/www.em.com.br\/emfoco\/wp-content\/uploads\/2025\/02\/signos-do-zodiaco_1739310807301.jpg\" \/>\n\t<meta property=\"og:image:width\" content=\"1280\" \/>\n\t<meta property=\"og:image:height\" content=\"720\" \/>\n\t<meta property=\"og:image:type\" content=\"image\/jpeg\" \/>\n<meta name=\"author\" content=\"Patryck Reinehr\" \/>\n<meta name=\"twitter:card\" content=\"summary_large_image\" \/>\n<meta name=\"twitter:label1\" content=\"Escrito por\" \/>\n\t<meta name=\"twitter:data1\" content=\"Patryck Reinehr\" \/>\n\t<meta name=\"twitter:label2\" content=\"Est. tempo de leitura\" \/>\n\t<meta name=\"twitter:data2\" content=\"1 minuto\" \/>\n<!-- \/ Yoast SEO plugin. -->","yoast_head_json":{"title":"Marte retr\u00f3grado traz reviravoltas inesperadas! Veja como seu signo ser\u00e1 afetado - Estado de Minas - Em foco","description":"Seu signo pode ser um dos mais afetados por Marte retr\u00f3grado. Veja o que esse tr\u00e2nsito astrol\u00f3gico reserva para voc\u00ea.","robots":{"index":"index","follow":"follow","max-snippet":"max-snippet:-1","max-image-preview":"max-image-preview:large","max-video-preview":"max-video-preview:-1"},"canonical":"https:\/\/www.em.com.br\/emfoco\/2025\/02\/11\/marte-retrogrado-traz-reviravoltas-inesperadas-veja-como-seu-signo-sera-afetado\/","og_locale":"pt_BR","og_type":"article","og_title":"Marte retr\u00f3grado traz reviravoltas inesperadas! Veja como seu signo ser\u00e1 afetado - Estado de Minas - Em foco","og_description":"Seu signo pode ser um dos mais afetados por Marte retr\u00f3grado. Veja o que esse tr\u00e2nsito astrol\u00f3gico reserva para voc\u00ea.","og_url":"https:\/\/www.em.com.br\/emfoco\/2025\/02\/11\/marte-retrogrado-traz-reviravoltas-inesperadas-veja-como-seu-signo-sera-afetado\/","og_site_name":"Estado de Minas - Em foco","article_published_time":"2025-02-12T00:30:00+00:00","article_modified_time":"2025-02-11T21:57:12+00:00","og_image":[{"width":1280,"height":720,"url":"https:\/\/www.em.com.br\/emfoco\/wp-content\/uploads\/2025\/02\/signos-do-zodiaco_1739310807301.jpg","type":"image\/jpeg"}],"author":"Patryck Reinehr","twitter_card":"summary_large_image","twitter_misc":{"Escrito por":"Patryck Reinehr","Est. tempo de leitura":"1 minuto"},"schema":{"@context":"https:\/\/schema.org","@graph":[{"@type":"WebPage","@id":"https:\/\/www.em.com.br\/emfoco\/2025\/02\/11\/marte-retrogrado-traz-reviravoltas-inesperadas-veja-como-seu-signo-sera-afetado\/","url":"https:\/\/www.em.com.br\/emfoco\/2025\/02\/11\/marte-retrogrado-traz-reviravoltas-inesperadas-veja-como-seu-signo-sera-afetado\/","name":"Marte retr\u00f3grado traz reviravoltas inesperadas! Veja como seu signo ser\u00e1 afetado - Estado de Minas - Em foco","isPartOf":{"@id":"https:\/\/www.em.com.br\/emfoco\/#website"},"primaryImageOfPage":{"@id":"https:\/\/www.em.com.br\/emfoco\/2025\/02\/11\/marte-retrogrado-traz-reviravoltas-inesperadas-veja-como-seu-signo-sera-afetado\/#primaryimage"},"image":{"@id":"https:\/\/www.em.com.br\/emfoco\/2025\/02\/11\/marte-retrogrado-traz-reviravoltas-inesperadas-veja-como-seu-signo-sera-afetado\/#primaryimage"},"thumbnailUrl":"https:\/\/www.em.com.br\/emfoco\/wp-content\/uploads\/2025\/02\/signos-do-zodiaco_1739310807301.jpg","datePublished":"2025-02-12T00:30:00+00:00","dateModified":"2025-02-11T21:57:12+00:00","author":{"@id":"https:\/\/www.em.com.br\/emfoco\/#\/schema\/person\/43407752bebcbbb4d0ec79deedc0d7ce"},"description":"Seu signo pode ser um dos mais afetados por Marte retr\u00f3grado. Veja o que esse tr\u00e2nsito astrol\u00f3gico reserva para voc\u00ea.","breadcrumb":{"@id":"https:\/\/www.em.com.br\/emfoco\/2025\/02\/11\/marte-retrogrado-traz-reviravoltas-inesperadas-veja-como-seu-signo-sera-afetado\/#breadcrumb"},"inLanguage":"pt-BR","potentialAction":[{"@type":"ReadAction","target":["https:\/\/www.em.com.br\/emfoco\/2025\/02\/11\/marte-retrogrado-traz-reviravoltas-inesperadas-veja-como-seu-signo-sera-afetado\/"]}]},{"@type":"ImageObject","inLanguage":"pt-BR","@id":"https:\/\/www.em.com.br\/emfoco\/2025\/02\/11\/marte-retrogrado-traz-reviravoltas-inesperadas-veja-como-seu-signo-sera-afetado\/#primaryimage","url":"https:\/\/www.em.com.br\/emfoco\/wp-content\/uploads\/2025\/02\/signos-do-zodiaco_1739310807301.jpg","contentUrl":"https:\/\/www.em.com.br\/emfoco\/wp-content\/uploads\/2025\/02\/signos-do-zodiaco_1739310807301.jpg","width":1280,"height":720,"caption":"Signos (Cr\u00e9ditos: depositphotos.com \/ AntonMatyukha)"},{"@type":"BreadcrumbList","@id":"https:\/\/www.em.com.br\/emfoco\/2025\/02\/11\/marte-retrogrado-traz-reviravoltas-inesperadas-veja-como-seu-signo-sera-afetado\/#breadcrumb","itemListElement":[{"@type":"ListItem","position":1,"name":"In\u00edcio","item":"https:\/\/www.em.com.br\/emfoco\/"},{"@type":"ListItem","position":2,"name":"Marte retr\u00f3grado traz reviravoltas inesperadas! Veja como seu signo ser\u00e1 afetado"}]},{"@type":"WebSite","@id":"https:\/\/www.em.com.br\/emfoco\/#website","url":"https:\/\/www.em.com.br\/emfoco\/","name":"Estado de Minas - Em foco","description":"Acompanhe as \u00faltimas not\u00edcias e fique bem informado sobre tudo o que acontece em Minas Gerais, Brasil e no mundo.","potentialAction":[{"@type":"SearchAction","target":{"@type":"EntryPoint","urlTemplate":"https:\/\/www.em.com.br\/emfoco\/?s={search_term_string}"},"query-input":{"@type":"PropertyValueSpecification","valueRequired":true,"valueName":"search_term_string"}}],"inLanguage":"pt-BR"},{"@type":"Person","@id":"https:\/\/www.em.com.br\/emfoco\/#\/schema\/person\/43407752bebcbbb4d0ec79deedc0d7ce","name":"Patryck Reinehr","image":{"@type":"ImageObject","inLanguage":"pt-BR","@id":"https:\/\/www.em.com.br\/emfoco\/#\/schema\/person\/image\/","url":"https:\/\/secure.gravatar.com\/avatar\/570c7fb2898c0e2df0823196891bea88?s=96&d=mm&r=g","contentUrl":"https:\/\/secure.gravatar.com\/avatar\/570c7fb2898c0e2df0823196891bea88?s=96&d=mm&r=g","caption":"Patryck Reinehr"},"url":"https:\/\/www.em.com.br\/emfoco\/author\/patryckmyth\/"}]}},"_links":{"self":[{"href":"https:\/\/www.em.com.br\/emfoco\/wp-json\/wp\/v2\/posts\/18913","targetHints":{"allow":["GET"]}}],"collection":[{"href":"https:\/\/www.em.com.br\/emfoco\/wp-json\/wp\/v2\/posts"}],"about":[{"href":"https:\/\/www.em.com.br\/emfoco\/wp-json\/wp\/v2\/types\/post"}],"author":[{"embeddable":true,"href":"https:\/\/www.em.com.br\/emfoco\/wp-json\/wp\/v2\/users\/10"}],"replies":[{"embeddable":true,"href":"https:\/\/www.em.com.br\/emfoco\/wp-json\/wp\/v2\/comments?post=18913"}],"version-history":[{"count":1,"href":"https:\/\/www.em.com.br\/emfoco\/wp-json\/wp\/v2\/posts\/18913\/revisions"}],"predecessor-version":[{"id":18916,"href":"https:\/\/www.em.com.br\/emfoco\/wp-json\/wp\/v2\/posts\/18913\/revisions\/18916"}],"wp:featuredmedia":[{"embeddable":true,"href":"https:\/\/www.em.com.br\/emfoco\/wp-json\/wp\/v2\/media\/18914"}],"wp:attachment":[{"href":"https:\/\/www.em.com.br\/emfoco\/wp-json\/wp\/v2\/media?parent=18913"}],"wp:term":[{"taxonomy":"category","embeddable":true,"href":"https:\/\/www.em.com.br\/emfoco\/wp-json\/wp\/v2\/categories?post=18913"},{"taxonomy":"post_tag","embeddable":true,"href":"https:\/\/www.em.com.br\/emfoco\/wp-json\/wp\/v2\/tags?post=18913"}],"curies":[{"name":"wp","href":"https:\/\/api.w.org\/{rel}","templated":true}]}}