{"id":188974,"date":"2026-04-04T06:35:00","date_gmt":"2026-04-04T09:35:00","guid":{"rendered":"https:\/\/www.em.com.br\/emfoco\/?p=188974"},"modified":"2026-04-03T23:30:24","modified_gmt":"2026-04-04T02:30:24","slug":"existe-um-mes-em-que-nascem-pessoas-consideradas-mais-atraentes-e-a-explicacao-chama-atencao","status":"publish","type":"post","link":"https:\/\/www.em.com.br\/emfoco\/2026\/04\/04\/existe-um-mes-em-que-nascem-pessoas-consideradas-mais-atraentes-e-a-explicacao-chama-atencao\/","title":{"rendered":"Existe um m\u00eas em que nascem pessoas consideradas mais atraentes e a explica\u00e7\u00e3o chama aten\u00e7\u00e3o"},"content":{"rendered":"\n<p>Entre curiosidades cient\u00edficas e dados de IA, a ideia de que existe um \u201cmelhor m\u00eas\u201d para nascer em termos de apar\u00eancia f\u00edsica voltou aos debates. Pesquisas recentes investigam se h\u00e1 rela\u00e7\u00e3o entre m\u00eas de nascimento e percep\u00e7\u00e3o de beleza, mas refor\u00e7am que tudo se baseia em m\u00e9dias estat\u00edsticas, e n\u00e3o em uma regra r\u00edgida que sirva para todas as pessoas.<\/p>\n\n\n\n<h2 class=\"wp-block-heading\">Existe um m\u00eas em que nascem as pessoas mais atraentes?<\/h2>\n\n\n\n<p>No\u00a0<strong>Hemisf\u00e9rio Norte<\/strong>, dados apontam para maior concentra\u00e7\u00e3o de notas de atratividade entre nascidos em\u00a0<strong>abril<\/strong>; no\u00a0<strong>Hemisf\u00e9rio Sul<\/strong>, o destaque estat\u00edstico recai sobre\u00a0<strong>outubro<\/strong>, meses associados \u00e0 primavera.<\/p>\n\n\n\n<p>Relat\u00f3rios cient\u00edficos indicam que avaliadores humanos atribu\u00edram, em m\u00e9dia, notas ligeiramente mais altas a pessoas nascidas na <a href=\"https:\/\/www.ee.usp.br\/proesa\/categoria-1\/de-todos-os-exemplos-primavera-e-o-mais-bonito\" target=\"_blank\" rel=\"noreferrer noopener\">primavera <\/a>do que em outras esta\u00e7\u00f5es. Esses resultados, por\u00e9m, mostram apenas uma correla\u00e7\u00e3o fraca e n\u00e3o permitem afirmar que algu\u00e9m \u00e9 mais ou menos bonito apenas pela data de nascimento.<\/p>\n\n\n\n<figure class=\"wp-block-image\"><img decoding=\"async\" src=\"https:\/\/www.em.com.br\/emfoco\/wp-content\/uploads\/2026\/02\/ChatGPT-Image-3-de-fev.-de-2026-15_27_10-1-1024x576.png\" alt=\"\"\/><figcaption class=\"wp-element-caption\">O m\u00eas em que nascem as pessoas mais atraentes<\/figcaption><\/figure>\n\n\n\n<h2 class=\"wp-block-heading\">Por que abril e outubro aparecem como destaques nas pesquisas?<\/h2>\n\n\n\n<p>Uma hip\u00f3tese recorrente envolve a&nbsp;<strong>exposi\u00e7\u00e3o solar durante a gesta\u00e7\u00e3o<\/strong>&nbsp;e nos primeiros meses de vida, que influencia a produ\u00e7\u00e3o de&nbsp;<strong>vitamina D<\/strong>&nbsp;no organismo materno. Esse nutriente \u00e9 importante para o desenvolvimento \u00f3sseo e para o sistema imunol\u00f3gico do feto, o que, em teoria, poderia afetar sutilmente a estrutura do rosto e do corpo.<\/p>\n\n\n\n<p>Outra linha de explica\u00e7\u00e3o considera o&nbsp;<strong>clima nos primeiros meses de vida<\/strong>, sugerindo que beb\u00eas que passam esse per\u00edodo em temperaturas amenas e boa luminosidade natural podem ter condi\u00e7\u00f5es mais favor\u00e1veis de sa\u00fade e crescimento. Nesse cen\u00e1rio, estudos apontam leve vantagem em vari\u00e1veis de desenvolvimento para nascidos na primavera, o que se reflete nas m\u00e9dias de atratividade encontradas.<\/p>\n\n\n\n<h2 class=\"wp-block-heading\">Quais fatores ambientais podem influenciar a atratividade?<\/h2>\n\n\n\n<p>Pesquisas destacam que condi\u00e7\u00f5es ambientais do in\u00edcio da inf\u00e2ncia podem impactar o bem-estar geral e alguns tra\u00e7os corporais, o que indiretamente se conecta \u00e0 atratividade. Quando esses elementos s\u00e3o avaliados em conjunto, surgem padr\u00f5es estat\u00edsticos discretos, mas recorrentes, em favor dos nascidos na primavera.<\/p>\n\n\n\n<p>Entre os fatores frequentemente citados como poss\u00edveis influenciadores nesse per\u00edodo inicial de vida, aparecem:<\/p>\n\n\n\n<ul class=\"wp-block-list\">\n<li>menor incid\u00eancia de doen\u00e7as respirat\u00f3rias sazonais;<\/li>\n\n\n\n<li>maior possibilidade de passeios ao ar livre e est\u00edmulos variados;<\/li>\n\n\n\n<li>rotina de sono e alimenta\u00e7\u00e3o potencialmente mais est\u00e1vel;<\/li>\n\n\n\n<li>ambiente dom\u00e9stico menos sujeito a extremos de frio ou calor.<\/li>\n<\/ul>\n\n\n\n<figure class=\"wp-block-image\"><img decoding=\"async\" src=\"https:\/\/www.em.com.br\/emfoco\/wp-content\/uploads\/2026\/01\/ChatGPT-Image-23-de-jan.-de-2026-11_23_18-1-1024x576.png\" alt=\"\"\/><figcaption class=\"wp-element-caption\">O m\u00eas em que nascem as pessoas mais atraentes<\/figcaption><\/figure>\n\n\n\n<h2 class=\"wp-block-heading\">Como a intelig\u00eancia artificial avalia a beleza por m\u00eas de nascimento?<\/h2>\n\n\n\n<p>Com o avan\u00e7o da tecnologia, alguns grupos de pesquisa passaram a empregar&nbsp;<strong>modelos de intelig\u00eancia artificial<\/strong>&nbsp;para explorar se a data de nascimento tem peso na percep\u00e7\u00e3o de beleza. Grandes bancos de imagens s\u00e3o processados por algoritmos que identificam caracter\u00edsticas faciais associadas \u00e0 atratividade, como simetria, propor\u00e7\u00f5es e textura da pele.<\/p>\n\n\n\n<p>Esses sistemas cruzam dados como&nbsp;<em>m\u00eas e ano de nascimento<\/em>&nbsp;com padr\u00f5es faciais detectados, encontrando maior frequ\u00eancia de tra\u00e7os considerados atraentes em nascidos entre o fim do inverno e o meio da primavera. Especialistas alertam, por\u00e9m, que essas IAs refletem padr\u00f5es culturais espec\u00edficos e refor\u00e7am que gen\u00e9tica, contexto social, sa\u00fade, alimenta\u00e7\u00e3o e estilo de vida t\u00eam impacto muito maior do que o m\u00eas de nascimento.<\/p>\n\n\n\n<h2 class=\"wp-block-heading\">O que os cientistas concluem sobre beleza e m\u00eas de nascimento?<\/h2>\n\n\n\n<p>Pesquisadores enfatizam que a no\u00e7\u00e3o de \u201cm\u00eas mais atraente\u201d \u00e9 uma&nbsp;<strong>curiosidade estat\u00edstica<\/strong>, \u00fatil para estudar como o ambiente influencia o desenvolvimento humano, mas incapaz de definir o valor ou a beleza de um indiv\u00edduo. A atratividade continua sendo vista como um fen\u00f4meno multifatorial, em que&nbsp;<strong>contexto social<\/strong>,&nbsp;<strong>hist\u00f3ria de vida<\/strong>&nbsp;e&nbsp;<strong>rela\u00e7\u00f5es interpessoais<\/strong>&nbsp;t\u00eam peso decisivo na forma como cada pessoa \u00e9 percebida.<\/p>\n\n\n\n<p>Se voc\u00ea nasceu em qualquer m\u00eas do ano, lembre-se: esses dados n\u00e3o determinam quem voc\u00ea \u00e9 nem como ser\u00e1 visto pelo mundo. Use esse conhecimento como ponto de partida para cuidar melhor da sua <a href=\"https:\/\/www.em.com.br\/emfoco\/2026\/04\/03\/o-impacto-direto-que-o-consumo-de-cenoura-causa-na-firmeza-e-saude-da-sua-pele\/\" target=\"_blank\" rel=\"noreferrer noopener\">sa\u00fade<\/a>, entender o impacto do ambiente na sua vida e valorizar seus pr\u00f3prios tra\u00e7os \u2014 comece hoje a investir em voc\u00ea, porque o fator mais decisivo da sua atratividade \u00e9 o que voc\u00ea faz com a sua hist\u00f3ria agora.<\/p>\n","protected":false},"excerpt":{"rendered":"<p>Entre curiosidades cient\u00edficas e dados de IA, a ideia de que existe um \u201cmelhor m\u00eas\u201d para nascer em termos de apar\u00eancia f\u00edsica voltou aos debates. Pesquisas recentes investigam se h\u00e1 rela\u00e7\u00e3o entre m\u00eas de nascimento e percep\u00e7\u00e3o de beleza, mas refor\u00e7am que tudo se baseia em m\u00e9dias estat\u00edsticas, e n\u00e3o em uma regra r\u00edgida que [&hellip;]<\/p>\n","protected":false},"author":11,"featured_media":188993,"comment_status":"open","ping_status":"open","sticky":false,"template":"","format":"standard","meta":{"jnews-multi-image_gallery":[],"jnews_single_post":{"format":"standard"},"jnews_primary_category":[],"jnews_social_meta":[],"jnews_override_counter":[],"footnotes":""},"categories":[1,25],"tags":[2616,4522,9072],"class_list":["post-188974","post","type-post","status-publish","format-standard","has-post-thumbnail","hentry","category-noticias","category-signos","tag-beleza","tag-inteligencia-artificial-multimodal","tag-mes-de-nascimento"],"yoast_head":"<!-- This site is optimized with the Yoast SEO plugin v23.8 - https:\/\/yoast.com\/wordpress\/plugins\/seo\/ -->\n<title>Existe um m\u00eas em que nascem pessoas consideradas mais atraentes e a explica\u00e7\u00e3o chama aten\u00e7\u00e3o - Estado de Minas - Em foco<\/title>\n<meta name=\"description\" content=\"Ser\u00e1 que nascer em certo m\u00eas influencia a apar\u00eancia? Entenda o que dizem pesquisas e intelig\u00eancia artificial sobre o tema.\" \/>\n<meta name=\"robots\" content=\"index, follow, max-snippet:-1, max-image-preview:large, max-video-preview:-1\" \/>\n<link rel=\"canonical\" href=\"https:\/\/www.em.com.br\/emfoco\/2026\/04\/04\/existe-um-mes-em-que-nascem-pessoas-consideradas-mais-atraentes-e-a-explicacao-chama-atencao\/\" \/>\n<meta property=\"og:locale\" content=\"pt_BR\" \/>\n<meta property=\"og:type\" content=\"article\" \/>\n<meta property=\"og:title\" content=\"Existe um m\u00eas em que nascem pessoas consideradas mais atraentes e a explica\u00e7\u00e3o chama aten\u00e7\u00e3o - Estado de Minas - Em foco\" \/>\n<meta property=\"og:description\" content=\"Ser\u00e1 que nascer em certo m\u00eas influencia a apar\u00eancia? Entenda o que dizem pesquisas e intelig\u00eancia artificial sobre o tema.\" \/>\n<meta property=\"og:url\" content=\"https:\/\/www.em.com.br\/emfoco\/2026\/04\/04\/existe-um-mes-em-que-nascem-pessoas-consideradas-mais-atraentes-e-a-explicacao-chama-atencao\/\" \/>\n<meta property=\"og:site_name\" content=\"Estado de Minas - Em foco\" \/>\n<meta property=\"article:published_time\" content=\"2026-04-04T09:35:00+00:00\" \/>\n<meta property=\"article:modified_time\" content=\"2026-04-04T02:30:24+00:00\" \/>\n<meta property=\"og:image\" content=\"https:\/\/www.em.com.br\/emfoco\/wp-content\/uploads\/2026\/04\/ChatGPT-Image-3-de-abr.-de-2026-18_43_33-1.png\" \/>\n\t<meta property=\"og:image:width\" content=\"1280\" \/>\n\t<meta property=\"og:image:height\" content=\"720\" \/>\n\t<meta property=\"og:image:type\" content=\"image\/png\" \/>\n<meta name=\"author\" content=\"Andre\u0301 Rangel\u00a0\" \/>\n<meta name=\"twitter:card\" content=\"summary_large_image\" \/>\n<meta name=\"twitter:label1\" content=\"Escrito por\" \/>\n\t<meta name=\"twitter:data1\" content=\"Andre\u0301 Rangel\u00a0\" \/>\n\t<meta name=\"twitter:label2\" content=\"Est. tempo de leitura\" \/>\n\t<meta name=\"twitter:data2\" content=\"5 minutos\" \/>\n<!-- \/ Yoast SEO plugin. -->","yoast_head_json":{"title":"Existe um m\u00eas em que nascem pessoas consideradas mais atraentes e a explica\u00e7\u00e3o chama aten\u00e7\u00e3o - Estado de Minas - Em foco","description":"Ser\u00e1 que nascer em certo m\u00eas influencia a apar\u00eancia? Entenda o que dizem pesquisas e intelig\u00eancia artificial sobre o tema.","robots":{"index":"index","follow":"follow","max-snippet":"max-snippet:-1","max-image-preview":"max-image-preview:large","max-video-preview":"max-video-preview:-1"},"canonical":"https:\/\/www.em.com.br\/emfoco\/2026\/04\/04\/existe-um-mes-em-que-nascem-pessoas-consideradas-mais-atraentes-e-a-explicacao-chama-atencao\/","og_locale":"pt_BR","og_type":"article","og_title":"Existe um m\u00eas em que nascem pessoas consideradas mais atraentes e a explica\u00e7\u00e3o chama aten\u00e7\u00e3o - Estado de Minas - Em foco","og_description":"Ser\u00e1 que nascer em certo m\u00eas influencia a apar\u00eancia? Entenda o que dizem pesquisas e intelig\u00eancia artificial sobre o tema.","og_url":"https:\/\/www.em.com.br\/emfoco\/2026\/04\/04\/existe-um-mes-em-que-nascem-pessoas-consideradas-mais-atraentes-e-a-explicacao-chama-atencao\/","og_site_name":"Estado de Minas - Em foco","article_published_time":"2026-04-04T09:35:00+00:00","article_modified_time":"2026-04-04T02:30:24+00:00","og_image":[{"width":1280,"height":720,"url":"https:\/\/www.em.com.br\/emfoco\/wp-content\/uploads\/2026\/04\/ChatGPT-Image-3-de-abr.-de-2026-18_43_33-1.png","type":"image\/png"}],"author":"Andre\u0301 Rangel\u00a0","twitter_card":"summary_large_image","twitter_misc":{"Escrito por":"Andre\u0301 Rangel\u00a0","Est. tempo de leitura":"5 minutos"},"schema":{"@context":"https:\/\/schema.org","@graph":[{"@type":"WebPage","@id":"https:\/\/www.em.com.br\/emfoco\/2026\/04\/04\/existe-um-mes-em-que-nascem-pessoas-consideradas-mais-atraentes-e-a-explicacao-chama-atencao\/","url":"https:\/\/www.em.com.br\/emfoco\/2026\/04\/04\/existe-um-mes-em-que-nascem-pessoas-consideradas-mais-atraentes-e-a-explicacao-chama-atencao\/","name":"Existe um m\u00eas em que nascem pessoas consideradas mais atraentes e a explica\u00e7\u00e3o chama aten\u00e7\u00e3o - Estado de Minas - Em foco","isPartOf":{"@id":"https:\/\/www.em.com.br\/emfoco\/#website"},"primaryImageOfPage":{"@id":"https:\/\/www.em.com.br\/emfoco\/2026\/04\/04\/existe-um-mes-em-que-nascem-pessoas-consideradas-mais-atraentes-e-a-explicacao-chama-atencao\/#primaryimage"},"image":{"@id":"https:\/\/www.em.com.br\/emfoco\/2026\/04\/04\/existe-um-mes-em-que-nascem-pessoas-consideradas-mais-atraentes-e-a-explicacao-chama-atencao\/#primaryimage"},"thumbnailUrl":"https:\/\/www.em.com.br\/emfoco\/wp-content\/uploads\/2026\/04\/ChatGPT-Image-3-de-abr.-de-2026-18_43_33-1.png","datePublished":"2026-04-04T09:35:00+00:00","dateModified":"2026-04-04T02:30:24+00:00","author":{"@id":"https:\/\/www.em.com.br\/emfoco\/#\/schema\/person\/60eda09c1fedf0d6891f4cef4b60b8b8"},"description":"Ser\u00e1 que nascer em certo m\u00eas influencia a apar\u00eancia? Entenda o que dizem pesquisas e intelig\u00eancia artificial sobre o tema.","breadcrumb":{"@id":"https:\/\/www.em.com.br\/emfoco\/2026\/04\/04\/existe-um-mes-em-que-nascem-pessoas-consideradas-mais-atraentes-e-a-explicacao-chama-atencao\/#breadcrumb"},"inLanguage":"pt-BR","potentialAction":[{"@type":"ReadAction","target":["https:\/\/www.em.com.br\/emfoco\/2026\/04\/04\/existe-um-mes-em-que-nascem-pessoas-consideradas-mais-atraentes-e-a-explicacao-chama-atencao\/"]}]},{"@type":"ImageObject","inLanguage":"pt-BR","@id":"https:\/\/www.em.com.br\/emfoco\/2026\/04\/04\/existe-um-mes-em-que-nascem-pessoas-consideradas-mais-atraentes-e-a-explicacao-chama-atencao\/#primaryimage","url":"https:\/\/www.em.com.br\/emfoco\/wp-content\/uploads\/2026\/04\/ChatGPT-Image-3-de-abr.-de-2026-18_43_33-1.png","contentUrl":"https:\/\/www.em.com.br\/emfoco\/wp-content\/uploads\/2026\/04\/ChatGPT-Image-3-de-abr.-de-2026-18_43_33-1.png","width":1280,"height":720,"caption":"O m\u00eas em que nascem as pessoas mais atraentes"},{"@type":"BreadcrumbList","@id":"https:\/\/www.em.com.br\/emfoco\/2026\/04\/04\/existe-um-mes-em-que-nascem-pessoas-consideradas-mais-atraentes-e-a-explicacao-chama-atencao\/#breadcrumb","itemListElement":[{"@type":"ListItem","position":1,"name":"In\u00edcio","item":"https:\/\/www.em.com.br\/emfoco\/"},{"@type":"ListItem","position":2,"name":"Existe um m\u00eas em que nascem pessoas consideradas mais atraentes e a explica\u00e7\u00e3o chama aten\u00e7\u00e3o"}]},{"@type":"WebSite","@id":"https:\/\/www.em.com.br\/emfoco\/#website","url":"https:\/\/www.em.com.br\/emfoco\/","name":"Estado de Minas - Em foco","description":"Acompanhe as \u00faltimas not\u00edcias e fique bem informado sobre tudo o que acontece em Minas Gerais, Brasil e no mundo.","potentialAction":[{"@type":"SearchAction","target":{"@type":"EntryPoint","urlTemplate":"https:\/\/www.em.com.br\/emfoco\/?s={search_term_string}"},"query-input":{"@type":"PropertyValueSpecification","valueRequired":true,"valueName":"search_term_string"}}],"inLanguage":"pt-BR"},{"@type":"Person","@id":"https:\/\/www.em.com.br\/emfoco\/#\/schema\/person\/60eda09c1fedf0d6891f4cef4b60b8b8","name":"Andre\u0301 Rangel\u00a0","image":{"@type":"ImageObject","inLanguage":"pt-BR","@id":"https:\/\/www.em.com.br\/emfoco\/#\/schema\/person\/image\/","url":"https:\/\/secure.gravatar.com\/avatar\/6234dc814c77c8ef6d8bba622c787efc?s=96&d=mm&r=g","contentUrl":"https:\/\/secure.gravatar.com\/avatar\/6234dc814c77c8ef6d8bba622c787efc?s=96&d=mm&r=g","caption":"Andre\u0301 Rangel\u00a0"},"url":"https:\/\/www.em.com.br\/emfoco\/author\/luizmyth\/"}]}},"_links":{"self":[{"href":"https:\/\/www.em.com.br\/emfoco\/wp-json\/wp\/v2\/posts\/188974","targetHints":{"allow":["GET"]}}],"collection":[{"href":"https:\/\/www.em.com.br\/emfoco\/wp-json\/wp\/v2\/posts"}],"about":[{"href":"https:\/\/www.em.com.br\/emfoco\/wp-json\/wp\/v2\/types\/post"}],"author":[{"embeddable":true,"href":"https:\/\/www.em.com.br\/emfoco\/wp-json\/wp\/v2\/users\/11"}],"replies":[{"embeddable":true,"href":"https:\/\/www.em.com.br\/emfoco\/wp-json\/wp\/v2\/comments?post=188974"}],"version-history":[{"count":2,"href":"https:\/\/www.em.com.br\/emfoco\/wp-json\/wp\/v2\/posts\/188974\/revisions"}],"predecessor-version":[{"id":188994,"href":"https:\/\/www.em.com.br\/emfoco\/wp-json\/wp\/v2\/posts\/188974\/revisions\/188994"}],"wp:featuredmedia":[{"embeddable":true,"href":"https:\/\/www.em.com.br\/emfoco\/wp-json\/wp\/v2\/media\/188993"}],"wp:attachment":[{"href":"https:\/\/www.em.com.br\/emfoco\/wp-json\/wp\/v2\/media?parent=188974"}],"wp:term":[{"taxonomy":"category","embeddable":true,"href":"https:\/\/www.em.com.br\/emfoco\/wp-json\/wp\/v2\/categories?post=188974"},{"taxonomy":"post_tag","embeddable":true,"href":"https:\/\/www.em.com.br\/emfoco\/wp-json\/wp\/v2\/tags?post=188974"}],"curies":[{"name":"wp","href":"https:\/\/api.w.org\/{rel}","templated":true}]}}