{"id":18886,"date":"2025-02-14T21:20:00","date_gmt":"2025-02-15T00:20:00","guid":{"rendered":"https:\/\/www.em.com.br\/emfoco\/?p=18886"},"modified":"2025-02-11T15:52:09","modified_gmt":"2025-02-11T18:52:09","slug":"o-impacto-dos-exercicios-no-bem-estar-fisico-e-mental","status":"publish","type":"post","link":"https:\/\/www.em.com.br\/emfoco\/2025\/02\/14\/o-impacto-dos-exercicios-no-bem-estar-fisico-e-mental\/","title":{"rendered":"O impacto dos exerc\u00edcios no bem-estar f\u00edsico e mental"},"content":{"rendered":"\n<p>Praticar exerc\u00edcios f\u00edsicos regularmente n\u00e3o apenas fortalece o corpo, mas tamb\u00e9m traz benef\u00edcios significativos para a sa\u00fade mental e emocional. Ao incluir atividades f\u00edsicas em sua rotina di\u00e1ria, \u00e9 poss\u00edvel melhorar a qualidade de vida, aumentar a energia e reduzir o estresse de forma hol\u00edstica.<\/p>\n\n\n\n<p>Este artigo prop\u00f5e uma s\u00e9rie de exerc\u00edcios que podem ser integrados ao cotidiano para aprimorar o bem-estar geral. Cada atividade oferece vantagens espec\u00edficas, contribuindo para um estilo de vida balanceado e saud\u00e1vel.<\/p>\n\n\n\n<h2 class=\"wp-block-heading\">Por que a caminhada \u00e9 beneficial?<\/h2>\n\n\n\n<p>Uma das formas mais simples e acess\u00edveis de se exercitar \u00e9 caminhar. A caminhada pode ser realizada praticamente em qualquer lugar, desde parques at\u00e9 o entorno do quarteir\u00e3o. Al\u00e9m de ser uma excelente maneira de melhorar a sa\u00fade cardiovascular, andar auxilia na redu\u00e7\u00e3o da ansiedade, eleva o humor e diminui o estresse.<\/p>\n\n\n\n<p><strong>Dica:<\/strong> Procure caminhar por pelo menos 30 minutos di\u00e1rios, preferencialmente ao ar livre, desfrutando dos benef\u00edcios do contato com a natureza.<\/p>\n\n\n\n<figure class=\"wp-block-image size-large\"><img loading=\"lazy\" decoding=\"async\" width=\"1024\" height=\"576\" src=\"https:\/\/www.em.com.br\/emfoco\/wp-content\/uploads\/2025\/02\/exercises_1739299680585-1024x576.jpg\" alt=\"O impacto dos exerc\u00edcios no bem-estar f\u00edsico e mental\" class=\"wp-image-18891\" srcset=\"https:\/\/www.em.com.br\/emfoco\/wp-content\/uploads\/2025\/02\/exercises_1739299680585-1024x576.jpg 1024w, https:\/\/www.em.com.br\/emfoco\/wp-content\/uploads\/2025\/02\/exercises_1739299680585-300x169.jpg 300w, https:\/\/www.em.com.br\/emfoco\/wp-content\/uploads\/2025\/02\/exercises_1739299680585-768x432.jpg 768w, https:\/\/www.em.com.br\/emfoco\/wp-content\/uploads\/2025\/02\/exercises_1739299680585-750x422.jpg 750w, https:\/\/www.em.com.br\/emfoco\/wp-content\/uploads\/2025\/02\/exercises_1739299680585-1140x641.jpg 1140w, https:\/\/www.em.com.br\/emfoco\/wp-content\/uploads\/2025\/02\/exercises_1739299680585.jpg 1280w\" sizes=\"auto, (max-width: 1024px) 100vw, 1024px\" \/><figcaption class=\"wp-element-caption\">Imagem ilustrativa de alongamento &#8211; Cr\u00e9ditos: depositphotos.com \/ ArturVerkhovetskiy<\/figcaption><\/figure>\n\n\n\n<h2 class=\"wp-block-heading\">Qual a import\u00e2ncia do alongamento?<\/h2>\n\n\n\n<p>Manter a flexibilidade e prevenir les\u00f5es s\u00e3o algumas das vantagens do alongamento. Esse tipo de exerc\u00edcio \u00e9 importante tamb\u00e9m para aliviar a tens\u00e3o muscular, melhorar a postura e aumentar a circula\u00e7\u00e3o sangu\u00ednea. Ap\u00f3s um longo dia de atividades, alongar-se pode ser uma excelente forma de relaxar e acalmar a mente.<\/p>\n\n\n\n<p><strong>Dica:<\/strong> Dedique de 10 a 15 minutos di\u00e1rios para realizar uma sequ\u00eancia de alongamentos suaves, focando na respira\u00e7\u00e3o e no relaxamento.<\/p>\n\n\n\n<h2 class=\"wp-block-heading\">Como a ioga contribui para o bem-estar?<\/h2>\n\n\n\n<p>A pr\u00e1tica de ioga combina movimentos f\u00edsicos, respira\u00e7\u00e3o controlada e <strong><a href=\"https:\/\/www.em.com.br\/emfoco\/2025\/02\/13\/conheca-os-beneficios-da-meditacao-para-sua-saude-mental-e-fisica\/\" target=\"_blank\" rel=\"noreferrer noopener\">medita\u00e7\u00e3o<\/a><\/strong>, tornando-se uma op\u00e7\u00e3o eficaz para melhorar tanto o bem-estar f\u00edsico quanto mental. A ioga aumenta a flexibilidade, melhora a for\u00e7a muscular e diminui o estresse e a ansiedade.<\/p>\n\n\n\n<p><strong>Dica:<\/strong> Comece com aulas voltadas para iniciantes ou tutoriais online. A pr\u00e1tica regular de 20 a 30 minutos pode gerar grandes benef\u00edcios.<\/p>\n\n\n\n<h2 class=\"wp-block-heading\">Exerc\u00edcios que fortalecem o corpo e a mente<\/h2>\n\n\n\n<ul class=\"wp-block-list\">\n<li><strong>Treinamento de For\u00e7a:<\/strong> A muscula\u00e7\u00e3o, que inclui levantamento de pesos e exerc\u00edcios com peso corporal, fortalece m\u00fasculos, ossos e metabolismo. Tamb\u00e9m contribui para a autoestima e sensa\u00e7\u00e3o de conquista. Inicie com pesos leves e aumente gradualmente a resist\u00eancia.<\/li>\n\n\n\n<li><strong>Corrida:<\/strong> Excelente para o condicionamento f\u00edsico geral. Correr fortalece o cora\u00e7\u00e3o e libera endorfinas, horm\u00f4nios associados ao bem-estar. Para iniciantes, alternar entre caminhada e corrida pode evitar sobrecargas.<\/li>\n\n\n\n<li><strong>Dan\u00e7a:<\/strong> Al\u00e9m de ser uma atividade f\u00edsica completa, dan\u00e7ar melhora coordena\u00e7\u00e3o, equil\u00edbrio e flexibilidade. Inscrever-se em aulas de dan\u00e7a tamb\u00e9m pode ser uma \u00f3tima forma de socializar enquanto se exercita.<\/li>\n<\/ul>\n\n\n\n<h2 class=\"wp-block-heading\">Como o pilates e a medita\u00e7\u00e3o com movimento podem ajudar?<\/h2>\n\n\n\n<p>O Pilates, focado no fortalecimento dos m\u00fasculos centrais e na melhoria da postura, oferece benef\u00edcios f\u00edsicos e mentais, promovendo concentra\u00e7\u00e3o atrav\u00e9s da respira\u00e7\u00e3o e dos movimentos controlados. A medita\u00e7\u00e3o com movimento, como o Tai Chi e o Qigong, combina leves movimentos, respira\u00e7\u00e3o controlada e foco mental, melhorando balan\u00e7o, flexibilidade e for\u00e7a ao passo que reduz o estresse.<\/p>\n\n\n\n<p><strong>Dica:<\/strong> Experimente aulas de pilates ou v\u00eddeos sobre <strong><a href=\"https:\/\/www.tuasaude.com\/tai-chi-chuan-beneficios\/\" target=\"_blank\" rel=\"noreferrer noopener\">Tai Chi<\/a><\/strong> para aprender os movimentos b\u00e1sicos e pratique regularmente para obter os melhores resultados.<\/p>\n\n\n\n<p>Incorporar diferentes tipos de exerc\u00edcios em sua rotina \u00e9 um investimento valioso na sa\u00fade a longo prazo. A escolha de atividades que proporcionem prazer e possam ser feitas de maneira consistente resulta em melhorias n\u00e3o s\u00f3 f\u00edsicas, mas tamb\u00e9m emocionais e mentais, trazendo equil\u00edbrio, energia e uma sensa\u00e7\u00e3o duradoura de bem-estar.<\/p>\n","protected":false},"excerpt":{"rendered":"<p>Praticar exerc\u00edcios f\u00edsicos regularmente n\u00e3o apenas fortalece o corpo, mas tamb\u00e9m traz benef\u00edcios significativos para a sa\u00fade mental e emocional. Ao incluir atividades f\u00edsicas em sua rotina di\u00e1ria, \u00e9 poss\u00edvel melhorar a qualidade de vida, aumentar a energia e reduzir o estresse de forma hol\u00edstica. Este artigo prop\u00f5e uma s\u00e9rie de exerc\u00edcios que podem ser [&hellip;]<\/p>\n","protected":false},"author":5,"featured_media":18890,"comment_status":"open","ping_status":"open","sticky":false,"template":"","format":"standard","meta":{"jnews-multi-image_gallery":[],"jnews_single_post":{"format":"standard"},"jnews_primary_category":[],"jnews_social_meta":[],"jnews_override_counter":[],"footnotes":""},"categories":[29,1],"tags":[711,4131,415],"class_list":["post-18886","post","type-post","status-publish","format-standard","has-post-thumbnail","hentry","category-entretenimento","category-noticias","tag-bem-estar","tag-exercicios","tag-saude"],"yoast_head":"<!-- This site is optimized with the Yoast SEO plugin v23.8 - https:\/\/yoast.com\/wordpress\/plugins\/seo\/ -->\n<title>O impacto dos exerc\u00edcios no bem-estar f\u00edsico e mental - Estado de Minas - Em foco<\/title>\n<meta name=\"description\" content=\"Saiba como incorporar caminhada, ioga e pilates na rotina para aumentar a flexibilidade, reduzir o estresse e melhorar o bem-estar geral.\" \/>\n<meta name=\"robots\" content=\"index, follow, max-snippet:-1, max-image-preview:large, max-video-preview:-1\" \/>\n<link rel=\"canonical\" href=\"https:\/\/www.em.com.br\/emfoco\/2025\/02\/14\/o-impacto-dos-exercicios-no-bem-estar-fisico-e-mental\/\" \/>\n<meta property=\"og:locale\" content=\"pt_BR\" \/>\n<meta property=\"og:type\" content=\"article\" \/>\n<meta property=\"og:title\" content=\"O impacto dos exerc\u00edcios no bem-estar f\u00edsico e mental - Estado de Minas - Em foco\" \/>\n<meta property=\"og:description\" content=\"Saiba como incorporar caminhada, ioga e pilates na rotina para aumentar a flexibilidade, reduzir o estresse e melhorar o bem-estar geral.\" \/>\n<meta property=\"og:url\" content=\"https:\/\/www.em.com.br\/emfoco\/2025\/02\/14\/o-impacto-dos-exercicios-no-bem-estar-fisico-e-mental\/\" \/>\n<meta property=\"og:site_name\" content=\"Estado de Minas - Em foco\" \/>\n<meta property=\"article:published_time\" content=\"2025-02-15T00:20:00+00:00\" \/>\n<meta property=\"article:modified_time\" content=\"2025-02-11T18:52:09+00:00\" \/>\n<meta property=\"og:image\" content=\"https:\/\/www.em.com.br\/emfoco\/wp-content\/uploads\/2025\/02\/exercises_1739299638949.jpg\" \/>\n\t<meta property=\"og:image:width\" content=\"1280\" \/>\n\t<meta property=\"og:image:height\" content=\"720\" \/>\n\t<meta property=\"og:image:type\" content=\"image\/jpeg\" \/>\n<meta name=\"author\" content=\"N\u00fabia Rangel\" \/>\n<meta name=\"twitter:card\" content=\"summary_large_image\" \/>\n<meta name=\"twitter:label1\" content=\"Escrito por\" \/>\n\t<meta name=\"twitter:data1\" content=\"N\u00fabia Rangel\" \/>\n\t<meta name=\"twitter:label2\" content=\"Est. tempo de leitura\" \/>\n\t<meta name=\"twitter:data2\" content=\"4 minutos\" \/>\n<!-- \/ Yoast SEO plugin. -->","yoast_head_json":{"title":"O impacto dos exerc\u00edcios no bem-estar f\u00edsico e mental - Estado de Minas - Em foco","description":"Saiba como incorporar caminhada, ioga e pilates na rotina para aumentar a flexibilidade, reduzir o estresse e melhorar o bem-estar geral.","robots":{"index":"index","follow":"follow","max-snippet":"max-snippet:-1","max-image-preview":"max-image-preview:large","max-video-preview":"max-video-preview:-1"},"canonical":"https:\/\/www.em.com.br\/emfoco\/2025\/02\/14\/o-impacto-dos-exercicios-no-bem-estar-fisico-e-mental\/","og_locale":"pt_BR","og_type":"article","og_title":"O impacto dos exerc\u00edcios no bem-estar f\u00edsico e mental - Estado de Minas - Em foco","og_description":"Saiba como incorporar caminhada, ioga e pilates na rotina para aumentar a flexibilidade, reduzir o estresse e melhorar o bem-estar geral.","og_url":"https:\/\/www.em.com.br\/emfoco\/2025\/02\/14\/o-impacto-dos-exercicios-no-bem-estar-fisico-e-mental\/","og_site_name":"Estado de Minas - Em foco","article_published_time":"2025-02-15T00:20:00+00:00","article_modified_time":"2025-02-11T18:52:09+00:00","og_image":[{"width":1280,"height":720,"url":"https:\/\/www.em.com.br\/emfoco\/wp-content\/uploads\/2025\/02\/exercises_1739299638949.jpg","type":"image\/jpeg"}],"author":"N\u00fabia Rangel","twitter_card":"summary_large_image","twitter_misc":{"Escrito por":"N\u00fabia Rangel","Est. tempo de leitura":"4 minutos"},"schema":{"@context":"https:\/\/schema.org","@graph":[{"@type":"WebPage","@id":"https:\/\/www.em.com.br\/emfoco\/2025\/02\/14\/o-impacto-dos-exercicios-no-bem-estar-fisico-e-mental\/","url":"https:\/\/www.em.com.br\/emfoco\/2025\/02\/14\/o-impacto-dos-exercicios-no-bem-estar-fisico-e-mental\/","name":"O impacto dos exerc\u00edcios no bem-estar f\u00edsico e mental - Estado de Minas - Em foco","isPartOf":{"@id":"https:\/\/www.em.com.br\/emfoco\/#website"},"primaryImageOfPage":{"@id":"https:\/\/www.em.com.br\/emfoco\/2025\/02\/14\/o-impacto-dos-exercicios-no-bem-estar-fisico-e-mental\/#primaryimage"},"image":{"@id":"https:\/\/www.em.com.br\/emfoco\/2025\/02\/14\/o-impacto-dos-exercicios-no-bem-estar-fisico-e-mental\/#primaryimage"},"thumbnailUrl":"https:\/\/www.em.com.br\/emfoco\/wp-content\/uploads\/2025\/02\/exercises_1739299638949.jpg","datePublished":"2025-02-15T00:20:00+00:00","dateModified":"2025-02-11T18:52:09+00:00","author":{"@id":"https:\/\/www.em.com.br\/emfoco\/#\/schema\/person\/524437ef54f8a5d32591b143307f2e20"},"description":"Saiba como incorporar caminhada, ioga e pilates na rotina para aumentar a flexibilidade, reduzir o estresse e melhorar o bem-estar geral.","breadcrumb":{"@id":"https:\/\/www.em.com.br\/emfoco\/2025\/02\/14\/o-impacto-dos-exercicios-no-bem-estar-fisico-e-mental\/#breadcrumb"},"inLanguage":"pt-BR","potentialAction":[{"@type":"ReadAction","target":["https:\/\/www.em.com.br\/emfoco\/2025\/02\/14\/o-impacto-dos-exercicios-no-bem-estar-fisico-e-mental\/"]}]},{"@type":"ImageObject","inLanguage":"pt-BR","@id":"https:\/\/www.em.com.br\/emfoco\/2025\/02\/14\/o-impacto-dos-exercicios-no-bem-estar-fisico-e-mental\/#primaryimage","url":"https:\/\/www.em.com.br\/emfoco\/wp-content\/uploads\/2025\/02\/exercises_1739299638949.jpg","contentUrl":"https:\/\/www.em.com.br\/emfoco\/wp-content\/uploads\/2025\/02\/exercises_1739299638949.jpg","width":1280,"height":720,"caption":"Imagem ilustrativa de exerc\u00edcios - Cr\u00e9ditos: depositphotos.com \/ IgorVetushko"},{"@type":"BreadcrumbList","@id":"https:\/\/www.em.com.br\/emfoco\/2025\/02\/14\/o-impacto-dos-exercicios-no-bem-estar-fisico-e-mental\/#breadcrumb","itemListElement":[{"@type":"ListItem","position":1,"name":"In\u00edcio","item":"https:\/\/www.em.com.br\/emfoco\/"},{"@type":"ListItem","position":2,"name":"O impacto dos exerc\u00edcios no bem-estar f\u00edsico e mental"}]},{"@type":"WebSite","@id":"https:\/\/www.em.com.br\/emfoco\/#website","url":"https:\/\/www.em.com.br\/emfoco\/","name":"Estado de Minas - Em foco","description":"Acompanhe as \u00faltimas not\u00edcias e fique bem informado sobre tudo o que acontece em Minas Gerais, Brasil e no mundo.","potentialAction":[{"@type":"SearchAction","target":{"@type":"EntryPoint","urlTemplate":"https:\/\/www.em.com.br\/emfoco\/?s={search_term_string}"},"query-input":{"@type":"PropertyValueSpecification","valueRequired":true,"valueName":"search_term_string"}}],"inLanguage":"pt-BR"},{"@type":"Person","@id":"https:\/\/www.em.com.br\/emfoco\/#\/schema\/person\/524437ef54f8a5d32591b143307f2e20","name":"N\u00fabia Rangel","image":{"@type":"ImageObject","inLanguage":"pt-BR","@id":"https:\/\/www.em.com.br\/emfoco\/#\/schema\/person\/image\/","url":"https:\/\/secure.gravatar.com\/avatar\/47cff2827a5ba23c37e8068c86817ea4?s=96&d=mm&r=g","contentUrl":"https:\/\/secure.gravatar.com\/avatar\/47cff2827a5ba23c37e8068c86817ea4?s=96&d=mm&r=g","caption":"N\u00fabia Rangel"},"sameAs":["https:\/\/www.em.com.br\/emfoco\/"],"url":"https:\/\/www.em.com.br\/emfoco\/author\/nubiamyth\/"}]}},"_links":{"self":[{"href":"https:\/\/www.em.com.br\/emfoco\/wp-json\/wp\/v2\/posts\/18886","targetHints":{"allow":["GET"]}}],"collection":[{"href":"https:\/\/www.em.com.br\/emfoco\/wp-json\/wp\/v2\/posts"}],"about":[{"href":"https:\/\/www.em.com.br\/emfoco\/wp-json\/wp\/v2\/types\/post"}],"author":[{"embeddable":true,"href":"https:\/\/www.em.com.br\/emfoco\/wp-json\/wp\/v2\/users\/5"}],"replies":[{"embeddable":true,"href":"https:\/\/www.em.com.br\/emfoco\/wp-json\/wp\/v2\/comments?post=18886"}],"version-history":[{"count":2,"href":"https:\/\/www.em.com.br\/emfoco\/wp-json\/wp\/v2\/posts\/18886\/revisions"}],"predecessor-version":[{"id":18892,"href":"https:\/\/www.em.com.br\/emfoco\/wp-json\/wp\/v2\/posts\/18886\/revisions\/18892"}],"wp:featuredmedia":[{"embeddable":true,"href":"https:\/\/www.em.com.br\/emfoco\/wp-json\/wp\/v2\/media\/18890"}],"wp:attachment":[{"href":"https:\/\/www.em.com.br\/emfoco\/wp-json\/wp\/v2\/media?parent=18886"}],"wp:term":[{"taxonomy":"category","embeddable":true,"href":"https:\/\/www.em.com.br\/emfoco\/wp-json\/wp\/v2\/categories?post=18886"},{"taxonomy":"post_tag","embeddable":true,"href":"https:\/\/www.em.com.br\/emfoco\/wp-json\/wp\/v2\/tags?post=18886"}],"curies":[{"name":"wp","href":"https:\/\/api.w.org\/{rel}","templated":true}]}}