{"id":18744,"date":"2025-02-18T14:20:00","date_gmt":"2025-02-18T17:20:00","guid":{"rendered":"https:\/\/www.em.com.br\/emfoco\/?p=18744"},"modified":"2025-02-17T14:48:23","modified_gmt":"2025-02-17T17:48:23","slug":"cidade-mineira-que-abriga-um-dos-museus-mais-incriveis-do-mundo","status":"publish","type":"post","link":"https:\/\/www.em.com.br\/emfoco\/2025\/02\/18\/cidade-mineira-que-abriga-um-dos-museus-mais-incriveis-do-mundo\/","title":{"rendered":"Cidade mineira que abriga um dos museus mais incr\u00edveis do mundo!"},"content":{"rendered":"\n<p>Situado em <strong>Brumadinho<\/strong>, <strong>Minas Gerais<\/strong>, o <strong><a href=\"https:\/\/www.instagram.com\/inhotim\/\" target=\"_blank\" rel=\"noreferrer noopener\">Instituto Inhotim<\/a><\/strong> \u00e9 um dos museus de arte contempor\u00e2nea mais impressionantes do mundo. Este espa\u00e7o se destaca por unir um vasto acervo de obras de arte a um jardim bot\u00e2nico de grande porte, cobrindo cerca de 140 hectares. Essa combina\u00e7\u00e3o \u00fanica atrai visitantes de v\u00e1rias partes do globo, tornando-o um destino imperd\u00edvel para amantes da arte e da natureza.<\/p>\n\n\n\n<p>Al\u00e9m de sua fun\u00e7\u00e3o como museu, o <strong>Inhotim<\/strong> \u00e9 um centro de pesquisa bot\u00e2nica e conserva\u00e7\u00e3o ambiental. Localizado em uma regi\u00e3o conhecida pela minera\u00e7\u00e3o, o instituto oferece um contraste ao seu entorno, servindo como um santu\u00e1rio de biodiversidade e prote\u00e7\u00e3o ambiental.<\/p>\n\n\n\n<h2 class=\"wp-block-heading\">Quais s\u00e3o as principais atra\u00e7\u00f5es do Inhotim?<\/h2>\n\n\n\n<p>O Instituto Inhotim \u00e9 conhecido por sua cole\u00e7\u00e3o de arte contempor\u00e2nea que inclui obras de artistas de renome internacional. As instala\u00e7\u00f5es e esculturas est\u00e3o espalhadas por um ambiente natural exuberante, criando uma experi\u00eancia imersiva para os visitantes. Entre os artistas cujas obras est\u00e3o em exibi\u00e7\u00e3o, destacam-se nomes como <strong>Yayoi Kusama<\/strong> e <strong>Cildo Meireles<\/strong>.<\/p>\n\n\n\n<p>Al\u00e9m das obras de arte, o Inhotim abriga um <a href=\"https:\/\/www.em.com.br\/emfoco\/2024\/12\/12\/descubra-o-refugio-verde-que-encanta-visitantes-e-preserva-a-natureza\/\" target=\"_blank\" rel=\"noreferrer noopener\"><strong>jardim bot\u00e2nico<\/strong><\/a> que desempenha um papel crucial na educa\u00e7\u00e3o e conserva\u00e7\u00e3o ambiental. O instituto se dedica \u00e0 preserva\u00e7\u00e3o de esp\u00e9cies nativas da <strong>Mata Atl\u00e2ntica<\/strong> e do <strong>Cerrado<\/strong>, promovendo a conscientiza\u00e7\u00e3o sobre a import\u00e2ncia da biodiversidade e pr\u00e1ticas sustent\u00e1veis.<\/p>\n\n\n\n<figure class=\"wp-block-image size-full\"><img loading=\"lazy\" decoding=\"async\" width=\"1280\" height=\"720\" src=\"https:\/\/www.em.com.br\/emfoco\/wp-content\/uploads\/2025\/02\/esse-1-55.jpg\" alt=\"Cidade mineira que abriga um dos museus mais incr\u00edveis do mundo!\" class=\"wp-image-18758\" srcset=\"https:\/\/www.em.com.br\/emfoco\/wp-content\/uploads\/2025\/02\/esse-1-55.jpg 1280w, https:\/\/www.em.com.br\/emfoco\/wp-content\/uploads\/2025\/02\/esse-1-55-300x169.jpg 300w, https:\/\/www.em.com.br\/emfoco\/wp-content\/uploads\/2025\/02\/esse-1-55-1024x576.jpg 1024w, https:\/\/www.em.com.br\/emfoco\/wp-content\/uploads\/2025\/02\/esse-1-55-768x432.jpg 768w, https:\/\/www.em.com.br\/emfoco\/wp-content\/uploads\/2025\/02\/esse-1-55-750x422.jpg 750w, https:\/\/www.em.com.br\/emfoco\/wp-content\/uploads\/2025\/02\/esse-1-55-1140x641.jpg 1140w\" sizes=\"auto, (max-width: 1280px) 100vw, 1280px\" \/><figcaption class=\"wp-element-caption\">Instituto Inhotim &#8211; Cr\u00e9ditos: Flickr<\/figcaption><\/figure>\n\n\n\n<h2 class=\"wp-block-heading\">Quem idealizou o Inhotim?<\/h2>\n\n\n\n<p>O Instituto Inhotim foi idealizado por <strong>Bernardo Paz<\/strong>, um empres\u00e1rio mineiro que investiu sua fortuna pessoal na cria\u00e7\u00e3o deste espa\u00e7o. Paz tinha a vis\u00e3o de criar um local onde arte e natureza pudessem coexistir de forma harmoniosa, proporcionando um ambiente de contempla\u00e7\u00e3o e inspira\u00e7\u00e3o.<\/p>\n\n\n\n<p>O legado de <strong>Bernardo Paz <\/strong>vai al\u00e9m da arte. O Inhotim tamb\u00e9m \u00e9 um exemplo de compromisso com quest\u00f5es sociais e ambientais, impactando positivamente a comunidade local de Brumadinho e promovendo a inclus\u00e3o social atrav\u00e9s de suas iniciativas.<\/p>\n\n\n\n<h2 class=\"wp-block-heading\">O Inhotim pode ser considerado um patrim\u00f4nio da humanidade?<\/h2>\n\n\n\n<p>Embora ainda n\u00e3o tenha o reconhecimento oficial da <strong>Unesco <\/strong>como patrim\u00f4nio mundial, o Inhotim \u00e9 amplamente considerado um tesouro cultural e ambiental. Sua contribui\u00e7\u00e3o para a arte contempor\u00e2nea e a conserva\u00e7\u00e3o da natureza o torna um espa\u00e7o de import\u00e2ncia global.<\/p>\n\n\n\n<p>O instituto celebra mais de uma d\u00e9cada de exist\u00eancia, solidificando sua posi\u00e7\u00e3o como um centro de refer\u00eancia em arte e sustentabilidade. Suas pr\u00e1ticas inovadoras e o impacto cultural e social que gera s\u00e3o fundamentais para seu reconhecimento cont\u00ednuo no cen\u00e1rio internacional.<\/p>\n\n\n\n<h2 class=\"wp-block-heading\">Quais s\u00e3o os planos futuros para o Inhotim?<\/h2>\n\n\n\n<p>O futuro do Instituto Inhotim \u00e9 promissor, com planos de expandir suas iniciativas de sustentabilidade e impacto social. O instituto continua a desenvolver projetos que refor\u00e7am seu compromisso com a preserva\u00e7\u00e3o ambiental e a inclus\u00e3o social, garantindo sua relev\u00e2ncia a longo prazo.<\/p>\n\n\n\n<p>Com uma base s\u00f3lida de governan\u00e7a e parcerias com a comunidade local, o Inhotim busca ampliar seu legado de arte e cultura. A vis\u00e3o \u00e9 continuar sendo um espa\u00e7o que n\u00e3o apenas exibe arte, mas tamb\u00e9m promove o bem-estar humano e ambiental, beneficiando a sociedade como um todo.<\/p>\n","protected":false},"excerpt":{"rendered":"<p>Situado em Brumadinho, Minas Gerais, o Instituto Inhotim \u00e9 um dos museus de arte contempor\u00e2nea mais impressionantes do mundo. Este espa\u00e7o se destaca por unir um vasto acervo de obras de arte a um jardim bot\u00e2nico de grande porte, cobrindo cerca de 140 hectares. Essa combina\u00e7\u00e3o \u00fanica atrai visitantes de v\u00e1rias partes do globo, tornando-o [&hellip;]<\/p>\n","protected":false},"author":5,"featured_media":18757,"comment_status":"open","ping_status":"open","sticky":false,"template":"","format":"standard","meta":{"jnews-multi-image_gallery":[],"jnews_single_post":{"format":"standard"},"jnews_primary_category":[],"jnews_social_meta":[],"jnews_override_counter":[],"footnotes":""},"categories":[26,1],"tags":[602,207,600,157],"class_list":["post-18744","post","type-post","status-publish","format-standard","has-post-thumbnail","hentry","category-cidades","category-noticias","tag-brumadinho","tag-minas-gerais","tag-museu","tag-turismo"],"yoast_head":"<!-- This site is optimized with the Yoast SEO plugin v23.8 - https:\/\/yoast.com\/wordpress\/plugins\/seo\/ -->\n<title>Cidade mineira que abriga um dos museus mais incr\u00edveis do mundo! - Estado de Minas - Em foco<\/title>\n<meta name=\"description\" content=\"Explore um dos museus mais impressionantes do Brasil, onde arte contempor\u00e2nea e um jardim bot\u00e2nico se unem para criar uma experi\u00eancia \u00fanica.\" \/>\n<meta name=\"robots\" content=\"index, follow, max-snippet:-1, max-image-preview:large, max-video-preview:-1\" \/>\n<link rel=\"canonical\" href=\"https:\/\/www.em.com.br\/emfoco\/2025\/02\/18\/cidade-mineira-que-abriga-um-dos-museus-mais-incriveis-do-mundo\/\" \/>\n<meta property=\"og:locale\" content=\"pt_BR\" \/>\n<meta property=\"og:type\" content=\"article\" \/>\n<meta property=\"og:title\" content=\"Cidade mineira que abriga um dos museus mais incr\u00edveis do mundo! - Estado de Minas - Em foco\" \/>\n<meta property=\"og:description\" content=\"Explore um dos museus mais impressionantes do Brasil, onde arte contempor\u00e2nea e um jardim bot\u00e2nico se unem para criar uma experi\u00eancia \u00fanica.\" \/>\n<meta property=\"og:url\" content=\"https:\/\/www.em.com.br\/emfoco\/2025\/02\/18\/cidade-mineira-que-abriga-um-dos-museus-mais-incriveis-do-mundo\/\" \/>\n<meta property=\"og:site_name\" content=\"Estado de Minas - Em foco\" \/>\n<meta property=\"article:published_time\" content=\"2025-02-18T17:20:00+00:00\" \/>\n<meta property=\"article:modified_time\" content=\"2025-02-17T17:48:23+00:00\" \/>\n<meta property=\"og:image\" content=\"https:\/\/www.em.com.br\/emfoco\/wp-content\/uploads\/2025\/02\/esse-80.jpg\" \/>\n\t<meta property=\"og:image:width\" content=\"1280\" \/>\n\t<meta property=\"og:image:height\" content=\"720\" \/>\n\t<meta property=\"og:image:type\" content=\"image\/jpeg\" \/>\n<meta name=\"author\" content=\"N\u00fabia Rangel\" \/>\n<meta name=\"twitter:card\" content=\"summary_large_image\" \/>\n<meta name=\"twitter:label1\" content=\"Escrito por\" \/>\n\t<meta name=\"twitter:data1\" content=\"N\u00fabia Rangel\" \/>\n\t<meta name=\"twitter:label2\" content=\"Est. tempo de leitura\" \/>\n\t<meta name=\"twitter:data2\" content=\"4 minutos\" \/>\n<!-- \/ Yoast SEO plugin. -->","yoast_head_json":{"title":"Cidade mineira que abriga um dos museus mais incr\u00edveis do mundo! - Estado de Minas - Em foco","description":"Explore um dos museus mais impressionantes do Brasil, onde arte contempor\u00e2nea e um jardim bot\u00e2nico se unem para criar uma experi\u00eancia \u00fanica.","robots":{"index":"index","follow":"follow","max-snippet":"max-snippet:-1","max-image-preview":"max-image-preview:large","max-video-preview":"max-video-preview:-1"},"canonical":"https:\/\/www.em.com.br\/emfoco\/2025\/02\/18\/cidade-mineira-que-abriga-um-dos-museus-mais-incriveis-do-mundo\/","og_locale":"pt_BR","og_type":"article","og_title":"Cidade mineira que abriga um dos museus mais incr\u00edveis do mundo! - Estado de Minas - Em foco","og_description":"Explore um dos museus mais impressionantes do Brasil, onde arte contempor\u00e2nea e um jardim bot\u00e2nico se unem para criar uma experi\u00eancia \u00fanica.","og_url":"https:\/\/www.em.com.br\/emfoco\/2025\/02\/18\/cidade-mineira-que-abriga-um-dos-museus-mais-incriveis-do-mundo\/","og_site_name":"Estado de Minas - Em foco","article_published_time":"2025-02-18T17:20:00+00:00","article_modified_time":"2025-02-17T17:48:23+00:00","og_image":[{"width":1280,"height":720,"url":"https:\/\/www.em.com.br\/emfoco\/wp-content\/uploads\/2025\/02\/esse-80.jpg","type":"image\/jpeg"}],"author":"N\u00fabia Rangel","twitter_card":"summary_large_image","twitter_misc":{"Escrito por":"N\u00fabia Rangel","Est. tempo de leitura":"4 minutos"},"schema":{"@context":"https:\/\/schema.org","@graph":[{"@type":"WebPage","@id":"https:\/\/www.em.com.br\/emfoco\/2025\/02\/18\/cidade-mineira-que-abriga-um-dos-museus-mais-incriveis-do-mundo\/","url":"https:\/\/www.em.com.br\/emfoco\/2025\/02\/18\/cidade-mineira-que-abriga-um-dos-museus-mais-incriveis-do-mundo\/","name":"Cidade mineira que abriga um dos museus mais incr\u00edveis do mundo! - Estado de Minas - Em foco","isPartOf":{"@id":"https:\/\/www.em.com.br\/emfoco\/#website"},"primaryImageOfPage":{"@id":"https:\/\/www.em.com.br\/emfoco\/2025\/02\/18\/cidade-mineira-que-abriga-um-dos-museus-mais-incriveis-do-mundo\/#primaryimage"},"image":{"@id":"https:\/\/www.em.com.br\/emfoco\/2025\/02\/18\/cidade-mineira-que-abriga-um-dos-museus-mais-incriveis-do-mundo\/#primaryimage"},"thumbnailUrl":"https:\/\/www.em.com.br\/emfoco\/wp-content\/uploads\/2025\/02\/esse-80.jpg","datePublished":"2025-02-18T17:20:00+00:00","dateModified":"2025-02-17T17:48:23+00:00","author":{"@id":"https:\/\/www.em.com.br\/emfoco\/#\/schema\/person\/524437ef54f8a5d32591b143307f2e20"},"description":"Explore um dos museus mais impressionantes do Brasil, onde arte contempor\u00e2nea e um jardim bot\u00e2nico se unem para criar uma experi\u00eancia \u00fanica.","breadcrumb":{"@id":"https:\/\/www.em.com.br\/emfoco\/2025\/02\/18\/cidade-mineira-que-abriga-um-dos-museus-mais-incriveis-do-mundo\/#breadcrumb"},"inLanguage":"pt-BR","potentialAction":[{"@type":"ReadAction","target":["https:\/\/www.em.com.br\/emfoco\/2025\/02\/18\/cidade-mineira-que-abriga-um-dos-museus-mais-incriveis-do-mundo\/"]}]},{"@type":"ImageObject","inLanguage":"pt-BR","@id":"https:\/\/www.em.com.br\/emfoco\/2025\/02\/18\/cidade-mineira-que-abriga-um-dos-museus-mais-incriveis-do-mundo\/#primaryimage","url":"https:\/\/www.em.com.br\/emfoco\/wp-content\/uploads\/2025\/02\/esse-80.jpg","contentUrl":"https:\/\/www.em.com.br\/emfoco\/wp-content\/uploads\/2025\/02\/esse-80.jpg","width":1280,"height":720,"caption":"Instituto Inhotim - Cr\u00e9ditos: Flickr"},{"@type":"BreadcrumbList","@id":"https:\/\/www.em.com.br\/emfoco\/2025\/02\/18\/cidade-mineira-que-abriga-um-dos-museus-mais-incriveis-do-mundo\/#breadcrumb","itemListElement":[{"@type":"ListItem","position":1,"name":"In\u00edcio","item":"https:\/\/www.em.com.br\/emfoco\/"},{"@type":"ListItem","position":2,"name":"Cidade mineira que abriga um dos museus mais incr\u00edveis do mundo!"}]},{"@type":"WebSite","@id":"https:\/\/www.em.com.br\/emfoco\/#website","url":"https:\/\/www.em.com.br\/emfoco\/","name":"Estado de Minas - Em foco","description":"Acompanhe as \u00faltimas not\u00edcias e fique bem informado sobre tudo o que acontece em Minas Gerais, Brasil e no mundo.","potentialAction":[{"@type":"SearchAction","target":{"@type":"EntryPoint","urlTemplate":"https:\/\/www.em.com.br\/emfoco\/?s={search_term_string}"},"query-input":{"@type":"PropertyValueSpecification","valueRequired":true,"valueName":"search_term_string"}}],"inLanguage":"pt-BR"},{"@type":"Person","@id":"https:\/\/www.em.com.br\/emfoco\/#\/schema\/person\/524437ef54f8a5d32591b143307f2e20","name":"N\u00fabia Rangel","image":{"@type":"ImageObject","inLanguage":"pt-BR","@id":"https:\/\/www.em.com.br\/emfoco\/#\/schema\/person\/image\/","url":"https:\/\/secure.gravatar.com\/avatar\/47cff2827a5ba23c37e8068c86817ea4?s=96&d=mm&r=g","contentUrl":"https:\/\/secure.gravatar.com\/avatar\/47cff2827a5ba23c37e8068c86817ea4?s=96&d=mm&r=g","caption":"N\u00fabia Rangel"},"sameAs":["https:\/\/www.em.com.br\/emfoco\/"],"url":"https:\/\/www.em.com.br\/emfoco\/author\/nubiamyth\/"}]}},"_links":{"self":[{"href":"https:\/\/www.em.com.br\/emfoco\/wp-json\/wp\/v2\/posts\/18744","targetHints":{"allow":["GET"]}}],"collection":[{"href":"https:\/\/www.em.com.br\/emfoco\/wp-json\/wp\/v2\/posts"}],"about":[{"href":"https:\/\/www.em.com.br\/emfoco\/wp-json\/wp\/v2\/types\/post"}],"author":[{"embeddable":true,"href":"https:\/\/www.em.com.br\/emfoco\/wp-json\/wp\/v2\/users\/5"}],"replies":[{"embeddable":true,"href":"https:\/\/www.em.com.br\/emfoco\/wp-json\/wp\/v2\/comments?post=18744"}],"version-history":[{"count":4,"href":"https:\/\/www.em.com.br\/emfoco\/wp-json\/wp\/v2\/posts\/18744\/revisions"}],"predecessor-version":[{"id":20489,"href":"https:\/\/www.em.com.br\/emfoco\/wp-json\/wp\/v2\/posts\/18744\/revisions\/20489"}],"wp:featuredmedia":[{"embeddable":true,"href":"https:\/\/www.em.com.br\/emfoco\/wp-json\/wp\/v2\/media\/18757"}],"wp:attachment":[{"href":"https:\/\/www.em.com.br\/emfoco\/wp-json\/wp\/v2\/media?parent=18744"}],"wp:term":[{"taxonomy":"category","embeddable":true,"href":"https:\/\/www.em.com.br\/emfoco\/wp-json\/wp\/v2\/categories?post=18744"},{"taxonomy":"post_tag","embeddable":true,"href":"https:\/\/www.em.com.br\/emfoco\/wp-json\/wp\/v2\/tags?post=18744"}],"curies":[{"name":"wp","href":"https:\/\/api.w.org\/{rel}","templated":true}]}}