{"id":18740,"date":"2025-02-21T16:20:00","date_gmt":"2025-02-21T19:20:00","guid":{"rendered":"https:\/\/www.em.com.br\/emfoco\/?p=18740"},"modified":"2025-02-20T16:03:27","modified_gmt":"2025-02-20T19:03:27","slug":"peca-o-cpf-na-nota-no-supermercado-e-recebe-parte-do-seu-dinheiro-de-volta","status":"publish","type":"post","link":"https:\/\/www.em.com.br\/emfoco\/2025\/02\/21\/peca-o-cpf-na-nota-no-supermercado-e-recebe-parte-do-seu-dinheiro-de-volta\/","title":{"rendered":"Pe\u00e7a o CPF na nota no supermercado e recebe parte do seu dinheiro de volta!"},"content":{"rendered":"\n<p>O <strong>Nota Paran\u00e1<\/strong> \u00e9 uma iniciativa que visa estimular a cidadania fiscal entre os consumidores do estado. Ao solicitar a inclus\u00e3o do <strong><a href=\"https:\/\/www.em.com.br\/emfoco\/2025\/01\/03\/quer-ganhar-premios-e-ajudar-o-proximo-participe-do-cpf-na-nota-mineira\/\" target=\"_blank\" rel=\"noreferrer noopener\">CPF<\/a><\/strong> nas notas fiscais, os participantes t\u00eam a oportunidade de receber de volta uma parte dos impostos pagos. Essa pr\u00e1tica n\u00e3o s\u00f3 incentiva a emiss\u00e3o de notas fiscais, mas tamb\u00e9m promove a transpar\u00eancia nas transa\u00e7\u00f5es comerciais.<\/p>\n\n\n\n<p>Desde sua implementa\u00e7\u00e3o, o programa tem registrado um aumento significativo na emiss\u00e3o de documentos fiscais. Em fevereiro de 2024, por exemplo, foram emitidos 72,8 milh\u00f5es de notas, refletindo o sucesso da iniciativa em engajar os consumidores e fomentar a responsabilidade fiscal.<\/p>\n\n\n\n<h2 class=\"wp-block-heading\">Como o Nota Paran\u00e1 funciona?<\/h2>\n\n\n\n<p>O funcionamento do Nota Paran\u00e1 \u00e9 simples e acess\u00edvel. Ao realizar compras, o consumidor cadastrado deve solicitar a inclus\u00e3o do CPF na nota fiscal. A partir da\u00ed, ele come\u00e7a a acumular cr\u00e9ditos que podem ser utilizados de diversas maneiras. Esses cr\u00e9ditos s\u00e3o calculados com base no volume de compras e no recolhimento de impostos pelas empresas.<\/p>\n\n\n\n<p>Os cr\u00e9ditos acumulados podem ser transferidos para contas banc\u00e1rias ou utilizados para abater impostos como o IPVA. Al\u00e9m disso, o programa realiza sorteios mensais que oferecem pr\u00eamios em dinheiro, aumentando o incentivo para que mais pessoas participem.<\/p>\n\n\n\n<figure class=\"wp-block-image size-large\"><img loading=\"lazy\" decoding=\"async\" width=\"1024\" height=\"576\" src=\"https:\/\/www.em.com.br\/emfoco\/wp-content\/uploads\/2025\/01\/recibo_1737909879571-1024x576.jpg\" alt=\"Comunicado para quem utiliza o CPF ao comprar em mercados em 2025\" class=\"wp-image-13855\" srcset=\"https:\/\/www.em.com.br\/emfoco\/wp-content\/uploads\/2025\/01\/recibo_1737909879571-1024x576.jpg 1024w, https:\/\/www.em.com.br\/emfoco\/wp-content\/uploads\/2025\/01\/recibo_1737909879571-300x169.jpg 300w, https:\/\/www.em.com.br\/emfoco\/wp-content\/uploads\/2025\/01\/recibo_1737909879571-768x432.jpg 768w, https:\/\/www.em.com.br\/emfoco\/wp-content\/uploads\/2025\/01\/recibo_1737909879571-750x422.jpg 750w, https:\/\/www.em.com.br\/emfoco\/wp-content\/uploads\/2025\/01\/recibo_1737909879571-1140x642.jpg 1140w, https:\/\/www.em.com.br\/emfoco\/wp-content\/uploads\/2025\/01\/recibo_1737909879571.jpg 1279w\" sizes=\"auto, (max-width: 1024px) 100vw, 1024px\" \/><figcaption class=\"wp-element-caption\">Imagem Ilustrativa de Nota Fiscal &#8211; Cr\u00e9ditos: depositphotos.com \/ quackersnaps<\/figcaption><\/figure>\n\n\n\n<h2 class=\"wp-block-heading\">Benef\u00edcios de participar do Nota Paran\u00e1<\/h2>\n\n\n\n<p>Participar do <strong><a href=\"https:\/\/www.notaparana.pr.gov.br\/\" target=\"_blank\" rel=\"noreferrer noopener\">Nota Paran\u00e1<\/a><\/strong> oferece diversas vantagens. Em primeiro lugar, os consumidores podem recuperar parte dos impostos pagos, gerando uma economia ao longo do tempo. Al\u00e9m disso, os sorteios mensais oferecem a chance de ganhar pr\u00eamios em dinheiro, tornando a participa\u00e7\u00e3o ainda mais atrativa.<\/p>\n\n\n\n<p>Outro benef\u00edcio significativo \u00e9 o impacto social do programa. Parte dos cr\u00e9ditos gerados \u00e9 destinada a institui\u00e7\u00f5es sociais, apoiando projetos comunit\u00e1rios que beneficiam diferentes grupos no estado. Assim, ao participar, os consumidores n\u00e3o apenas obt\u00eam vantagens financeiras, mas tamb\u00e9m contribuem para o desenvolvimento social.<\/p>\n\n\n\n<h2 class=\"wp-block-heading\">Como se inscrever no Nota Paran\u00e1?<\/h2>\n\n\n\n<p>O processo de inscri\u00e7\u00e3o no Nota Paran\u00e1 \u00e9 r\u00e1pido e f\u00e1cil. Os interessados devem acessar o site oficial do programa e preencher um formul\u00e1rio com informa\u00e7\u00f5es pessoais, como CPF, nome completo e endere\u00e7o. Ap\u00f3s o cadastro, o participante pode come\u00e7ar a inserir o CPF nas notas fiscais para acumular cr\u00e9ditos.<\/p>\n\n\n\n<p>O programa tamb\u00e9m disponibiliza um aplicativo para dispositivos m\u00f3veis, permitindo que os usu\u00e1rios acompanhem seus cr\u00e9ditos e realizem transfer\u00eancias de forma pr\u00e1tica e conveniente.<\/p>\n\n\n\n<h2 class=\"wp-block-heading\">O crescimento do Nota Paran\u00e1<\/h2>\n\n\n\n<p>O sucesso cont\u00ednuo do Nota Paran\u00e1 pode ser atribu\u00eddo a v\u00e1rias estrat\u00e9gias eficazes. A conscientiza\u00e7\u00e3o da popula\u00e7\u00e3o sobre a import\u00e2ncia da inclus\u00e3o do CPF nas notas fiscais, combinada com os benef\u00edcios econ\u00f4micos diretos, tem sido fundamental para o crescimento do programa.<\/p>\n\n\n\n<p>Al\u00e9m disso, parcerias com o setor varejista t\u00eam ajudado a promover o programa, incentivando outras regi\u00f5es a adotarem iniciativas semelhantes. Isso contribui para uma cultura de cidadania fiscal mais forte, onde todos compreendem a import\u00e2ncia de suas contribui\u00e7\u00f5es para o desenvolvimento do estado.<\/p>\n","protected":false},"excerpt":{"rendered":"<p>O Nota Paran\u00e1 \u00e9 uma iniciativa que visa estimular a cidadania fiscal entre os consumidores do estado. Ao solicitar a inclus\u00e3o do CPF nas notas fiscais, os participantes t\u00eam a oportunidade de receber de volta uma parte dos impostos pagos. Essa pr\u00e1tica n\u00e3o s\u00f3 incentiva a emiss\u00e3o de notas fiscais, mas tamb\u00e9m promove a transpar\u00eancia [&hellip;]<\/p>\n","protected":false},"author":5,"featured_media":7330,"comment_status":"open","ping_status":"open","sticky":false,"template":"","format":"standard","meta":{"jnews-multi-image_gallery":[],"jnews_single_post":{"format":"standard"},"jnews_primary_category":[],"jnews_social_meta":[],"jnews_override_counter":[],"footnotes":""},"categories":[28,1],"tags":[848,398,4871,2588],"class_list":["post-18740","post","type-post","status-publish","format-standard","has-post-thumbnail","hentry","category-economia","category-noticias","tag-cpf","tag-cpf-na-nota","tag-nota-parana","tag-programa-cpf-na-nota"],"yoast_head":"<!-- This site is optimized with the Yoast SEO plugin v23.8 - https:\/\/yoast.com\/wordpress\/plugins\/seo\/ -->\n<title>Pe\u00e7a o CPF na nota no supermercado e recebe parte do seu dinheiro de volta! - Estado de Minas - Em foco<\/title>\n<meta name=\"description\" content=\"J\u00e1 pensou em ganhar dinheiro de volta ao fazer compras? Descubra como funciona e como usar seus cr\u00e9ditos e lucrar!\" \/>\n<meta name=\"robots\" content=\"index, follow, max-snippet:-1, max-image-preview:large, max-video-preview:-1\" \/>\n<link rel=\"canonical\" href=\"https:\/\/www.em.com.br\/emfoco\/2025\/02\/21\/peca-o-cpf-na-nota-no-supermercado-e-recebe-parte-do-seu-dinheiro-de-volta\/\" \/>\n<meta property=\"og:locale\" content=\"pt_BR\" \/>\n<meta property=\"og:type\" content=\"article\" \/>\n<meta property=\"og:title\" content=\"Pe\u00e7a o CPF na nota no supermercado e recebe parte do seu dinheiro de volta! - Estado de Minas - Em foco\" \/>\n<meta property=\"og:description\" content=\"J\u00e1 pensou em ganhar dinheiro de volta ao fazer compras? Descubra como funciona e como usar seus cr\u00e9ditos e lucrar!\" \/>\n<meta property=\"og:url\" content=\"https:\/\/www.em.com.br\/emfoco\/2025\/02\/21\/peca-o-cpf-na-nota-no-supermercado-e-recebe-parte-do-seu-dinheiro-de-volta\/\" \/>\n<meta property=\"og:site_name\" content=\"Estado de Minas - Em foco\" \/>\n<meta property=\"article:published_time\" content=\"2025-02-21T19:20:00+00:00\" \/>\n<meta property=\"article:modified_time\" content=\"2025-02-20T19:03:27+00:00\" \/>\n<meta property=\"og:image\" content=\"https:\/\/www.em.com.br\/emfoco\/wp-content\/uploads\/2024\/12\/mercado_1735411644997.jpg\" \/>\n\t<meta property=\"og:image:width\" content=\"1280\" \/>\n\t<meta property=\"og:image:height\" content=\"720\" \/>\n\t<meta property=\"og:image:type\" content=\"image\/jpeg\" \/>\n<meta name=\"author\" content=\"N\u00fabia Rangel\" \/>\n<meta name=\"twitter:card\" content=\"summary_large_image\" \/>\n<meta name=\"twitter:label1\" content=\"Escrito por\" \/>\n\t<meta name=\"twitter:data1\" content=\"N\u00fabia Rangel\" \/>\n\t<meta name=\"twitter:label2\" content=\"Est. tempo de leitura\" \/>\n\t<meta name=\"twitter:data2\" content=\"3 minutos\" \/>\n<!-- \/ Yoast SEO plugin. -->","yoast_head_json":{"title":"Pe\u00e7a o CPF na nota no supermercado e recebe parte do seu dinheiro de volta! - Estado de Minas - Em foco","description":"J\u00e1 pensou em ganhar dinheiro de volta ao fazer compras? Descubra como funciona e como usar seus cr\u00e9ditos e lucrar!","robots":{"index":"index","follow":"follow","max-snippet":"max-snippet:-1","max-image-preview":"max-image-preview:large","max-video-preview":"max-video-preview:-1"},"canonical":"https:\/\/www.em.com.br\/emfoco\/2025\/02\/21\/peca-o-cpf-na-nota-no-supermercado-e-recebe-parte-do-seu-dinheiro-de-volta\/","og_locale":"pt_BR","og_type":"article","og_title":"Pe\u00e7a o CPF na nota no supermercado e recebe parte do seu dinheiro de volta! - Estado de Minas - Em foco","og_description":"J\u00e1 pensou em ganhar dinheiro de volta ao fazer compras? Descubra como funciona e como usar seus cr\u00e9ditos e lucrar!","og_url":"https:\/\/www.em.com.br\/emfoco\/2025\/02\/21\/peca-o-cpf-na-nota-no-supermercado-e-recebe-parte-do-seu-dinheiro-de-volta\/","og_site_name":"Estado de Minas - Em foco","article_published_time":"2025-02-21T19:20:00+00:00","article_modified_time":"2025-02-20T19:03:27+00:00","og_image":[{"width":1280,"height":720,"url":"https:\/\/www.em.com.br\/emfoco\/wp-content\/uploads\/2024\/12\/mercado_1735411644997.jpg","type":"image\/jpeg"}],"author":"N\u00fabia Rangel","twitter_card":"summary_large_image","twitter_misc":{"Escrito por":"N\u00fabia Rangel","Est. tempo de leitura":"3 minutos"},"schema":{"@context":"https:\/\/schema.org","@graph":[{"@type":"WebPage","@id":"https:\/\/www.em.com.br\/emfoco\/2025\/02\/21\/peca-o-cpf-na-nota-no-supermercado-e-recebe-parte-do-seu-dinheiro-de-volta\/","url":"https:\/\/www.em.com.br\/emfoco\/2025\/02\/21\/peca-o-cpf-na-nota-no-supermercado-e-recebe-parte-do-seu-dinheiro-de-volta\/","name":"Pe\u00e7a o CPF na nota no supermercado e recebe parte do seu dinheiro de volta! - Estado de Minas - Em foco","isPartOf":{"@id":"https:\/\/www.em.com.br\/emfoco\/#website"},"primaryImageOfPage":{"@id":"https:\/\/www.em.com.br\/emfoco\/2025\/02\/21\/peca-o-cpf-na-nota-no-supermercado-e-recebe-parte-do-seu-dinheiro-de-volta\/#primaryimage"},"image":{"@id":"https:\/\/www.em.com.br\/emfoco\/2025\/02\/21\/peca-o-cpf-na-nota-no-supermercado-e-recebe-parte-do-seu-dinheiro-de-volta\/#primaryimage"},"thumbnailUrl":"https:\/\/www.em.com.br\/emfoco\/wp-content\/uploads\/2024\/12\/mercado_1735411644997.jpg","datePublished":"2025-02-21T19:20:00+00:00","dateModified":"2025-02-20T19:03:27+00:00","author":{"@id":"https:\/\/www.em.com.br\/emfoco\/#\/schema\/person\/524437ef54f8a5d32591b143307f2e20"},"description":"J\u00e1 pensou em ganhar dinheiro de volta ao fazer compras? Descubra como funciona e como usar seus cr\u00e9ditos e lucrar!","breadcrumb":{"@id":"https:\/\/www.em.com.br\/emfoco\/2025\/02\/21\/peca-o-cpf-na-nota-no-supermercado-e-recebe-parte-do-seu-dinheiro-de-volta\/#breadcrumb"},"inLanguage":"pt-BR","potentialAction":[{"@type":"ReadAction","target":["https:\/\/www.em.com.br\/emfoco\/2025\/02\/21\/peca-o-cpf-na-nota-no-supermercado-e-recebe-parte-do-seu-dinheiro-de-volta\/"]}]},{"@type":"ImageObject","inLanguage":"pt-BR","@id":"https:\/\/www.em.com.br\/emfoco\/2025\/02\/21\/peca-o-cpf-na-nota-no-supermercado-e-recebe-parte-do-seu-dinheiro-de-volta\/#primaryimage","url":"https:\/\/www.em.com.br\/emfoco\/wp-content\/uploads\/2024\/12\/mercado_1735411644997.jpg","contentUrl":"https:\/\/www.em.com.br\/emfoco\/wp-content\/uploads\/2024\/12\/mercado_1735411644997.jpg","width":1280,"height":720,"caption":"Foto Ilustrativa de mercado - Cr\u00e9ditos: depositphotos.com \/ AndrewLozovyi"},{"@type":"BreadcrumbList","@id":"https:\/\/www.em.com.br\/emfoco\/2025\/02\/21\/peca-o-cpf-na-nota-no-supermercado-e-recebe-parte-do-seu-dinheiro-de-volta\/#breadcrumb","itemListElement":[{"@type":"ListItem","position":1,"name":"In\u00edcio","item":"https:\/\/www.em.com.br\/emfoco\/"},{"@type":"ListItem","position":2,"name":"Pe\u00e7a o CPF na nota no supermercado e recebe parte do seu dinheiro de volta!"}]},{"@type":"WebSite","@id":"https:\/\/www.em.com.br\/emfoco\/#website","url":"https:\/\/www.em.com.br\/emfoco\/","name":"Estado de Minas - Em foco","description":"Acompanhe as \u00faltimas not\u00edcias e fique bem informado sobre tudo o que acontece em Minas Gerais, Brasil e no mundo.","potentialAction":[{"@type":"SearchAction","target":{"@type":"EntryPoint","urlTemplate":"https:\/\/www.em.com.br\/emfoco\/?s={search_term_string}"},"query-input":{"@type":"PropertyValueSpecification","valueRequired":true,"valueName":"search_term_string"}}],"inLanguage":"pt-BR"},{"@type":"Person","@id":"https:\/\/www.em.com.br\/emfoco\/#\/schema\/person\/524437ef54f8a5d32591b143307f2e20","name":"N\u00fabia Rangel","image":{"@type":"ImageObject","inLanguage":"pt-BR","@id":"https:\/\/www.em.com.br\/emfoco\/#\/schema\/person\/image\/","url":"https:\/\/secure.gravatar.com\/avatar\/47cff2827a5ba23c37e8068c86817ea4?s=96&d=mm&r=g","contentUrl":"https:\/\/secure.gravatar.com\/avatar\/47cff2827a5ba23c37e8068c86817ea4?s=96&d=mm&r=g","caption":"N\u00fabia Rangel"},"sameAs":["https:\/\/www.em.com.br\/emfoco\/"],"url":"https:\/\/www.em.com.br\/emfoco\/author\/nubiamyth\/"}]}},"_links":{"self":[{"href":"https:\/\/www.em.com.br\/emfoco\/wp-json\/wp\/v2\/posts\/18740","targetHints":{"allow":["GET"]}}],"collection":[{"href":"https:\/\/www.em.com.br\/emfoco\/wp-json\/wp\/v2\/posts"}],"about":[{"href":"https:\/\/www.em.com.br\/emfoco\/wp-json\/wp\/v2\/types\/post"}],"author":[{"embeddable":true,"href":"https:\/\/www.em.com.br\/emfoco\/wp-json\/wp\/v2\/users\/5"}],"replies":[{"embeddable":true,"href":"https:\/\/www.em.com.br\/emfoco\/wp-json\/wp\/v2\/comments?post=18740"}],"version-history":[{"count":2,"href":"https:\/\/www.em.com.br\/emfoco\/wp-json\/wp\/v2\/posts\/18740\/revisions"}],"predecessor-version":[{"id":18765,"href":"https:\/\/www.em.com.br\/emfoco\/wp-json\/wp\/v2\/posts\/18740\/revisions\/18765"}],"wp:featuredmedia":[{"embeddable":true,"href":"https:\/\/www.em.com.br\/emfoco\/wp-json\/wp\/v2\/media\/7330"}],"wp:attachment":[{"href":"https:\/\/www.em.com.br\/emfoco\/wp-json\/wp\/v2\/media?parent=18740"}],"wp:term":[{"taxonomy":"category","embeddable":true,"href":"https:\/\/www.em.com.br\/emfoco\/wp-json\/wp\/v2\/categories?post=18740"},{"taxonomy":"post_tag","embeddable":true,"href":"https:\/\/www.em.com.br\/emfoco\/wp-json\/wp\/v2\/tags?post=18740"}],"curies":[{"name":"wp","href":"https:\/\/api.w.org\/{rel}","templated":true}]}}