{"id":18715,"date":"2025-02-17T08:20:00","date_gmt":"2025-02-17T11:20:00","guid":{"rendered":"https:\/\/www.em.com.br\/emfoco\/?p=18715"},"modified":"2025-02-11T14:12:17","modified_gmt":"2025-02-11T17:12:17","slug":"essa-semana-sera-promissora-para-esses-3-signos-veja-se-voce-esta-entre-eles","status":"publish","type":"post","link":"https:\/\/www.em.com.br\/emfoco\/2025\/02\/17\/essa-semana-sera-promissora-para-esses-3-signos-veja-se-voce-esta-entre-eles\/","title":{"rendered":"Semana ser\u00e1 promissora para esses 3 signos! Veja se voc\u00ea est\u00e1 entre eles"},"content":{"rendered":"\n<p>Esta semana, o c\u00e9u astrol\u00f3gico traz uma s\u00e9rie de influ\u00eancias que prometem impactar a vida de alguns <strong><a href=\"https:\/\/www.em.com.br\/emfoco\/2025\/02\/10\/esses-3-signos-irao-ficar-cheios-de-dinheiro-em-2025\/\" target=\"_blank\" rel=\"noreferrer noopener\">signos<\/a><\/strong> de maneira especial. Com o Sol em Aqu\u00e1rio, a Lua transitando por Le\u00e3o e a <strong><a href=\"https:\/\/f5.folha.uol.com.br\/astrologia\/2025\/02\/veja-as-previsoes-da-astrologia-para-a-semana-de-9-a-15-de-fevereiro-de-2025.shtml#:~:text=At%C3%A9%20quarta%2Dfeira%20(12),telefonia%2C%20e%20falhas%20em%20equipamentos.\" target=\"_blank\" rel=\"noreferrer noopener\">quadratura entre Merc\u00fario e Urano<\/a><\/strong>, os astros criam um cen\u00e1rio prop\u00edcio para mudan\u00e7as e novas oportunidades. Esses eventos celestiais podem servir como um guia para aqueles que desejam aproveitar ao m\u00e1ximo as chances que surgem.<\/p>\n\n\n\n<p>Os movimentos planet\u00e1rios t\u00eam um papel importante em moldar nossas experi\u00eancias di\u00e1rias e intera\u00e7\u00f5es pessoais. Ao observar esses movimentos, podemos ganhar uma compreens\u00e3o mais profunda das for\u00e7as que nos cercam e de como elas podem nos afetar. Muitos astr\u00f3logos acreditam que a rela\u00e7\u00e3o entre o Sol, a Lua e os planetas influencia nossas emo\u00e7\u00f5es, comportamentos e decis\u00f5es. Compreender essas influ\u00eancias pode ser uma ferramenta valiosa para enfrentar desafios e aproveitar oportunidades.<\/p>\n\n\n\n<h2 class=\"wp-block-heading\">Le\u00e3o total intensidade e express\u00e3o pessoal<\/h2>\n\n\n\n<p>Com a Lua entrando em Le\u00e3o, os nativos deste signo podem esperar um aumento na intensidade emocional e na expressividade. A energia lunar amplifica o carisma e a autoconfian\u00e7a, caracter\u00edsticas j\u00e1 presentes nos leoninos. Este \u00e9 uma ocasi\u00e3o para se destacar em diversas \u00e1reas da vida e atrair reconhecimento.<\/p>\n\n\n\n<p>Al\u00e9m disso, os leoninos podem sentir uma necessidade maior de se conectar emocionalmente com os outros. As rela\u00e7\u00f5es pessoais estar\u00e3o em foco, oferecendo a oportunidade de fortalecer la\u00e7os afetivos e criar novas conex\u00f5es. \u00c9 um per\u00edodo ideal para mostrar talentos e assumir o protagonismo em v\u00e1rias situa\u00e7\u00f5es.<\/p>\n\n\n\n<figure class=\"wp-block-image size-large\"><img loading=\"lazy\" decoding=\"async\" width=\"1024\" height=\"576\" src=\"https:\/\/www.em.com.br\/emfoco\/wp-content\/uploads\/2025\/01\/horoscopo_1737065204473-1024x576.jpg\" alt=\"Amor em 2025: o que os astros reservam para esses 5 signos! Confira\" class=\"wp-image-11273\" srcset=\"https:\/\/www.em.com.br\/emfoco\/wp-content\/uploads\/2025\/01\/horoscopo_1737065204473-1024x576.jpg 1024w, https:\/\/www.em.com.br\/emfoco\/wp-content\/uploads\/2025\/01\/horoscopo_1737065204473-300x169.jpg 300w, https:\/\/www.em.com.br\/emfoco\/wp-content\/uploads\/2025\/01\/horoscopo_1737065204473-768x432.jpg 768w, https:\/\/www.em.com.br\/emfoco\/wp-content\/uploads\/2025\/01\/horoscopo_1737065204473-750x422.jpg 750w, https:\/\/www.em.com.br\/emfoco\/wp-content\/uploads\/2025\/01\/horoscopo_1737065204473-1140x641.jpg 1140w, https:\/\/www.em.com.br\/emfoco\/wp-content\/uploads\/2025\/01\/horoscopo_1737065204473.jpg 1280w\" sizes=\"auto, (max-width: 1024px) 100vw, 1024px\" \/><figcaption class=\"wp-element-caption\">Imagem ilustrativa de signos &#8211; Cr\u00e9ditos: depositphotos.com \/ monsit<\/figcaption><\/figure>\n\n\n\n<h2 class=\"wp-block-heading\">Aqu\u00e1rio cheio de criatividade e desafios<\/h2>\n\n\n\n<p>Com o Sol em Aqu\u00e1rio, os aquarianos est\u00e3o em evid\u00eancia, irradiando originalidade e inova\u00e7\u00e3o. Este \u00e9 um momento ideal para explorar novas ideias e projetos que podem ter um impacto significativo em suas vidas. A quadratura entre Merc\u00fario e Urano pode trazer desafios inesperados, mas tamb\u00e9m serve como um impulso para mudan\u00e7as criativas e positivas.<\/p>\n\n\n\n<p>A energia aquariana \u00e9 frequentemente associada \u00e0 busca por liberdade e autenticidade. Durante este per\u00edodo, os aquarianos podem se sentir mais motivados a quebrar barreiras sociais ou profissionais que limitam seu potencial. Este \u00e9 o momento perfeito para inovar, seja no trabalho ou nas rela\u00e7\u00f5es pessoais, buscando formas \u00fanicas de expressar sua verdadeira ess\u00eancia.<\/p>\n\n\n\n<h2 class=\"wp-block-heading\">Sagit\u00e1rio em expans\u00e3o e novas conex\u00f5es<\/h2>\n\n\n\n<p>Para os sagitarianos, a Lua Cheia em Libra ilumina o setor de amizades e grupos sociais, trazendo oportunidades para expandir horizontes e conhecer pessoas influentes. A comunica\u00e7\u00e3o est\u00e1 favorecida, facilitando di\u00e1logos construtivos e a resolu\u00e7\u00e3o de mal-entendidos que possam ter surgido anteriormente.<\/p>\n\n\n\n<p>Os sagitarianos, conhecidos por sua natureza aventureira, podem se sentir inspirados a embarcar em novas jornadas que levem a descobertas sobre si e o mundo ao seu redor. Com a energia positiva fluindo, este \u00e9 o momento para tra\u00e7ar metas ambiciosas e correr atr\u00e1s de seus sonhos.<\/p>\n\n\n\n<h2 class=\"wp-block-heading\">Reflex\u00f5es sobre as influ\u00eancias da semana<\/h2>\n\n\n\n<p>Em resumo, esta semana promete ser transformadora para Le\u00e3o, Aqu\u00e1rio e Sagit\u00e1rio. As energias astrais favor\u00e1veis podem impulsionar tanto a vida pessoal quanto a profissional desses signos. Estar atento \u00e0s oportunidades que surgem \u00e9 essencial, pois o universo est\u00e1 sempre conspirando a favor daqueles que est\u00e3o preparados para abra\u00e7ar as mudan\u00e7as.<\/p>\n","protected":false},"excerpt":{"rendered":"<p>Esta semana, o c\u00e9u astrol\u00f3gico traz uma s\u00e9rie de influ\u00eancias que prometem impactar a vida de alguns signos de maneira especial. Com o Sol em Aqu\u00e1rio, a Lua transitando por Le\u00e3o e a quadratura entre Merc\u00fario e Urano, os astros criam um cen\u00e1rio prop\u00edcio para mudan\u00e7as e novas oportunidades. Esses eventos celestiais podem servir como [&hellip;]<\/p>\n","protected":false},"author":5,"featured_media":18799,"comment_status":"open","ping_status":"open","sticky":false,"template":"","format":"standard","meta":{"jnews-multi-image_gallery":[],"jnews_single_post":{"format":"standard"},"jnews_primary_category":[],"jnews_social_meta":[],"jnews_override_counter":[],"footnotes":""},"categories":[1,25],"tags":[171,1319,168],"class_list":["post-18715","post","type-post","status-publish","format-standard","has-post-thumbnail","hentry","category-noticias","category-signos","tag-horoscopo","tag-previsao-signos","tag-signos"],"yoast_head":"<!-- This site is optimized with the Yoast SEO plugin v23.8 - https:\/\/yoast.com\/wordpress\/plugins\/seo\/ -->\n<title>Semana ser\u00e1 promissora para esses 3 signos! Veja se voc\u00ea est\u00e1 entre eles - Estado de Minas - Em foco<\/title>\n<meta name=\"description\" content=\"Uma semana de desafios e oportunidades se anuncia para esses 3 signos. Saiba o que os astros reservam para voc\u00ea e prepare-se.\" \/>\n<meta name=\"robots\" content=\"index, follow, max-snippet:-1, max-image-preview:large, max-video-preview:-1\" \/>\n<link rel=\"canonical\" href=\"https:\/\/www.em.com.br\/emfoco\/2025\/02\/17\/essa-semana-sera-promissora-para-esses-3-signos-veja-se-voce-esta-entre-eles\/\" \/>\n<meta property=\"og:locale\" content=\"pt_BR\" \/>\n<meta property=\"og:type\" content=\"article\" \/>\n<meta property=\"og:title\" content=\"Semana ser\u00e1 promissora para esses 3 signos! Veja se voc\u00ea est\u00e1 entre eles - Estado de Minas - Em foco\" \/>\n<meta property=\"og:description\" content=\"Uma semana de desafios e oportunidades se anuncia para esses 3 signos. Saiba o que os astros reservam para voc\u00ea e prepare-se.\" \/>\n<meta property=\"og:url\" content=\"https:\/\/www.em.com.br\/emfoco\/2025\/02\/17\/essa-semana-sera-promissora-para-esses-3-signos-veja-se-voce-esta-entre-eles\/\" \/>\n<meta property=\"og:site_name\" content=\"Estado de Minas - Em foco\" \/>\n<meta property=\"article:published_time\" content=\"2025-02-17T11:20:00+00:00\" \/>\n<meta property=\"article:modified_time\" content=\"2025-02-11T17:12:17+00:00\" \/>\n<meta property=\"og:image\" content=\"https:\/\/www.em.com.br\/emfoco\/wp-content\/uploads\/2025\/02\/sucesso-2.jpg\" \/>\n\t<meta property=\"og:image:width\" content=\"1280\" \/>\n\t<meta property=\"og:image:height\" content=\"720\" \/>\n\t<meta property=\"og:image:type\" content=\"image\/jpeg\" \/>\n<meta name=\"author\" content=\"N\u00fabia Rangel\" \/>\n<meta name=\"twitter:card\" content=\"summary_large_image\" \/>\n<meta name=\"twitter:label1\" content=\"Escrito por\" \/>\n\t<meta name=\"twitter:data1\" content=\"N\u00fabia Rangel\" \/>\n\t<meta name=\"twitter:label2\" content=\"Est. tempo de leitura\" \/>\n\t<meta name=\"twitter:data2\" content=\"4 minutos\" \/>\n<!-- \/ Yoast SEO plugin. -->","yoast_head_json":{"title":"Semana ser\u00e1 promissora para esses 3 signos! Veja se voc\u00ea est\u00e1 entre eles - Estado de Minas - Em foco","description":"Uma semana de desafios e oportunidades se anuncia para esses 3 signos. Saiba o que os astros reservam para voc\u00ea e prepare-se.","robots":{"index":"index","follow":"follow","max-snippet":"max-snippet:-1","max-image-preview":"max-image-preview:large","max-video-preview":"max-video-preview:-1"},"canonical":"https:\/\/www.em.com.br\/emfoco\/2025\/02\/17\/essa-semana-sera-promissora-para-esses-3-signos-veja-se-voce-esta-entre-eles\/","og_locale":"pt_BR","og_type":"article","og_title":"Semana ser\u00e1 promissora para esses 3 signos! Veja se voc\u00ea est\u00e1 entre eles - Estado de Minas - Em foco","og_description":"Uma semana de desafios e oportunidades se anuncia para esses 3 signos. Saiba o que os astros reservam para voc\u00ea e prepare-se.","og_url":"https:\/\/www.em.com.br\/emfoco\/2025\/02\/17\/essa-semana-sera-promissora-para-esses-3-signos-veja-se-voce-esta-entre-eles\/","og_site_name":"Estado de Minas - Em foco","article_published_time":"2025-02-17T11:20:00+00:00","article_modified_time":"2025-02-11T17:12:17+00:00","og_image":[{"width":1280,"height":720,"url":"https:\/\/www.em.com.br\/emfoco\/wp-content\/uploads\/2025\/02\/sucesso-2.jpg","type":"image\/jpeg"}],"author":"N\u00fabia Rangel","twitter_card":"summary_large_image","twitter_misc":{"Escrito por":"N\u00fabia Rangel","Est. tempo de leitura":"4 minutos"},"schema":{"@context":"https:\/\/schema.org","@graph":[{"@type":"WebPage","@id":"https:\/\/www.em.com.br\/emfoco\/2025\/02\/17\/essa-semana-sera-promissora-para-esses-3-signos-veja-se-voce-esta-entre-eles\/","url":"https:\/\/www.em.com.br\/emfoco\/2025\/02\/17\/essa-semana-sera-promissora-para-esses-3-signos-veja-se-voce-esta-entre-eles\/","name":"Semana ser\u00e1 promissora para esses 3 signos! Veja se voc\u00ea est\u00e1 entre eles - Estado de Minas - Em foco","isPartOf":{"@id":"https:\/\/www.em.com.br\/emfoco\/#website"},"primaryImageOfPage":{"@id":"https:\/\/www.em.com.br\/emfoco\/2025\/02\/17\/essa-semana-sera-promissora-para-esses-3-signos-veja-se-voce-esta-entre-eles\/#primaryimage"},"image":{"@id":"https:\/\/www.em.com.br\/emfoco\/2025\/02\/17\/essa-semana-sera-promissora-para-esses-3-signos-veja-se-voce-esta-entre-eles\/#primaryimage"},"thumbnailUrl":"https:\/\/www.em.com.br\/emfoco\/wp-content\/uploads\/2025\/02\/sucesso-2.jpg","datePublished":"2025-02-17T11:20:00+00:00","dateModified":"2025-02-11T17:12:17+00:00","author":{"@id":"https:\/\/www.em.com.br\/emfoco\/#\/schema\/person\/524437ef54f8a5d32591b143307f2e20"},"description":"Uma semana de desafios e oportunidades se anuncia para esses 3 signos. Saiba o que os astros reservam para voc\u00ea e prepare-se.","breadcrumb":{"@id":"https:\/\/www.em.com.br\/emfoco\/2025\/02\/17\/essa-semana-sera-promissora-para-esses-3-signos-veja-se-voce-esta-entre-eles\/#breadcrumb"},"inLanguage":"pt-BR","potentialAction":[{"@type":"ReadAction","target":["https:\/\/www.em.com.br\/emfoco\/2025\/02\/17\/essa-semana-sera-promissora-para-esses-3-signos-veja-se-voce-esta-entre-eles\/"]}]},{"@type":"ImageObject","inLanguage":"pt-BR","@id":"https:\/\/www.em.com.br\/emfoco\/2025\/02\/17\/essa-semana-sera-promissora-para-esses-3-signos-veja-se-voce-esta-entre-eles\/#primaryimage","url":"https:\/\/www.em.com.br\/emfoco\/wp-content\/uploads\/2025\/02\/sucesso-2.jpg","contentUrl":"https:\/\/www.em.com.br\/emfoco\/wp-content\/uploads\/2025\/02\/sucesso-2.jpg","width":1280,"height":720,"caption":"Imagem ilustrativa pessoa feliz - Cr\u00e9ditos: depositphotos.com \/ peshkova"},{"@type":"BreadcrumbList","@id":"https:\/\/www.em.com.br\/emfoco\/2025\/02\/17\/essa-semana-sera-promissora-para-esses-3-signos-veja-se-voce-esta-entre-eles\/#breadcrumb","itemListElement":[{"@type":"ListItem","position":1,"name":"In\u00edcio","item":"https:\/\/www.em.com.br\/emfoco\/"},{"@type":"ListItem","position":2,"name":"Semana ser\u00e1 promissora para esses 3 signos! Veja se voc\u00ea est\u00e1 entre eles"}]},{"@type":"WebSite","@id":"https:\/\/www.em.com.br\/emfoco\/#website","url":"https:\/\/www.em.com.br\/emfoco\/","name":"Estado de Minas - Em foco","description":"Acompanhe as \u00faltimas not\u00edcias e fique bem informado sobre tudo o que acontece em Minas Gerais, Brasil e no mundo.","potentialAction":[{"@type":"SearchAction","target":{"@type":"EntryPoint","urlTemplate":"https:\/\/www.em.com.br\/emfoco\/?s={search_term_string}"},"query-input":{"@type":"PropertyValueSpecification","valueRequired":true,"valueName":"search_term_string"}}],"inLanguage":"pt-BR"},{"@type":"Person","@id":"https:\/\/www.em.com.br\/emfoco\/#\/schema\/person\/524437ef54f8a5d32591b143307f2e20","name":"N\u00fabia Rangel","image":{"@type":"ImageObject","inLanguage":"pt-BR","@id":"https:\/\/www.em.com.br\/emfoco\/#\/schema\/person\/image\/","url":"https:\/\/secure.gravatar.com\/avatar\/47cff2827a5ba23c37e8068c86817ea4?s=96&d=mm&r=g","contentUrl":"https:\/\/secure.gravatar.com\/avatar\/47cff2827a5ba23c37e8068c86817ea4?s=96&d=mm&r=g","caption":"N\u00fabia Rangel"},"sameAs":["https:\/\/www.em.com.br\/emfoco\/"],"url":"https:\/\/www.em.com.br\/emfoco\/author\/nubiamyth\/"}]}},"_links":{"self":[{"href":"https:\/\/www.em.com.br\/emfoco\/wp-json\/wp\/v2\/posts\/18715","targetHints":{"allow":["GET"]}}],"collection":[{"href":"https:\/\/www.em.com.br\/emfoco\/wp-json\/wp\/v2\/posts"}],"about":[{"href":"https:\/\/www.em.com.br\/emfoco\/wp-json\/wp\/v2\/types\/post"}],"author":[{"embeddable":true,"href":"https:\/\/www.em.com.br\/emfoco\/wp-json\/wp\/v2\/users\/5"}],"replies":[{"embeddable":true,"href":"https:\/\/www.em.com.br\/emfoco\/wp-json\/wp\/v2\/comments?post=18715"}],"version-history":[{"count":6,"href":"https:\/\/www.em.com.br\/emfoco\/wp-json\/wp\/v2\/posts\/18715\/revisions"}],"predecessor-version":[{"id":18812,"href":"https:\/\/www.em.com.br\/emfoco\/wp-json\/wp\/v2\/posts\/18715\/revisions\/18812"}],"wp:featuredmedia":[{"embeddable":true,"href":"https:\/\/www.em.com.br\/emfoco\/wp-json\/wp\/v2\/media\/18799"}],"wp:attachment":[{"href":"https:\/\/www.em.com.br\/emfoco\/wp-json\/wp\/v2\/media?parent=18715"}],"wp:term":[{"taxonomy":"category","embeddable":true,"href":"https:\/\/www.em.com.br\/emfoco\/wp-json\/wp\/v2\/categories?post=18715"},{"taxonomy":"post_tag","embeddable":true,"href":"https:\/\/www.em.com.br\/emfoco\/wp-json\/wp\/v2\/tags?post=18715"}],"curies":[{"name":"wp","href":"https:\/\/api.w.org\/{rel}","templated":true}]}}