{"id":18701,"date":"2025-02-12T19:40:12","date_gmt":"2025-02-12T22:40:12","guid":{"rendered":"https:\/\/www.em.com.br\/emfoco\/?p=18701"},"modified":"2025-02-11T23:22:52","modified_gmt":"2025-02-12T02:22:52","slug":"descubra-a-historia-da-selecao-suica-nas-copas-do-mundo","status":"publish","type":"post","link":"https:\/\/www.em.com.br\/emfoco\/2025\/02\/12\/descubra-a-historia-da-selecao-suica-nas-copas-do-mundo\/","title":{"rendered":"Descubra a hist\u00f3ria da sele\u00e7\u00e3o da Su\u00ed\u00e7a nas copas do mundo"},"content":{"rendered":"\n<p>A <strong><a href=\"https:\/\/pt.wikipedia.org\/wiki\/Su%C3%AD%C3%A7a\" target=\"_blank\" rel=\"noreferrer noopener\">Su\u00ed\u00e7a <\/a><\/strong>tem uma longa trajet\u00f3ria em <strong>Copas do Mundo<\/strong>, participando de sua 11\u00aa edi\u00e7\u00e3o em 2024. O melhor desempenho da sele\u00e7\u00e3o su\u00ed\u00e7a ocorreu em 1954, quando o pa\u00eds sediou o torneio e alcan\u00e7ou o 5\u00ba lugar. Este evento hist\u00f3rico <a href=\"https:\/\/www.em.com.br\/emfoco\/2025\/01\/15\/o-paizao-marcou-uma-geracao\/\" target=\"_blank\" rel=\"noreferrer noopener\">marcou <\/a>a Su\u00ed\u00e7a como um dos anfitri\u00f5es do futebol mundial, destacando-se em uma competi\u00e7\u00e3o que reuniu os melhores times do planeta.<\/p>\n\n\n\n<p>Ao longo dos anos, a Su\u00ed\u00e7a tem demonstrado consist\u00eancia em suas participa\u00e7\u00f5es, embora ainda busque alcan\u00e7ar as fases finais do torneio. A equipe \u00e9 conhecida por sua organiza\u00e7\u00e3o t\u00e1tica e forte defesa, caracter\u00edsticas que a tornam um advers\u00e1rio respeit\u00e1vel em competi\u00e7\u00f5es internacionais.<\/p>\n\n\n\n<h2 class=\"wp-block-heading\">Confrontos hist\u00f3ricos entre Brasil e Su\u00ed\u00e7a<\/h2>\n\n\n\n<p>Brasil e Su\u00ed\u00e7a j\u00e1 se enfrentaram em oito ocasi\u00f5es, com um hist\u00f3rico equilibrado de tr\u00eas vit\u00f3rias para o Brasil, duas para a Su\u00ed\u00e7a e tr\u00eas empates. Um dos encontros mais memor\u00e1veis ocorreu na Copa do Mundo de 1950, quando as duas sele\u00e7\u00f5es empataram em 2 a 2. Este jogo foi um dos muitos que demonstraram a capacidade da Su\u00ed\u00e7a de competir com algumas das melhores equipes do mundo.<\/p>\n\n\n\n<p>Esses confrontos refletem a competitividade e o respeito m\u00fatuo entre as duas sele\u00e7\u00f5es. A Su\u00ed\u00e7a, com sua abordagem estrat\u00e9gica, muitas vezes consegue surpreender advers\u00e1rios mais renomados, tornando cada partida um desafio imprevis\u00edvel.<\/p>\n\n\n<div class=\"wp-block-image\">\n<figure class=\"aligncenter size-large\"><img loading=\"lazy\" decoding=\"async\" width=\"1024\" height=\"576\" src=\"https:\/\/www.em.com.br\/emfoco\/wp-content\/uploads\/2025\/02\/futebol_1739290211012-1024x576.jpg\" alt=\"Descubra a hist\u00f3ria da sele\u00e7\u00e3o Su\u00ed\u00e7a nas copas do mundo\" class=\"wp-image-18717\" srcset=\"https:\/\/www.em.com.br\/emfoco\/wp-content\/uploads\/2025\/02\/futebol_1739290211012-1024x576.jpg 1024w, https:\/\/www.em.com.br\/emfoco\/wp-content\/uploads\/2025\/02\/futebol_1739290211012-300x169.jpg 300w, https:\/\/www.em.com.br\/emfoco\/wp-content\/uploads\/2025\/02\/futebol_1739290211012-768x432.jpg 768w, https:\/\/www.em.com.br\/emfoco\/wp-content\/uploads\/2025\/02\/futebol_1739290211012-750x422.jpg 750w, https:\/\/www.em.com.br\/emfoco\/wp-content\/uploads\/2025\/02\/futebol_1739290211012-1140x641.jpg 1140w, https:\/\/www.em.com.br\/emfoco\/wp-content\/uploads\/2025\/02\/futebol_1739290211012.jpg 1280w\" sizes=\"auto, (max-width: 1024px) 100vw, 1024px\" \/><figcaption class=\"wp-element-caption\">Football &#8211; Cr\u00e9ditos: depositphotos.com \/ alphaspirit<\/figcaption><\/figure><\/div>\n\n\n<h2 class=\"wp-block-heading\">Qual \u00e9 o principal campeonato de futebol da Su\u00ed\u00e7a?<\/h2>\n\n\n\n<p>O principal campeonato de futebol da Su\u00ed\u00e7a \u00e9 a Raiffeisen Super League. Este torneio conta com a participa\u00e7\u00e3o de dez equipes, sendo o Grasshopper-Club Z\u00fcrich o maior vencedor hist\u00f3rico. No entanto, nos \u00faltimos anos, o FC Basel tem se destacado como uma for\u00e7a dominante, conquistando v\u00e1rios t\u00edtulos consecutivos e consolidando sua posi\u00e7\u00e3o no futebol su\u00ed\u00e7o.<\/p>\n\n\n\n<p>A Raiffeisen Super League \u00e9 conhecida por sua competitividade e por revelar talentos que frequentemente se destacam em ligas internacionais. A liga desempenha um papel crucial no desenvolvimento do futebol su\u00ed\u00e7o, proporcionando uma plataforma para jogadores locais e internacionais demonstrarem suas habilidades.<\/p>\n\n\n\n<h2 class=\"wp-block-heading\">Aspectos culturais e demogr\u00e1ficos da Su\u00ed\u00e7a<\/h2>\n\n\n\n<p>A Su\u00ed\u00e7a \u00e9 um pa\u00eds diversificado, com uma popula\u00e7\u00e3o de pouco mais de 8,3 milh\u00f5es de habitantes. O pa\u00eds ocupa a 3\u00aa posi\u00e7\u00e3o no ranking do IDH, refletindo seu alto padr\u00e3o de vida e expectativa de vida de 83,2 anos. Este \u00edndice destaca a qualidade de vida e o desenvolvimento humano avan\u00e7ado que a Su\u00ed\u00e7a oferece a seus cidad\u00e3os.<\/p>\n\n\n\n<p>Al\u00e9m disso, a Su\u00ed\u00e7a \u00e9 \u00fanica por ter quatro idiomas oficiais: Alem\u00e3o, Franc\u00eas, Italiano e Romanche. Este \u00faltimo \u00e9 falado por apenas 1% da popula\u00e7\u00e3o, mas representa a rica heran\u00e7a cultural do pa\u00eds. A diversidade lingu\u00edstica \u00e9 um dos muitos aspectos que tornam a Su\u00ed\u00e7a um pa\u00eds fascinante e multicultural.<\/p>\n\n\n\n<h2 class=\"wp-block-heading\">Inven\u00e7\u00f5es e contribui\u00e7\u00f5es Su\u00ed\u00e7as para o mundo<\/h2>\n\n\n\n<p>A Su\u00ed\u00e7a \u00e9 reconhecida por suas contribui\u00e7\u00f5es inovadoras em v\u00e1rias \u00e1reas. Entre as inven\u00e7\u00f5es not\u00e1veis est\u00e3o o papel celofane, o papel alum\u00ednio, o chocolate ao leite e o chocolate branco. Estas cria\u00e7\u00f5es n\u00e3o apenas destacam a capacidade inventiva do pa\u00eds, mas tamb\u00e9m seu impacto global em diferentes ind\u00fastrias.<\/p>\n\n\n\n<p>Essas inven\u00e7\u00f5es refletem a tradi\u00e7\u00e3o su\u00ed\u00e7a de excel\u00eancia e inova\u00e7\u00e3o, caracter\u00edsticas que continuam a influenciar e inspirar o mundo. A Su\u00ed\u00e7a, com sua combina\u00e7\u00e3o de tradi\u00e7\u00e3o e modernidade, permanece na vanguarda de avan\u00e7os tecnol\u00f3gicos e culturais.<\/p>\n","protected":false},"excerpt":{"rendered":"<p>A Su\u00ed\u00e7a tem uma longa trajet\u00f3ria em Copas do Mundo, participando de sua 11\u00aa edi\u00e7\u00e3o em 2024. O melhor desempenho da sele\u00e7\u00e3o su\u00ed\u00e7a ocorreu em 1954, quando o pa\u00eds sediou o torneio e alcan\u00e7ou o 5\u00ba lugar. Este evento hist\u00f3rico marcou a Su\u00ed\u00e7a como um dos anfitri\u00f5es do futebol mundial, destacando-se em uma competi\u00e7\u00e3o que [&hellip;]<\/p>\n","protected":false},"author":7,"featured_media":18710,"comment_status":"open","ping_status":"open","sticky":false,"template":"","format":"standard","meta":{"jnews-multi-image_gallery":[],"jnews_single_post":{"format":"standard"},"jnews_primary_category":[],"jnews_social_meta":[],"jnews_override_counter":[],"footnotes":""},"categories":[26],"tags":[158,1891,4865,3362],"class_list":["post-18701","post","type-post","status-publish","format-standard","has-post-thumbnail","hentry","category-cidades","tag-brasil","tag-esporte","tag-futebol-internacional","tag-selecao-brasileira"],"yoast_head":"<!-- This site is optimized with the Yoast SEO plugin v23.8 - https:\/\/yoast.com\/wordpress\/plugins\/seo\/ -->\n<title>Descubra a hist\u00f3ria da sele\u00e7\u00e3o da Su\u00ed\u00e7a nas copas do mundo - Estado de Minas - Em foco<\/title>\n<meta name=\"description\" content=\"Descubra a trajet\u00f3ria da Su\u00ed\u00e7a nas Copas do Mundo. Conhe\u00e7a a hist\u00f3ria do &quot;ferrolho su\u00ed\u00e7o&quot; e as maiores surpresas da sele\u00e7\u00e3o helv\u00e9tica.\" \/>\n<meta name=\"robots\" content=\"index, follow, max-snippet:-1, max-image-preview:large, max-video-preview:-1\" \/>\n<link rel=\"canonical\" href=\"https:\/\/www.em.com.br\/emfoco\/2025\/02\/12\/descubra-a-historia-da-selecao-suica-nas-copas-do-mundo\/\" \/>\n<meta property=\"og:locale\" content=\"pt_BR\" \/>\n<meta property=\"og:type\" content=\"article\" \/>\n<meta property=\"og:title\" content=\"Descubra a hist\u00f3ria da sele\u00e7\u00e3o da Su\u00ed\u00e7a nas copas do mundo - Estado de Minas - Em foco\" \/>\n<meta property=\"og:description\" content=\"Descubra a trajet\u00f3ria da Su\u00ed\u00e7a nas Copas do Mundo. Conhe\u00e7a a hist\u00f3ria do &quot;ferrolho su\u00ed\u00e7o&quot; e as maiores surpresas da sele\u00e7\u00e3o helv\u00e9tica.\" \/>\n<meta property=\"og:url\" content=\"https:\/\/www.em.com.br\/emfoco\/2025\/02\/12\/descubra-a-historia-da-selecao-suica-nas-copas-do-mundo\/\" \/>\n<meta property=\"og:site_name\" content=\"Estado de Minas - Em foco\" \/>\n<meta property=\"article:published_time\" content=\"2025-02-12T22:40:12+00:00\" \/>\n<meta property=\"article:modified_time\" content=\"2025-02-12T02:22:52+00:00\" \/>\n<meta property=\"og:image\" content=\"https:\/\/www.em.com.br\/emfoco\/wp-content\/uploads\/2025\/02\/Suica-_1739290126006.jpg\" \/>\n\t<meta property=\"og:image:width\" content=\"1280\" \/>\n\t<meta property=\"og:image:height\" content=\"720\" \/>\n\t<meta property=\"og:image:type\" content=\"image\/jpeg\" \/>\n<meta name=\"author\" content=\"Kelvin\" \/>\n<meta name=\"twitter:card\" content=\"summary_large_image\" \/>\n<meta name=\"twitter:label1\" content=\"Escrito por\" \/>\n\t<meta name=\"twitter:data1\" content=\"Kelvin\" \/>\n\t<meta name=\"twitter:label2\" content=\"Est. tempo de leitura\" \/>\n\t<meta name=\"twitter:data2\" content=\"4 minutos\" \/>\n<!-- \/ Yoast SEO plugin. -->","yoast_head_json":{"title":"Descubra a hist\u00f3ria da sele\u00e7\u00e3o da Su\u00ed\u00e7a nas copas do mundo - Estado de Minas - Em foco","description":"Descubra a trajet\u00f3ria da Su\u00ed\u00e7a nas Copas do Mundo. Conhe\u00e7a a hist\u00f3ria do \"ferrolho su\u00ed\u00e7o\" e as maiores surpresas da sele\u00e7\u00e3o helv\u00e9tica.","robots":{"index":"index","follow":"follow","max-snippet":"max-snippet:-1","max-image-preview":"max-image-preview:large","max-video-preview":"max-video-preview:-1"},"canonical":"https:\/\/www.em.com.br\/emfoco\/2025\/02\/12\/descubra-a-historia-da-selecao-suica-nas-copas-do-mundo\/","og_locale":"pt_BR","og_type":"article","og_title":"Descubra a hist\u00f3ria da sele\u00e7\u00e3o da Su\u00ed\u00e7a nas copas do mundo - Estado de Minas - Em foco","og_description":"Descubra a trajet\u00f3ria da Su\u00ed\u00e7a nas Copas do Mundo. Conhe\u00e7a a hist\u00f3ria do \"ferrolho su\u00ed\u00e7o\" e as maiores surpresas da sele\u00e7\u00e3o helv\u00e9tica.","og_url":"https:\/\/www.em.com.br\/emfoco\/2025\/02\/12\/descubra-a-historia-da-selecao-suica-nas-copas-do-mundo\/","og_site_name":"Estado de Minas - Em foco","article_published_time":"2025-02-12T22:40:12+00:00","article_modified_time":"2025-02-12T02:22:52+00:00","og_image":[{"width":1280,"height":720,"url":"https:\/\/www.em.com.br\/emfoco\/wp-content\/uploads\/2025\/02\/Suica-_1739290126006.jpg","type":"image\/jpeg"}],"author":"Kelvin","twitter_card":"summary_large_image","twitter_misc":{"Escrito por":"Kelvin","Est. tempo de leitura":"4 minutos"},"schema":{"@context":"https:\/\/schema.org","@graph":[{"@type":"WebPage","@id":"https:\/\/www.em.com.br\/emfoco\/2025\/02\/12\/descubra-a-historia-da-selecao-suica-nas-copas-do-mundo\/","url":"https:\/\/www.em.com.br\/emfoco\/2025\/02\/12\/descubra-a-historia-da-selecao-suica-nas-copas-do-mundo\/","name":"Descubra a hist\u00f3ria da sele\u00e7\u00e3o da Su\u00ed\u00e7a nas copas do mundo - Estado de Minas - Em foco","isPartOf":{"@id":"https:\/\/www.em.com.br\/emfoco\/#website"},"primaryImageOfPage":{"@id":"https:\/\/www.em.com.br\/emfoco\/2025\/02\/12\/descubra-a-historia-da-selecao-suica-nas-copas-do-mundo\/#primaryimage"},"image":{"@id":"https:\/\/www.em.com.br\/emfoco\/2025\/02\/12\/descubra-a-historia-da-selecao-suica-nas-copas-do-mundo\/#primaryimage"},"thumbnailUrl":"https:\/\/www.em.com.br\/emfoco\/wp-content\/uploads\/2025\/02\/Suica-_1739290126006.jpg","datePublished":"2025-02-12T22:40:12+00:00","dateModified":"2025-02-12T02:22:52+00:00","author":{"@id":"https:\/\/www.em.com.br\/emfoco\/#\/schema\/person\/fb0a7f48c6fbb94b83f413a80f61917d"},"description":"Descubra a trajet\u00f3ria da Su\u00ed\u00e7a nas Copas do Mundo. Conhe\u00e7a a hist\u00f3ria do \"ferrolho su\u00ed\u00e7o\" e as maiores surpresas da sele\u00e7\u00e3o helv\u00e9tica.","breadcrumb":{"@id":"https:\/\/www.em.com.br\/emfoco\/2025\/02\/12\/descubra-a-historia-da-selecao-suica-nas-copas-do-mundo\/#breadcrumb"},"inLanguage":"pt-BR","potentialAction":[{"@type":"ReadAction","target":["https:\/\/www.em.com.br\/emfoco\/2025\/02\/12\/descubra-a-historia-da-selecao-suica-nas-copas-do-mundo\/"]}]},{"@type":"ImageObject","inLanguage":"pt-BR","@id":"https:\/\/www.em.com.br\/emfoco\/2025\/02\/12\/descubra-a-historia-da-selecao-suica-nas-copas-do-mundo\/#primaryimage","url":"https:\/\/www.em.com.br\/emfoco\/wp-content\/uploads\/2025\/02\/Suica-_1739290126006.jpg","contentUrl":"https:\/\/www.em.com.br\/emfoco\/wp-content\/uploads\/2025\/02\/Suica-_1739290126006.jpg","width":1280,"height":720,"caption":"Su\u00ed\u00e7a - Cr\u00e9ditos: depositphotos.com \/ happyalex"},{"@type":"BreadcrumbList","@id":"https:\/\/www.em.com.br\/emfoco\/2025\/02\/12\/descubra-a-historia-da-selecao-suica-nas-copas-do-mundo\/#breadcrumb","itemListElement":[{"@type":"ListItem","position":1,"name":"In\u00edcio","item":"https:\/\/www.em.com.br\/emfoco\/"},{"@type":"ListItem","position":2,"name":"Descubra a hist\u00f3ria da sele\u00e7\u00e3o da Su\u00ed\u00e7a nas copas do mundo"}]},{"@type":"WebSite","@id":"https:\/\/www.em.com.br\/emfoco\/#website","url":"https:\/\/www.em.com.br\/emfoco\/","name":"Estado de Minas - Em foco","description":"Acompanhe as \u00faltimas not\u00edcias e fique bem informado sobre tudo o que acontece em Minas Gerais, Brasil e no mundo.","potentialAction":[{"@type":"SearchAction","target":{"@type":"EntryPoint","urlTemplate":"https:\/\/www.em.com.br\/emfoco\/?s={search_term_string}"},"query-input":{"@type":"PropertyValueSpecification","valueRequired":true,"valueName":"search_term_string"}}],"inLanguage":"pt-BR"},{"@type":"Person","@id":"https:\/\/www.em.com.br\/emfoco\/#\/schema\/person\/fb0a7f48c6fbb94b83f413a80f61917d","name":"Kelvin","image":{"@type":"ImageObject","inLanguage":"pt-BR","@id":"https:\/\/www.em.com.br\/emfoco\/#\/schema\/person\/image\/","url":"https:\/\/secure.gravatar.com\/avatar\/e74f84337e6bf6c4c5e88fbdffa05270?s=96&d=mm&r=g","contentUrl":"https:\/\/secure.gravatar.com\/avatar\/e74f84337e6bf6c4c5e88fbdffa05270?s=96&d=mm&r=g","caption":"Kelvin"},"sameAs":["https:\/\/www.em.com.br\/emfoco"],"url":"https:\/\/www.em.com.br\/emfoco\/author\/kelvinmyth\/"}]}},"_links":{"self":[{"href":"https:\/\/www.em.com.br\/emfoco\/wp-json\/wp\/v2\/posts\/18701","targetHints":{"allow":["GET"]}}],"collection":[{"href":"https:\/\/www.em.com.br\/emfoco\/wp-json\/wp\/v2\/posts"}],"about":[{"href":"https:\/\/www.em.com.br\/emfoco\/wp-json\/wp\/v2\/types\/post"}],"author":[{"embeddable":true,"href":"https:\/\/www.em.com.br\/emfoco\/wp-json\/wp\/v2\/users\/7"}],"replies":[{"embeddable":true,"href":"https:\/\/www.em.com.br\/emfoco\/wp-json\/wp\/v2\/comments?post=18701"}],"version-history":[{"count":3,"href":"https:\/\/www.em.com.br\/emfoco\/wp-json\/wp\/v2\/posts\/18701\/revisions"}],"predecessor-version":[{"id":18935,"href":"https:\/\/www.em.com.br\/emfoco\/wp-json\/wp\/v2\/posts\/18701\/revisions\/18935"}],"wp:featuredmedia":[{"embeddable":true,"href":"https:\/\/www.em.com.br\/emfoco\/wp-json\/wp\/v2\/media\/18710"}],"wp:attachment":[{"href":"https:\/\/www.em.com.br\/emfoco\/wp-json\/wp\/v2\/media?parent=18701"}],"wp:term":[{"taxonomy":"category","embeddable":true,"href":"https:\/\/www.em.com.br\/emfoco\/wp-json\/wp\/v2\/categories?post=18701"},{"taxonomy":"post_tag","embeddable":true,"href":"https:\/\/www.em.com.br\/emfoco\/wp-json\/wp\/v2\/tags?post=18701"}],"curies":[{"name":"wp","href":"https:\/\/api.w.org\/{rel}","templated":true}]}}