{"id":18616,"date":"2025-02-12T14:40:49","date_gmt":"2025-02-12T17:40:49","guid":{"rendered":"https:\/\/www.em.com.br\/emfoco\/?p=18616"},"modified":"2025-02-11T12:29:15","modified_gmt":"2025-02-11T15:29:15","slug":"apple-prepara-ipad-de-nova-geracao-com-ia-e-chip-a17-pro","status":"publish","type":"post","link":"https:\/\/www.em.com.br\/emfoco\/2025\/02\/12\/apple-prepara-ipad-de-nova-geracao-com-ia-e-chip-a17-pro\/","title":{"rendered":"Apple prepara iPad de nova gera\u00e7\u00e3o com IA e chip A17 Pro"},"content":{"rendered":"\n<p>A <strong>Apple <\/strong>est\u00e1 se preparando para lan\u00e7ar uma nova<a href=\"https:\/\/www.apple.com\/br\/ipad\/\" target=\"_blank\" rel=\"noreferrer noopener\"> gera\u00e7\u00e3o do iPad<\/a>, conforme informa\u00e7\u00f5es divulgadas por fontes do setor. As expectativas giram em torno de melhorias significativas no desempenho do dispositivo, especialmente com a integra\u00e7\u00e3o de recursos de intelig\u00eancia artificial. Embora os detalhes ainda sejam especulativos, a comunidade tecnol\u00f3gica est\u00e1 atenta \u00e0s poss\u00edveis inova\u00e7\u00f5es que a Apple pode trazer.<\/p>\n\n\n\n<p>At\u00e9 o momento, <strong>a Apple n\u00e3o confirmou oficialmente as especifica\u00e7\u00f5es do novo iPad<\/strong>. No entanto, <strong>rumores indicam que o dispositivo poder\u00e1 ser equipado com o chip A17 Pro, o mesmo utilizado na linha iPhone 15 Pro<\/strong>. Essa atualiza\u00e7\u00e3o promete um salto de desempenho consider\u00e1vel em rela\u00e7\u00e3o ao modelo atual, que possui o processador A14 Bionic.<\/p>\n\n\n\n<h2 class=\"wp-block-heading\">Quais melhorias de desempenho s\u00e3o esperadas?<\/h2>\n\n\n\n<p>Espera-se que o novo iPad <strong>ofere\u00e7a um aumento de aproximadamente 40% em performance, gra\u00e7as \u00e0 transi\u00e7\u00e3o do chip A14 para o A17 Pro<\/strong>. Essa melhoria ser\u00e1 crucial para suportar as<strong> novas funcionalidades de intelig\u00eancia artificial que a Apple planeja integrar<\/strong>. Al\u00e9m disso, a mem\u00f3ria RAM do dispositivo deve dobrar, passando de 4 GB para 8 GB, o que permitir\u00e1 um manuseio mais eficiente de tarefas complexas.<\/p>\n\n\n\n<p>O <a href=\"https:\/\/www.em.com.br\/emfoco\/2025\/01\/31\/apple-intelligence-como-desativar-a-ia-nos-dispositivos-apple\/\" target=\"_blank\" rel=\"noreferrer noopener\">Apple Intelligence<\/a>, conjunto de servi\u00e7os de IA da empresa, incluir\u00e1 recursos como pesquisas avan\u00e7adas, gera\u00e7\u00e3o autom\u00e1tica de texto e edi\u00e7\u00e3o de fotos e v\u00eddeos. A Siri tamb\u00e9m deve receber aprimoramentos, oferecendo funcionalidades adicionais para os usu\u00e1rios. Com essas atualiza\u00e7\u00f5es, o iPad se tornar\u00e1 uma ferramenta ainda mais poderosa para produtividade e entretenimento.<\/p>\n\n\n<div class=\"wp-block-image\">\n<figure class=\"aligncenter size-large\"><img loading=\"lazy\" decoding=\"async\" width=\"1024\" height=\"576\" src=\"https:\/\/www.em.com.br\/emfoco\/wp-content\/uploads\/2025\/02\/ipad_1739287519866-1024x576.jpg\" alt=\"Apple prepara iPad de nova gera\u00e7\u00e3o com IA e chip A17 Pro\" class=\"wp-image-18643\" srcset=\"https:\/\/www.em.com.br\/emfoco\/wp-content\/uploads\/2025\/02\/ipad_1739287519866-1024x576.jpg 1024w, https:\/\/www.em.com.br\/emfoco\/wp-content\/uploads\/2025\/02\/ipad_1739287519866-300x169.jpg 300w, https:\/\/www.em.com.br\/emfoco\/wp-content\/uploads\/2025\/02\/ipad_1739287519866-768x432.jpg 768w, https:\/\/www.em.com.br\/emfoco\/wp-content\/uploads\/2025\/02\/ipad_1739287519866-750x422.jpg 750w, https:\/\/www.em.com.br\/emfoco\/wp-content\/uploads\/2025\/02\/ipad_1739287519866-1140x641.jpg 1140w, https:\/\/www.em.com.br\/emfoco\/wp-content\/uploads\/2025\/02\/ipad_1739287519866.jpg 1280w\" sizes=\"auto, (max-width: 1024px) 100vw, 1024px\" \/><figcaption class=\"wp-element-caption\">Imagem ilustrativa de iPad &#8211; Cr\u00e9ditos: depositphotos.com \/ mahod84<\/figcaption><\/figure><\/div>\n\n\n<h2 class=\"wp-block-heading\">O design do novo iPad ser\u00e1 diferente?<\/h2>\n\n\n\n<p>Apesar das melhorias internas,<strong> o design do novo iPad deve permanecer semelhante ao modelo atual. Isso significa que n\u00e3o s\u00e3o esperadas grandes mudan\u00e7as na apar\u00eancia externa do dispositivo<\/strong>. As c\u00e2meras e a bateria tamb\u00e9m devem manter as especifica\u00e7\u00f5es da gera\u00e7\u00e3o anterior, focando as inova\u00e7\u00f5es principalmente no desempenho e na conectividade.<\/p>\n\n\n\n<p>Entretanto, algumas atualiza\u00e7\u00f5es menores s\u00e3o aguardadas, como a inclus\u00e3o do Wi-Fi 6E e do Bluetooth 5.3, que proporcionar\u00e3o uma conectividade mais r\u00e1pida e est\u00e1vel. Al\u00e9m disso, o iPad pode ganhar suporte para o Organizador Virtual, uma ferramenta que ajuda a organizar aplicativos e janelas de forma mais eficiente.<\/p>\n\n\n\n<h2 class=\"wp-block-heading\">Quando o novo iPad ser\u00e1 lan\u00e7ado?<\/h2>\n\n\n\n<p><strong>Ainda n\u00e3o h\u00e1 uma data oficial para o lan\u00e7amento do novo iPad<\/strong>, mas a expectativa \u00e9 que ele chegue ao mercado em breve. A Apple pode optar por anunciar o dispositivo de maneira discreta, atrav\u00e9s de um comunicado oficial, sem realizar um grande evento de lan\u00e7amento. Essa estrat\u00e9gia j\u00e1 foi utilizada anteriormente pela empresa, como no caso do iPhone SE 4.<\/p>\n\n\n\n<p>O lan\u00e7amento do novo iPad pode ocorrer simultaneamente com outros produtos da Apple, como parte de uma estrat\u00e9gia de mercado para introduzir v\u00e1rias novidades de uma s\u00f3 vez. A comunidade de usu\u00e1rios da Apple aguarda ansiosamente por essas atualiza\u00e7\u00f5es, que prometem trazer avan\u00e7os significativos em termos de tecnologia e usabilidade.<\/p>\n\n\n\n<h2 class=\"wp-block-heading\">Quais s\u00e3o as expectativas para o futuro do iPad?<\/h2>\n\n\n\n<p>Com a introdu\u00e7\u00e3o de recursos avan\u00e7ados de intelig\u00eancia artificial e melhorias de desempenho, o iPad continua a se posicionar como um dos dispositivos mais vers\u00e1teis do mercado. A Apple tem investido constantemente em inova\u00e7\u00e3o, buscando oferecer aos usu\u00e1rios uma experi\u00eancia cada vez mais rica e integrada.<\/p>\n\n\n\n<p>O futuro do iPad parece promissor, com a possibilidade de novas funcionalidades que poder\u00e3o transformar a forma como os usu\u00e1rios interagem com a tecnologia. \u00c0 medida que a Apple continua a explorar o potencial da intelig\u00eancia artificial, espera-se que o iPad se torne uma ferramenta ainda mais indispens\u00e1vel para consumidores e profissionais.<\/p>\n","protected":false},"excerpt":{"rendered":"<p>A Apple est\u00e1 se preparando para lan\u00e7ar uma nova gera\u00e7\u00e3o do iPad, conforme informa\u00e7\u00f5es divulgadas por fontes do setor. As expectativas giram em torno de melhorias significativas no desempenho do dispositivo, especialmente com a integra\u00e7\u00e3o de recursos de intelig\u00eancia artificial. Embora os detalhes ainda sejam especulativos, a comunidade tecnol\u00f3gica est\u00e1 atenta \u00e0s poss\u00edveis inova\u00e7\u00f5es que [&hellip;]<\/p>\n","protected":false},"author":9,"featured_media":18634,"comment_status":"open","ping_status":"open","sticky":false,"template":"","format":"standard","meta":{"jnews-multi-image_gallery":[],"jnews_single_post":{"format":"standard"},"jnews_primary_category":[],"jnews_social_meta":[],"jnews_override_counter":[],"footnotes":""},"categories":[1,4204],"tags":[3662,1249,4033],"class_list":["post-18616","post","type-post","status-publish","format-standard","has-post-thumbnail","hentry","category-noticias","category-tecnologia","tag-apple","tag-inteligencia-artificial","tag-tablet"],"yoast_head":"<!-- This site is optimized with the Yoast SEO plugin v23.8 - https:\/\/yoast.com\/wordpress\/plugins\/seo\/ -->\n<title>Apple prepara iPad de nova gera\u00e7\u00e3o com IA e chip A17 Pro<\/title>\n<meta name=\"description\" content=\"O novo iPad promete grandes avan\u00e7os em desempenho, com o chip A17 Pro e funcionalidades de intelig\u00eancia artificial.\" \/>\n<meta name=\"robots\" content=\"index, follow, max-snippet:-1, max-image-preview:large, max-video-preview:-1\" \/>\n<link rel=\"canonical\" href=\"https:\/\/www.em.com.br\/emfoco\/2025\/02\/12\/apple-prepara-ipad-de-nova-geracao-com-ia-e-chip-a17-pro\/\" \/>\n<meta property=\"og:locale\" content=\"pt_BR\" \/>\n<meta property=\"og:type\" content=\"article\" \/>\n<meta property=\"og:title\" content=\"Apple prepara iPad de nova gera\u00e7\u00e3o com IA e chip A17 Pro\" \/>\n<meta property=\"og:description\" content=\"O novo iPad promete grandes avan\u00e7os em desempenho, com o chip A17 Pro e funcionalidades de intelig\u00eancia artificial.\" \/>\n<meta property=\"og:url\" content=\"https:\/\/www.em.com.br\/emfoco\/2025\/02\/12\/apple-prepara-ipad-de-nova-geracao-com-ia-e-chip-a17-pro\/\" \/>\n<meta property=\"og:site_name\" content=\"Estado de Minas - Em foco\" \/>\n<meta property=\"article:published_time\" content=\"2025-02-12T17:40:49+00:00\" \/>\n<meta property=\"article:modified_time\" content=\"2025-02-11T15:29:15+00:00\" \/>\n<meta property=\"og:image\" content=\"https:\/\/www.em.com.br\/emfoco\/wp-content\/uploads\/2025\/02\/ipad_1739287161121.jpg\" \/>\n\t<meta property=\"og:image:width\" content=\"1280\" \/>\n\t<meta property=\"og:image:height\" content=\"720\" \/>\n\t<meta property=\"og:image:type\" content=\"image\/jpeg\" \/>\n<meta name=\"author\" content=\"Daniely Cardoso\" \/>\n<meta name=\"twitter:card\" content=\"summary_large_image\" \/>\n<meta name=\"twitter:label1\" content=\"Escrito por\" \/>\n\t<meta name=\"twitter:data1\" content=\"Daniely Cardoso\" \/>\n\t<meta name=\"twitter:label2\" content=\"Est. tempo de leitura\" \/>\n\t<meta name=\"twitter:data2\" content=\"4 minutos\" \/>\n<!-- \/ Yoast SEO plugin. -->","yoast_head_json":{"title":"Apple prepara iPad de nova gera\u00e7\u00e3o com IA e chip A17 Pro","description":"O novo iPad promete grandes avan\u00e7os em desempenho, com o chip A17 Pro e funcionalidades de intelig\u00eancia artificial.","robots":{"index":"index","follow":"follow","max-snippet":"max-snippet:-1","max-image-preview":"max-image-preview:large","max-video-preview":"max-video-preview:-1"},"canonical":"https:\/\/www.em.com.br\/emfoco\/2025\/02\/12\/apple-prepara-ipad-de-nova-geracao-com-ia-e-chip-a17-pro\/","og_locale":"pt_BR","og_type":"article","og_title":"Apple prepara iPad de nova gera\u00e7\u00e3o com IA e chip A17 Pro","og_description":"O novo iPad promete grandes avan\u00e7os em desempenho, com o chip A17 Pro e funcionalidades de intelig\u00eancia artificial.","og_url":"https:\/\/www.em.com.br\/emfoco\/2025\/02\/12\/apple-prepara-ipad-de-nova-geracao-com-ia-e-chip-a17-pro\/","og_site_name":"Estado de Minas - Em foco","article_published_time":"2025-02-12T17:40:49+00:00","article_modified_time":"2025-02-11T15:29:15+00:00","og_image":[{"width":1280,"height":720,"url":"https:\/\/www.em.com.br\/emfoco\/wp-content\/uploads\/2025\/02\/ipad_1739287161121.jpg","type":"image\/jpeg"}],"author":"Daniely Cardoso","twitter_card":"summary_large_image","twitter_misc":{"Escrito por":"Daniely Cardoso","Est. tempo de leitura":"4 minutos"},"schema":{"@context":"https:\/\/schema.org","@graph":[{"@type":"WebPage","@id":"https:\/\/www.em.com.br\/emfoco\/2025\/02\/12\/apple-prepara-ipad-de-nova-geracao-com-ia-e-chip-a17-pro\/","url":"https:\/\/www.em.com.br\/emfoco\/2025\/02\/12\/apple-prepara-ipad-de-nova-geracao-com-ia-e-chip-a17-pro\/","name":"Apple prepara iPad de nova gera\u00e7\u00e3o com IA e chip A17 Pro","isPartOf":{"@id":"https:\/\/www.em.com.br\/emfoco\/#website"},"primaryImageOfPage":{"@id":"https:\/\/www.em.com.br\/emfoco\/2025\/02\/12\/apple-prepara-ipad-de-nova-geracao-com-ia-e-chip-a17-pro\/#primaryimage"},"image":{"@id":"https:\/\/www.em.com.br\/emfoco\/2025\/02\/12\/apple-prepara-ipad-de-nova-geracao-com-ia-e-chip-a17-pro\/#primaryimage"},"thumbnailUrl":"https:\/\/www.em.com.br\/emfoco\/wp-content\/uploads\/2025\/02\/ipad_1739287161121.jpg","datePublished":"2025-02-12T17:40:49+00:00","dateModified":"2025-02-11T15:29:15+00:00","author":{"@id":"https:\/\/www.em.com.br\/emfoco\/#\/schema\/person\/0a8186d72f2c3a5c6276d90b41f271a0"},"description":"O novo iPad promete grandes avan\u00e7os em desempenho, com o chip A17 Pro e funcionalidades de intelig\u00eancia artificial.","breadcrumb":{"@id":"https:\/\/www.em.com.br\/emfoco\/2025\/02\/12\/apple-prepara-ipad-de-nova-geracao-com-ia-e-chip-a17-pro\/#breadcrumb"},"inLanguage":"pt-BR","potentialAction":[{"@type":"ReadAction","target":["https:\/\/www.em.com.br\/emfoco\/2025\/02\/12\/apple-prepara-ipad-de-nova-geracao-com-ia-e-chip-a17-pro\/"]}]},{"@type":"ImageObject","inLanguage":"pt-BR","@id":"https:\/\/www.em.com.br\/emfoco\/2025\/02\/12\/apple-prepara-ipad-de-nova-geracao-com-ia-e-chip-a17-pro\/#primaryimage","url":"https:\/\/www.em.com.br\/emfoco\/wp-content\/uploads\/2025\/02\/ipad_1739287161121.jpg","contentUrl":"https:\/\/www.em.com.br\/emfoco\/wp-content\/uploads\/2025\/02\/ipad_1739287161121.jpg","width":1280,"height":720,"caption":"Imagem ilustrativa de um iPad - Cr\u00e9ditos: depositphotos.com \/ ifeelstock"},{"@type":"BreadcrumbList","@id":"https:\/\/www.em.com.br\/emfoco\/2025\/02\/12\/apple-prepara-ipad-de-nova-geracao-com-ia-e-chip-a17-pro\/#breadcrumb","itemListElement":[{"@type":"ListItem","position":1,"name":"In\u00edcio","item":"https:\/\/www.em.com.br\/emfoco\/"},{"@type":"ListItem","position":2,"name":"Apple prepara iPad de nova gera\u00e7\u00e3o com IA e chip A17 Pro"}]},{"@type":"WebSite","@id":"https:\/\/www.em.com.br\/emfoco\/#website","url":"https:\/\/www.em.com.br\/emfoco\/","name":"Estado de Minas - Em foco","description":"Acompanhe as \u00faltimas not\u00edcias e fique bem informado sobre tudo o que acontece em Minas Gerais, Brasil e no mundo.","potentialAction":[{"@type":"SearchAction","target":{"@type":"EntryPoint","urlTemplate":"https:\/\/www.em.com.br\/emfoco\/?s={search_term_string}"},"query-input":{"@type":"PropertyValueSpecification","valueRequired":true,"valueName":"search_term_string"}}],"inLanguage":"pt-BR"},{"@type":"Person","@id":"https:\/\/www.em.com.br\/emfoco\/#\/schema\/person\/0a8186d72f2c3a5c6276d90b41f271a0","name":"Daniely Cardoso","image":{"@type":"ImageObject","inLanguage":"pt-BR","@id":"https:\/\/www.em.com.br\/emfoco\/#\/schema\/person\/image\/","url":"https:\/\/secure.gravatar.com\/avatar\/4b80ddbd124d1f071b626d52d62e5dff?s=96&d=mm&r=g","contentUrl":"https:\/\/secure.gravatar.com\/avatar\/4b80ddbd124d1f071b626d52d62e5dff?s=96&d=mm&r=g","caption":"Daniely Cardoso"},"url":"https:\/\/www.em.com.br\/emfoco\/author\/danielymyth\/"}]}},"_links":{"self":[{"href":"https:\/\/www.em.com.br\/emfoco\/wp-json\/wp\/v2\/posts\/18616","targetHints":{"allow":["GET"]}}],"collection":[{"href":"https:\/\/www.em.com.br\/emfoco\/wp-json\/wp\/v2\/posts"}],"about":[{"href":"https:\/\/www.em.com.br\/emfoco\/wp-json\/wp\/v2\/types\/post"}],"author":[{"embeddable":true,"href":"https:\/\/www.em.com.br\/emfoco\/wp-json\/wp\/v2\/users\/9"}],"replies":[{"embeddable":true,"href":"https:\/\/www.em.com.br\/emfoco\/wp-json\/wp\/v2\/comments?post=18616"}],"version-history":[{"count":2,"href":"https:\/\/www.em.com.br\/emfoco\/wp-json\/wp\/v2\/posts\/18616\/revisions"}],"predecessor-version":[{"id":18648,"href":"https:\/\/www.em.com.br\/emfoco\/wp-json\/wp\/v2\/posts\/18616\/revisions\/18648"}],"wp:featuredmedia":[{"embeddable":true,"href":"https:\/\/www.em.com.br\/emfoco\/wp-json\/wp\/v2\/media\/18634"}],"wp:attachment":[{"href":"https:\/\/www.em.com.br\/emfoco\/wp-json\/wp\/v2\/media?parent=18616"}],"wp:term":[{"taxonomy":"category","embeddable":true,"href":"https:\/\/www.em.com.br\/emfoco\/wp-json\/wp\/v2\/categories?post=18616"},{"taxonomy":"post_tag","embeddable":true,"href":"https:\/\/www.em.com.br\/emfoco\/wp-json\/wp\/v2\/tags?post=18616"}],"curies":[{"name":"wp","href":"https:\/\/api.w.org\/{rel}","templated":true}]}}