{"id":18606,"date":"2025-02-12T11:20:38","date_gmt":"2025-02-12T14:20:38","guid":{"rendered":"https:\/\/www.em.com.br\/emfoco\/?p=18606"},"modified":"2025-02-11T12:10:03","modified_gmt":"2025-02-11T15:10:03","slug":"mercado-de-trabalho-em-ebulicao-entenda-a-relacao-com-o-seguro-desemprego","status":"publish","type":"post","link":"https:\/\/www.em.com.br\/emfoco\/2025\/02\/12\/mercado-de-trabalho-em-ebulicao-entenda-a-relacao-com-o-seguro-desemprego\/","title":{"rendered":"Mercado de trabalho em ebuli\u00e7\u00e3o? Entenda a rela\u00e7\u00e3o com o Seguro-Desemprego"},"content":{"rendered":"\n<p>O ano de 2024 encerrou com um aumento significativo nos pedidos de seguro-desemprego no <a href=\"https:\/\/www.em.com.br\/emfoco\/2025\/02\/11\/o-impacto-do-novo-aumento-do-salario-minimo-no-brasil-a-partir-de-fevereiro\/\" target=\"_blank\" rel=\"noreferrer noopener\">Brasil<\/a>, atingindo o maior n\u00famero dos \u00faltimos oito anos. De acordo com dados do <strong>Minist\u00e9rio do Trabalho e Emprego<\/strong> (<a href=\"https:\/\/www.gov.br\/trabalho-e-emprego\/pt-br\" target=\"_blank\" rel=\"noreferrer noopener\">MTE<\/a>), foram registrados 7,44 milh\u00f5es de pedidos ao longo do ano. Este volume representa um crescimento de 4% em rela\u00e7\u00e3o a 2023, quando 7,16 milh\u00f5es de trabalhadores solicitaram o benef\u00edcio.<\/p>\n\n\n\n<p>O aumento no n\u00famero de pedidos de seguro-desemprego em 2024 superou at\u00e9 mesmo os anos mais cr\u00edticos da pandemia. Segundo o Painel de Informa\u00e7\u00f5es do Minist\u00e9rio do Trabalho, este foi o maior n\u00famero desde 2016, quando 7,56 milh\u00f5es de brasileiros recorreram ao benef\u00edcio devido a um cen\u00e1rio econ\u00f4mico desafiador.<\/p>\n\n\n\n<h2 class=\"wp-block-heading\">Por que os pedidos de Seguro-Desemprego aumentaram?<\/h2>\n\n\n\n<p>O crescimento recente nos pedidos de seguro-desemprego reflete a din\u00e2mica do mercado de trabalho brasileiro, que tem apresentado maior rotatividade e aumento nas contrata\u00e7\u00f5es formais. Com mais trabalhadores de carteira assinada, cresce tamb\u00e9m o n\u00famero de pessoas aptas a solicitar o seguro-desemprego.<\/p>\n\n\n\n<p>Apesar do aumento nos pedidos, o Brasil registrou, em 2024, a menor taxa de desemprego da s\u00e9rie hist\u00f3rica do IBGE, iniciada em 2012, fechando o ano em 6,6%. Dados da Pnad indicam que, em 2024, havia 7,4 milh\u00f5es de brasileiros desempregados, uma queda de 1,1 milh\u00e3o em rela\u00e7\u00e3o ao ano anterior.<\/p>\n\n\n<div class=\"wp-block-image\">\n<figure class=\"aligncenter size-large\"><img loading=\"lazy\" decoding=\"async\" width=\"1024\" height=\"576\" src=\"https:\/\/www.em.com.br\/emfoco\/wp-content\/uploads\/2024\/12\/Carteira-trabalhado_1735169991171-1024x576.jpg\" alt=\"Mercado de trabalho em ebuli\u00e7\u00e3o? Entenda a rela\u00e7\u00e3o com o Seguro-Desemprego\" class=\"wp-image-6601\" srcset=\"https:\/\/www.em.com.br\/emfoco\/wp-content\/uploads\/2024\/12\/Carteira-trabalhado_1735169991171-1024x576.jpg 1024w, https:\/\/www.em.com.br\/emfoco\/wp-content\/uploads\/2024\/12\/Carteira-trabalhado_1735169991171-300x169.jpg 300w, https:\/\/www.em.com.br\/emfoco\/wp-content\/uploads\/2024\/12\/Carteira-trabalhado_1735169991171-768x432.jpg 768w, https:\/\/www.em.com.br\/emfoco\/wp-content\/uploads\/2024\/12\/Carteira-trabalhado_1735169991171-750x422.jpg 750w, https:\/\/www.em.com.br\/emfoco\/wp-content\/uploads\/2024\/12\/Carteira-trabalhado_1735169991171-1140x641.jpg 1140w, https:\/\/www.em.com.br\/emfoco\/wp-content\/uploads\/2024\/12\/Carteira-trabalhado_1735169991171.jpg 1280w\" sizes=\"auto, (max-width: 1024px) 100vw, 1024px\" \/><figcaption class=\"wp-element-caption\">Carteira Trabalho &#8211; Cr\u00e9ditos: depositphotos.com \/ cesarvr<\/figcaption><\/figure><\/div>\n\n\n<h2 class=\"wp-block-heading\">Como solicitar o Seguro-Desemprego?<\/h2>\n\n\n\n<p>Para aqueles que precisam solicitar o seguro-desemprego, o processo pode ser realizado de forma pr\u00e1tica atrav\u00e9s do aplicativo Carteira de Trabalho Digital. A seguir, est\u00e3o os passos necess\u00e1rios para realizar a solicita\u00e7\u00e3o:<\/p>\n\n\n\n<ol class=\"wp-block-list\">\n<li>Baixar o aplicativo Carteira de Trabalho Digital no dispositivo m\u00f3vel.<\/li>\n\n\n\n<li>Acessar \u201cEntrar com gov.br\u201d.<\/li>\n\n\n\n<li>Fazer o login com a conta Gov.br.<\/li>\n\n\n\n<li>Acessar a aba \u201cBenef\u00edcios\u201d, localizada na parte inferior da tela.<\/li>\n\n\n\n<li>Na categoria \u201cSeguro-Desemprego\u201d, selecionar \u201cSolicitar\u201d.<\/li>\n\n\n\n<li>Escolher a modalidade do benef\u00edcio.<\/li>\n\n\n\n<li>Informar o n\u00famero do requerimento.<\/li>\n\n\n\n<li>Aceitar os termos apresentados e iniciar a solicita\u00e7\u00e3o.<\/li>\n<\/ol>\n\n\n\n<h2 class=\"wp-block-heading\">Quais fatores contribu\u00edram para a alta nos pedidos?<\/h2>\n\n\n\n<p>V\u00e1rios fatores contribu\u00edram para o aumento nos pedidos de seguro-desemprego em 2024. A recupera\u00e7\u00e3o econ\u00f4mica p\u00f3s-pandemia trouxe mudan\u00e7as significativas no mercado de trabalho, com uma maior formaliza\u00e7\u00e3o dos empregos. Al\u00e9m disso, a redu\u00e7\u00e3o na taxa de informalidade, que passou de 39,2% em 2023 para 39,0% em 2024, tamb\u00e9m influenciou o aumento dos pedidos.<\/p>\n\n\n\n<p>Outro fator importante \u00e9 a rotatividade no mercado de trabalho, que pode ser atribu\u00edda a mudan\u00e7as nas condi\u00e7\u00f5es econ\u00f4micas e pol\u00edticas de emprego. A maior facilidade de acesso ao benef\u00edcio, atrav\u00e9s de plataformas digitais, tamb\u00e9m pode ter incentivado mais trabalhadores a solicitarem o seguro-desemprego.<\/p>\n\n\n\n<h2 class=\"wp-block-heading\">O futuro do Seguro-Desemprego no brasil<\/h2>\n\n\n\n<p>O aumento nos pedidos de seguro-desemprego em 2024 levanta quest\u00f5es sobre o futuro do benef\u00edcio no Brasil. Com a economia em recupera\u00e7\u00e3o e a formaliza\u00e7\u00e3o crescente do mercado de trabalho, \u00e9 poss\u00edvel que o n\u00famero de pedidos continue a oscilar nos pr\u00f3ximos anos. As pol\u00edticas de emprego e as condi\u00e7\u00f5es econ\u00f4micas ser\u00e3o determinantes para a evolu\u00e7\u00e3o deste cen\u00e1rio.<\/p>\n\n\n\n<p>O governo e as institui\u00e7\u00f5es de trabalho devem continuar monitorando as tend\u00eancias do mercado para garantir que o seguro-desemprego continue a atender as necessidades dos trabalhadores brasileiros de forma eficaz e justa.<\/p>\n","protected":false},"excerpt":{"rendered":"<p>O ano de 2024 encerrou com um aumento significativo nos pedidos de seguro-desemprego no Brasil, atingindo o maior n\u00famero dos \u00faltimos oito anos. De acordo com dados do Minist\u00e9rio do Trabalho e Emprego (MTE), foram registrados 7,44 milh\u00f5es de pedidos ao longo do ano. Este volume representa um crescimento de 4% em rela\u00e7\u00e3o a 2023, [&hellip;]<\/p>\n","protected":false},"author":7,"featured_media":1929,"comment_status":"open","ping_status":"open","sticky":false,"template":"","format":"standard","meta":{"jnews-multi-image_gallery":[],"jnews_single_post":{"format":"standard"},"jnews_primary_category":[],"jnews_social_meta":[],"jnews_override_counter":[],"footnotes":""},"categories":[28],"tags":[1833,1176,1967,1832],"class_list":["post-18606","post","type-post","status-publish","format-standard","has-post-thumbnail","hentry","category-economia","tag-desemprego","tag-economia-brasileira","tag-mercado-de-trabalho","tag-seguro-desemprego"],"yoast_head":"<!-- This site is optimized with the Yoast SEO plugin v23.8 - https:\/\/yoast.com\/wordpress\/plugins\/seo\/ -->\n<title>Mercado de trabalho em ebuli\u00e7\u00e3o? Entenda a rela\u00e7\u00e3o com o Seguro-Desemprego - Estado de Minas - Em foco<\/title>\n<meta name=\"description\" content=\"Aumento nos pedidos de seguro-desemprego reflete um mercado de trabalho din\u00e2mico. Descubra como essa movimenta\u00e7\u00e3o impacta a economia.\" \/>\n<meta name=\"robots\" content=\"index, follow, max-snippet:-1, max-image-preview:large, max-video-preview:-1\" \/>\n<link rel=\"canonical\" href=\"https:\/\/www.em.com.br\/emfoco\/2025\/02\/12\/mercado-de-trabalho-em-ebulicao-entenda-a-relacao-com-o-seguro-desemprego\/\" \/>\n<meta property=\"og:locale\" content=\"pt_BR\" \/>\n<meta property=\"og:type\" content=\"article\" \/>\n<meta property=\"og:title\" content=\"Mercado de trabalho em ebuli\u00e7\u00e3o? Entenda a rela\u00e7\u00e3o com o Seguro-Desemprego - Estado de Minas - Em foco\" \/>\n<meta property=\"og:description\" content=\"Aumento nos pedidos de seguro-desemprego reflete um mercado de trabalho din\u00e2mico. Descubra como essa movimenta\u00e7\u00e3o impacta a economia.\" \/>\n<meta property=\"og:url\" content=\"https:\/\/www.em.com.br\/emfoco\/2025\/02\/12\/mercado-de-trabalho-em-ebulicao-entenda-a-relacao-com-o-seguro-desemprego\/\" \/>\n<meta property=\"og:site_name\" content=\"Estado de Minas - Em foco\" \/>\n<meta property=\"article:published_time\" content=\"2025-02-12T14:20:38+00:00\" \/>\n<meta property=\"article:modified_time\" content=\"2025-02-11T15:10:03+00:00\" \/>\n<meta property=\"og:image\" content=\"https:\/\/www.em.com.br\/emfoco\/wp-content\/uploads\/2024\/11\/Carteira-de-trabalho_1732808400368.jpg\" \/>\n\t<meta property=\"og:image:width\" content=\"1280\" \/>\n\t<meta property=\"og:image:height\" content=\"720\" \/>\n\t<meta property=\"og:image:type\" content=\"image\/jpeg\" \/>\n<meta name=\"author\" content=\"Kelvin\" \/>\n<meta name=\"twitter:card\" content=\"summary_large_image\" \/>\n<meta name=\"twitter:label1\" content=\"Escrito por\" \/>\n\t<meta name=\"twitter:data1\" content=\"Kelvin\" \/>\n\t<meta name=\"twitter:label2\" content=\"Est. tempo de leitura\" \/>\n\t<meta name=\"twitter:data2\" content=\"4 minutos\" \/>\n<!-- \/ Yoast SEO plugin. -->","yoast_head_json":{"title":"Mercado de trabalho em ebuli\u00e7\u00e3o? Entenda a rela\u00e7\u00e3o com o Seguro-Desemprego - Estado de Minas - Em foco","description":"Aumento nos pedidos de seguro-desemprego reflete um mercado de trabalho din\u00e2mico. Descubra como essa movimenta\u00e7\u00e3o impacta a economia.","robots":{"index":"index","follow":"follow","max-snippet":"max-snippet:-1","max-image-preview":"max-image-preview:large","max-video-preview":"max-video-preview:-1"},"canonical":"https:\/\/www.em.com.br\/emfoco\/2025\/02\/12\/mercado-de-trabalho-em-ebulicao-entenda-a-relacao-com-o-seguro-desemprego\/","og_locale":"pt_BR","og_type":"article","og_title":"Mercado de trabalho em ebuli\u00e7\u00e3o? Entenda a rela\u00e7\u00e3o com o Seguro-Desemprego - Estado de Minas - Em foco","og_description":"Aumento nos pedidos de seguro-desemprego reflete um mercado de trabalho din\u00e2mico. Descubra como essa movimenta\u00e7\u00e3o impacta a economia.","og_url":"https:\/\/www.em.com.br\/emfoco\/2025\/02\/12\/mercado-de-trabalho-em-ebulicao-entenda-a-relacao-com-o-seguro-desemprego\/","og_site_name":"Estado de Minas - Em foco","article_published_time":"2025-02-12T14:20:38+00:00","article_modified_time":"2025-02-11T15:10:03+00:00","og_image":[{"width":1280,"height":720,"url":"https:\/\/www.em.com.br\/emfoco\/wp-content\/uploads\/2024\/11\/Carteira-de-trabalho_1732808400368.jpg","type":"image\/jpeg"}],"author":"Kelvin","twitter_card":"summary_large_image","twitter_misc":{"Escrito por":"Kelvin","Est. tempo de leitura":"4 minutos"},"schema":{"@context":"https:\/\/schema.org","@graph":[{"@type":"WebPage","@id":"https:\/\/www.em.com.br\/emfoco\/2025\/02\/12\/mercado-de-trabalho-em-ebulicao-entenda-a-relacao-com-o-seguro-desemprego\/","url":"https:\/\/www.em.com.br\/emfoco\/2025\/02\/12\/mercado-de-trabalho-em-ebulicao-entenda-a-relacao-com-o-seguro-desemprego\/","name":"Mercado de trabalho em ebuli\u00e7\u00e3o? Entenda a rela\u00e7\u00e3o com o Seguro-Desemprego - Estado de Minas - Em foco","isPartOf":{"@id":"https:\/\/www.em.com.br\/emfoco\/#website"},"primaryImageOfPage":{"@id":"https:\/\/www.em.com.br\/emfoco\/2025\/02\/12\/mercado-de-trabalho-em-ebulicao-entenda-a-relacao-com-o-seguro-desemprego\/#primaryimage"},"image":{"@id":"https:\/\/www.em.com.br\/emfoco\/2025\/02\/12\/mercado-de-trabalho-em-ebulicao-entenda-a-relacao-com-o-seguro-desemprego\/#primaryimage"},"thumbnailUrl":"https:\/\/www.em.com.br\/emfoco\/wp-content\/uploads\/2024\/11\/Carteira-de-trabalho_1732808400368.jpg","datePublished":"2025-02-12T14:20:38+00:00","dateModified":"2025-02-11T15:10:03+00:00","author":{"@id":"https:\/\/www.em.com.br\/emfoco\/#\/schema\/person\/fb0a7f48c6fbb94b83f413a80f61917d"},"description":"Aumento nos pedidos de seguro-desemprego reflete um mercado de trabalho din\u00e2mico. Descubra como essa movimenta\u00e7\u00e3o impacta a economia.","breadcrumb":{"@id":"https:\/\/www.em.com.br\/emfoco\/2025\/02\/12\/mercado-de-trabalho-em-ebulicao-entenda-a-relacao-com-o-seguro-desemprego\/#breadcrumb"},"inLanguage":"pt-BR","potentialAction":[{"@type":"ReadAction","target":["https:\/\/www.em.com.br\/emfoco\/2025\/02\/12\/mercado-de-trabalho-em-ebulicao-entenda-a-relacao-com-o-seguro-desemprego\/"]}]},{"@type":"ImageObject","inLanguage":"pt-BR","@id":"https:\/\/www.em.com.br\/emfoco\/2025\/02\/12\/mercado-de-trabalho-em-ebulicao-entenda-a-relacao-com-o-seguro-desemprego\/#primaryimage","url":"https:\/\/www.em.com.br\/emfoco\/wp-content\/uploads\/2024\/11\/Carteira-de-trabalho_1732808400368.jpg","contentUrl":"https:\/\/www.em.com.br\/emfoco\/wp-content\/uploads\/2024\/11\/Carteira-de-trabalho_1732808400368.jpg","width":1280,"height":720,"caption":"Carteira de Trabalho - Cr\u00e9ditos: depositphotos.com \/ rafapress"},{"@type":"BreadcrumbList","@id":"https:\/\/www.em.com.br\/emfoco\/2025\/02\/12\/mercado-de-trabalho-em-ebulicao-entenda-a-relacao-com-o-seguro-desemprego\/#breadcrumb","itemListElement":[{"@type":"ListItem","position":1,"name":"In\u00edcio","item":"https:\/\/www.em.com.br\/emfoco\/"},{"@type":"ListItem","position":2,"name":"Mercado de trabalho em ebuli\u00e7\u00e3o? Entenda a rela\u00e7\u00e3o com o Seguro-Desemprego"}]},{"@type":"WebSite","@id":"https:\/\/www.em.com.br\/emfoco\/#website","url":"https:\/\/www.em.com.br\/emfoco\/","name":"Estado de Minas - Em foco","description":"Acompanhe as \u00faltimas not\u00edcias e fique bem informado sobre tudo o que acontece em Minas Gerais, Brasil e no mundo.","potentialAction":[{"@type":"SearchAction","target":{"@type":"EntryPoint","urlTemplate":"https:\/\/www.em.com.br\/emfoco\/?s={search_term_string}"},"query-input":{"@type":"PropertyValueSpecification","valueRequired":true,"valueName":"search_term_string"}}],"inLanguage":"pt-BR"},{"@type":"Person","@id":"https:\/\/www.em.com.br\/emfoco\/#\/schema\/person\/fb0a7f48c6fbb94b83f413a80f61917d","name":"Kelvin","image":{"@type":"ImageObject","inLanguage":"pt-BR","@id":"https:\/\/www.em.com.br\/emfoco\/#\/schema\/person\/image\/","url":"https:\/\/secure.gravatar.com\/avatar\/e74f84337e6bf6c4c5e88fbdffa05270?s=96&d=mm&r=g","contentUrl":"https:\/\/secure.gravatar.com\/avatar\/e74f84337e6bf6c4c5e88fbdffa05270?s=96&d=mm&r=g","caption":"Kelvin"},"sameAs":["https:\/\/www.em.com.br\/emfoco"],"url":"https:\/\/www.em.com.br\/emfoco\/author\/kelvinmyth\/"}]}},"_links":{"self":[{"href":"https:\/\/www.em.com.br\/emfoco\/wp-json\/wp\/v2\/posts\/18606","targetHints":{"allow":["GET"]}}],"collection":[{"href":"https:\/\/www.em.com.br\/emfoco\/wp-json\/wp\/v2\/posts"}],"about":[{"href":"https:\/\/www.em.com.br\/emfoco\/wp-json\/wp\/v2\/types\/post"}],"author":[{"embeddable":true,"href":"https:\/\/www.em.com.br\/emfoco\/wp-json\/wp\/v2\/users\/7"}],"replies":[{"embeddable":true,"href":"https:\/\/www.em.com.br\/emfoco\/wp-json\/wp\/v2\/comments?post=18606"}],"version-history":[{"count":2,"href":"https:\/\/www.em.com.br\/emfoco\/wp-json\/wp\/v2\/posts\/18606\/revisions"}],"predecessor-version":[{"id":18611,"href":"https:\/\/www.em.com.br\/emfoco\/wp-json\/wp\/v2\/posts\/18606\/revisions\/18611"}],"wp:featuredmedia":[{"embeddable":true,"href":"https:\/\/www.em.com.br\/emfoco\/wp-json\/wp\/v2\/media\/1929"}],"wp:attachment":[{"href":"https:\/\/www.em.com.br\/emfoco\/wp-json\/wp\/v2\/media?parent=18606"}],"wp:term":[{"taxonomy":"category","embeddable":true,"href":"https:\/\/www.em.com.br\/emfoco\/wp-json\/wp\/v2\/categories?post=18606"},{"taxonomy":"post_tag","embeddable":true,"href":"https:\/\/www.em.com.br\/emfoco\/wp-json\/wp\/v2\/tags?post=18606"}],"curies":[{"name":"wp","href":"https:\/\/api.w.org\/{rel}","templated":true}]}}